{"id":63128,"date":"2021-06-17T10:30:00","date_gmt":"2021-06-17T13:30:00","guid":{"rendered":"https:\/\/www.gaveanews.com\/?p=63128"},"modified":"2021-06-17T08:37:23","modified_gmt":"2021-06-17T11:37:23","slug":"rogerio-ceni-volta-ao-flamengo-com-pacotao-de-boas-noticias","status":"publish","type":"post","link":"https:\/\/www.gaveanews.com\/index.php\/2021\/06\/17\/rogerio-ceni-volta-ao-flamengo-com-pacotao-de-boas-noticias\/","title":{"rendered":"Rog\u00e9rio Ceni volta ao Flamengo com pacot\u00e3o de boas not\u00edcias"},"content":{"rendered":"\n<p>Com a vaga \u00e0s oitavas da Copa do Brasil na m\u00e3o, o Flamengo vive dias de otimismo e confian\u00e7a l\u00e1 no alto. Sob o comando do interino Maur\u00edcio Souza, a equipe ampliou marcas importantes, e Rog\u00e9rio Ceni receber\u00e1 de volta uma equipe cheia de raz\u00f5es para festejar.<\/p>\n\n\n\n<p>Recuperado, o treinador \u00e9 aguardado hoje (17) no Ninho do Urubu. Em sua aus\u00eancia, a equipe dois somou triunfos contra o Coritiba, um diante do Am\u00e9rica-MG e a defesa completou cinco jogos sem levar um gol sequer.<\/p>\n\n\n\n<p>Com a vit\u00f3ria por 2 a 0 contra o Alviverde, o Rubro-negro enfileirou 16 jogos sem derrota na temporada. O \u00faltimo rev\u00e9s dos campe\u00f5es brasileiros foi no dia 15 de abril, quando o time foi derrotado por 3 a 1 pelo rival Vasco.<\/p>\n\n\n\n<p><strong><em>\u2014 N\u00e3o diria que o time atingiu o \u00e1pice, a busca por excel\u00eancia \u00e9 constante, mas s\u00e3o atua\u00e7\u00f5es que deixam a gente feliz. N\u00e3o s\u00f3 a defesa, mas o time atacou e defendeu bem, todos os jogadores se doaram para defender. \u00c9 muito gratificante estar com um grupo de jogadores dessa qualidade e poder trocar com o Rog\u00e9rio. Vim aqui para ser a extens\u00e3o da voz do Rog\u00e9rio. Sou extremamente feliz pela forma como me receberam e como se comportaram. \u00c9 um grupo s\u00e9rio, que gosta de ganhar e gosta de ter excel\u00eancia no jogo<\/em><\/strong>, disse Maur\u00edcio.<\/p>\n\n\n\n<p>Ainda que os desfalques de Isla, Arrascaeta, Everton Ribeiro e Gabigol pesem, a situa\u00e7\u00e3o abriu espa\u00e7o para nomes que v\u00e3o mostrando seu valor. Titular neste per\u00edodo, Vitinho subiu de produ\u00e7\u00e3o e virou protagonista com passes decisivos e um gol. Michael tamb\u00e9m foi utilizado e deu sua contribui\u00e7\u00e3o.<\/p>\n\n\n\n<p><strong><em>\u2014 O Rog\u00e9rio vem sempre apostando no Vitinho, ele vem dando respostas. Tem participado muito na parte defensiva e evolu\u00eddo muito. Na frente, finaliza com as duas pernas e dribla para os dois lados. \u00c9 um jogador important\u00edssimo<\/em><\/strong>, elogiou o treinador.<\/p>\n\n\n\n<p>Outro que se beneficiou das baixas foi Rodrigo Muniz, que deixou sua marca duas vezes \u2014 um cart\u00e3o de visitas importante. Como <a href=\"https:\/\/www.gaveanews.com\/index.php\/2021\/06\/15\/cumprindo-isolamento-pedro-manda-recado-a-torcida-do-flamengo\/\">Pedro est\u00e1 afastado<\/a>, o jovem viu a brecha surgir e deu conta do recado. Garotos como Max e Ryan Luka tamb\u00e9m somaram pontos ap\u00f3s ganharem alguns minutos a mais entre os profissionais.<\/p>\n\n\n\n<p>Sem Isla, que disputa a Copa Am\u00e9rica, Matheuzinho tomou conta da posi\u00e7\u00e3o e j\u00e1 virou uma amea\u00e7a real para o titular. Diante do Coxa, o jogador foi um dos melhores em campo e ainda deixou Bruno Henrique livre para fechar o placar. Na entrevista, Mauricinho afirmou n\u00e3o se surpreender com o desempenho: &#8220;O Matheuzinho n\u00e3o \u00e9 surpresa, \u00e9 extremamente qualificado e vem ganhando confian\u00e7a&#8221;.<\/p>\n\n\n\n<p>Com seis pontos em duas partidas disputadas no Brasileiro, o Fla volta suas aten\u00e7\u00f5es para a campanha pelo tricampeonato. No s\u00e1bado (19), o time recebe a visita do RB Bragantino, \u00e0s 21h, no Maracan\u00e3. Com Ceni de volta ao banco de reservas, o Rubro-negro espera manter o bom momento e seguir colecionando boas not\u00edcias.<\/p>\n\n\n\n<p>Retirado de: UOL<\/p>\n","protected":false},"excerpt":{"rendered":"<p>Com a vaga \u00e0s oitavas da Copa do Brasil na m\u00e3o, o Flamengo vive dias de otimismo e confian\u00e7a l\u00e1 no alto. Sob o comando do interino Maur\u00edcio Souza, a equipe ampliou marcas importantes, e Rog\u00e9rio Ceni receber\u00e1 de volta uma equipe cheia de raz\u00f5es para festejar. Recuperado, o treinador \u00e9 aguardado hoje (17) no [&hellip;]<\/p>\n","protected":false},"author":1,"featured_media":57353,"comment_status":"open","ping_status":"closed","sticky":false,"template":"","format":"standard","meta":{"footnotes":""},"categories":[1],"tags":[],"class_list":["post-63128","post","type-post","status-publish","format-standard","has-post-thumbnail","hentry","category-flamengo"],"yoast_head":"<!-- This site is optimized with the Yoast SEO Premium plugin v24.2 (Yoast SEO v26.9) - https:\/\/yoast.com\/product\/yoast-seo-premium-wordpress\/ -->\n<title>Rog\u00e9rio Ceni volta ao Flamengo com pacot\u00e3o de boas not\u00edcias<\/title>\n<meta name=\"robots\" content=\"index, follow, max-snippet:-1, max-image-preview:large, max-video-preview:-1\" \/>\n<link rel=\"canonical\" href=\"https:\/\/www.gaveanews.com\/index.php\/2021\/06\/17\/rogerio-ceni-volta-ao-flamengo-com-pacotao-de-boas-noticias\/\" \/>\n<meta property=\"og:locale\" content=\"pt_BR\" \/>\n<meta property=\"og:type\" content=\"article\" \/>\n<meta property=\"og:title\" content=\"Rog\u00e9rio Ceni volta ao Flamengo com pacot\u00e3o de boas not\u00edcias\" \/>\n<meta property=\"og:description\" content=\"Com a vaga \u00e0s oitavas da Copa do Brasil na m\u00e3o, o Flamengo vive dias de otimismo e confian\u00e7a l\u00e1 no alto. Sob o comando do interino Maur\u00edcio Souza, a equipe ampliou marcas importantes, e Rog\u00e9rio Ceni receber\u00e1 de volta uma equipe cheia de raz\u00f5es para festejar. Recuperado, o treinador \u00e9 aguardado hoje (17) no [&hellip;]\" \/>\n<meta property=\"og:url\" content=\"https:\/\/www.gaveanews.com\/index.php\/2021\/06\/17\/rogerio-ceni-volta-ao-flamengo-com-pacotao-de-boas-noticias\/\" \/>\n<meta property=\"og:site_name\" content=\"G\u00e1vea News\" \/>\n<meta property=\"article:publisher\" content=\"https:\/\/facebook.com\/gaveaNews\/\" \/>\n<meta property=\"article:published_time\" content=\"2021-06-17T13:30:00+00:00\" \/>\n<meta property=\"og:image\" content=\"https:\/\/www.gaveanews.com\/wp-content\/uploads\/Rogerio-Ceni-no-Ninho-do-Urubu-1.webp\" \/>\n\t<meta property=\"og:image:width\" content=\"800\" \/>\n\t<meta property=\"og:image:height\" content=\"533\" \/>\n\t<meta property=\"og:image:type\" content=\"image\/jpeg\" \/>\n<meta name=\"author\" content=\"Equipe G\u00e1vea News\" \/>\n<meta name=\"twitter:card\" content=\"summary_large_image\" \/>\n<meta name=\"twitter:label1\" content=\"Escrito por\" \/>\n\t<meta name=\"twitter:data1\" content=\"Equipe G\u00e1vea News\" \/>\n\t<meta name=\"twitter:label2\" content=\"Est. tempo de leitura\" \/>\n\t<meta name=\"twitter:data2\" content=\"3 minutos\" \/>\n<script type=\"application\/ld+json\" class=\"yoast-schema-graph\">{\"@context\":\"https:\/\/schema.org\",\"@graph\":[{\"@type\":\"NewsArticle\",\"@id\":\"https:\/\/www.gaveanews.com\/index.php\/2021\/06\/17\/rogerio-ceni-volta-ao-flamengo-com-pacotao-de-boas-noticias\/#article\",\"isPartOf\":{\"@id\":\"https:\/\/www.gaveanews.com\/index.php\/2021\/06\/17\/rogerio-ceni-volta-ao-flamengo-com-pacotao-de-boas-noticias\/\"},\"author\":{\"name\":\"Equipe G\u00e1vea News\",\"@id\":\"https:\/\/www.gaveanews.com\/#\/schema\/person\/2ec14f73fb96be2caf28f91afb14749d\"},\"headline\":\"Rog\u00e9rio Ceni volta ao Flamengo com pacot\u00e3o de boas not\u00edcias\",\"datePublished\":\"2021-06-17T13:30:00+00:00\",\"mainEntityOfPage\":{\"@id\":\"https:\/\/www.gaveanews.com\/index.php\/2021\/06\/17\/rogerio-ceni-volta-ao-flamengo-com-pacotao-de-boas-noticias\/\"},\"wordCount\":525,\"commentCount\":31,\"image\":{\"@id\":\"https:\/\/www.gaveanews.com\/index.php\/2021\/06\/17\/rogerio-ceni-volta-ao-flamengo-com-pacotao-de-boas-noticias\/#primaryimage\"},\"thumbnailUrl\":\"https:\/\/www.gaveanews.com\/wp-content\/uploads\/Rogerio-Ceni-no-Ninho-do-Urubu-1.webp\",\"articleSection\":[\"Flamengo\"],\"inLanguage\":\"pt-BR\",\"potentialAction\":[{\"@type\":\"CommentAction\",\"name\":\"Comment\",\"target\":[\"https:\/\/www.gaveanews.com\/index.php\/2021\/06\/17\/rogerio-ceni-volta-ao-flamengo-com-pacotao-de-boas-noticias\/#respond\"]}],\"copyrightYear\":\"2021\",\"copyrightHolder\":{\"@id\":\"https:\/\/www.gaveanews.com\/#organization\"}},{\"@type\":\"WebPage\",\"@id\":\"https:\/\/www.gaveanews.com\/index.php\/2021\/06\/17\/rogerio-ceni-volta-ao-flamengo-com-pacotao-de-boas-noticias\/\",\"url\":\"https:\/\/www.gaveanews.com\/index.php\/2021\/06\/17\/rogerio-ceni-volta-ao-flamengo-com-pacotao-de-boas-noticias\/\",\"name\":\"Rog\u00e9rio Ceni volta ao Flamengo com pacot\u00e3o de boas not\u00edcias\",\"isPartOf\":{\"@id\":\"https:\/\/www.gaveanews.com\/#website\"},\"primaryImageOfPage\":{\"@id\":\"https:\/\/www.gaveanews.com\/index.php\/2021\/06\/17\/rogerio-ceni-volta-ao-flamengo-com-pacotao-de-boas-noticias\/#primaryimage\"},\"image\":{\"@id\":\"https:\/\/www.gaveanews.com\/index.php\/2021\/06\/17\/rogerio-ceni-volta-ao-flamengo-com-pacotao-de-boas-noticias\/#primaryimage\"},\"thumbnailUrl\":\"https:\/\/www.gaveanews.com\/wp-content\/uploads\/Rogerio-Ceni-no-Ninho-do-Urubu-1.webp\",\"datePublished\":\"2021-06-17T13:30:00+00:00\",\"author\":{\"@id\":\"https:\/\/www.gaveanews.com\/#\/schema\/person\/2ec14f73fb96be2caf28f91afb14749d\"},\"breadcrumb\":{\"@id\":\"https:\/\/www.gaveanews.com\/index.php\/2021\/06\/17\/rogerio-ceni-volta-ao-flamengo-com-pacotao-de-boas-noticias\/#breadcrumb\"},\"inLanguage\":\"pt-BR\",\"potentialAction\":[{\"@type\":\"ReadAction\",\"target\":[\"https:\/\/www.gaveanews.com\/index.php\/2021\/06\/17\/rogerio-ceni-volta-ao-flamengo-com-pacotao-de-boas-noticias\/\"]}]},{\"@type\":\"ImageObject\",\"inLanguage\":\"pt-BR\",\"@id\":\"https:\/\/www.gaveanews.com\/index.php\/2021\/06\/17\/rogerio-ceni-volta-ao-flamengo-com-pacotao-de-boas-noticias\/#primaryimage\",\"url\":\"https:\/\/www.gaveanews.com\/wp-content\/uploads\/Rogerio-Ceni-no-Ninho-do-Urubu-1.webp\",\"contentUrl\":\"https:\/\/www.gaveanews.com\/wp-content\/uploads\/Rogerio-Ceni-no-Ninho-do-Urubu-1.webp\",\"width\":800,\"height\":533,\"caption\":\"Rog\u00e9rio Ceni no Ninho do Urubu (Foto: Marcelo Cortes\/Flamengo)\"},{\"@type\":\"BreadcrumbList\",\"@id\":\"https:\/\/www.gaveanews.com\/index.php\/2021\/06\/17\/rogerio-ceni-volta-ao-flamengo-com-pacotao-de-boas-noticias\/#breadcrumb\",\"itemListElement\":[{\"@type\":\"ListItem\",\"position\":1,\"name\":\"Home\",\"item\":\"https:\/\/www.gaveanews.com\/\"},{\"@type\":\"ListItem\",\"position\":2,\"name\":\"Rog\u00e9rio Ceni volta ao Flamengo com pacot\u00e3o de boas not\u00edcias\"}]},{\"@type\":\"WebSite\",\"@id\":\"https:\/\/www.gaveanews.com\/#website\",\"url\":\"https:\/\/www.gaveanews.com\/\",\"name\":\"G\u00e1vea News\",\"description\":\"Veja todas as not\u00edcias sobre o Flamengo: Contrata\u00e7\u00f5es, categorias de base, resultados das partidas, tabela de classifica\u00e7\u00e3o, pr\u00f3ximos jogos!\",\"potentialAction\":[{\"@type\":\"SearchAction\",\"target\":{\"@type\":\"EntryPoint\",\"urlTemplate\":\"https:\/\/www.gaveanews.com\/?s={search_term_string}\"},\"query-input\":{\"@type\":\"PropertyValueSpecification\",\"valueRequired\":true,\"valueName\":\"search_term_string\"}}],\"inLanguage\":\"pt-BR\"},{\"@type\":\"Person\",\"@id\":\"https:\/\/www.gaveanews.com\/#\/schema\/person\/2ec14f73fb96be2caf28f91afb14749d\",\"name\":\"Equipe G\u00e1vea News\",\"image\":{\"@type\":\"ImageObject\",\"inLanguage\":\"pt-BR\",\"@id\":\"https:\/\/www.gaveanews.com\/#\/schema\/person\/image\/\",\"url\":\"https:\/\/secure.gravatar.com\/avatar\/1e1956f1facbffd3f8fa53a326721950116b3b9dc9bd44939c01180fd4a745a9?s=96&d=mm&r=g\",\"contentUrl\":\"https:\/\/secure.gravatar.com\/avatar\/1e1956f1facbffd3f8fa53a326721950116b3b9dc9bd44939c01180fd4a745a9?s=96&d=mm&r=g\",\"caption\":\"Equipe G\u00e1vea News\"}}]}<\/script>\n<!-- \/ Yoast SEO Premium plugin. -->","yoast_head_json":{"title":"Rog\u00e9rio Ceni volta ao Flamengo com pacot\u00e3o de boas not\u00edcias","robots":{"index":"index","follow":"follow","max-snippet":"max-snippet:-1","max-image-preview":"max-image-preview:large","max-video-preview":"max-video-preview:-1"},"canonical":"https:\/\/www.gaveanews.com\/index.php\/2021\/06\/17\/rogerio-ceni-volta-ao-flamengo-com-pacotao-de-boas-noticias\/","og_locale":"pt_BR","og_type":"article","og_title":"Rog\u00e9rio Ceni volta ao Flamengo com pacot\u00e3o de boas not\u00edcias","og_description":"Com a vaga \u00e0s oitavas da Copa do Brasil na m\u00e3o, o Flamengo vive dias de otimismo e confian\u00e7a l\u00e1 no alto. Sob o comando do interino Maur\u00edcio Souza, a equipe ampliou marcas importantes, e Rog\u00e9rio Ceni receber\u00e1 de volta uma equipe cheia de raz\u00f5es para festejar. Recuperado, o treinador \u00e9 aguardado hoje (17) no [&hellip;]","og_url":"https:\/\/www.gaveanews.com\/index.php\/2021\/06\/17\/rogerio-ceni-volta-ao-flamengo-com-pacotao-de-boas-noticias\/","og_site_name":"G\u00e1vea News","article_publisher":"https:\/\/facebook.com\/gaveaNews\/","article_published_time":"2021-06-17T13:30:00+00:00","og_image":[{"width":800,"height":533,"url":"https:\/\/www.gaveanews.com\/wp-content\/uploads\/Rogerio-Ceni-no-Ninho-do-Urubu-1.webp","type":"image\/jpeg"}],"author":"Equipe G\u00e1vea News","twitter_card":"summary_large_image","twitter_misc":{"Escrito por":"Equipe G\u00e1vea News","Est. tempo de leitura":"3 minutos"},"schema":{"@context":"https:\/\/schema.org","@graph":[{"@type":"NewsArticle","@id":"https:\/\/www.gaveanews.com\/index.php\/2021\/06\/17\/rogerio-ceni-volta-ao-flamengo-com-pacotao-de-boas-noticias\/#article","isPartOf":{"@id":"https:\/\/www.gaveanews.com\/index.php\/2021\/06\/17\/rogerio-ceni-volta-ao-flamengo-com-pacotao-de-boas-noticias\/"},"author":{"name":"Equipe G\u00e1vea News","@id":"https:\/\/www.gaveanews.com\/#\/schema\/person\/2ec14f73fb96be2caf28f91afb14749d"},"headline":"Rog\u00e9rio Ceni volta ao Flamengo com pacot\u00e3o de boas not\u00edcias","datePublished":"2021-06-17T13:30:00+00:00","mainEntityOfPage":{"@id":"https:\/\/www.gaveanews.com\/index.php\/2021\/06\/17\/rogerio-ceni-volta-ao-flamengo-com-pacotao-de-boas-noticias\/"},"wordCount":525,"commentCount":31,"image":{"@id":"https:\/\/www.gaveanews.com\/index.php\/2021\/06\/17\/rogerio-ceni-volta-ao-flamengo-com-pacotao-de-boas-noticias\/#primaryimage"},"thumbnailUrl":"https:\/\/www.gaveanews.com\/wp-content\/uploads\/Rogerio-Ceni-no-Ninho-do-Urubu-1.webp","articleSection":["Flamengo"],"inLanguage":"pt-BR","potentialAction":[{"@type":"CommentAction","name":"Comment","target":["https:\/\/www.gaveanews.com\/index.php\/2021\/06\/17\/rogerio-ceni-volta-ao-flamengo-com-pacotao-de-boas-noticias\/#respond"]}],"copyrightYear":"2021","copyrightHolder":{"@id":"https:\/\/www.gaveanews.com\/#organization"}},{"@type":"WebPage","@id":"https:\/\/www.gaveanews.com\/index.php\/2021\/06\/17\/rogerio-ceni-volta-ao-flamengo-com-pacotao-de-boas-noticias\/","url":"https:\/\/www.gaveanews.com\/index.php\/2021\/06\/17\/rogerio-ceni-volta-ao-flamengo-com-pacotao-de-boas-noticias\/","name":"Rog\u00e9rio Ceni volta ao Flamengo com pacot\u00e3o de boas not\u00edcias","isPartOf":{"@id":"https:\/\/www.gaveanews.com\/#website"},"primaryImageOfPage":{"@id":"https:\/\/www.gaveanews.com\/index.php\/2021\/06\/17\/rogerio-ceni-volta-ao-flamengo-com-pacotao-de-boas-noticias\/#primaryimage"},"image":{"@id":"https:\/\/www.gaveanews.com\/index.php\/2021\/06\/17\/rogerio-ceni-volta-ao-flamengo-com-pacotao-de-boas-noticias\/#primaryimage"},"thumbnailUrl":"https:\/\/www.gaveanews.com\/wp-content\/uploads\/Rogerio-Ceni-no-Ninho-do-Urubu-1.webp","datePublished":"2021-06-17T13:30:00+00:00","author":{"@id":"https:\/\/www.gaveanews.com\/#\/schema\/person\/2ec14f73fb96be2caf28f91afb14749d"},"breadcrumb":{"@id":"https:\/\/www.gaveanews.com\/index.php\/2021\/06\/17\/rogerio-ceni-volta-ao-flamengo-com-pacotao-de-boas-noticias\/#breadcrumb"},"inLanguage":"pt-BR","potentialAction":[{"@type":"ReadAction","target":["https:\/\/www.gaveanews.com\/index.php\/2021\/06\/17\/rogerio-ceni-volta-ao-flamengo-com-pacotao-de-boas-noticias\/"]}]},{"@type":"ImageObject","inLanguage":"pt-BR","@id":"https:\/\/www.gaveanews.com\/index.php\/2021\/06\/17\/rogerio-ceni-volta-ao-flamengo-com-pacotao-de-boas-noticias\/#primaryimage","url":"https:\/\/www.gaveanews.com\/wp-content\/uploads\/Rogerio-Ceni-no-Ninho-do-Urubu-1.webp","contentUrl":"https:\/\/www.gaveanews.com\/wp-content\/uploads\/Rogerio-Ceni-no-Ninho-do-Urubu-1.webp","width":800,"height":533,"caption":"Rog\u00e9rio Ceni no Ninho do Urubu (Foto: Marcelo Cortes\/Flamengo)"},{"@type":"BreadcrumbList","@id":"https:\/\/www.gaveanews.com\/index.php\/2021\/06\/17\/rogerio-ceni-volta-ao-flamengo-com-pacotao-de-boas-noticias\/#breadcrumb","itemListElement":[{"@type":"ListItem","position":1,"name":"Home","item":"https:\/\/www.gaveanews.com\/"},{"@type":"ListItem","position":2,"name":"Rog\u00e9rio Ceni volta ao Flamengo com pacot\u00e3o de boas not\u00edcias"}]},{"@type":"WebSite","@id":"https:\/\/www.gaveanews.com\/#website","url":"https:\/\/www.gaveanews.com\/","name":"G\u00e1vea News","description":"Veja todas as not\u00edcias sobre o Flamengo: Contrata\u00e7\u00f5es, categorias de base, resultados das partidas, tabela de classifica\u00e7\u00e3o, pr\u00f3ximos jogos!","potentialAction":[{"@type":"SearchAction","target":{"@type":"EntryPoint","urlTemplate":"https:\/\/www.gaveanews.com\/?s={search_term_string}"},"query-input":{"@type":"PropertyValueSpecification","valueRequired":true,"valueName":"search_term_string"}}],"inLanguage":"pt-BR"},{"@type":"Person","@id":"https:\/\/www.gaveanews.com\/#\/schema\/person\/2ec14f73fb96be2caf28f91afb14749d","name":"Equipe G\u00e1vea News","image":{"@type":"ImageObject","inLanguage":"pt-BR","@id":"https:\/\/www.gaveanews.com\/#\/schema\/person\/image\/","url":"https:\/\/secure.gravatar.com\/avatar\/1e1956f1facbffd3f8fa53a326721950116b3b9dc9bd44939c01180fd4a745a9?s=96&d=mm&r=g","contentUrl":"https:\/\/secure.gravatar.com\/avatar\/1e1956f1facbffd3f8fa53a326721950116b3b9dc9bd44939c01180fd4a745a9?s=96&d=mm&r=g","caption":"Equipe G\u00e1vea News"}}]}},"_links":{"self":[{"href":"https:\/\/www.gaveanews.com\/index.php\/wp-json\/wp\/v2\/posts\/63128","targetHints":{"allow":["GET"]}}],"collection":[{"href":"https:\/\/www.gaveanews.com\/index.php\/wp-json\/wp\/v2\/posts"}],"about":[{"href":"https:\/\/www.gaveanews.com\/index.php\/wp-json\/wp\/v2\/types\/post"}],"author":[{"embeddable":true,"href":"https:\/\/www.gaveanews.com\/index.php\/wp-json\/wp\/v2\/users\/1"}],"replies":[{"embeddable":true,"href":"https:\/\/www.gaveanews.com\/index.php\/wp-json\/wp\/v2\/comments?post=63128"}],"version-history":[{"count":0,"href":"https:\/\/www.gaveanews.com\/index.php\/wp-json\/wp\/v2\/posts\/63128\/revisions"}],"wp:featuredmedia":[{"embeddable":true,"href":"https:\/\/www.gaveanews.com\/index.php\/wp-json\/wp\/v2\/media\/57353"}],"wp:attachment":[{"href":"https:\/\/www.gaveanews.com\/index.php\/wp-json\/wp\/v2\/media?parent=63128"}],"wp:term":[{"taxonomy":"category","embeddable":true,"href":"https:\/\/www.gaveanews.com\/index.php\/wp-json\/wp\/v2\/categories?post=63128"},{"taxonomy":"post_tag","embeddable":true,"href":"https:\/\/www.gaveanews.com\/index.php\/wp-json\/wp\/v2\/tags?post=63128"}],"curies":[{"name":"wp","href":"https:\/\/api.w.org\/{rel}","templated":true}]}}