{"id":63136,"date":"2021-06-17T09:00:00","date_gmt":"2021-06-17T12:00:00","guid":{"rendered":"https:\/\/www.gaveanews.com\/?p=63136"},"modified":"2021-06-17T08:39:32","modified_gmt":"2021-06-17T11:39:32","slug":"flamengo-tem-dia-d-fora-dos-gramados","status":"publish","type":"post","link":"https:\/\/www.gaveanews.com\/index.php\/2021\/06\/17\/flamengo-tem-dia-d-fora-dos-gramados\/","title":{"rendered":"Flamengo tem \u2018dia D\u2019 fora dos gramados"},"content":{"rendered":"\n<p>Enquanto celebra a <a href=\"https:\/\/www.gaveanews.com\/index.php\/2021\/06\/16\/saiba-quanto-o-fla-lucrou-com-a-classificacao-para-as-oitavas-da-copa-do-brasil\/\">classifica\u00e7\u00e3o para as oitavas de final da Copa do Brasil<\/a>, o Flamengo fica de olho em eventos fora dos gramados, nesta quinta-feira (17). Logo \u00e0s 10h, o Pleno do STJD julgar\u00e1 o pedido do clube de paralisar o Campeonato Brasileiro durante a Copa Am\u00e9rica, que vai at\u00e9 o pr\u00f3ximo dia 10\/7. A sess\u00e3o ser\u00e1 virtual, ao vivo. O Fla est\u00e1 pessimista, mas um resultado favor\u00e1vel pode interferir no ponto abaixo.<\/p>\n\n\n\n<p>Pouco depois, por volta das 11h, a diretoria ficar\u00e1 de olhos grudados na convoca\u00e7\u00e3o para as Olimp\u00edadas. Pedro, Gabigol, Everton Ribeiro e Rodrigo Caio est\u00e3o numa pr\u00e9-lista com 50 nomes, mas apenas 18 ser\u00e3o chamados por Andr\u00e9 Jardine. \u00c9 prov\u00e1vel que Pedro seja chamado e o Fla tente convenc\u00ea-lo a n\u00e3o ir. O clube n\u00e3o \u00e9 obrigado a liberar o atleta para a competi\u00e7\u00e3o, que come\u00e7a no dia 22\/7, mas tamb\u00e9m n\u00e3o quer causar frustra\u00e7\u00e3o. O problema pode ser maior se mais de um jogador do time for chamado.<\/p>\n\n\n\n<p>Outro ponto importante desta quinta-feira, mas em campo, \u00e9 a reapresenta\u00e7\u00e3o do treinador Rog\u00e9rio Ceni, marcada para a tarde. O comandante n\u00e3o p\u00f4de liderar o time nos dois jogos contra o Coritiba e contra o Am\u00e9rica-MG e voltar\u00e1 diante do RB Bragantino, no pr\u00f3ximo s\u00e1bado (19), no Maracan\u00e3, pela quinta rodada do Brasileir\u00e3o.<\/p>\n\n\n\n<p>Retirado de: Jogada 10<\/p>\n","protected":false},"excerpt":{"rendered":"<p>Enquanto celebra a classifica\u00e7\u00e3o para as oitavas de final da Copa do Brasil, o Flamengo fica de olho em eventos fora dos gramados, nesta quinta-feira (17). Logo \u00e0s 10h, o Pleno do STJD julgar\u00e1 o pedido do clube de paralisar o Campeonato Brasileiro durante a Copa Am\u00e9rica, que vai at\u00e9 o pr\u00f3ximo dia 10\/7. A [&hellip;]<\/p>\n","protected":false},"author":1,"featured_media":36980,"comment_status":"open","ping_status":"closed","sticky":false,"template":"","format":"standard","meta":{"footnotes":""},"categories":[1],"tags":[],"class_list":["post-63136","post","type-post","status-publish","format-standard","has-post-thumbnail","hentry","category-flamengo"],"yoast_head":"<!-- This site is optimized with the Yoast SEO Premium plugin v24.2 (Yoast SEO v26.9) - https:\/\/yoast.com\/product\/yoast-seo-premium-wordpress\/ -->\n<title>Flamengo tem \u2018dia D\u2019 fora dos gramados<\/title>\n<meta name=\"robots\" content=\"index, follow, max-snippet:-1, max-image-preview:large, max-video-preview:-1\" \/>\n<link rel=\"canonical\" href=\"https:\/\/www.gaveanews.com\/index.php\/2021\/06\/17\/flamengo-tem-dia-d-fora-dos-gramados\/\" \/>\n<meta property=\"og:locale\" content=\"pt_BR\" \/>\n<meta property=\"og:type\" content=\"article\" \/>\n<meta property=\"og:title\" content=\"Flamengo tem \u2018dia D\u2019 fora dos gramados\" \/>\n<meta property=\"og:description\" content=\"Enquanto celebra a classifica\u00e7\u00e3o para as oitavas de final da Copa do Brasil, o Flamengo fica de olho em eventos fora dos gramados, nesta quinta-feira (17). Logo \u00e0s 10h, o Pleno do STJD julgar\u00e1 o pedido do clube de paralisar o Campeonato Brasileiro durante a Copa Am\u00e9rica, que vai at\u00e9 o pr\u00f3ximo dia 10\/7. A [&hellip;]\" \/>\n<meta property=\"og:url\" content=\"https:\/\/www.gaveanews.com\/index.php\/2021\/06\/17\/flamengo-tem-dia-d-fora-dos-gramados\/\" \/>\n<meta property=\"og:site_name\" content=\"G\u00e1vea News\" \/>\n<meta property=\"article:publisher\" content=\"https:\/\/facebook.com\/gaveaNews\/\" \/>\n<meta property=\"article:published_time\" content=\"2021-06-17T12:00:00+00:00\" \/>\n<meta property=\"og:image\" content=\"https:\/\/www.gaveanews.com\/wp-content\/uploads\/stjd.webp\" \/>\n\t<meta property=\"og:image:width\" content=\"1200\" \/>\n\t<meta property=\"og:image:height\" content=\"675\" \/>\n\t<meta property=\"og:image:type\" content=\"image\/jpeg\" \/>\n<meta name=\"author\" content=\"Equipe G\u00e1vea News\" \/>\n<meta name=\"twitter:card\" content=\"summary_large_image\" \/>\n<meta name=\"twitter:label1\" content=\"Escrito por\" \/>\n\t<meta name=\"twitter:data1\" content=\"Equipe G\u00e1vea News\" \/>\n\t<meta name=\"twitter:label2\" content=\"Est. tempo de leitura\" \/>\n\t<meta name=\"twitter:data2\" content=\"1 minuto\" \/>\n<script type=\"application\/ld+json\" class=\"yoast-schema-graph\">{\"@context\":\"https:\/\/schema.org\",\"@graph\":[{\"@type\":\"NewsArticle\",\"@id\":\"https:\/\/www.gaveanews.com\/index.php\/2021\/06\/17\/flamengo-tem-dia-d-fora-dos-gramados\/#article\",\"isPartOf\":{\"@id\":\"https:\/\/www.gaveanews.com\/index.php\/2021\/06\/17\/flamengo-tem-dia-d-fora-dos-gramados\/\"},\"author\":{\"name\":\"Equipe G\u00e1vea News\",\"@id\":\"https:\/\/www.gaveanews.com\/#\/schema\/person\/2ec14f73fb96be2caf28f91afb14749d\"},\"headline\":\"Flamengo tem \u2018dia D\u2019 fora dos gramados\",\"datePublished\":\"2021-06-17T12:00:00+00:00\",\"mainEntityOfPage\":{\"@id\":\"https:\/\/www.gaveanews.com\/index.php\/2021\/06\/17\/flamengo-tem-dia-d-fora-dos-gramados\/\"},\"wordCount\":243,\"commentCount\":8,\"image\":{\"@id\":\"https:\/\/www.gaveanews.com\/index.php\/2021\/06\/17\/flamengo-tem-dia-d-fora-dos-gramados\/#primaryimage\"},\"thumbnailUrl\":\"https:\/\/www.gaveanews.com\/wp-content\/uploads\/stjd.webp\",\"articleSection\":[\"Flamengo\"],\"inLanguage\":\"pt-BR\",\"potentialAction\":[{\"@type\":\"CommentAction\",\"name\":\"Comment\",\"target\":[\"https:\/\/www.gaveanews.com\/index.php\/2021\/06\/17\/flamengo-tem-dia-d-fora-dos-gramados\/#respond\"]}],\"copyrightYear\":\"2021\",\"copyrightHolder\":{\"@id\":\"https:\/\/www.gaveanews.com\/#organization\"}},{\"@type\":\"WebPage\",\"@id\":\"https:\/\/www.gaveanews.com\/index.php\/2021\/06\/17\/flamengo-tem-dia-d-fora-dos-gramados\/\",\"url\":\"https:\/\/www.gaveanews.com\/index.php\/2021\/06\/17\/flamengo-tem-dia-d-fora-dos-gramados\/\",\"name\":\"Flamengo tem \u2018dia D\u2019 fora dos gramados\",\"isPartOf\":{\"@id\":\"https:\/\/www.gaveanews.com\/#website\"},\"primaryImageOfPage\":{\"@id\":\"https:\/\/www.gaveanews.com\/index.php\/2021\/06\/17\/flamengo-tem-dia-d-fora-dos-gramados\/#primaryimage\"},\"image\":{\"@id\":\"https:\/\/www.gaveanews.com\/index.php\/2021\/06\/17\/flamengo-tem-dia-d-fora-dos-gramados\/#primaryimage\"},\"thumbnailUrl\":\"https:\/\/www.gaveanews.com\/wp-content\/uploads\/stjd.webp\",\"datePublished\":\"2021-06-17T12:00:00+00:00\",\"author\":{\"@id\":\"https:\/\/www.gaveanews.com\/#\/schema\/person\/2ec14f73fb96be2caf28f91afb14749d\"},\"breadcrumb\":{\"@id\":\"https:\/\/www.gaveanews.com\/index.php\/2021\/06\/17\/flamengo-tem-dia-d-fora-dos-gramados\/#breadcrumb\"},\"inLanguage\":\"pt-BR\",\"potentialAction\":[{\"@type\":\"ReadAction\",\"target\":[\"https:\/\/www.gaveanews.com\/index.php\/2021\/06\/17\/flamengo-tem-dia-d-fora-dos-gramados\/\"]}]},{\"@type\":\"ImageObject\",\"inLanguage\":\"pt-BR\",\"@id\":\"https:\/\/www.gaveanews.com\/index.php\/2021\/06\/17\/flamengo-tem-dia-d-fora-dos-gramados\/#primaryimage\",\"url\":\"https:\/\/www.gaveanews.com\/wp-content\/uploads\/stjd.webp\",\"contentUrl\":\"https:\/\/www.gaveanews.com\/wp-content\/uploads\/stjd.webp\",\"width\":1200,\"height\":675},{\"@type\":\"BreadcrumbList\",\"@id\":\"https:\/\/www.gaveanews.com\/index.php\/2021\/06\/17\/flamengo-tem-dia-d-fora-dos-gramados\/#breadcrumb\",\"itemListElement\":[{\"@type\":\"ListItem\",\"position\":1,\"name\":\"Home\",\"item\":\"https:\/\/www.gaveanews.com\/\"},{\"@type\":\"ListItem\",\"position\":2,\"name\":\"Flamengo tem \u2018dia D\u2019 fora dos gramados\"}]},{\"@type\":\"WebSite\",\"@id\":\"https:\/\/www.gaveanews.com\/#website\",\"url\":\"https:\/\/www.gaveanews.com\/\",\"name\":\"G\u00e1vea News\",\"description\":\"Veja todas as not\u00edcias sobre o Flamengo: Contrata\u00e7\u00f5es, categorias de base, resultados das partidas, tabela de classifica\u00e7\u00e3o, pr\u00f3ximos jogos!\",\"potentialAction\":[{\"@type\":\"SearchAction\",\"target\":{\"@type\":\"EntryPoint\",\"urlTemplate\":\"https:\/\/www.gaveanews.com\/?s={search_term_string}\"},\"query-input\":{\"@type\":\"PropertyValueSpecification\",\"valueRequired\":true,\"valueName\":\"search_term_string\"}}],\"inLanguage\":\"pt-BR\"},{\"@type\":\"Person\",\"@id\":\"https:\/\/www.gaveanews.com\/#\/schema\/person\/2ec14f73fb96be2caf28f91afb14749d\",\"name\":\"Equipe G\u00e1vea News\",\"image\":{\"@type\":\"ImageObject\",\"inLanguage\":\"pt-BR\",\"@id\":\"https:\/\/www.gaveanews.com\/#\/schema\/person\/image\/\",\"url\":\"https:\/\/secure.gravatar.com\/avatar\/1e1956f1facbffd3f8fa53a326721950116b3b9dc9bd44939c01180fd4a745a9?s=96&d=mm&r=g\",\"contentUrl\":\"https:\/\/secure.gravatar.com\/avatar\/1e1956f1facbffd3f8fa53a326721950116b3b9dc9bd44939c01180fd4a745a9?s=96&d=mm&r=g\",\"caption\":\"Equipe G\u00e1vea News\"}}]}<\/script>\n<!-- \/ Yoast SEO Premium plugin. -->","yoast_head_json":{"title":"Flamengo tem \u2018dia D\u2019 fora dos gramados","robots":{"index":"index","follow":"follow","max-snippet":"max-snippet:-1","max-image-preview":"max-image-preview:large","max-video-preview":"max-video-preview:-1"},"canonical":"https:\/\/www.gaveanews.com\/index.php\/2021\/06\/17\/flamengo-tem-dia-d-fora-dos-gramados\/","og_locale":"pt_BR","og_type":"article","og_title":"Flamengo tem \u2018dia D\u2019 fora dos gramados","og_description":"Enquanto celebra a classifica\u00e7\u00e3o para as oitavas de final da Copa do Brasil, o Flamengo fica de olho em eventos fora dos gramados, nesta quinta-feira (17). Logo \u00e0s 10h, o Pleno do STJD julgar\u00e1 o pedido do clube de paralisar o Campeonato Brasileiro durante a Copa Am\u00e9rica, que vai at\u00e9 o pr\u00f3ximo dia 10\/7. A [&hellip;]","og_url":"https:\/\/www.gaveanews.com\/index.php\/2021\/06\/17\/flamengo-tem-dia-d-fora-dos-gramados\/","og_site_name":"G\u00e1vea News","article_publisher":"https:\/\/facebook.com\/gaveaNews\/","article_published_time":"2021-06-17T12:00:00+00:00","og_image":[{"width":1200,"height":675,"url":"https:\/\/www.gaveanews.com\/wp-content\/uploads\/stjd.webp","type":"image\/jpeg"}],"author":"Equipe G\u00e1vea News","twitter_card":"summary_large_image","twitter_misc":{"Escrito por":"Equipe G\u00e1vea News","Est. tempo de leitura":"1 minuto"},"schema":{"@context":"https:\/\/schema.org","@graph":[{"@type":"NewsArticle","@id":"https:\/\/www.gaveanews.com\/index.php\/2021\/06\/17\/flamengo-tem-dia-d-fora-dos-gramados\/#article","isPartOf":{"@id":"https:\/\/www.gaveanews.com\/index.php\/2021\/06\/17\/flamengo-tem-dia-d-fora-dos-gramados\/"},"author":{"name":"Equipe G\u00e1vea News","@id":"https:\/\/www.gaveanews.com\/#\/schema\/person\/2ec14f73fb96be2caf28f91afb14749d"},"headline":"Flamengo tem \u2018dia D\u2019 fora dos gramados","datePublished":"2021-06-17T12:00:00+00:00","mainEntityOfPage":{"@id":"https:\/\/www.gaveanews.com\/index.php\/2021\/06\/17\/flamengo-tem-dia-d-fora-dos-gramados\/"},"wordCount":243,"commentCount":8,"image":{"@id":"https:\/\/www.gaveanews.com\/index.php\/2021\/06\/17\/flamengo-tem-dia-d-fora-dos-gramados\/#primaryimage"},"thumbnailUrl":"https:\/\/www.gaveanews.com\/wp-content\/uploads\/stjd.webp","articleSection":["Flamengo"],"inLanguage":"pt-BR","potentialAction":[{"@type":"CommentAction","name":"Comment","target":["https:\/\/www.gaveanews.com\/index.php\/2021\/06\/17\/flamengo-tem-dia-d-fora-dos-gramados\/#respond"]}],"copyrightYear":"2021","copyrightHolder":{"@id":"https:\/\/www.gaveanews.com\/#organization"}},{"@type":"WebPage","@id":"https:\/\/www.gaveanews.com\/index.php\/2021\/06\/17\/flamengo-tem-dia-d-fora-dos-gramados\/","url":"https:\/\/www.gaveanews.com\/index.php\/2021\/06\/17\/flamengo-tem-dia-d-fora-dos-gramados\/","name":"Flamengo tem \u2018dia D\u2019 fora dos gramados","isPartOf":{"@id":"https:\/\/www.gaveanews.com\/#website"},"primaryImageOfPage":{"@id":"https:\/\/www.gaveanews.com\/index.php\/2021\/06\/17\/flamengo-tem-dia-d-fora-dos-gramados\/#primaryimage"},"image":{"@id":"https:\/\/www.gaveanews.com\/index.php\/2021\/06\/17\/flamengo-tem-dia-d-fora-dos-gramados\/#primaryimage"},"thumbnailUrl":"https:\/\/www.gaveanews.com\/wp-content\/uploads\/stjd.webp","datePublished":"2021-06-17T12:00:00+00:00","author":{"@id":"https:\/\/www.gaveanews.com\/#\/schema\/person\/2ec14f73fb96be2caf28f91afb14749d"},"breadcrumb":{"@id":"https:\/\/www.gaveanews.com\/index.php\/2021\/06\/17\/flamengo-tem-dia-d-fora-dos-gramados\/#breadcrumb"},"inLanguage":"pt-BR","potentialAction":[{"@type":"ReadAction","target":["https:\/\/www.gaveanews.com\/index.php\/2021\/06\/17\/flamengo-tem-dia-d-fora-dos-gramados\/"]}]},{"@type":"ImageObject","inLanguage":"pt-BR","@id":"https:\/\/www.gaveanews.com\/index.php\/2021\/06\/17\/flamengo-tem-dia-d-fora-dos-gramados\/#primaryimage","url":"https:\/\/www.gaveanews.com\/wp-content\/uploads\/stjd.webp","contentUrl":"https:\/\/www.gaveanews.com\/wp-content\/uploads\/stjd.webp","width":1200,"height":675},{"@type":"BreadcrumbList","@id":"https:\/\/www.gaveanews.com\/index.php\/2021\/06\/17\/flamengo-tem-dia-d-fora-dos-gramados\/#breadcrumb","itemListElement":[{"@type":"ListItem","position":1,"name":"Home","item":"https:\/\/www.gaveanews.com\/"},{"@type":"ListItem","position":2,"name":"Flamengo tem \u2018dia D\u2019 fora dos gramados"}]},{"@type":"WebSite","@id":"https:\/\/www.gaveanews.com\/#website","url":"https:\/\/www.gaveanews.com\/","name":"G\u00e1vea News","description":"Veja todas as not\u00edcias sobre o Flamengo: Contrata\u00e7\u00f5es, categorias de base, resultados das partidas, tabela de classifica\u00e7\u00e3o, pr\u00f3ximos jogos!","potentialAction":[{"@type":"SearchAction","target":{"@type":"EntryPoint","urlTemplate":"https:\/\/www.gaveanews.com\/?s={search_term_string}"},"query-input":{"@type":"PropertyValueSpecification","valueRequired":true,"valueName":"search_term_string"}}],"inLanguage":"pt-BR"},{"@type":"Person","@id":"https:\/\/www.gaveanews.com\/#\/schema\/person\/2ec14f73fb96be2caf28f91afb14749d","name":"Equipe G\u00e1vea News","image":{"@type":"ImageObject","inLanguage":"pt-BR","@id":"https:\/\/www.gaveanews.com\/#\/schema\/person\/image\/","url":"https:\/\/secure.gravatar.com\/avatar\/1e1956f1facbffd3f8fa53a326721950116b3b9dc9bd44939c01180fd4a745a9?s=96&d=mm&r=g","contentUrl":"https:\/\/secure.gravatar.com\/avatar\/1e1956f1facbffd3f8fa53a326721950116b3b9dc9bd44939c01180fd4a745a9?s=96&d=mm&r=g","caption":"Equipe G\u00e1vea News"}}]}},"_links":{"self":[{"href":"https:\/\/www.gaveanews.com\/index.php\/wp-json\/wp\/v2\/posts\/63136","targetHints":{"allow":["GET"]}}],"collection":[{"href":"https:\/\/www.gaveanews.com\/index.php\/wp-json\/wp\/v2\/posts"}],"about":[{"href":"https:\/\/www.gaveanews.com\/index.php\/wp-json\/wp\/v2\/types\/post"}],"author":[{"embeddable":true,"href":"https:\/\/www.gaveanews.com\/index.php\/wp-json\/wp\/v2\/users\/1"}],"replies":[{"embeddable":true,"href":"https:\/\/www.gaveanews.com\/index.php\/wp-json\/wp\/v2\/comments?post=63136"}],"version-history":[{"count":0,"href":"https:\/\/www.gaveanews.com\/index.php\/wp-json\/wp\/v2\/posts\/63136\/revisions"}],"wp:featuredmedia":[{"embeddable":true,"href":"https:\/\/www.gaveanews.com\/index.php\/wp-json\/wp\/v2\/media\/36980"}],"wp:attachment":[{"href":"https:\/\/www.gaveanews.com\/index.php\/wp-json\/wp\/v2\/media?parent=63136"}],"wp:term":[{"taxonomy":"category","embeddable":true,"href":"https:\/\/www.gaveanews.com\/index.php\/wp-json\/wp\/v2\/categories?post=63136"},{"taxonomy":"post_tag","embeddable":true,"href":"https:\/\/www.gaveanews.com\/index.php\/wp-json\/wp\/v2\/tags?post=63136"}],"curies":[{"name":"wp","href":"https:\/\/api.w.org\/{rel}","templated":true}]}}