{"id":63143,"date":"2021-06-17T13:32:59","date_gmt":"2021-06-17T16:32:59","guid":{"rendered":"https:\/\/www.gaveanews.com\/?p=63143"},"modified":"2021-06-17T13:33:02","modified_gmt":"2021-06-17T16:33:02","slug":"pedro-do-flamengo-comemora-convocacao-as-olimpiadas","status":"publish","type":"post","link":"https:\/\/www.gaveanews.com\/index.php\/2021\/06\/17\/pedro-do-flamengo-comemora-convocacao-as-olimpiadas\/","title":{"rendered":"Pedro, do Flamengo, comemora convoca\u00e7\u00e3o \u00e0s Olimp\u00edadas"},"content":{"rendered":"\n<p>Pedro est\u00e1 feliz da vida com a convoca\u00e7\u00e3o para as Olimp\u00edadas de T\u00f3quio, cuja lista final de 18 nomes foi anunciada na manh\u00e3 desta quinta-feira. Segundo o LANCE! apurou, o Flamengo, no entanto, mant\u00e9m a postura inicial de n\u00e3o liber\u00e1-lo para a disputa dos Jogos, uma vez que n\u00e3o \u00e9 obrigado a ceder atletas por n\u00e3o se tratar de uma Data Fifa.<\/p>\n\n\n\n<p>Nas redes sociais, Pedro, por sua vez, celebrou a convoca\u00e7\u00e3o e ainda agradeceu o Fla:<\/p>\n\n\n\n<figure class=\"wp-block-embed is-type-rich is-provider-twitter wp-block-embed-twitter\"><div class=\"wp-block-embed__wrapper\">\n<blockquote class=\"twitter-tweet\" data-width=\"550\" data-dnt=\"true\"><p lang=\"pt\" dir=\"ltr\">Ser chamado para defender as cores da Sele\u00e7\u00e3o Brasileira \u00e9 motivo de orgulho, satisfa\u00e7\u00e3o e demonstra\u00e7\u00e3o que todo o esfor\u00e7o no dia a dia foi reconhecido. Obrigado, <a href=\"https:\/\/twitter.com\/Flamengo?ref_src=twsrc%5Etfw\">@Flamengo<\/a>, por proporcionar essa convoca\u00e7\u00e3o. Sem voc\u00eas isso n\u00e3o seria poss\u00edvel. <a href=\"https:\/\/t.co\/Xj46XE6Idt\">pic.twitter.com\/Xj46XE6Idt<\/a><\/p>&mdash; P9 (@Pedro9oficial) <a href=\"https:\/\/twitter.com\/Pedro9oficial\/status\/1405550738680451074?ref_src=twsrc%5Etfw\">June 17, 2021<\/a><\/blockquote><script async src=\"https:\/\/platform.twitter.com\/widgets.js\" charset=\"utf-8\"><\/script>\n<\/div><\/figure>\n\n\n\n<p><strong><em>\u2014 Ser chamado para defender as cores da Sele\u00e7\u00e3o Brasileira \u00e9 motivo de orgulho, satisfa\u00e7\u00e3o e demonstra\u00e7\u00e3o que todo o esfor\u00e7o no dia a dia foi reconhecido. Obrigado, Flamengo, por proporcionar essa convoca\u00e7\u00e3o. Sem voc\u00eas isso n\u00e3o seria poss\u00edvel<\/em><\/strong> &#8211; postou o camisa 21, titular nos dois recentes amistosos feitos pela Sele\u00e7\u00e3o ol\u00edmpica e autor de tr\u00eas gols no per\u00edodo.<\/p>\n\n\n\n<p>Os jogadores convocados por Andr\u00e9 Jardine se apresentar\u00e3o no dia 8 de julho, visando \u00e0 estreia nas Olimp\u00edadas, dia 22, contra a Alemanha. A final ser\u00e1 em 7 de agosto. Ou seja, Pedro desfalcaria o Flamengo em seis rodadas do Brasileiro entre essas datas, caso o Brasil avance \u00e0 decis\u00e3o, al\u00e9m dos confrontos das oitavas da Copa do Brasil e Libertadores (diante do Defensa y Justicia-ARG).<\/p>\n\n\n\n<p>O Flamengo ainda n\u00e3o definiu se emitir\u00e1 uma nota oficial a respeito da decis\u00e3o da CBF em convocar Pedro. A ver como findar\u00e1 a queda de bra\u00e7o, sendo que Branco, coordenar das Sele\u00e7\u00f5es de base, optou por n\u00e3o entrar em pol\u00eamica com o clube e nem informar quem seria o substituto caso Pedro seja cortado:<\/p>\n\n\n\n<p><strong><em>\u2014 O Flamengo tem uma posi\u00e7\u00e3o, e a gente, tecnicamente, tem outra. O Pedro hoje \u00e9 um jogador determinante nesse processo ol\u00edmpico. E ele tem uma vontade enorme. A nossa mentalidade \u00e9 de escolher os melhores.<\/em><\/strong><\/p>\n\n\n\n<p>\u2014 <strong>Guardo na manga (o poss\u00edvel suplente de Pedro) porque temos os 18 da lista <\/strong>&#8211; falou Jardine, em seguida.<\/p>\n\n\n\n<p>.Retirado de: Lance<\/p>\n","protected":false},"excerpt":{"rendered":"<p>Pedro est\u00e1 feliz da vida com a convoca\u00e7\u00e3o para as Olimp\u00edadas de T\u00f3quio, cuja lista final de 18 nomes foi anunciada na manh\u00e3 desta quinta-feira. Segundo o LANCE! apurou, o Flamengo, no entanto, mant\u00e9m a postura inicial de n\u00e3o liber\u00e1-lo para a disputa dos Jogos, uma vez que n\u00e3o \u00e9 obrigado a ceder atletas por [&hellip;]<\/p>\n","protected":false},"author":1,"featured_media":62638,"comment_status":"open","ping_status":"closed","sticky":false,"template":"","format":"standard","meta":{"footnotes":""},"categories":[1],"tags":[],"class_list":["post-63143","post","type-post","status-publish","format-standard","has-post-thumbnail","hentry","category-flamengo"],"yoast_head":"<!-- This site is optimized with the Yoast SEO Premium plugin v24.2 (Yoast SEO v26.9) - https:\/\/yoast.com\/product\/yoast-seo-premium-wordpress\/ -->\n<title>Pedro, do Flamengo, comemora convoca\u00e7\u00e3o \u00e0s Olimp\u00edadas<\/title>\n<meta name=\"robots\" content=\"index, follow, max-snippet:-1, max-image-preview:large, max-video-preview:-1\" \/>\n<link rel=\"canonical\" href=\"https:\/\/www.gaveanews.com\/index.php\/2021\/06\/17\/pedro-do-flamengo-comemora-convocacao-as-olimpiadas\/\" \/>\n<meta property=\"og:locale\" content=\"pt_BR\" \/>\n<meta property=\"og:type\" content=\"article\" \/>\n<meta property=\"og:title\" content=\"Pedro, do Flamengo, comemora convoca\u00e7\u00e3o \u00e0s Olimp\u00edadas\" \/>\n<meta property=\"og:description\" content=\"Pedro est\u00e1 feliz da vida com a convoca\u00e7\u00e3o para as Olimp\u00edadas de T\u00f3quio, cuja lista final de 18 nomes foi anunciada na manh\u00e3 desta quinta-feira. Segundo o LANCE! apurou, o Flamengo, no entanto, mant\u00e9m a postura inicial de n\u00e3o liber\u00e1-lo para a disputa dos Jogos, uma vez que n\u00e3o \u00e9 obrigado a ceder atletas por [&hellip;]\" \/>\n<meta property=\"og:url\" content=\"https:\/\/www.gaveanews.com\/index.php\/2021\/06\/17\/pedro-do-flamengo-comemora-convocacao-as-olimpiadas\/\" \/>\n<meta property=\"og:site_name\" content=\"G\u00e1vea News\" \/>\n<meta property=\"article:publisher\" content=\"https:\/\/facebook.com\/gaveaNews\/\" \/>\n<meta property=\"article:published_time\" content=\"2021-06-17T16:32:59+00:00\" \/>\n<meta property=\"article:modified_time\" content=\"2021-06-17T16:33:02+00:00\" \/>\n<meta property=\"og:image\" content=\"https:\/\/www.gaveanews.com\/wp-content\/uploads\/Pedro-em-acao-pela-Selecao-Olimpica.webp\" \/>\n\t<meta property=\"og:image:width\" content=\"640\" \/>\n\t<meta property=\"og:image:height\" content=\"360\" \/>\n\t<meta property=\"og:image:type\" content=\"image\/jpeg\" \/>\n<meta name=\"author\" content=\"Equipe G\u00e1vea News\" \/>\n<meta name=\"twitter:card\" content=\"summary_large_image\" \/>\n<meta name=\"twitter:label1\" content=\"Escrito por\" \/>\n\t<meta name=\"twitter:data1\" content=\"Equipe G\u00e1vea News\" \/>\n\t<meta name=\"twitter:label2\" content=\"Est. tempo de leitura\" \/>\n\t<meta name=\"twitter:data2\" content=\"2 minutos\" \/>\n<script type=\"application\/ld+json\" class=\"yoast-schema-graph\">{\"@context\":\"https:\/\/schema.org\",\"@graph\":[{\"@type\":\"NewsArticle\",\"@id\":\"https:\/\/www.gaveanews.com\/index.php\/2021\/06\/17\/pedro-do-flamengo-comemora-convocacao-as-olimpiadas\/#article\",\"isPartOf\":{\"@id\":\"https:\/\/www.gaveanews.com\/index.php\/2021\/06\/17\/pedro-do-flamengo-comemora-convocacao-as-olimpiadas\/\"},\"author\":{\"name\":\"Equipe G\u00e1vea News\",\"@id\":\"https:\/\/www.gaveanews.com\/#\/schema\/person\/2ec14f73fb96be2caf28f91afb14749d\"},\"headline\":\"Pedro, do Flamengo, comemora convoca\u00e7\u00e3o \u00e0s Olimp\u00edadas\",\"datePublished\":\"2021-06-17T16:32:59+00:00\",\"dateModified\":\"2021-06-17T16:33:02+00:00\",\"mainEntityOfPage\":{\"@id\":\"https:\/\/www.gaveanews.com\/index.php\/2021\/06\/17\/pedro-do-flamengo-comemora-convocacao-as-olimpiadas\/\"},\"wordCount\":351,\"commentCount\":25,\"image\":{\"@id\":\"https:\/\/www.gaveanews.com\/index.php\/2021\/06\/17\/pedro-do-flamengo-comemora-convocacao-as-olimpiadas\/#primaryimage\"},\"thumbnailUrl\":\"https:\/\/www.gaveanews.com\/wp-content\/uploads\/Pedro-em-acao-pela-Selecao-Olimpica.webp\",\"articleSection\":[\"Flamengo\"],\"inLanguage\":\"pt-BR\",\"potentialAction\":[{\"@type\":\"CommentAction\",\"name\":\"Comment\",\"target\":[\"https:\/\/www.gaveanews.com\/index.php\/2021\/06\/17\/pedro-do-flamengo-comemora-convocacao-as-olimpiadas\/#respond\"]}],\"copyrightYear\":\"2021\",\"copyrightHolder\":{\"@id\":\"https:\/\/www.gaveanews.com\/#organization\"}},{\"@type\":\"WebPage\",\"@id\":\"https:\/\/www.gaveanews.com\/index.php\/2021\/06\/17\/pedro-do-flamengo-comemora-convocacao-as-olimpiadas\/\",\"url\":\"https:\/\/www.gaveanews.com\/index.php\/2021\/06\/17\/pedro-do-flamengo-comemora-convocacao-as-olimpiadas\/\",\"name\":\"Pedro, do Flamengo, comemora convoca\u00e7\u00e3o \u00e0s Olimp\u00edadas\",\"isPartOf\":{\"@id\":\"https:\/\/www.gaveanews.com\/#website\"},\"primaryImageOfPage\":{\"@id\":\"https:\/\/www.gaveanews.com\/index.php\/2021\/06\/17\/pedro-do-flamengo-comemora-convocacao-as-olimpiadas\/#primaryimage\"},\"image\":{\"@id\":\"https:\/\/www.gaveanews.com\/index.php\/2021\/06\/17\/pedro-do-flamengo-comemora-convocacao-as-olimpiadas\/#primaryimage\"},\"thumbnailUrl\":\"https:\/\/www.gaveanews.com\/wp-content\/uploads\/Pedro-em-acao-pela-Selecao-Olimpica.webp\",\"datePublished\":\"2021-06-17T16:32:59+00:00\",\"dateModified\":\"2021-06-17T16:33:02+00:00\",\"author\":{\"@id\":\"https:\/\/www.gaveanews.com\/#\/schema\/person\/2ec14f73fb96be2caf28f91afb14749d\"},\"breadcrumb\":{\"@id\":\"https:\/\/www.gaveanews.com\/index.php\/2021\/06\/17\/pedro-do-flamengo-comemora-convocacao-as-olimpiadas\/#breadcrumb\"},\"inLanguage\":\"pt-BR\",\"potentialAction\":[{\"@type\":\"ReadAction\",\"target\":[\"https:\/\/www.gaveanews.com\/index.php\/2021\/06\/17\/pedro-do-flamengo-comemora-convocacao-as-olimpiadas\/\"]}]},{\"@type\":\"ImageObject\",\"inLanguage\":\"pt-BR\",\"@id\":\"https:\/\/www.gaveanews.com\/index.php\/2021\/06\/17\/pedro-do-flamengo-comemora-convocacao-as-olimpiadas\/#primaryimage\",\"url\":\"https:\/\/www.gaveanews.com\/wp-content\/uploads\/Pedro-em-acao-pela-Selecao-Olimpica.webp\",\"contentUrl\":\"https:\/\/www.gaveanews.com\/wp-content\/uploads\/Pedro-em-acao-pela-Selecao-Olimpica.webp\",\"width\":640,\"height\":360,\"caption\":\"Pedro em a\u00e7\u00e3o pela Sele\u00e7\u00e3o Ol\u00edmpica (Foto: Divulga\u00e7\u00e3o\/CBF)\"},{\"@type\":\"BreadcrumbList\",\"@id\":\"https:\/\/www.gaveanews.com\/index.php\/2021\/06\/17\/pedro-do-flamengo-comemora-convocacao-as-olimpiadas\/#breadcrumb\",\"itemListElement\":[{\"@type\":\"ListItem\",\"position\":1,\"name\":\"Home\",\"item\":\"https:\/\/www.gaveanews.com\/\"},{\"@type\":\"ListItem\",\"position\":2,\"name\":\"Pedro, do Flamengo, comemora convoca\u00e7\u00e3o \u00e0s Olimp\u00edadas\"}]},{\"@type\":\"WebSite\",\"@id\":\"https:\/\/www.gaveanews.com\/#website\",\"url\":\"https:\/\/www.gaveanews.com\/\",\"name\":\"G\u00e1vea News\",\"description\":\"Veja todas as not\u00edcias sobre o Flamengo: Contrata\u00e7\u00f5es, categorias de base, resultados das partidas, tabela de classifica\u00e7\u00e3o, pr\u00f3ximos jogos!\",\"potentialAction\":[{\"@type\":\"SearchAction\",\"target\":{\"@type\":\"EntryPoint\",\"urlTemplate\":\"https:\/\/www.gaveanews.com\/?s={search_term_string}\"},\"query-input\":{\"@type\":\"PropertyValueSpecification\",\"valueRequired\":true,\"valueName\":\"search_term_string\"}}],\"inLanguage\":\"pt-BR\"},{\"@type\":\"Person\",\"@id\":\"https:\/\/www.gaveanews.com\/#\/schema\/person\/2ec14f73fb96be2caf28f91afb14749d\",\"name\":\"Equipe G\u00e1vea News\",\"image\":{\"@type\":\"ImageObject\",\"inLanguage\":\"pt-BR\",\"@id\":\"https:\/\/www.gaveanews.com\/#\/schema\/person\/image\/\",\"url\":\"https:\/\/secure.gravatar.com\/avatar\/1e1956f1facbffd3f8fa53a326721950116b3b9dc9bd44939c01180fd4a745a9?s=96&d=mm&r=g\",\"contentUrl\":\"https:\/\/secure.gravatar.com\/avatar\/1e1956f1facbffd3f8fa53a326721950116b3b9dc9bd44939c01180fd4a745a9?s=96&d=mm&r=g\",\"caption\":\"Equipe G\u00e1vea News\"}}]}<\/script>\n<!-- \/ Yoast SEO Premium plugin. -->","yoast_head_json":{"title":"Pedro, do Flamengo, comemora convoca\u00e7\u00e3o \u00e0s Olimp\u00edadas","robots":{"index":"index","follow":"follow","max-snippet":"max-snippet:-1","max-image-preview":"max-image-preview:large","max-video-preview":"max-video-preview:-1"},"canonical":"https:\/\/www.gaveanews.com\/index.php\/2021\/06\/17\/pedro-do-flamengo-comemora-convocacao-as-olimpiadas\/","og_locale":"pt_BR","og_type":"article","og_title":"Pedro, do Flamengo, comemora convoca\u00e7\u00e3o \u00e0s Olimp\u00edadas","og_description":"Pedro est\u00e1 feliz da vida com a convoca\u00e7\u00e3o para as Olimp\u00edadas de T\u00f3quio, cuja lista final de 18 nomes foi anunciada na manh\u00e3 desta quinta-feira. Segundo o LANCE! apurou, o Flamengo, no entanto, mant\u00e9m a postura inicial de n\u00e3o liber\u00e1-lo para a disputa dos Jogos, uma vez que n\u00e3o \u00e9 obrigado a ceder atletas por [&hellip;]","og_url":"https:\/\/www.gaveanews.com\/index.php\/2021\/06\/17\/pedro-do-flamengo-comemora-convocacao-as-olimpiadas\/","og_site_name":"G\u00e1vea News","article_publisher":"https:\/\/facebook.com\/gaveaNews\/","article_published_time":"2021-06-17T16:32:59+00:00","article_modified_time":"2021-06-17T16:33:02+00:00","og_image":[{"width":640,"height":360,"url":"https:\/\/www.gaveanews.com\/wp-content\/uploads\/Pedro-em-acao-pela-Selecao-Olimpica.webp","type":"image\/jpeg"}],"author":"Equipe G\u00e1vea News","twitter_card":"summary_large_image","twitter_misc":{"Escrito por":"Equipe G\u00e1vea News","Est. tempo de leitura":"2 minutos"},"schema":{"@context":"https:\/\/schema.org","@graph":[{"@type":"NewsArticle","@id":"https:\/\/www.gaveanews.com\/index.php\/2021\/06\/17\/pedro-do-flamengo-comemora-convocacao-as-olimpiadas\/#article","isPartOf":{"@id":"https:\/\/www.gaveanews.com\/index.php\/2021\/06\/17\/pedro-do-flamengo-comemora-convocacao-as-olimpiadas\/"},"author":{"name":"Equipe G\u00e1vea News","@id":"https:\/\/www.gaveanews.com\/#\/schema\/person\/2ec14f73fb96be2caf28f91afb14749d"},"headline":"Pedro, do Flamengo, comemora convoca\u00e7\u00e3o \u00e0s Olimp\u00edadas","datePublished":"2021-06-17T16:32:59+00:00","dateModified":"2021-06-17T16:33:02+00:00","mainEntityOfPage":{"@id":"https:\/\/www.gaveanews.com\/index.php\/2021\/06\/17\/pedro-do-flamengo-comemora-convocacao-as-olimpiadas\/"},"wordCount":351,"commentCount":25,"image":{"@id":"https:\/\/www.gaveanews.com\/index.php\/2021\/06\/17\/pedro-do-flamengo-comemora-convocacao-as-olimpiadas\/#primaryimage"},"thumbnailUrl":"https:\/\/www.gaveanews.com\/wp-content\/uploads\/Pedro-em-acao-pela-Selecao-Olimpica.webp","articleSection":["Flamengo"],"inLanguage":"pt-BR","potentialAction":[{"@type":"CommentAction","name":"Comment","target":["https:\/\/www.gaveanews.com\/index.php\/2021\/06\/17\/pedro-do-flamengo-comemora-convocacao-as-olimpiadas\/#respond"]}],"copyrightYear":"2021","copyrightHolder":{"@id":"https:\/\/www.gaveanews.com\/#organization"}},{"@type":"WebPage","@id":"https:\/\/www.gaveanews.com\/index.php\/2021\/06\/17\/pedro-do-flamengo-comemora-convocacao-as-olimpiadas\/","url":"https:\/\/www.gaveanews.com\/index.php\/2021\/06\/17\/pedro-do-flamengo-comemora-convocacao-as-olimpiadas\/","name":"Pedro, do Flamengo, comemora convoca\u00e7\u00e3o \u00e0s Olimp\u00edadas","isPartOf":{"@id":"https:\/\/www.gaveanews.com\/#website"},"primaryImageOfPage":{"@id":"https:\/\/www.gaveanews.com\/index.php\/2021\/06\/17\/pedro-do-flamengo-comemora-convocacao-as-olimpiadas\/#primaryimage"},"image":{"@id":"https:\/\/www.gaveanews.com\/index.php\/2021\/06\/17\/pedro-do-flamengo-comemora-convocacao-as-olimpiadas\/#primaryimage"},"thumbnailUrl":"https:\/\/www.gaveanews.com\/wp-content\/uploads\/Pedro-em-acao-pela-Selecao-Olimpica.webp","datePublished":"2021-06-17T16:32:59+00:00","dateModified":"2021-06-17T16:33:02+00:00","author":{"@id":"https:\/\/www.gaveanews.com\/#\/schema\/person\/2ec14f73fb96be2caf28f91afb14749d"},"breadcrumb":{"@id":"https:\/\/www.gaveanews.com\/index.php\/2021\/06\/17\/pedro-do-flamengo-comemora-convocacao-as-olimpiadas\/#breadcrumb"},"inLanguage":"pt-BR","potentialAction":[{"@type":"ReadAction","target":["https:\/\/www.gaveanews.com\/index.php\/2021\/06\/17\/pedro-do-flamengo-comemora-convocacao-as-olimpiadas\/"]}]},{"@type":"ImageObject","inLanguage":"pt-BR","@id":"https:\/\/www.gaveanews.com\/index.php\/2021\/06\/17\/pedro-do-flamengo-comemora-convocacao-as-olimpiadas\/#primaryimage","url":"https:\/\/www.gaveanews.com\/wp-content\/uploads\/Pedro-em-acao-pela-Selecao-Olimpica.webp","contentUrl":"https:\/\/www.gaveanews.com\/wp-content\/uploads\/Pedro-em-acao-pela-Selecao-Olimpica.webp","width":640,"height":360,"caption":"Pedro em a\u00e7\u00e3o pela Sele\u00e7\u00e3o Ol\u00edmpica (Foto: Divulga\u00e7\u00e3o\/CBF)"},{"@type":"BreadcrumbList","@id":"https:\/\/www.gaveanews.com\/index.php\/2021\/06\/17\/pedro-do-flamengo-comemora-convocacao-as-olimpiadas\/#breadcrumb","itemListElement":[{"@type":"ListItem","position":1,"name":"Home","item":"https:\/\/www.gaveanews.com\/"},{"@type":"ListItem","position":2,"name":"Pedro, do Flamengo, comemora convoca\u00e7\u00e3o \u00e0s Olimp\u00edadas"}]},{"@type":"WebSite","@id":"https:\/\/www.gaveanews.com\/#website","url":"https:\/\/www.gaveanews.com\/","name":"G\u00e1vea News","description":"Veja todas as not\u00edcias sobre o Flamengo: Contrata\u00e7\u00f5es, categorias de base, resultados das partidas, tabela de classifica\u00e7\u00e3o, pr\u00f3ximos jogos!","potentialAction":[{"@type":"SearchAction","target":{"@type":"EntryPoint","urlTemplate":"https:\/\/www.gaveanews.com\/?s={search_term_string}"},"query-input":{"@type":"PropertyValueSpecification","valueRequired":true,"valueName":"search_term_string"}}],"inLanguage":"pt-BR"},{"@type":"Person","@id":"https:\/\/www.gaveanews.com\/#\/schema\/person\/2ec14f73fb96be2caf28f91afb14749d","name":"Equipe G\u00e1vea News","image":{"@type":"ImageObject","inLanguage":"pt-BR","@id":"https:\/\/www.gaveanews.com\/#\/schema\/person\/image\/","url":"https:\/\/secure.gravatar.com\/avatar\/1e1956f1facbffd3f8fa53a326721950116b3b9dc9bd44939c01180fd4a745a9?s=96&d=mm&r=g","contentUrl":"https:\/\/secure.gravatar.com\/avatar\/1e1956f1facbffd3f8fa53a326721950116b3b9dc9bd44939c01180fd4a745a9?s=96&d=mm&r=g","caption":"Equipe G\u00e1vea News"}}]}},"_links":{"self":[{"href":"https:\/\/www.gaveanews.com\/index.php\/wp-json\/wp\/v2\/posts\/63143","targetHints":{"allow":["GET"]}}],"collection":[{"href":"https:\/\/www.gaveanews.com\/index.php\/wp-json\/wp\/v2\/posts"}],"about":[{"href":"https:\/\/www.gaveanews.com\/index.php\/wp-json\/wp\/v2\/types\/post"}],"author":[{"embeddable":true,"href":"https:\/\/www.gaveanews.com\/index.php\/wp-json\/wp\/v2\/users\/1"}],"replies":[{"embeddable":true,"href":"https:\/\/www.gaveanews.com\/index.php\/wp-json\/wp\/v2\/comments?post=63143"}],"version-history":[{"count":0,"href":"https:\/\/www.gaveanews.com\/index.php\/wp-json\/wp\/v2\/posts\/63143\/revisions"}],"wp:featuredmedia":[{"embeddable":true,"href":"https:\/\/www.gaveanews.com\/index.php\/wp-json\/wp\/v2\/media\/62638"}],"wp:attachment":[{"href":"https:\/\/www.gaveanews.com\/index.php\/wp-json\/wp\/v2\/media?parent=63143"}],"wp:term":[{"taxonomy":"category","embeddable":true,"href":"https:\/\/www.gaveanews.com\/index.php\/wp-json\/wp\/v2\/categories?post=63143"},{"taxonomy":"post_tag","embeddable":true,"href":"https:\/\/www.gaveanews.com\/index.php\/wp-json\/wp\/v2\/tags?post=63143"}],"curies":[{"name":"wp","href":"https:\/\/api.w.org\/{rel}","templated":true}]}}