{"id":63163,"date":"2021-06-17T17:49:23","date_gmt":"2021-06-17T20:49:23","guid":{"rendered":"https:\/\/www.gaveanews.com\/?p=63163"},"modified":"2021-08-12T00:46:39","modified_gmt":"2021-08-12T03:46:39","slug":"entenda-por-que-o-fla-pode-vetar-pedro-mas-e-obrigado-a-liberar-gabigol","status":"publish","type":"post","link":"https:\/\/www.gaveanews.com\/index.php\/2021\/06\/17\/entenda-por-que-o-fla-pode-vetar-pedro-mas-e-obrigado-a-liberar-gabigol\/","title":{"rendered":"Entenda por que o Fla pode vetar Pedro, mas \u00e9 obrigado a liberar Gabigol"},"content":{"rendered":"\n<p>Nas \u00faltimas semanas, o Flamengo tem sentido muito as baixas que possui por conta de convoca\u00e7\u00f5es. Mesmo n\u00e3o sofrendo derrotas h\u00e1 v\u00e1rios jogos, o elenco tem comprometido seu desempenho em campo por conta das poucas op\u00e7\u00f5es de substitui\u00e7\u00f5es para atuarem em agenda cheia desta temporada.<\/p>\n\n\n\n<p>Por isso, o clube optou por n\u00e3o liberar Pedro para defender o Brasil nas Olimp\u00edadas de T\u00f3quio, que ocorrer\u00e1 entre os dias 23 de julho e 10 de agosto. No entanto, parte da torcida rubro-negra se pergunta: se o Flamengo conseguiu &#8220;barrar&#8221; a convoca\u00e7\u00e3o de Pedro, por que n\u00e3o fez o mesmo com Gabigol.<\/p>\n\n\n\n<p>A resposta \u00e9 simples. As partidas v\u00e1lidas pela Copa Am\u00e9rica s\u00e3o responsabilidade da Conmebol, com aval da FIFA. J\u00e1 as  Olimp\u00edadas, s\u00e3o organizadas pelo Comit\u00ea Ol\u00edmpico, independente da entidade m\u00e1xima de futebol. Por isso, n\u00e3o \u00e9 poss\u00edvel impedir que alguma federa\u00e7\u00e3o se negue a liberar qualquer de seus jogadores para compromissos considerados como &#8220;Data FIFA&#8221;. Assim, as libera\u00e7\u00f5es dos clubes para competi\u00e7\u00f5es de qualquer outra organiza\u00e7\u00e3o se tornam opcionais.<\/p>\n\n\n\n<p>Desta forma, o Flamengo j\u00e1 comunicou \u00e0 CBF que vetar\u00e1 a convoca\u00e7\u00e3o de Pedro para os compromissos ol\u00edmpicos. Caso o camisa 21 fosse a T\u00f3quio, desfalcaria o elenco rubro-negro nas oitavas de final da Copa Libertadores. O clube j\u00e1 informou ao centroavante da decis\u00e3o.<\/p>\n","protected":false},"excerpt":{"rendered":"<p>Nas \u00faltimas semanas, o Flamengo tem sentido muito as baixas que possui por conta de convoca\u00e7\u00f5es. Mesmo n\u00e3o sofrendo derrotas h\u00e1 v\u00e1rios jogos, o elenco tem comprometido seu desempenho em campo por conta das poucas op\u00e7\u00f5es de substitui\u00e7\u00f5es para atuarem em agenda cheia desta temporada. Por isso, o clube optou por n\u00e3o liberar Pedro para [&hellip;]<\/p>\n","protected":false},"author":4,"featured_media":61181,"comment_status":"open","ping_status":"closed","sticky":false,"template":"","format":"standard","meta":{"footnotes":""},"categories":[1],"tags":[],"class_list":["post-63163","post","type-post","status-publish","format-standard","has-post-thumbnail","hentry","category-flamengo"],"yoast_head":"<!-- This site is optimized with the Yoast SEO Premium plugin v24.2 (Yoast SEO v26.9) - https:\/\/yoast.com\/product\/yoast-seo-premium-wordpress\/ -->\n<title>Entenda por que o Fla pode vetar Pedro, mas \u00e9 obrigado a liberar Gabigol<\/title>\n<meta name=\"robots\" content=\"index, follow, max-snippet:-1, max-image-preview:large, max-video-preview:-1\" \/>\n<link rel=\"canonical\" href=\"https:\/\/www.gaveanews.com\/index.php\/2021\/06\/17\/entenda-por-que-o-fla-pode-vetar-pedro-mas-e-obrigado-a-liberar-gabigol\/\" \/>\n<meta property=\"og:locale\" content=\"pt_BR\" \/>\n<meta property=\"og:type\" content=\"article\" \/>\n<meta property=\"og:title\" content=\"Entenda por que o Fla pode vetar Pedro, mas \u00e9 obrigado a liberar Gabigol\" \/>\n<meta property=\"og:description\" content=\"Nas \u00faltimas semanas, o Flamengo tem sentido muito as baixas que possui por conta de convoca\u00e7\u00f5es. Mesmo n\u00e3o sofrendo derrotas h\u00e1 v\u00e1rios jogos, o elenco tem comprometido seu desempenho em campo por conta das poucas op\u00e7\u00f5es de substitui\u00e7\u00f5es para atuarem em agenda cheia desta temporada. Por isso, o clube optou por n\u00e3o liberar Pedro para [&hellip;]\" \/>\n<meta property=\"og:url\" content=\"https:\/\/www.gaveanews.com\/index.php\/2021\/06\/17\/entenda-por-que-o-fla-pode-vetar-pedro-mas-e-obrigado-a-liberar-gabigol\/\" \/>\n<meta property=\"og:site_name\" content=\"G\u00e1vea News\" \/>\n<meta property=\"article:publisher\" content=\"https:\/\/facebook.com\/gaveaNews\/\" \/>\n<meta property=\"article:published_time\" content=\"2021-06-17T20:49:23+00:00\" \/>\n<meta property=\"article:modified_time\" content=\"2021-08-12T03:46:39+00:00\" \/>\n<meta property=\"og:image\" content=\"https:\/\/www.gaveanews.com\/wp-content\/uploads\/Gabigol-e-Pedro-comemoram-titulo-do-Flamengo.webp\" \/>\n\t<meta property=\"og:image:width\" content=\"787\" \/>\n\t<meta property=\"og:image:height\" content=\"397\" \/>\n\t<meta property=\"og:image:type\" content=\"image\/jpeg\" \/>\n<meta name=\"author\" content=\"Let\u00edcia Gerheim\" \/>\n<meta name=\"twitter:card\" content=\"summary_large_image\" \/>\n<meta name=\"twitter:label1\" content=\"Escrito por\" \/>\n\t<meta name=\"twitter:data1\" content=\"Let\u00edcia Gerheim\" \/>\n\t<meta name=\"twitter:label2\" content=\"Est. tempo de leitura\" \/>\n\t<meta name=\"twitter:data2\" content=\"1 minuto\" \/>\n<script type=\"application\/ld+json\" class=\"yoast-schema-graph\">{\"@context\":\"https:\/\/schema.org\",\"@graph\":[{\"@type\":\"NewsArticle\",\"@id\":\"https:\/\/www.gaveanews.com\/index.php\/2021\/06\/17\/entenda-por-que-o-fla-pode-vetar-pedro-mas-e-obrigado-a-liberar-gabigol\/#article\",\"isPartOf\":{\"@id\":\"https:\/\/www.gaveanews.com\/index.php\/2021\/06\/17\/entenda-por-que-o-fla-pode-vetar-pedro-mas-e-obrigado-a-liberar-gabigol\/\"},\"author\":{\"name\":\"Let\u00edcia Gerheim\",\"@id\":\"https:\/\/www.gaveanews.com\/#\/schema\/person\/714c67050b836198af2450ba1c142a67\"},\"headline\":\"Entenda por que o Fla pode vetar Pedro, mas \u00e9 obrigado a liberar Gabigol\",\"datePublished\":\"2021-06-17T20:49:23+00:00\",\"dateModified\":\"2021-08-12T03:46:39+00:00\",\"mainEntityOfPage\":{\"@id\":\"https:\/\/www.gaveanews.com\/index.php\/2021\/06\/17\/entenda-por-que-o-fla-pode-vetar-pedro-mas-e-obrigado-a-liberar-gabigol\/\"},\"wordCount\":246,\"commentCount\":17,\"image\":{\"@id\":\"https:\/\/www.gaveanews.com\/index.php\/2021\/06\/17\/entenda-por-que-o-fla-pode-vetar-pedro-mas-e-obrigado-a-liberar-gabigol\/#primaryimage\"},\"thumbnailUrl\":\"https:\/\/www.gaveanews.com\/wp-content\/uploads\/Gabigol-e-Pedro-comemoram-titulo-do-Flamengo.webp\",\"articleSection\":[\"Flamengo\"],\"inLanguage\":\"pt-BR\",\"potentialAction\":[{\"@type\":\"CommentAction\",\"name\":\"Comment\",\"target\":[\"https:\/\/www.gaveanews.com\/index.php\/2021\/06\/17\/entenda-por-que-o-fla-pode-vetar-pedro-mas-e-obrigado-a-liberar-gabigol\/#respond\"]}],\"copyrightYear\":\"2021\",\"copyrightHolder\":{\"@id\":\"https:\/\/www.gaveanews.com\/#organization\"}},{\"@type\":\"WebPage\",\"@id\":\"https:\/\/www.gaveanews.com\/index.php\/2021\/06\/17\/entenda-por-que-o-fla-pode-vetar-pedro-mas-e-obrigado-a-liberar-gabigol\/\",\"url\":\"https:\/\/www.gaveanews.com\/index.php\/2021\/06\/17\/entenda-por-que-o-fla-pode-vetar-pedro-mas-e-obrigado-a-liberar-gabigol\/\",\"name\":\"Entenda por que o Fla pode vetar Pedro, mas \u00e9 obrigado a liberar Gabigol\",\"isPartOf\":{\"@id\":\"https:\/\/www.gaveanews.com\/#website\"},\"primaryImageOfPage\":{\"@id\":\"https:\/\/www.gaveanews.com\/index.php\/2021\/06\/17\/entenda-por-que-o-fla-pode-vetar-pedro-mas-e-obrigado-a-liberar-gabigol\/#primaryimage\"},\"image\":{\"@id\":\"https:\/\/www.gaveanews.com\/index.php\/2021\/06\/17\/entenda-por-que-o-fla-pode-vetar-pedro-mas-e-obrigado-a-liberar-gabigol\/#primaryimage\"},\"thumbnailUrl\":\"https:\/\/www.gaveanews.com\/wp-content\/uploads\/Gabigol-e-Pedro-comemoram-titulo-do-Flamengo.webp\",\"datePublished\":\"2021-06-17T20:49:23+00:00\",\"dateModified\":\"2021-08-12T03:46:39+00:00\",\"author\":{\"@id\":\"https:\/\/www.gaveanews.com\/#\/schema\/person\/714c67050b836198af2450ba1c142a67\"},\"breadcrumb\":{\"@id\":\"https:\/\/www.gaveanews.com\/index.php\/2021\/06\/17\/entenda-por-que-o-fla-pode-vetar-pedro-mas-e-obrigado-a-liberar-gabigol\/#breadcrumb\"},\"inLanguage\":\"pt-BR\",\"potentialAction\":[{\"@type\":\"ReadAction\",\"target\":[\"https:\/\/www.gaveanews.com\/index.php\/2021\/06\/17\/entenda-por-que-o-fla-pode-vetar-pedro-mas-e-obrigado-a-liberar-gabigol\/\"]}]},{\"@type\":\"ImageObject\",\"inLanguage\":\"pt-BR\",\"@id\":\"https:\/\/www.gaveanews.com\/index.php\/2021\/06\/17\/entenda-por-que-o-fla-pode-vetar-pedro-mas-e-obrigado-a-liberar-gabigol\/#primaryimage\",\"url\":\"https:\/\/www.gaveanews.com\/wp-content\/uploads\/Gabigol-e-Pedro-comemoram-titulo-do-Flamengo.webp\",\"contentUrl\":\"https:\/\/www.gaveanews.com\/wp-content\/uploads\/Gabigol-e-Pedro-comemoram-titulo-do-Flamengo.webp\",\"width\":787,\"height\":397,\"caption\":\"Gabigol e Pedro comemoram t\u00edtulo do Flamengo (Foto: Alexandre Vidal\/Flamengo)\"},{\"@type\":\"BreadcrumbList\",\"@id\":\"https:\/\/www.gaveanews.com\/index.php\/2021\/06\/17\/entenda-por-que-o-fla-pode-vetar-pedro-mas-e-obrigado-a-liberar-gabigol\/#breadcrumb\",\"itemListElement\":[{\"@type\":\"ListItem\",\"position\":1,\"name\":\"Home\",\"item\":\"https:\/\/www.gaveanews.com\/\"},{\"@type\":\"ListItem\",\"position\":2,\"name\":\"Entenda por que o Fla pode vetar Pedro, mas \u00e9 obrigado a liberar Gabigol\"}]},{\"@type\":\"WebSite\",\"@id\":\"https:\/\/www.gaveanews.com\/#website\",\"url\":\"https:\/\/www.gaveanews.com\/\",\"name\":\"G\u00e1vea News\",\"description\":\"Veja todas as not\u00edcias sobre o Flamengo: Contrata\u00e7\u00f5es, categorias de base, resultados das partidas, tabela de classifica\u00e7\u00e3o, pr\u00f3ximos jogos!\",\"potentialAction\":[{\"@type\":\"SearchAction\",\"target\":{\"@type\":\"EntryPoint\",\"urlTemplate\":\"https:\/\/www.gaveanews.com\/?s={search_term_string}\"},\"query-input\":{\"@type\":\"PropertyValueSpecification\",\"valueRequired\":true,\"valueName\":\"search_term_string\"}}],\"inLanguage\":\"pt-BR\"},{\"@type\":\"Person\",\"@id\":\"https:\/\/www.gaveanews.com\/#\/schema\/person\/714c67050b836198af2450ba1c142a67\",\"name\":\"Let\u00edcia Gerheim\",\"image\":{\"@type\":\"ImageObject\",\"inLanguage\":\"pt-BR\",\"@id\":\"https:\/\/www.gaveanews.com\/#\/schema\/person\/image\/\",\"url\":\"https:\/\/secure.gravatar.com\/avatar\/60734739c50fcebfbac509e2a826ccd0ff405c019bc73aab9354f19ecad1dcb4?s=96&d=mm&r=g\",\"contentUrl\":\"https:\/\/secure.gravatar.com\/avatar\/60734739c50fcebfbac509e2a826ccd0ff405c019bc73aab9354f19ecad1dcb4?s=96&d=mm&r=g\",\"caption\":\"Let\u00edcia Gerheim\"}}]}<\/script>\n<!-- \/ Yoast SEO Premium plugin. -->","yoast_head_json":{"title":"Entenda por que o Fla pode vetar Pedro, mas \u00e9 obrigado a liberar Gabigol","robots":{"index":"index","follow":"follow","max-snippet":"max-snippet:-1","max-image-preview":"max-image-preview:large","max-video-preview":"max-video-preview:-1"},"canonical":"https:\/\/www.gaveanews.com\/index.php\/2021\/06\/17\/entenda-por-que-o-fla-pode-vetar-pedro-mas-e-obrigado-a-liberar-gabigol\/","og_locale":"pt_BR","og_type":"article","og_title":"Entenda por que o Fla pode vetar Pedro, mas \u00e9 obrigado a liberar Gabigol","og_description":"Nas \u00faltimas semanas, o Flamengo tem sentido muito as baixas que possui por conta de convoca\u00e7\u00f5es. Mesmo n\u00e3o sofrendo derrotas h\u00e1 v\u00e1rios jogos, o elenco tem comprometido seu desempenho em campo por conta das poucas op\u00e7\u00f5es de substitui\u00e7\u00f5es para atuarem em agenda cheia desta temporada. Por isso, o clube optou por n\u00e3o liberar Pedro para [&hellip;]","og_url":"https:\/\/www.gaveanews.com\/index.php\/2021\/06\/17\/entenda-por-que-o-fla-pode-vetar-pedro-mas-e-obrigado-a-liberar-gabigol\/","og_site_name":"G\u00e1vea News","article_publisher":"https:\/\/facebook.com\/gaveaNews\/","article_published_time":"2021-06-17T20:49:23+00:00","article_modified_time":"2021-08-12T03:46:39+00:00","og_image":[{"width":787,"height":397,"url":"https:\/\/www.gaveanews.com\/wp-content\/uploads\/Gabigol-e-Pedro-comemoram-titulo-do-Flamengo.webp","type":"image\/jpeg"}],"author":"Let\u00edcia Gerheim","twitter_card":"summary_large_image","twitter_misc":{"Escrito por":"Let\u00edcia Gerheim","Est. tempo de leitura":"1 minuto"},"schema":{"@context":"https:\/\/schema.org","@graph":[{"@type":"NewsArticle","@id":"https:\/\/www.gaveanews.com\/index.php\/2021\/06\/17\/entenda-por-que-o-fla-pode-vetar-pedro-mas-e-obrigado-a-liberar-gabigol\/#article","isPartOf":{"@id":"https:\/\/www.gaveanews.com\/index.php\/2021\/06\/17\/entenda-por-que-o-fla-pode-vetar-pedro-mas-e-obrigado-a-liberar-gabigol\/"},"author":{"name":"Let\u00edcia Gerheim","@id":"https:\/\/www.gaveanews.com\/#\/schema\/person\/714c67050b836198af2450ba1c142a67"},"headline":"Entenda por que o Fla pode vetar Pedro, mas \u00e9 obrigado a liberar Gabigol","datePublished":"2021-06-17T20:49:23+00:00","dateModified":"2021-08-12T03:46:39+00:00","mainEntityOfPage":{"@id":"https:\/\/www.gaveanews.com\/index.php\/2021\/06\/17\/entenda-por-que-o-fla-pode-vetar-pedro-mas-e-obrigado-a-liberar-gabigol\/"},"wordCount":246,"commentCount":17,"image":{"@id":"https:\/\/www.gaveanews.com\/index.php\/2021\/06\/17\/entenda-por-que-o-fla-pode-vetar-pedro-mas-e-obrigado-a-liberar-gabigol\/#primaryimage"},"thumbnailUrl":"https:\/\/www.gaveanews.com\/wp-content\/uploads\/Gabigol-e-Pedro-comemoram-titulo-do-Flamengo.webp","articleSection":["Flamengo"],"inLanguage":"pt-BR","potentialAction":[{"@type":"CommentAction","name":"Comment","target":["https:\/\/www.gaveanews.com\/index.php\/2021\/06\/17\/entenda-por-que-o-fla-pode-vetar-pedro-mas-e-obrigado-a-liberar-gabigol\/#respond"]}],"copyrightYear":"2021","copyrightHolder":{"@id":"https:\/\/www.gaveanews.com\/#organization"}},{"@type":"WebPage","@id":"https:\/\/www.gaveanews.com\/index.php\/2021\/06\/17\/entenda-por-que-o-fla-pode-vetar-pedro-mas-e-obrigado-a-liberar-gabigol\/","url":"https:\/\/www.gaveanews.com\/index.php\/2021\/06\/17\/entenda-por-que-o-fla-pode-vetar-pedro-mas-e-obrigado-a-liberar-gabigol\/","name":"Entenda por que o Fla pode vetar Pedro, mas \u00e9 obrigado a liberar Gabigol","isPartOf":{"@id":"https:\/\/www.gaveanews.com\/#website"},"primaryImageOfPage":{"@id":"https:\/\/www.gaveanews.com\/index.php\/2021\/06\/17\/entenda-por-que-o-fla-pode-vetar-pedro-mas-e-obrigado-a-liberar-gabigol\/#primaryimage"},"image":{"@id":"https:\/\/www.gaveanews.com\/index.php\/2021\/06\/17\/entenda-por-que-o-fla-pode-vetar-pedro-mas-e-obrigado-a-liberar-gabigol\/#primaryimage"},"thumbnailUrl":"https:\/\/www.gaveanews.com\/wp-content\/uploads\/Gabigol-e-Pedro-comemoram-titulo-do-Flamengo.webp","datePublished":"2021-06-17T20:49:23+00:00","dateModified":"2021-08-12T03:46:39+00:00","author":{"@id":"https:\/\/www.gaveanews.com\/#\/schema\/person\/714c67050b836198af2450ba1c142a67"},"breadcrumb":{"@id":"https:\/\/www.gaveanews.com\/index.php\/2021\/06\/17\/entenda-por-que-o-fla-pode-vetar-pedro-mas-e-obrigado-a-liberar-gabigol\/#breadcrumb"},"inLanguage":"pt-BR","potentialAction":[{"@type":"ReadAction","target":["https:\/\/www.gaveanews.com\/index.php\/2021\/06\/17\/entenda-por-que-o-fla-pode-vetar-pedro-mas-e-obrigado-a-liberar-gabigol\/"]}]},{"@type":"ImageObject","inLanguage":"pt-BR","@id":"https:\/\/www.gaveanews.com\/index.php\/2021\/06\/17\/entenda-por-que-o-fla-pode-vetar-pedro-mas-e-obrigado-a-liberar-gabigol\/#primaryimage","url":"https:\/\/www.gaveanews.com\/wp-content\/uploads\/Gabigol-e-Pedro-comemoram-titulo-do-Flamengo.webp","contentUrl":"https:\/\/www.gaveanews.com\/wp-content\/uploads\/Gabigol-e-Pedro-comemoram-titulo-do-Flamengo.webp","width":787,"height":397,"caption":"Gabigol e Pedro comemoram t\u00edtulo do Flamengo (Foto: Alexandre Vidal\/Flamengo)"},{"@type":"BreadcrumbList","@id":"https:\/\/www.gaveanews.com\/index.php\/2021\/06\/17\/entenda-por-que-o-fla-pode-vetar-pedro-mas-e-obrigado-a-liberar-gabigol\/#breadcrumb","itemListElement":[{"@type":"ListItem","position":1,"name":"Home","item":"https:\/\/www.gaveanews.com\/"},{"@type":"ListItem","position":2,"name":"Entenda por que o Fla pode vetar Pedro, mas \u00e9 obrigado a liberar Gabigol"}]},{"@type":"WebSite","@id":"https:\/\/www.gaveanews.com\/#website","url":"https:\/\/www.gaveanews.com\/","name":"G\u00e1vea News","description":"Veja todas as not\u00edcias sobre o Flamengo: Contrata\u00e7\u00f5es, categorias de base, resultados das partidas, tabela de classifica\u00e7\u00e3o, pr\u00f3ximos jogos!","potentialAction":[{"@type":"SearchAction","target":{"@type":"EntryPoint","urlTemplate":"https:\/\/www.gaveanews.com\/?s={search_term_string}"},"query-input":{"@type":"PropertyValueSpecification","valueRequired":true,"valueName":"search_term_string"}}],"inLanguage":"pt-BR"},{"@type":"Person","@id":"https:\/\/www.gaveanews.com\/#\/schema\/person\/714c67050b836198af2450ba1c142a67","name":"Let\u00edcia Gerheim","image":{"@type":"ImageObject","inLanguage":"pt-BR","@id":"https:\/\/www.gaveanews.com\/#\/schema\/person\/image\/","url":"https:\/\/secure.gravatar.com\/avatar\/60734739c50fcebfbac509e2a826ccd0ff405c019bc73aab9354f19ecad1dcb4?s=96&d=mm&r=g","contentUrl":"https:\/\/secure.gravatar.com\/avatar\/60734739c50fcebfbac509e2a826ccd0ff405c019bc73aab9354f19ecad1dcb4?s=96&d=mm&r=g","caption":"Let\u00edcia Gerheim"}}]}},"_links":{"self":[{"href":"https:\/\/www.gaveanews.com\/index.php\/wp-json\/wp\/v2\/posts\/63163","targetHints":{"allow":["GET"]}}],"collection":[{"href":"https:\/\/www.gaveanews.com\/index.php\/wp-json\/wp\/v2\/posts"}],"about":[{"href":"https:\/\/www.gaveanews.com\/index.php\/wp-json\/wp\/v2\/types\/post"}],"author":[{"embeddable":true,"href":"https:\/\/www.gaveanews.com\/index.php\/wp-json\/wp\/v2\/users\/4"}],"replies":[{"embeddable":true,"href":"https:\/\/www.gaveanews.com\/index.php\/wp-json\/wp\/v2\/comments?post=63163"}],"version-history":[{"count":0,"href":"https:\/\/www.gaveanews.com\/index.php\/wp-json\/wp\/v2\/posts\/63163\/revisions"}],"wp:featuredmedia":[{"embeddable":true,"href":"https:\/\/www.gaveanews.com\/index.php\/wp-json\/wp\/v2\/media\/61181"}],"wp:attachment":[{"href":"https:\/\/www.gaveanews.com\/index.php\/wp-json\/wp\/v2\/media?parent=63163"}],"wp:term":[{"taxonomy":"category","embeddable":true,"href":"https:\/\/www.gaveanews.com\/index.php\/wp-json\/wp\/v2\/categories?post=63163"},{"taxonomy":"post_tag","embeddable":true,"href":"https:\/\/www.gaveanews.com\/index.php\/wp-json\/wp\/v2\/tags?post=63163"}],"curies":[{"name":"wp","href":"https:\/\/api.w.org\/{rel}","templated":true}]}}