{"id":63180,"date":"2021-06-17T22:43:55","date_gmt":"2021-06-18T01:43:55","guid":{"rendered":"https:\/\/www.gaveanews.com\/?p=63180"},"modified":"2021-06-17T22:43:58","modified_gmt":"2021-06-18T01:43:58","slug":"pedro-testa-negativo-para-covid-19-mas-desfalca-o-flamengo-contra-o-bragantino","status":"publish","type":"post","link":"https:\/\/www.gaveanews.com\/index.php\/2021\/06\/17\/pedro-testa-negativo-para-covid-19-mas-desfalca-o-flamengo-contra-o-bragantino\/","title":{"rendered":"Pedro testa negativo para Covid-19, mas desfalca o Flamengo contra o Bragantino"},"content":{"rendered":"\n<p>O Flamengo emitiu nota oficial nesta quinta-feira para comunicar que Pedro, desfalque nos dois \u00faltimos jogos, contra Am\u00e9rica-MG e Coritiba, por conta de Covid-19, testou negativo em exame realizado nesta tarde, mas continuar\u00e1 sendo aus\u00eancia para o jogo de s\u00e1bado, diante do Bragantino, \u00e0s 21h, no Maracan\u00e3, pelo Brasileir\u00e3o.<\/p>\n\n\n\n<p><strong><em>\u2014 Nesta quinta, Pedro realizou exame de PCR, com resultado negativo. O atleta se reapresentar\u00e1 amanh\u00e3 e iniciar\u00e1 treinos individualizados visando o recondicionamento f\u00edsico para os jogos da pr\u00f3xima semana. Sendo assim, ainda n\u00e3o estar\u00e1 dispon\u00edvel no s\u00e1bado<\/em><\/strong>, disse a assessoria do Flamengo.<\/p>\n\n\n\n<p>Rog\u00e9rio Ceni, que tamb\u00e9m estava de quarentena por causa do novo coronav\u00edrus, voltou aos trabalhos no Ninho do Urubu nesta quint-feira. Com Pedro fora e Gabigol com a Sele\u00e7\u00e3o, Rodrigo Muniz, portanto, ser\u00e1 mantido no time titular.<\/p>\n\n\n\n<p>Retirado de: O Dia<\/p>\n","protected":false},"excerpt":{"rendered":"<p>O Flamengo emitiu nota oficial nesta quinta-feira para comunicar que Pedro, desfalque nos dois \u00faltimos jogos, contra Am\u00e9rica-MG e Coritiba, por conta de Covid-19, testou negativo em exame realizado nesta tarde, mas continuar\u00e1 sendo aus\u00eancia para o jogo de s\u00e1bado, diante do Bragantino, \u00e0s 21h, no Maracan\u00e3, pelo Brasileir\u00e3o. \u2014 Nesta quinta, Pedro realizou exame [&hellip;]<\/p>\n","protected":false},"author":1,"featured_media":53850,"comment_status":"open","ping_status":"closed","sticky":false,"template":"","format":"standard","meta":{"footnotes":""},"categories":[1],"tags":[],"class_list":["post-63180","post","type-post","status-publish","format-standard","has-post-thumbnail","hentry","category-flamengo"],"yoast_head":"<!-- This site is optimized with the Yoast SEO Premium plugin v24.2 (Yoast SEO v26.9) - https:\/\/yoast.com\/product\/yoast-seo-premium-wordpress\/ -->\n<title>Pedro testa negativo para Covid-19, mas desfalca o Flamengo contra o Bragantino<\/title>\n<meta name=\"robots\" content=\"index, follow, max-snippet:-1, max-image-preview:large, max-video-preview:-1\" \/>\n<link rel=\"canonical\" href=\"https:\/\/www.gaveanews.com\/index.php\/2021\/06\/17\/pedro-testa-negativo-para-covid-19-mas-desfalca-o-flamengo-contra-o-bragantino\/\" \/>\n<meta property=\"og:locale\" content=\"pt_BR\" \/>\n<meta property=\"og:type\" content=\"article\" \/>\n<meta property=\"og:title\" content=\"Pedro testa negativo para Covid-19, mas desfalca o Flamengo contra o Bragantino\" \/>\n<meta property=\"og:description\" content=\"O Flamengo emitiu nota oficial nesta quinta-feira para comunicar que Pedro, desfalque nos dois \u00faltimos jogos, contra Am\u00e9rica-MG e Coritiba, por conta de Covid-19, testou negativo em exame realizado nesta tarde, mas continuar\u00e1 sendo aus\u00eancia para o jogo de s\u00e1bado, diante do Bragantino, \u00e0s 21h, no Maracan\u00e3, pelo Brasileir\u00e3o. \u2014 Nesta quinta, Pedro realizou exame [&hellip;]\" \/>\n<meta property=\"og:url\" content=\"https:\/\/www.gaveanews.com\/index.php\/2021\/06\/17\/pedro-testa-negativo-para-covid-19-mas-desfalca-o-flamengo-contra-o-bragantino\/\" \/>\n<meta property=\"og:site_name\" content=\"G\u00e1vea News\" \/>\n<meta property=\"article:publisher\" content=\"https:\/\/facebook.com\/gaveaNews\/\" \/>\n<meta property=\"article:published_time\" content=\"2021-06-18T01:43:55+00:00\" \/>\n<meta property=\"article:modified_time\" content=\"2021-06-18T01:43:58+00:00\" \/>\n<meta property=\"og:image\" content=\"https:\/\/www.gaveanews.com\/wp-content\/uploads\/Pedro-comemorando-gol-marcado-contra-o-Bahia-no-Maracana.webp\" \/>\n\t<meta property=\"og:image:width\" content=\"800\" \/>\n\t<meta property=\"og:image:height\" content=\"533\" \/>\n\t<meta property=\"og:image:type\" content=\"image\/jpeg\" \/>\n<meta name=\"author\" content=\"Equipe G\u00e1vea News\" \/>\n<meta name=\"twitter:card\" content=\"summary_large_image\" \/>\n<meta name=\"twitter:label1\" content=\"Escrito por\" \/>\n\t<meta name=\"twitter:data1\" content=\"Equipe G\u00e1vea News\" \/>\n\t<meta name=\"twitter:label2\" content=\"Est. tempo de leitura\" \/>\n\t<meta name=\"twitter:data2\" content=\"1 minuto\" \/>\n<script type=\"application\/ld+json\" class=\"yoast-schema-graph\">{\"@context\":\"https:\/\/schema.org\",\"@graph\":[{\"@type\":\"NewsArticle\",\"@id\":\"https:\/\/www.gaveanews.com\/index.php\/2021\/06\/17\/pedro-testa-negativo-para-covid-19-mas-desfalca-o-flamengo-contra-o-bragantino\/#article\",\"isPartOf\":{\"@id\":\"https:\/\/www.gaveanews.com\/index.php\/2021\/06\/17\/pedro-testa-negativo-para-covid-19-mas-desfalca-o-flamengo-contra-o-bragantino\/\"},\"author\":{\"name\":\"Equipe G\u00e1vea News\",\"@id\":\"https:\/\/www.gaveanews.com\/#\/schema\/person\/2ec14f73fb96be2caf28f91afb14749d\"},\"headline\":\"Pedro testa negativo para Covid-19, mas desfalca o Flamengo contra o Bragantino\",\"datePublished\":\"2021-06-18T01:43:55+00:00\",\"dateModified\":\"2021-06-18T01:43:58+00:00\",\"mainEntityOfPage\":{\"@id\":\"https:\/\/www.gaveanews.com\/index.php\/2021\/06\/17\/pedro-testa-negativo-para-covid-19-mas-desfalca-o-flamengo-contra-o-bragantino\/\"},\"wordCount\":157,\"commentCount\":4,\"image\":{\"@id\":\"https:\/\/www.gaveanews.com\/index.php\/2021\/06\/17\/pedro-testa-negativo-para-covid-19-mas-desfalca-o-flamengo-contra-o-bragantino\/#primaryimage\"},\"thumbnailUrl\":\"https:\/\/www.gaveanews.com\/wp-content\/uploads\/Pedro-comemorando-gol-marcado-contra-o-Bahia-no-Maracana.webp\",\"articleSection\":[\"Flamengo\"],\"inLanguage\":\"pt-BR\",\"potentialAction\":[{\"@type\":\"CommentAction\",\"name\":\"Comment\",\"target\":[\"https:\/\/www.gaveanews.com\/index.php\/2021\/06\/17\/pedro-testa-negativo-para-covid-19-mas-desfalca-o-flamengo-contra-o-bragantino\/#respond\"]}],\"copyrightYear\":\"2021\",\"copyrightHolder\":{\"@id\":\"https:\/\/www.gaveanews.com\/#organization\"}},{\"@type\":\"WebPage\",\"@id\":\"https:\/\/www.gaveanews.com\/index.php\/2021\/06\/17\/pedro-testa-negativo-para-covid-19-mas-desfalca-o-flamengo-contra-o-bragantino\/\",\"url\":\"https:\/\/www.gaveanews.com\/index.php\/2021\/06\/17\/pedro-testa-negativo-para-covid-19-mas-desfalca-o-flamengo-contra-o-bragantino\/\",\"name\":\"Pedro testa negativo para Covid-19, mas desfalca o Flamengo contra o Bragantino\",\"isPartOf\":{\"@id\":\"https:\/\/www.gaveanews.com\/#website\"},\"primaryImageOfPage\":{\"@id\":\"https:\/\/www.gaveanews.com\/index.php\/2021\/06\/17\/pedro-testa-negativo-para-covid-19-mas-desfalca-o-flamengo-contra-o-bragantino\/#primaryimage\"},\"image\":{\"@id\":\"https:\/\/www.gaveanews.com\/index.php\/2021\/06\/17\/pedro-testa-negativo-para-covid-19-mas-desfalca-o-flamengo-contra-o-bragantino\/#primaryimage\"},\"thumbnailUrl\":\"https:\/\/www.gaveanews.com\/wp-content\/uploads\/Pedro-comemorando-gol-marcado-contra-o-Bahia-no-Maracana.webp\",\"datePublished\":\"2021-06-18T01:43:55+00:00\",\"dateModified\":\"2021-06-18T01:43:58+00:00\",\"author\":{\"@id\":\"https:\/\/www.gaveanews.com\/#\/schema\/person\/2ec14f73fb96be2caf28f91afb14749d\"},\"breadcrumb\":{\"@id\":\"https:\/\/www.gaveanews.com\/index.php\/2021\/06\/17\/pedro-testa-negativo-para-covid-19-mas-desfalca-o-flamengo-contra-o-bragantino\/#breadcrumb\"},\"inLanguage\":\"pt-BR\",\"potentialAction\":[{\"@type\":\"ReadAction\",\"target\":[\"https:\/\/www.gaveanews.com\/index.php\/2021\/06\/17\/pedro-testa-negativo-para-covid-19-mas-desfalca-o-flamengo-contra-o-bragantino\/\"]}]},{\"@type\":\"ImageObject\",\"inLanguage\":\"pt-BR\",\"@id\":\"https:\/\/www.gaveanews.com\/index.php\/2021\/06\/17\/pedro-testa-negativo-para-covid-19-mas-desfalca-o-flamengo-contra-o-bragantino\/#primaryimage\",\"url\":\"https:\/\/www.gaveanews.com\/wp-content\/uploads\/Pedro-comemorando-gol-marcado-contra-o-Bahia-no-Maracana.webp\",\"contentUrl\":\"https:\/\/www.gaveanews.com\/wp-content\/uploads\/Pedro-comemorando-gol-marcado-contra-o-Bahia-no-Maracana.webp\",\"width\":800,\"height\":533,\"caption\":\"Pedro comemorando gol marcado contra o Bahia no Maracan\u00e3 (Foto: Alexandre Vidal\/Flamengo)\"},{\"@type\":\"BreadcrumbList\",\"@id\":\"https:\/\/www.gaveanews.com\/index.php\/2021\/06\/17\/pedro-testa-negativo-para-covid-19-mas-desfalca-o-flamengo-contra-o-bragantino\/#breadcrumb\",\"itemListElement\":[{\"@type\":\"ListItem\",\"position\":1,\"name\":\"Home\",\"item\":\"https:\/\/www.gaveanews.com\/\"},{\"@type\":\"ListItem\",\"position\":2,\"name\":\"Pedro testa negativo para Covid-19, mas desfalca o Flamengo contra o Bragantino\"}]},{\"@type\":\"WebSite\",\"@id\":\"https:\/\/www.gaveanews.com\/#website\",\"url\":\"https:\/\/www.gaveanews.com\/\",\"name\":\"G\u00e1vea News\",\"description\":\"Veja todas as not\u00edcias sobre o Flamengo: Contrata\u00e7\u00f5es, categorias de base, resultados das partidas, tabela de classifica\u00e7\u00e3o, pr\u00f3ximos jogos!\",\"potentialAction\":[{\"@type\":\"SearchAction\",\"target\":{\"@type\":\"EntryPoint\",\"urlTemplate\":\"https:\/\/www.gaveanews.com\/?s={search_term_string}\"},\"query-input\":{\"@type\":\"PropertyValueSpecification\",\"valueRequired\":true,\"valueName\":\"search_term_string\"}}],\"inLanguage\":\"pt-BR\"},{\"@type\":\"Person\",\"@id\":\"https:\/\/www.gaveanews.com\/#\/schema\/person\/2ec14f73fb96be2caf28f91afb14749d\",\"name\":\"Equipe G\u00e1vea News\",\"image\":{\"@type\":\"ImageObject\",\"inLanguage\":\"pt-BR\",\"@id\":\"https:\/\/www.gaveanews.com\/#\/schema\/person\/image\/\",\"url\":\"https:\/\/secure.gravatar.com\/avatar\/1e1956f1facbffd3f8fa53a326721950116b3b9dc9bd44939c01180fd4a745a9?s=96&d=mm&r=g\",\"contentUrl\":\"https:\/\/secure.gravatar.com\/avatar\/1e1956f1facbffd3f8fa53a326721950116b3b9dc9bd44939c01180fd4a745a9?s=96&d=mm&r=g\",\"caption\":\"Equipe G\u00e1vea News\"}}]}<\/script>\n<!-- \/ Yoast SEO Premium plugin. -->","yoast_head_json":{"title":"Pedro testa negativo para Covid-19, mas desfalca o Flamengo contra o Bragantino","robots":{"index":"index","follow":"follow","max-snippet":"max-snippet:-1","max-image-preview":"max-image-preview:large","max-video-preview":"max-video-preview:-1"},"canonical":"https:\/\/www.gaveanews.com\/index.php\/2021\/06\/17\/pedro-testa-negativo-para-covid-19-mas-desfalca-o-flamengo-contra-o-bragantino\/","og_locale":"pt_BR","og_type":"article","og_title":"Pedro testa negativo para Covid-19, mas desfalca o Flamengo contra o Bragantino","og_description":"O Flamengo emitiu nota oficial nesta quinta-feira para comunicar que Pedro, desfalque nos dois \u00faltimos jogos, contra Am\u00e9rica-MG e Coritiba, por conta de Covid-19, testou negativo em exame realizado nesta tarde, mas continuar\u00e1 sendo aus\u00eancia para o jogo de s\u00e1bado, diante do Bragantino, \u00e0s 21h, no Maracan\u00e3, pelo Brasileir\u00e3o. \u2014 Nesta quinta, Pedro realizou exame [&hellip;]","og_url":"https:\/\/www.gaveanews.com\/index.php\/2021\/06\/17\/pedro-testa-negativo-para-covid-19-mas-desfalca-o-flamengo-contra-o-bragantino\/","og_site_name":"G\u00e1vea News","article_publisher":"https:\/\/facebook.com\/gaveaNews\/","article_published_time":"2021-06-18T01:43:55+00:00","article_modified_time":"2021-06-18T01:43:58+00:00","og_image":[{"width":800,"height":533,"url":"https:\/\/www.gaveanews.com\/wp-content\/uploads\/Pedro-comemorando-gol-marcado-contra-o-Bahia-no-Maracana.webp","type":"image\/jpeg"}],"author":"Equipe G\u00e1vea News","twitter_card":"summary_large_image","twitter_misc":{"Escrito por":"Equipe G\u00e1vea News","Est. tempo de leitura":"1 minuto"},"schema":{"@context":"https:\/\/schema.org","@graph":[{"@type":"NewsArticle","@id":"https:\/\/www.gaveanews.com\/index.php\/2021\/06\/17\/pedro-testa-negativo-para-covid-19-mas-desfalca-o-flamengo-contra-o-bragantino\/#article","isPartOf":{"@id":"https:\/\/www.gaveanews.com\/index.php\/2021\/06\/17\/pedro-testa-negativo-para-covid-19-mas-desfalca-o-flamengo-contra-o-bragantino\/"},"author":{"name":"Equipe G\u00e1vea News","@id":"https:\/\/www.gaveanews.com\/#\/schema\/person\/2ec14f73fb96be2caf28f91afb14749d"},"headline":"Pedro testa negativo para Covid-19, mas desfalca o Flamengo contra o Bragantino","datePublished":"2021-06-18T01:43:55+00:00","dateModified":"2021-06-18T01:43:58+00:00","mainEntityOfPage":{"@id":"https:\/\/www.gaveanews.com\/index.php\/2021\/06\/17\/pedro-testa-negativo-para-covid-19-mas-desfalca-o-flamengo-contra-o-bragantino\/"},"wordCount":157,"commentCount":4,"image":{"@id":"https:\/\/www.gaveanews.com\/index.php\/2021\/06\/17\/pedro-testa-negativo-para-covid-19-mas-desfalca-o-flamengo-contra-o-bragantino\/#primaryimage"},"thumbnailUrl":"https:\/\/www.gaveanews.com\/wp-content\/uploads\/Pedro-comemorando-gol-marcado-contra-o-Bahia-no-Maracana.webp","articleSection":["Flamengo"],"inLanguage":"pt-BR","potentialAction":[{"@type":"CommentAction","name":"Comment","target":["https:\/\/www.gaveanews.com\/index.php\/2021\/06\/17\/pedro-testa-negativo-para-covid-19-mas-desfalca-o-flamengo-contra-o-bragantino\/#respond"]}],"copyrightYear":"2021","copyrightHolder":{"@id":"https:\/\/www.gaveanews.com\/#organization"}},{"@type":"WebPage","@id":"https:\/\/www.gaveanews.com\/index.php\/2021\/06\/17\/pedro-testa-negativo-para-covid-19-mas-desfalca-o-flamengo-contra-o-bragantino\/","url":"https:\/\/www.gaveanews.com\/index.php\/2021\/06\/17\/pedro-testa-negativo-para-covid-19-mas-desfalca-o-flamengo-contra-o-bragantino\/","name":"Pedro testa negativo para Covid-19, mas desfalca o Flamengo contra o Bragantino","isPartOf":{"@id":"https:\/\/www.gaveanews.com\/#website"},"primaryImageOfPage":{"@id":"https:\/\/www.gaveanews.com\/index.php\/2021\/06\/17\/pedro-testa-negativo-para-covid-19-mas-desfalca-o-flamengo-contra-o-bragantino\/#primaryimage"},"image":{"@id":"https:\/\/www.gaveanews.com\/index.php\/2021\/06\/17\/pedro-testa-negativo-para-covid-19-mas-desfalca-o-flamengo-contra-o-bragantino\/#primaryimage"},"thumbnailUrl":"https:\/\/www.gaveanews.com\/wp-content\/uploads\/Pedro-comemorando-gol-marcado-contra-o-Bahia-no-Maracana.webp","datePublished":"2021-06-18T01:43:55+00:00","dateModified":"2021-06-18T01:43:58+00:00","author":{"@id":"https:\/\/www.gaveanews.com\/#\/schema\/person\/2ec14f73fb96be2caf28f91afb14749d"},"breadcrumb":{"@id":"https:\/\/www.gaveanews.com\/index.php\/2021\/06\/17\/pedro-testa-negativo-para-covid-19-mas-desfalca-o-flamengo-contra-o-bragantino\/#breadcrumb"},"inLanguage":"pt-BR","potentialAction":[{"@type":"ReadAction","target":["https:\/\/www.gaveanews.com\/index.php\/2021\/06\/17\/pedro-testa-negativo-para-covid-19-mas-desfalca-o-flamengo-contra-o-bragantino\/"]}]},{"@type":"ImageObject","inLanguage":"pt-BR","@id":"https:\/\/www.gaveanews.com\/index.php\/2021\/06\/17\/pedro-testa-negativo-para-covid-19-mas-desfalca-o-flamengo-contra-o-bragantino\/#primaryimage","url":"https:\/\/www.gaveanews.com\/wp-content\/uploads\/Pedro-comemorando-gol-marcado-contra-o-Bahia-no-Maracana.webp","contentUrl":"https:\/\/www.gaveanews.com\/wp-content\/uploads\/Pedro-comemorando-gol-marcado-contra-o-Bahia-no-Maracana.webp","width":800,"height":533,"caption":"Pedro comemorando gol marcado contra o Bahia no Maracan\u00e3 (Foto: Alexandre Vidal\/Flamengo)"},{"@type":"BreadcrumbList","@id":"https:\/\/www.gaveanews.com\/index.php\/2021\/06\/17\/pedro-testa-negativo-para-covid-19-mas-desfalca-o-flamengo-contra-o-bragantino\/#breadcrumb","itemListElement":[{"@type":"ListItem","position":1,"name":"Home","item":"https:\/\/www.gaveanews.com\/"},{"@type":"ListItem","position":2,"name":"Pedro testa negativo para Covid-19, mas desfalca o Flamengo contra o Bragantino"}]},{"@type":"WebSite","@id":"https:\/\/www.gaveanews.com\/#website","url":"https:\/\/www.gaveanews.com\/","name":"G\u00e1vea News","description":"Veja todas as not\u00edcias sobre o Flamengo: Contrata\u00e7\u00f5es, categorias de base, resultados das partidas, tabela de classifica\u00e7\u00e3o, pr\u00f3ximos jogos!","potentialAction":[{"@type":"SearchAction","target":{"@type":"EntryPoint","urlTemplate":"https:\/\/www.gaveanews.com\/?s={search_term_string}"},"query-input":{"@type":"PropertyValueSpecification","valueRequired":true,"valueName":"search_term_string"}}],"inLanguage":"pt-BR"},{"@type":"Person","@id":"https:\/\/www.gaveanews.com\/#\/schema\/person\/2ec14f73fb96be2caf28f91afb14749d","name":"Equipe G\u00e1vea News","image":{"@type":"ImageObject","inLanguage":"pt-BR","@id":"https:\/\/www.gaveanews.com\/#\/schema\/person\/image\/","url":"https:\/\/secure.gravatar.com\/avatar\/1e1956f1facbffd3f8fa53a326721950116b3b9dc9bd44939c01180fd4a745a9?s=96&d=mm&r=g","contentUrl":"https:\/\/secure.gravatar.com\/avatar\/1e1956f1facbffd3f8fa53a326721950116b3b9dc9bd44939c01180fd4a745a9?s=96&d=mm&r=g","caption":"Equipe G\u00e1vea News"}}]}},"_links":{"self":[{"href":"https:\/\/www.gaveanews.com\/index.php\/wp-json\/wp\/v2\/posts\/63180","targetHints":{"allow":["GET"]}}],"collection":[{"href":"https:\/\/www.gaveanews.com\/index.php\/wp-json\/wp\/v2\/posts"}],"about":[{"href":"https:\/\/www.gaveanews.com\/index.php\/wp-json\/wp\/v2\/types\/post"}],"author":[{"embeddable":true,"href":"https:\/\/www.gaveanews.com\/index.php\/wp-json\/wp\/v2\/users\/1"}],"replies":[{"embeddable":true,"href":"https:\/\/www.gaveanews.com\/index.php\/wp-json\/wp\/v2\/comments?post=63180"}],"version-history":[{"count":0,"href":"https:\/\/www.gaveanews.com\/index.php\/wp-json\/wp\/v2\/posts\/63180\/revisions"}],"wp:featuredmedia":[{"embeddable":true,"href":"https:\/\/www.gaveanews.com\/index.php\/wp-json\/wp\/v2\/media\/53850"}],"wp:attachment":[{"href":"https:\/\/www.gaveanews.com\/index.php\/wp-json\/wp\/v2\/media?parent=63180"}],"wp:term":[{"taxonomy":"category","embeddable":true,"href":"https:\/\/www.gaveanews.com\/index.php\/wp-json\/wp\/v2\/categories?post=63180"},{"taxonomy":"post_tag","embeddable":true,"href":"https:\/\/www.gaveanews.com\/index.php\/wp-json\/wp\/v2\/tags?post=63180"}],"curies":[{"name":"wp","href":"https:\/\/api.w.org\/{rel}","templated":true}]}}