{"id":63185,"date":"2021-06-18T00:15:00","date_gmt":"2021-06-18T03:15:00","guid":{"rendered":"https:\/\/www.gaveanews.com\/?p=63185"},"modified":"2021-06-17T23:14:46","modified_gmt":"2021-06-18T02:14:46","slug":"flamengo-ve-trama-da-cbf-para-forcar-a-liberacao-de-pedro","status":"publish","type":"post","link":"https:\/\/www.gaveanews.com\/index.php\/2021\/06\/18\/flamengo-ve-trama-da-cbf-para-forcar-a-liberacao-de-pedro\/","title":{"rendered":"Flamengo v\u00ea trama da CBF para for\u00e7ar a libera\u00e7\u00e3o de Pedro"},"content":{"rendered":"\n<p>A convoca\u00e7\u00e3o de Pedro para a sele\u00e7\u00e3o ol\u00edmpica n\u00e3o mudou a postura da diretoria do Flamengo: n\u00e3o vai liberar o jogador para a Olimp\u00edada. A diretoria do clube v\u00ea uma trama da CBF para tentar for\u00e7ar a ida do atleta usando a lista com seu nome. O clube j\u00e1 tinha avisado \u00e0 CBF que o jogador n\u00e3o estava liberado e entende ter recebido sinaliza\u00e7\u00e3o de que sua convoca\u00e7\u00e3o seria cancelada. Mas o t\u00e9cnico Andr\u00e9 Jardine o colocou na rela\u00e7\u00e3o final.<\/p>\n\n\n\n<p>N\u00e3o \u00e9 obrigat\u00f3ria a libera\u00e7\u00e3o de jogador para a Olimp\u00edada que n\u00e3o est\u00e1 inserida no calend\u00e1rio internacional de jogos. Por isso, o PSG, por exemplo, avisou que n\u00e3o liberaria Neymar e Marquinhos, desejados do t\u00e9cnico ol\u00edmpica, Andr\u00e9 Jardine. Weverton tamb\u00e9m foi vetado pelo Palmeiras e n\u00e3o foi para a lista.<\/p>\n\n\n\n<p>Pedro foi chamado para dois amistosos ol\u00edmpicos em datas-Fifa e fez tr\u00eas gols. Nesta quinta-feira, Jardine o incluiu na lista da Ol\u00edmp\u00edada. Na convoca\u00e7\u00e3o, Branco justificou a convoca\u00e7\u00e3o como t\u00e9cnica e demonstrou saber da posi\u00e7\u00e3o do clube de n\u00e3o libera-lo.<\/p>\n\n\n\n<p>A diretoria rubro-negra avisou Pedro h\u00e1 dez dias que n\u00e3o iria libera-lo. Ele alegou que era seu sonho. Mas o clube argumentou que tinha investido R$ 90 milh\u00f5es no atleta e precisava dele em momentos decisivos da temporada.<\/p>\n\n\n\n<p>Depois disso, a CBF fez uma lista com a presen\u00e7a de Pedro e a enviou por email para o Flamengo. O clube respondeu com uma carta em que avisava a confedera\u00e7\u00e3o que o jogador n\u00e3o estava liberado. Em seguida, a CBF enviou um e.mail para a diretoria rubro-negra informando para a lista enviada ser desconsiderada. Mas o an\u00fancio de Jardine incluiu o jogador.<\/p>\n\n\n\n<p>A diretoria do Flamengo viu na atitude da CBF uma tentativa de for\u00e7ar a barra com o atleta. Assim, poderia criar um clima entre o jogador e o clube. O jogador divulgou um post em que agradecia a convoca\u00e7\u00e3o e ao Flamengo.<\/p>\n\n\n\n<p>Dirigentes rubro-negros sabem que ter\u00e3o de lidar com a vontade do jogador. E por isso, entende que a CBF tramou tudo para tentar jogar o jogador contra o clube e conseguir uma libera\u00e7\u00e3o for\u00e7ada. Mas a diretoria do Flamengo n\u00e3o v\u00ea motivo para se preocupar porque tem a regra do seu lado e pode administrar a situa\u00e7\u00e3o.<\/p>\n\n\n\n<p>Retirado de: Blog do Rodrigo Mattos<\/p>\n","protected":false},"excerpt":{"rendered":"<p>A convoca\u00e7\u00e3o de Pedro para a sele\u00e7\u00e3o ol\u00edmpica n\u00e3o mudou a postura da diretoria do Flamengo: n\u00e3o vai liberar o jogador para a Olimp\u00edada. A diretoria do clube v\u00ea uma trama da CBF para tentar for\u00e7ar a ida do atleta usando a lista com seu nome. O clube j\u00e1 tinha avisado \u00e0 CBF que o [&hellip;]<\/p>\n","protected":false},"author":1,"featured_media":46738,"comment_status":"open","ping_status":"closed","sticky":false,"template":"","format":"standard","meta":{"footnotes":""},"categories":[1],"tags":[],"class_list":["post-63185","post","type-post","status-publish","format-standard","has-post-thumbnail","hentry","category-flamengo"],"yoast_head":"<!-- This site is optimized with the Yoast SEO Premium plugin v24.2 (Yoast SEO v26.9) - https:\/\/yoast.com\/product\/yoast-seo-premium-wordpress\/ -->\n<title>Flamengo v\u00ea trama da CBF para for\u00e7ar a libera\u00e7\u00e3o de Pedro<\/title>\n<meta name=\"robots\" content=\"index, follow, max-snippet:-1, max-image-preview:large, max-video-preview:-1\" \/>\n<link rel=\"canonical\" href=\"https:\/\/www.gaveanews.com\/index.php\/2021\/06\/18\/flamengo-ve-trama-da-cbf-para-forcar-a-liberacao-de-pedro\/\" \/>\n<meta property=\"og:locale\" content=\"pt_BR\" \/>\n<meta property=\"og:type\" content=\"article\" \/>\n<meta property=\"og:title\" content=\"Flamengo v\u00ea trama da CBF para for\u00e7ar a libera\u00e7\u00e3o de Pedro\" \/>\n<meta property=\"og:description\" content=\"A convoca\u00e7\u00e3o de Pedro para a sele\u00e7\u00e3o ol\u00edmpica n\u00e3o mudou a postura da diretoria do Flamengo: n\u00e3o vai liberar o jogador para a Olimp\u00edada. A diretoria do clube v\u00ea uma trama da CBF para tentar for\u00e7ar a ida do atleta usando a lista com seu nome. O clube j\u00e1 tinha avisado \u00e0 CBF que o [&hellip;]\" \/>\n<meta property=\"og:url\" content=\"https:\/\/www.gaveanews.com\/index.php\/2021\/06\/18\/flamengo-ve-trama-da-cbf-para-forcar-a-liberacao-de-pedro\/\" \/>\n<meta property=\"og:site_name\" content=\"G\u00e1vea News\" \/>\n<meta property=\"article:publisher\" content=\"https:\/\/facebook.com\/gaveaNews\/\" \/>\n<meta property=\"article:published_time\" content=\"2021-06-18T03:15:00+00:00\" \/>\n<meta property=\"og:image\" content=\"https:\/\/www.gaveanews.com\/wp-content\/uploads\/Pedro-comemora-apos-marcar-o-primeiro-gol-da-partida-entre-Flamengo-e-Bahia.webp\" \/>\n\t<meta property=\"og:image:width\" content=\"800\" \/>\n\t<meta property=\"og:image:height\" content=\"533\" \/>\n\t<meta property=\"og:image:type\" content=\"image\/jpeg\" \/>\n<meta name=\"author\" content=\"Equipe G\u00e1vea News\" \/>\n<meta name=\"twitter:card\" content=\"summary_large_image\" \/>\n<meta name=\"twitter:label1\" content=\"Escrito por\" \/>\n\t<meta name=\"twitter:data1\" content=\"Equipe G\u00e1vea News\" \/>\n\t<meta name=\"twitter:label2\" content=\"Est. tempo de leitura\" \/>\n\t<meta name=\"twitter:data2\" content=\"2 minutos\" \/>\n<script type=\"application\/ld+json\" class=\"yoast-schema-graph\">{\"@context\":\"https:\/\/schema.org\",\"@graph\":[{\"@type\":\"NewsArticle\",\"@id\":\"https:\/\/www.gaveanews.com\/index.php\/2021\/06\/18\/flamengo-ve-trama-da-cbf-para-forcar-a-liberacao-de-pedro\/#article\",\"isPartOf\":{\"@id\":\"https:\/\/www.gaveanews.com\/index.php\/2021\/06\/18\/flamengo-ve-trama-da-cbf-para-forcar-a-liberacao-de-pedro\/\"},\"author\":{\"name\":\"Equipe G\u00e1vea News\",\"@id\":\"https:\/\/www.gaveanews.com\/#\/schema\/person\/2ec14f73fb96be2caf28f91afb14749d\"},\"headline\":\"Flamengo v\u00ea trama da CBF para for\u00e7ar a libera\u00e7\u00e3o de Pedro\",\"datePublished\":\"2021-06-18T03:15:00+00:00\",\"mainEntityOfPage\":{\"@id\":\"https:\/\/www.gaveanews.com\/index.php\/2021\/06\/18\/flamengo-ve-trama-da-cbf-para-forcar-a-liberacao-de-pedro\/\"},\"wordCount\":432,\"commentCount\":10,\"image\":{\"@id\":\"https:\/\/www.gaveanews.com\/index.php\/2021\/06\/18\/flamengo-ve-trama-da-cbf-para-forcar-a-liberacao-de-pedro\/#primaryimage\"},\"thumbnailUrl\":\"https:\/\/www.gaveanews.com\/wp-content\/uploads\/Pedro-comemora-apos-marcar-o-primeiro-gol-da-partida-entre-Flamengo-e-Bahia.webp\",\"articleSection\":[\"Flamengo\"],\"inLanguage\":\"pt-BR\",\"potentialAction\":[{\"@type\":\"CommentAction\",\"name\":\"Comment\",\"target\":[\"https:\/\/www.gaveanews.com\/index.php\/2021\/06\/18\/flamengo-ve-trama-da-cbf-para-forcar-a-liberacao-de-pedro\/#respond\"]}],\"copyrightYear\":\"2021\",\"copyrightHolder\":{\"@id\":\"https:\/\/www.gaveanews.com\/#organization\"}},{\"@type\":\"WebPage\",\"@id\":\"https:\/\/www.gaveanews.com\/index.php\/2021\/06\/18\/flamengo-ve-trama-da-cbf-para-forcar-a-liberacao-de-pedro\/\",\"url\":\"https:\/\/www.gaveanews.com\/index.php\/2021\/06\/18\/flamengo-ve-trama-da-cbf-para-forcar-a-liberacao-de-pedro\/\",\"name\":\"Flamengo v\u00ea trama da CBF para for\u00e7ar a libera\u00e7\u00e3o de Pedro\",\"isPartOf\":{\"@id\":\"https:\/\/www.gaveanews.com\/#website\"},\"primaryImageOfPage\":{\"@id\":\"https:\/\/www.gaveanews.com\/index.php\/2021\/06\/18\/flamengo-ve-trama-da-cbf-para-forcar-a-liberacao-de-pedro\/#primaryimage\"},\"image\":{\"@id\":\"https:\/\/www.gaveanews.com\/index.php\/2021\/06\/18\/flamengo-ve-trama-da-cbf-para-forcar-a-liberacao-de-pedro\/#primaryimage\"},\"thumbnailUrl\":\"https:\/\/www.gaveanews.com\/wp-content\/uploads\/Pedro-comemora-apos-marcar-o-primeiro-gol-da-partida-entre-Flamengo-e-Bahia.webp\",\"datePublished\":\"2021-06-18T03:15:00+00:00\",\"author\":{\"@id\":\"https:\/\/www.gaveanews.com\/#\/schema\/person\/2ec14f73fb96be2caf28f91afb14749d\"},\"breadcrumb\":{\"@id\":\"https:\/\/www.gaveanews.com\/index.php\/2021\/06\/18\/flamengo-ve-trama-da-cbf-para-forcar-a-liberacao-de-pedro\/#breadcrumb\"},\"inLanguage\":\"pt-BR\",\"potentialAction\":[{\"@type\":\"ReadAction\",\"target\":[\"https:\/\/www.gaveanews.com\/index.php\/2021\/06\/18\/flamengo-ve-trama-da-cbf-para-forcar-a-liberacao-de-pedro\/\"]}]},{\"@type\":\"ImageObject\",\"inLanguage\":\"pt-BR\",\"@id\":\"https:\/\/www.gaveanews.com\/index.php\/2021\/06\/18\/flamengo-ve-trama-da-cbf-para-forcar-a-liberacao-de-pedro\/#primaryimage\",\"url\":\"https:\/\/www.gaveanews.com\/wp-content\/uploads\/Pedro-comemora-apos-marcar-o-primeiro-gol-da-partida-entre-Flamengo-e-Bahia.webp\",\"contentUrl\":\"https:\/\/www.gaveanews.com\/wp-content\/uploads\/Pedro-comemora-apos-marcar-o-primeiro-gol-da-partida-entre-Flamengo-e-Bahia.webp\",\"width\":800,\"height\":533,\"caption\":\"Pedro comemora ap\u00f3s marcar o primeiro gol da partida entre Flamengo e Bahia (Foto: Alexandre Vidal\/Flamengo)\"},{\"@type\":\"BreadcrumbList\",\"@id\":\"https:\/\/www.gaveanews.com\/index.php\/2021\/06\/18\/flamengo-ve-trama-da-cbf-para-forcar-a-liberacao-de-pedro\/#breadcrumb\",\"itemListElement\":[{\"@type\":\"ListItem\",\"position\":1,\"name\":\"Home\",\"item\":\"https:\/\/www.gaveanews.com\/\"},{\"@type\":\"ListItem\",\"position\":2,\"name\":\"Flamengo v\u00ea trama da CBF para for\u00e7ar a libera\u00e7\u00e3o de Pedro\"}]},{\"@type\":\"WebSite\",\"@id\":\"https:\/\/www.gaveanews.com\/#website\",\"url\":\"https:\/\/www.gaveanews.com\/\",\"name\":\"G\u00e1vea News\",\"description\":\"Veja todas as not\u00edcias sobre o Flamengo: Contrata\u00e7\u00f5es, categorias de base, resultados das partidas, tabela de classifica\u00e7\u00e3o, pr\u00f3ximos jogos!\",\"potentialAction\":[{\"@type\":\"SearchAction\",\"target\":{\"@type\":\"EntryPoint\",\"urlTemplate\":\"https:\/\/www.gaveanews.com\/?s={search_term_string}\"},\"query-input\":{\"@type\":\"PropertyValueSpecification\",\"valueRequired\":true,\"valueName\":\"search_term_string\"}}],\"inLanguage\":\"pt-BR\"},{\"@type\":\"Person\",\"@id\":\"https:\/\/www.gaveanews.com\/#\/schema\/person\/2ec14f73fb96be2caf28f91afb14749d\",\"name\":\"Equipe G\u00e1vea News\",\"image\":{\"@type\":\"ImageObject\",\"inLanguage\":\"pt-BR\",\"@id\":\"https:\/\/www.gaveanews.com\/#\/schema\/person\/image\/\",\"url\":\"https:\/\/secure.gravatar.com\/avatar\/1e1956f1facbffd3f8fa53a326721950116b3b9dc9bd44939c01180fd4a745a9?s=96&d=mm&r=g\",\"contentUrl\":\"https:\/\/secure.gravatar.com\/avatar\/1e1956f1facbffd3f8fa53a326721950116b3b9dc9bd44939c01180fd4a745a9?s=96&d=mm&r=g\",\"caption\":\"Equipe G\u00e1vea News\"}}]}<\/script>\n<!-- \/ Yoast SEO Premium plugin. -->","yoast_head_json":{"title":"Flamengo v\u00ea trama da CBF para for\u00e7ar a libera\u00e7\u00e3o de Pedro","robots":{"index":"index","follow":"follow","max-snippet":"max-snippet:-1","max-image-preview":"max-image-preview:large","max-video-preview":"max-video-preview:-1"},"canonical":"https:\/\/www.gaveanews.com\/index.php\/2021\/06\/18\/flamengo-ve-trama-da-cbf-para-forcar-a-liberacao-de-pedro\/","og_locale":"pt_BR","og_type":"article","og_title":"Flamengo v\u00ea trama da CBF para for\u00e7ar a libera\u00e7\u00e3o de Pedro","og_description":"A convoca\u00e7\u00e3o de Pedro para a sele\u00e7\u00e3o ol\u00edmpica n\u00e3o mudou a postura da diretoria do Flamengo: n\u00e3o vai liberar o jogador para a Olimp\u00edada. A diretoria do clube v\u00ea uma trama da CBF para tentar for\u00e7ar a ida do atleta usando a lista com seu nome. O clube j\u00e1 tinha avisado \u00e0 CBF que o [&hellip;]","og_url":"https:\/\/www.gaveanews.com\/index.php\/2021\/06\/18\/flamengo-ve-trama-da-cbf-para-forcar-a-liberacao-de-pedro\/","og_site_name":"G\u00e1vea News","article_publisher":"https:\/\/facebook.com\/gaveaNews\/","article_published_time":"2021-06-18T03:15:00+00:00","og_image":[{"width":800,"height":533,"url":"https:\/\/www.gaveanews.com\/wp-content\/uploads\/Pedro-comemora-apos-marcar-o-primeiro-gol-da-partida-entre-Flamengo-e-Bahia.webp","type":"image\/jpeg"}],"author":"Equipe G\u00e1vea News","twitter_card":"summary_large_image","twitter_misc":{"Escrito por":"Equipe G\u00e1vea News","Est. tempo de leitura":"2 minutos"},"schema":{"@context":"https:\/\/schema.org","@graph":[{"@type":"NewsArticle","@id":"https:\/\/www.gaveanews.com\/index.php\/2021\/06\/18\/flamengo-ve-trama-da-cbf-para-forcar-a-liberacao-de-pedro\/#article","isPartOf":{"@id":"https:\/\/www.gaveanews.com\/index.php\/2021\/06\/18\/flamengo-ve-trama-da-cbf-para-forcar-a-liberacao-de-pedro\/"},"author":{"name":"Equipe G\u00e1vea News","@id":"https:\/\/www.gaveanews.com\/#\/schema\/person\/2ec14f73fb96be2caf28f91afb14749d"},"headline":"Flamengo v\u00ea trama da CBF para for\u00e7ar a libera\u00e7\u00e3o de Pedro","datePublished":"2021-06-18T03:15:00+00:00","mainEntityOfPage":{"@id":"https:\/\/www.gaveanews.com\/index.php\/2021\/06\/18\/flamengo-ve-trama-da-cbf-para-forcar-a-liberacao-de-pedro\/"},"wordCount":432,"commentCount":10,"image":{"@id":"https:\/\/www.gaveanews.com\/index.php\/2021\/06\/18\/flamengo-ve-trama-da-cbf-para-forcar-a-liberacao-de-pedro\/#primaryimage"},"thumbnailUrl":"https:\/\/www.gaveanews.com\/wp-content\/uploads\/Pedro-comemora-apos-marcar-o-primeiro-gol-da-partida-entre-Flamengo-e-Bahia.webp","articleSection":["Flamengo"],"inLanguage":"pt-BR","potentialAction":[{"@type":"CommentAction","name":"Comment","target":["https:\/\/www.gaveanews.com\/index.php\/2021\/06\/18\/flamengo-ve-trama-da-cbf-para-forcar-a-liberacao-de-pedro\/#respond"]}],"copyrightYear":"2021","copyrightHolder":{"@id":"https:\/\/www.gaveanews.com\/#organization"}},{"@type":"WebPage","@id":"https:\/\/www.gaveanews.com\/index.php\/2021\/06\/18\/flamengo-ve-trama-da-cbf-para-forcar-a-liberacao-de-pedro\/","url":"https:\/\/www.gaveanews.com\/index.php\/2021\/06\/18\/flamengo-ve-trama-da-cbf-para-forcar-a-liberacao-de-pedro\/","name":"Flamengo v\u00ea trama da CBF para for\u00e7ar a libera\u00e7\u00e3o de Pedro","isPartOf":{"@id":"https:\/\/www.gaveanews.com\/#website"},"primaryImageOfPage":{"@id":"https:\/\/www.gaveanews.com\/index.php\/2021\/06\/18\/flamengo-ve-trama-da-cbf-para-forcar-a-liberacao-de-pedro\/#primaryimage"},"image":{"@id":"https:\/\/www.gaveanews.com\/index.php\/2021\/06\/18\/flamengo-ve-trama-da-cbf-para-forcar-a-liberacao-de-pedro\/#primaryimage"},"thumbnailUrl":"https:\/\/www.gaveanews.com\/wp-content\/uploads\/Pedro-comemora-apos-marcar-o-primeiro-gol-da-partida-entre-Flamengo-e-Bahia.webp","datePublished":"2021-06-18T03:15:00+00:00","author":{"@id":"https:\/\/www.gaveanews.com\/#\/schema\/person\/2ec14f73fb96be2caf28f91afb14749d"},"breadcrumb":{"@id":"https:\/\/www.gaveanews.com\/index.php\/2021\/06\/18\/flamengo-ve-trama-da-cbf-para-forcar-a-liberacao-de-pedro\/#breadcrumb"},"inLanguage":"pt-BR","potentialAction":[{"@type":"ReadAction","target":["https:\/\/www.gaveanews.com\/index.php\/2021\/06\/18\/flamengo-ve-trama-da-cbf-para-forcar-a-liberacao-de-pedro\/"]}]},{"@type":"ImageObject","inLanguage":"pt-BR","@id":"https:\/\/www.gaveanews.com\/index.php\/2021\/06\/18\/flamengo-ve-trama-da-cbf-para-forcar-a-liberacao-de-pedro\/#primaryimage","url":"https:\/\/www.gaveanews.com\/wp-content\/uploads\/Pedro-comemora-apos-marcar-o-primeiro-gol-da-partida-entre-Flamengo-e-Bahia.webp","contentUrl":"https:\/\/www.gaveanews.com\/wp-content\/uploads\/Pedro-comemora-apos-marcar-o-primeiro-gol-da-partida-entre-Flamengo-e-Bahia.webp","width":800,"height":533,"caption":"Pedro comemora ap\u00f3s marcar o primeiro gol da partida entre Flamengo e Bahia (Foto: Alexandre Vidal\/Flamengo)"},{"@type":"BreadcrumbList","@id":"https:\/\/www.gaveanews.com\/index.php\/2021\/06\/18\/flamengo-ve-trama-da-cbf-para-forcar-a-liberacao-de-pedro\/#breadcrumb","itemListElement":[{"@type":"ListItem","position":1,"name":"Home","item":"https:\/\/www.gaveanews.com\/"},{"@type":"ListItem","position":2,"name":"Flamengo v\u00ea trama da CBF para for\u00e7ar a libera\u00e7\u00e3o de Pedro"}]},{"@type":"WebSite","@id":"https:\/\/www.gaveanews.com\/#website","url":"https:\/\/www.gaveanews.com\/","name":"G\u00e1vea News","description":"Veja todas as not\u00edcias sobre o Flamengo: Contrata\u00e7\u00f5es, categorias de base, resultados das partidas, tabela de classifica\u00e7\u00e3o, pr\u00f3ximos jogos!","potentialAction":[{"@type":"SearchAction","target":{"@type":"EntryPoint","urlTemplate":"https:\/\/www.gaveanews.com\/?s={search_term_string}"},"query-input":{"@type":"PropertyValueSpecification","valueRequired":true,"valueName":"search_term_string"}}],"inLanguage":"pt-BR"},{"@type":"Person","@id":"https:\/\/www.gaveanews.com\/#\/schema\/person\/2ec14f73fb96be2caf28f91afb14749d","name":"Equipe G\u00e1vea News","image":{"@type":"ImageObject","inLanguage":"pt-BR","@id":"https:\/\/www.gaveanews.com\/#\/schema\/person\/image\/","url":"https:\/\/secure.gravatar.com\/avatar\/1e1956f1facbffd3f8fa53a326721950116b3b9dc9bd44939c01180fd4a745a9?s=96&d=mm&r=g","contentUrl":"https:\/\/secure.gravatar.com\/avatar\/1e1956f1facbffd3f8fa53a326721950116b3b9dc9bd44939c01180fd4a745a9?s=96&d=mm&r=g","caption":"Equipe G\u00e1vea News"}}]}},"_links":{"self":[{"href":"https:\/\/www.gaveanews.com\/index.php\/wp-json\/wp\/v2\/posts\/63185","targetHints":{"allow":["GET"]}}],"collection":[{"href":"https:\/\/www.gaveanews.com\/index.php\/wp-json\/wp\/v2\/posts"}],"about":[{"href":"https:\/\/www.gaveanews.com\/index.php\/wp-json\/wp\/v2\/types\/post"}],"author":[{"embeddable":true,"href":"https:\/\/www.gaveanews.com\/index.php\/wp-json\/wp\/v2\/users\/1"}],"replies":[{"embeddable":true,"href":"https:\/\/www.gaveanews.com\/index.php\/wp-json\/wp\/v2\/comments?post=63185"}],"version-history":[{"count":0,"href":"https:\/\/www.gaveanews.com\/index.php\/wp-json\/wp\/v2\/posts\/63185\/revisions"}],"wp:featuredmedia":[{"embeddable":true,"href":"https:\/\/www.gaveanews.com\/index.php\/wp-json\/wp\/v2\/media\/46738"}],"wp:attachment":[{"href":"https:\/\/www.gaveanews.com\/index.php\/wp-json\/wp\/v2\/media?parent=63185"}],"wp:term":[{"taxonomy":"category","embeddable":true,"href":"https:\/\/www.gaveanews.com\/index.php\/wp-json\/wp\/v2\/categories?post=63185"},{"taxonomy":"post_tag","embeddable":true,"href":"https:\/\/www.gaveanews.com\/index.php\/wp-json\/wp\/v2\/tags?post=63185"}],"curies":[{"name":"wp","href":"https:\/\/api.w.org\/{rel}","templated":true}]}}