{"id":63212,"date":"2021-06-18T15:22:26","date_gmt":"2021-06-18T18:22:26","guid":{"rendered":"https:\/\/www.gaveanews.com\/?p=63212"},"modified":"2021-08-12T00:46:36","modified_gmt":"2021-08-12T03:46:36","slug":"bragantino-justifica-baixas-de-barbieri-e-claudinho-para-jogo-contra-o-fla","status":"publish","type":"post","link":"https:\/\/www.gaveanews.com\/index.php\/2021\/06\/18\/bragantino-justifica-baixas-de-barbieri-e-claudinho-para-jogo-contra-o-fla\/","title":{"rendered":"Bragantino justifica baixas de Barbieri e Claudinho para jogo contra o Fla"},"content":{"rendered":"\n<p>Depois de vencer o Coritiba, tanto no jogo de ida, quanto no de volta, o Flamengo segue embalado na temporada e mira uma nova vit\u00f3ria. O foco desta vez est\u00e1 fixo no Brasileir\u00e3o, onde o Mais Querido busca manter seu resultado positivo absoluto de aproveitamento.<\/p>\n\n\n\n<p>Assim como j\u00e1 vinha ocorrendo, o rubro-negro permanecer\u00e1 desfalcado por conta da Copa Am\u00e9rica e de alguns jogadores que permanecem sob os cuidados da ala m\u00e9dica. O Bragantino, por sua vez, tamb\u00e9m contar\u00e1 com desfalques importantes.<\/p>\n\n\n\n<p>Inicialmente, Maur\u00edcio Barbieri cumprir\u00e1 suspens\u00e3o de dois jogos referentes ao julgamento do Campeonato Brasileiro 2020. O time paulista busca formas de conseguir a libera\u00e7\u00e3o do t\u00e9cnico para o duelo contra o Flamengo neste fim de semana, ainda sem sucesso.<\/p>\n\n\n\n<p>O clube da Red Bull ainda contar\u00e1 com mais duas baixas: Claudinho e Luan C\u00e2ndido. O primeiro foi avaliado pelo departamento m\u00e9dico da equipe paulista, e, por conta de desgaste f\u00edsico, a decis\u00e3o foi de mant\u00ea-lo fora da partida. O lateral-esquerdo de 20 anos, no entanto, trata les\u00e3o no adutor da coxa esquerda e tamb\u00e9m n\u00e3o foi relacionado para o jogo.<\/p>\n\n\n\n<p>Pelo lado rubro-negro, o time voltar\u00e1 a ser comandado por seu treinador. Ap\u00f3s ter testado negativo pra novo exame de Covid-19, o t\u00e9cnico voltar\u00e1 a comandar a equipe da beira de campo no Maracan\u00e3.<\/p>\n\n\n\n<p>Neste contexto, Bragantino e Flamengo se enfrentar\u00e3o pela 5\u00aa rodada do Brasileir\u00e3o neste s\u00e1bado (19). O duelo ocorrer\u00e1 \u00e0s 21h (hor\u00e1rio de Bras\u00edlia) e ser\u00e1 transmitido pelo SporTV.<\/p>\n","protected":false},"excerpt":{"rendered":"<p>Depois de vencer o Coritiba, tanto no jogo de ida, quanto no de volta, o Flamengo segue embalado na temporada e mira uma nova vit\u00f3ria. O foco desta vez est\u00e1 fixo no Brasileir\u00e3o, onde o Mais Querido busca manter seu resultado positivo absoluto de aproveitamento. Assim como j\u00e1 vinha ocorrendo, o rubro-negro permanecer\u00e1 desfalcado por [&hellip;]<\/p>\n","protected":false},"author":4,"featured_media":55673,"comment_status":"open","ping_status":"closed","sticky":false,"template":"","format":"standard","meta":{"footnotes":""},"categories":[1],"tags":[],"class_list":["post-63212","post","type-post","status-publish","format-standard","has-post-thumbnail","hentry","category-flamengo"],"yoast_head":"<!-- This site is optimized with the Yoast SEO Premium plugin v24.2 (Yoast SEO v26.9) - https:\/\/yoast.com\/product\/yoast-seo-premium-wordpress\/ -->\n<title>Bragantino justifica baixas de Barbieri e Claudinho para jogo contra o Fla<\/title>\n<meta name=\"robots\" content=\"index, follow, max-snippet:-1, max-image-preview:large, max-video-preview:-1\" \/>\n<link rel=\"canonical\" href=\"https:\/\/www.gaveanews.com\/index.php\/2021\/06\/18\/bragantino-justifica-baixas-de-barbieri-e-claudinho-para-jogo-contra-o-fla\/\" \/>\n<meta property=\"og:locale\" content=\"pt_BR\" \/>\n<meta property=\"og:type\" content=\"article\" \/>\n<meta property=\"og:title\" content=\"Bragantino justifica baixas de Barbieri e Claudinho para jogo contra o Fla\" \/>\n<meta property=\"og:description\" content=\"Depois de vencer o Coritiba, tanto no jogo de ida, quanto no de volta, o Flamengo segue embalado na temporada e mira uma nova vit\u00f3ria. O foco desta vez est\u00e1 fixo no Brasileir\u00e3o, onde o Mais Querido busca manter seu resultado positivo absoluto de aproveitamento. Assim como j\u00e1 vinha ocorrendo, o rubro-negro permanecer\u00e1 desfalcado por [&hellip;]\" \/>\n<meta property=\"og:url\" content=\"https:\/\/www.gaveanews.com\/index.php\/2021\/06\/18\/bragantino-justifica-baixas-de-barbieri-e-claudinho-para-jogo-contra-o-fla\/\" \/>\n<meta property=\"og:site_name\" content=\"G\u00e1vea News\" \/>\n<meta property=\"article:publisher\" content=\"https:\/\/facebook.com\/gaveaNews\/\" \/>\n<meta property=\"article:published_time\" content=\"2021-06-18T18:22:26+00:00\" \/>\n<meta property=\"article:modified_time\" content=\"2021-08-12T03:46:36+00:00\" \/>\n<meta property=\"og:image\" content=\"https:\/\/www.gaveanews.com\/wp-content\/uploads\/Claudinho-comemora-apos-marcar-pelo-Bragantino.webp\" \/>\n\t<meta property=\"og:image:width\" content=\"910\" \/>\n\t<meta property=\"og:image:height\" content=\"609\" \/>\n\t<meta property=\"og:image:type\" content=\"image\/jpeg\" \/>\n<meta name=\"author\" content=\"Let\u00edcia Gerheim\" \/>\n<meta name=\"twitter:card\" content=\"summary_large_image\" \/>\n<meta name=\"twitter:label1\" content=\"Escrito por\" \/>\n\t<meta name=\"twitter:data1\" content=\"Let\u00edcia Gerheim\" \/>\n\t<meta name=\"twitter:label2\" content=\"Est. tempo de leitura\" \/>\n\t<meta name=\"twitter:data2\" content=\"2 minutos\" \/>\n<script type=\"application\/ld+json\" class=\"yoast-schema-graph\">{\"@context\":\"https:\/\/schema.org\",\"@graph\":[{\"@type\":\"NewsArticle\",\"@id\":\"https:\/\/www.gaveanews.com\/index.php\/2021\/06\/18\/bragantino-justifica-baixas-de-barbieri-e-claudinho-para-jogo-contra-o-fla\/#article\",\"isPartOf\":{\"@id\":\"https:\/\/www.gaveanews.com\/index.php\/2021\/06\/18\/bragantino-justifica-baixas-de-barbieri-e-claudinho-para-jogo-contra-o-fla\/\"},\"author\":{\"name\":\"Let\u00edcia Gerheim\",\"@id\":\"https:\/\/www.gaveanews.com\/#\/schema\/person\/714c67050b836198af2450ba1c142a67\"},\"headline\":\"Bragantino justifica baixas de Barbieri e Claudinho para jogo contra o Fla\",\"datePublished\":\"2021-06-18T18:22:26+00:00\",\"dateModified\":\"2021-08-12T03:46:36+00:00\",\"mainEntityOfPage\":{\"@id\":\"https:\/\/www.gaveanews.com\/index.php\/2021\/06\/18\/bragantino-justifica-baixas-de-barbieri-e-claudinho-para-jogo-contra-o-fla\/\"},\"wordCount\":275,\"commentCount\":6,\"image\":{\"@id\":\"https:\/\/www.gaveanews.com\/index.php\/2021\/06\/18\/bragantino-justifica-baixas-de-barbieri-e-claudinho-para-jogo-contra-o-fla\/#primaryimage\"},\"thumbnailUrl\":\"https:\/\/www.gaveanews.com\/wp-content\/uploads\/Claudinho-comemora-apos-marcar-pelo-Bragantino.webp\",\"articleSection\":[\"Flamengo\"],\"inLanguage\":\"pt-BR\",\"potentialAction\":[{\"@type\":\"CommentAction\",\"name\":\"Comment\",\"target\":[\"https:\/\/www.gaveanews.com\/index.php\/2021\/06\/18\/bragantino-justifica-baixas-de-barbieri-e-claudinho-para-jogo-contra-o-fla\/#respond\"]}],\"copyrightYear\":\"2021\",\"copyrightHolder\":{\"@id\":\"https:\/\/www.gaveanews.com\/#organization\"}},{\"@type\":\"WebPage\",\"@id\":\"https:\/\/www.gaveanews.com\/index.php\/2021\/06\/18\/bragantino-justifica-baixas-de-barbieri-e-claudinho-para-jogo-contra-o-fla\/\",\"url\":\"https:\/\/www.gaveanews.com\/index.php\/2021\/06\/18\/bragantino-justifica-baixas-de-barbieri-e-claudinho-para-jogo-contra-o-fla\/\",\"name\":\"Bragantino justifica baixas de Barbieri e Claudinho para jogo contra o Fla\",\"isPartOf\":{\"@id\":\"https:\/\/www.gaveanews.com\/#website\"},\"primaryImageOfPage\":{\"@id\":\"https:\/\/www.gaveanews.com\/index.php\/2021\/06\/18\/bragantino-justifica-baixas-de-barbieri-e-claudinho-para-jogo-contra-o-fla\/#primaryimage\"},\"image\":{\"@id\":\"https:\/\/www.gaveanews.com\/index.php\/2021\/06\/18\/bragantino-justifica-baixas-de-barbieri-e-claudinho-para-jogo-contra-o-fla\/#primaryimage\"},\"thumbnailUrl\":\"https:\/\/www.gaveanews.com\/wp-content\/uploads\/Claudinho-comemora-apos-marcar-pelo-Bragantino.webp\",\"datePublished\":\"2021-06-18T18:22:26+00:00\",\"dateModified\":\"2021-08-12T03:46:36+00:00\",\"author\":{\"@id\":\"https:\/\/www.gaveanews.com\/#\/schema\/person\/714c67050b836198af2450ba1c142a67\"},\"breadcrumb\":{\"@id\":\"https:\/\/www.gaveanews.com\/index.php\/2021\/06\/18\/bragantino-justifica-baixas-de-barbieri-e-claudinho-para-jogo-contra-o-fla\/#breadcrumb\"},\"inLanguage\":\"pt-BR\",\"potentialAction\":[{\"@type\":\"ReadAction\",\"target\":[\"https:\/\/www.gaveanews.com\/index.php\/2021\/06\/18\/bragantino-justifica-baixas-de-barbieri-e-claudinho-para-jogo-contra-o-fla\/\"]}]},{\"@type\":\"ImageObject\",\"inLanguage\":\"pt-BR\",\"@id\":\"https:\/\/www.gaveanews.com\/index.php\/2021\/06\/18\/bragantino-justifica-baixas-de-barbieri-e-claudinho-para-jogo-contra-o-fla\/#primaryimage\",\"url\":\"https:\/\/www.gaveanews.com\/wp-content\/uploads\/Claudinho-comemora-apos-marcar-pelo-Bragantino.webp\",\"contentUrl\":\"https:\/\/www.gaveanews.com\/wp-content\/uploads\/Claudinho-comemora-apos-marcar-pelo-Bragantino.webp\",\"width\":910,\"height\":609,\"caption\":\"Claudinho comemora ap\u00f3s marcar pelo Bragantino (Foto: Ari Ferreira\/Red Bull Bragantino)\"},{\"@type\":\"BreadcrumbList\",\"@id\":\"https:\/\/www.gaveanews.com\/index.php\/2021\/06\/18\/bragantino-justifica-baixas-de-barbieri-e-claudinho-para-jogo-contra-o-fla\/#breadcrumb\",\"itemListElement\":[{\"@type\":\"ListItem\",\"position\":1,\"name\":\"Home\",\"item\":\"https:\/\/www.gaveanews.com\/\"},{\"@type\":\"ListItem\",\"position\":2,\"name\":\"Bragantino justifica baixas de Barbieri e Claudinho para jogo contra o Fla\"}]},{\"@type\":\"WebSite\",\"@id\":\"https:\/\/www.gaveanews.com\/#website\",\"url\":\"https:\/\/www.gaveanews.com\/\",\"name\":\"G\u00e1vea News\",\"description\":\"Veja todas as not\u00edcias sobre o Flamengo: Contrata\u00e7\u00f5es, categorias de base, resultados das partidas, tabela de classifica\u00e7\u00e3o, pr\u00f3ximos jogos!\",\"potentialAction\":[{\"@type\":\"SearchAction\",\"target\":{\"@type\":\"EntryPoint\",\"urlTemplate\":\"https:\/\/www.gaveanews.com\/?s={search_term_string}\"},\"query-input\":{\"@type\":\"PropertyValueSpecification\",\"valueRequired\":true,\"valueName\":\"search_term_string\"}}],\"inLanguage\":\"pt-BR\"},{\"@type\":\"Person\",\"@id\":\"https:\/\/www.gaveanews.com\/#\/schema\/person\/714c67050b836198af2450ba1c142a67\",\"name\":\"Let\u00edcia Gerheim\",\"image\":{\"@type\":\"ImageObject\",\"inLanguage\":\"pt-BR\",\"@id\":\"https:\/\/www.gaveanews.com\/#\/schema\/person\/image\/\",\"url\":\"https:\/\/secure.gravatar.com\/avatar\/60734739c50fcebfbac509e2a826ccd0ff405c019bc73aab9354f19ecad1dcb4?s=96&d=mm&r=g\",\"contentUrl\":\"https:\/\/secure.gravatar.com\/avatar\/60734739c50fcebfbac509e2a826ccd0ff405c019bc73aab9354f19ecad1dcb4?s=96&d=mm&r=g\",\"caption\":\"Let\u00edcia Gerheim\"}}]}<\/script>\n<!-- \/ Yoast SEO Premium plugin. -->","yoast_head_json":{"title":"Bragantino justifica baixas de Barbieri e Claudinho para jogo contra o Fla","robots":{"index":"index","follow":"follow","max-snippet":"max-snippet:-1","max-image-preview":"max-image-preview:large","max-video-preview":"max-video-preview:-1"},"canonical":"https:\/\/www.gaveanews.com\/index.php\/2021\/06\/18\/bragantino-justifica-baixas-de-barbieri-e-claudinho-para-jogo-contra-o-fla\/","og_locale":"pt_BR","og_type":"article","og_title":"Bragantino justifica baixas de Barbieri e Claudinho para jogo contra o Fla","og_description":"Depois de vencer o Coritiba, tanto no jogo de ida, quanto no de volta, o Flamengo segue embalado na temporada e mira uma nova vit\u00f3ria. O foco desta vez est\u00e1 fixo no Brasileir\u00e3o, onde o Mais Querido busca manter seu resultado positivo absoluto de aproveitamento. Assim como j\u00e1 vinha ocorrendo, o rubro-negro permanecer\u00e1 desfalcado por [&hellip;]","og_url":"https:\/\/www.gaveanews.com\/index.php\/2021\/06\/18\/bragantino-justifica-baixas-de-barbieri-e-claudinho-para-jogo-contra-o-fla\/","og_site_name":"G\u00e1vea News","article_publisher":"https:\/\/facebook.com\/gaveaNews\/","article_published_time":"2021-06-18T18:22:26+00:00","article_modified_time":"2021-08-12T03:46:36+00:00","og_image":[{"width":910,"height":609,"url":"https:\/\/www.gaveanews.com\/wp-content\/uploads\/Claudinho-comemora-apos-marcar-pelo-Bragantino.webp","type":"image\/jpeg"}],"author":"Let\u00edcia Gerheim","twitter_card":"summary_large_image","twitter_misc":{"Escrito por":"Let\u00edcia Gerheim","Est. tempo de leitura":"2 minutos"},"schema":{"@context":"https:\/\/schema.org","@graph":[{"@type":"NewsArticle","@id":"https:\/\/www.gaveanews.com\/index.php\/2021\/06\/18\/bragantino-justifica-baixas-de-barbieri-e-claudinho-para-jogo-contra-o-fla\/#article","isPartOf":{"@id":"https:\/\/www.gaveanews.com\/index.php\/2021\/06\/18\/bragantino-justifica-baixas-de-barbieri-e-claudinho-para-jogo-contra-o-fla\/"},"author":{"name":"Let\u00edcia Gerheim","@id":"https:\/\/www.gaveanews.com\/#\/schema\/person\/714c67050b836198af2450ba1c142a67"},"headline":"Bragantino justifica baixas de Barbieri e Claudinho para jogo contra o Fla","datePublished":"2021-06-18T18:22:26+00:00","dateModified":"2021-08-12T03:46:36+00:00","mainEntityOfPage":{"@id":"https:\/\/www.gaveanews.com\/index.php\/2021\/06\/18\/bragantino-justifica-baixas-de-barbieri-e-claudinho-para-jogo-contra-o-fla\/"},"wordCount":275,"commentCount":6,"image":{"@id":"https:\/\/www.gaveanews.com\/index.php\/2021\/06\/18\/bragantino-justifica-baixas-de-barbieri-e-claudinho-para-jogo-contra-o-fla\/#primaryimage"},"thumbnailUrl":"https:\/\/www.gaveanews.com\/wp-content\/uploads\/Claudinho-comemora-apos-marcar-pelo-Bragantino.webp","articleSection":["Flamengo"],"inLanguage":"pt-BR","potentialAction":[{"@type":"CommentAction","name":"Comment","target":["https:\/\/www.gaveanews.com\/index.php\/2021\/06\/18\/bragantino-justifica-baixas-de-barbieri-e-claudinho-para-jogo-contra-o-fla\/#respond"]}],"copyrightYear":"2021","copyrightHolder":{"@id":"https:\/\/www.gaveanews.com\/#organization"}},{"@type":"WebPage","@id":"https:\/\/www.gaveanews.com\/index.php\/2021\/06\/18\/bragantino-justifica-baixas-de-barbieri-e-claudinho-para-jogo-contra-o-fla\/","url":"https:\/\/www.gaveanews.com\/index.php\/2021\/06\/18\/bragantino-justifica-baixas-de-barbieri-e-claudinho-para-jogo-contra-o-fla\/","name":"Bragantino justifica baixas de Barbieri e Claudinho para jogo contra o Fla","isPartOf":{"@id":"https:\/\/www.gaveanews.com\/#website"},"primaryImageOfPage":{"@id":"https:\/\/www.gaveanews.com\/index.php\/2021\/06\/18\/bragantino-justifica-baixas-de-barbieri-e-claudinho-para-jogo-contra-o-fla\/#primaryimage"},"image":{"@id":"https:\/\/www.gaveanews.com\/index.php\/2021\/06\/18\/bragantino-justifica-baixas-de-barbieri-e-claudinho-para-jogo-contra-o-fla\/#primaryimage"},"thumbnailUrl":"https:\/\/www.gaveanews.com\/wp-content\/uploads\/Claudinho-comemora-apos-marcar-pelo-Bragantino.webp","datePublished":"2021-06-18T18:22:26+00:00","dateModified":"2021-08-12T03:46:36+00:00","author":{"@id":"https:\/\/www.gaveanews.com\/#\/schema\/person\/714c67050b836198af2450ba1c142a67"},"breadcrumb":{"@id":"https:\/\/www.gaveanews.com\/index.php\/2021\/06\/18\/bragantino-justifica-baixas-de-barbieri-e-claudinho-para-jogo-contra-o-fla\/#breadcrumb"},"inLanguage":"pt-BR","potentialAction":[{"@type":"ReadAction","target":["https:\/\/www.gaveanews.com\/index.php\/2021\/06\/18\/bragantino-justifica-baixas-de-barbieri-e-claudinho-para-jogo-contra-o-fla\/"]}]},{"@type":"ImageObject","inLanguage":"pt-BR","@id":"https:\/\/www.gaveanews.com\/index.php\/2021\/06\/18\/bragantino-justifica-baixas-de-barbieri-e-claudinho-para-jogo-contra-o-fla\/#primaryimage","url":"https:\/\/www.gaveanews.com\/wp-content\/uploads\/Claudinho-comemora-apos-marcar-pelo-Bragantino.webp","contentUrl":"https:\/\/www.gaveanews.com\/wp-content\/uploads\/Claudinho-comemora-apos-marcar-pelo-Bragantino.webp","width":910,"height":609,"caption":"Claudinho comemora ap\u00f3s marcar pelo Bragantino (Foto: Ari Ferreira\/Red Bull Bragantino)"},{"@type":"BreadcrumbList","@id":"https:\/\/www.gaveanews.com\/index.php\/2021\/06\/18\/bragantino-justifica-baixas-de-barbieri-e-claudinho-para-jogo-contra-o-fla\/#breadcrumb","itemListElement":[{"@type":"ListItem","position":1,"name":"Home","item":"https:\/\/www.gaveanews.com\/"},{"@type":"ListItem","position":2,"name":"Bragantino justifica baixas de Barbieri e Claudinho para jogo contra o Fla"}]},{"@type":"WebSite","@id":"https:\/\/www.gaveanews.com\/#website","url":"https:\/\/www.gaveanews.com\/","name":"G\u00e1vea News","description":"Veja todas as not\u00edcias sobre o Flamengo: Contrata\u00e7\u00f5es, categorias de base, resultados das partidas, tabela de classifica\u00e7\u00e3o, pr\u00f3ximos jogos!","potentialAction":[{"@type":"SearchAction","target":{"@type":"EntryPoint","urlTemplate":"https:\/\/www.gaveanews.com\/?s={search_term_string}"},"query-input":{"@type":"PropertyValueSpecification","valueRequired":true,"valueName":"search_term_string"}}],"inLanguage":"pt-BR"},{"@type":"Person","@id":"https:\/\/www.gaveanews.com\/#\/schema\/person\/714c67050b836198af2450ba1c142a67","name":"Let\u00edcia Gerheim","image":{"@type":"ImageObject","inLanguage":"pt-BR","@id":"https:\/\/www.gaveanews.com\/#\/schema\/person\/image\/","url":"https:\/\/secure.gravatar.com\/avatar\/60734739c50fcebfbac509e2a826ccd0ff405c019bc73aab9354f19ecad1dcb4?s=96&d=mm&r=g","contentUrl":"https:\/\/secure.gravatar.com\/avatar\/60734739c50fcebfbac509e2a826ccd0ff405c019bc73aab9354f19ecad1dcb4?s=96&d=mm&r=g","caption":"Let\u00edcia Gerheim"}}]}},"_links":{"self":[{"href":"https:\/\/www.gaveanews.com\/index.php\/wp-json\/wp\/v2\/posts\/63212","targetHints":{"allow":["GET"]}}],"collection":[{"href":"https:\/\/www.gaveanews.com\/index.php\/wp-json\/wp\/v2\/posts"}],"about":[{"href":"https:\/\/www.gaveanews.com\/index.php\/wp-json\/wp\/v2\/types\/post"}],"author":[{"embeddable":true,"href":"https:\/\/www.gaveanews.com\/index.php\/wp-json\/wp\/v2\/users\/4"}],"replies":[{"embeddable":true,"href":"https:\/\/www.gaveanews.com\/index.php\/wp-json\/wp\/v2\/comments?post=63212"}],"version-history":[{"count":0,"href":"https:\/\/www.gaveanews.com\/index.php\/wp-json\/wp\/v2\/posts\/63212\/revisions"}],"wp:featuredmedia":[{"embeddable":true,"href":"https:\/\/www.gaveanews.com\/index.php\/wp-json\/wp\/v2\/media\/55673"}],"wp:attachment":[{"href":"https:\/\/www.gaveanews.com\/index.php\/wp-json\/wp\/v2\/media?parent=63212"}],"wp:term":[{"taxonomy":"category","embeddable":true,"href":"https:\/\/www.gaveanews.com\/index.php\/wp-json\/wp\/v2\/categories?post=63212"},{"taxonomy":"post_tag","embeddable":true,"href":"https:\/\/www.gaveanews.com\/index.php\/wp-json\/wp\/v2\/tags?post=63212"}],"curies":[{"name":"wp","href":"https:\/\/api.w.org\/{rel}","templated":true}]}}