{"id":63214,"date":"2021-06-18T17:12:32","date_gmt":"2021-06-18T20:12:32","guid":{"rendered":"https:\/\/www.gaveanews.com\/?p=63214"},"modified":"2021-08-12T00:46:35","modified_gmt":"2021-08-12T03:46:35","slug":"flamengo-e-natan-se-reencontrarao-pela-primeira-vez-desde-emprestimo","status":"publish","type":"post","link":"https:\/\/www.gaveanews.com\/index.php\/2021\/06\/18\/flamengo-e-natan-se-reencontrarao-pela-primeira-vez-desde-emprestimo\/","title":{"rendered":"Flamengo e Natan se reencontrar\u00e3o pela primeira vez desde empr\u00e9stimo"},"content":{"rendered":"\n<p>Nas \u00faltimas semanas, o rubro-negro caminhou a passos largos para sua melhor fase na temporada e agora joga para manter sua sequ\u00eancia sem sofrer gols. Assim, o clube enfrentar\u00e1 o Bragantino neste fim de semana e encontrar\u00e1 um rosto conhecido.<\/p>\n\n\n\n<p>Natan, emprestado ao clube paulista desde mar\u00e7o deste ano, foi relacionado para o confronto e poder\u00e1 ser um dos titulares da equipe. No contrato do Flamengo com o time da Red Bull, o Mais Querido n\u00e3o colocou nenhuma cl\u00e1usula proibindo o zagueiro de atuar contra o Fla, o que tornar\u00e1 o encontro poss\u00edvel.<\/p>\n\n\n\n<p>O defensor foi emprestado ao Bragantino por R$ 5 milh\u00f5es, com obriga\u00e7\u00e3o de compra caso o jogador participe de 20 partidas pelo time no per\u00edodo. O n\u00famero de partidas \u00e9 baixo, o que faz do acordo praticamente uma venda. Caso o atleta cumpra a meta de partidas, o Flamengo receber\u00e1 mais R$ 22 milh\u00f5es pela negocia\u00e7\u00e3o.<\/p>\n\n\n\n<p>Sendo assim, a equipe vai adquirir 48% dos direitos econ\u00f4micos do defensor. O Flamengo, que atualmente tem 60%, ficar\u00e1 com 12% para uma futura negocia\u00e7\u00e3o.<\/p>\n\n\n\n<p>Desta forma, o Mais Querido finaliza suas prepara\u00e7\u00f5es para enfrentar o Bragantino pela 5\u00aa rodada do Campeonato Brasileiro. O confronto ocorrer\u00e1 neste s\u00e1bado (19), \u00e0s 21h (hor\u00e1rio de Bras\u00edlia), no Maracan\u00e3, e ser\u00e1 transmitido pelo SporTV.<\/p>\n","protected":false},"excerpt":{"rendered":"<p>Nas \u00faltimas semanas, o rubro-negro caminhou a passos largos para sua melhor fase na temporada e agora joga para manter sua sequ\u00eancia sem sofrer gols. Assim, o clube enfrentar\u00e1 o Bragantino neste fim de semana e encontrar\u00e1 um rosto conhecido. Natan, emprestado ao clube paulista desde mar\u00e7o deste ano, foi relacionado para o confronto e [&hellip;]<\/p>\n","protected":false},"author":4,"featured_media":57142,"comment_status":"open","ping_status":"closed","sticky":false,"template":"","format":"standard","meta":{"footnotes":""},"categories":[1],"tags":[],"class_list":["post-63214","post","type-post","status-publish","format-standard","has-post-thumbnail","hentry","category-flamengo"],"yoast_head":"<!-- This site is optimized with the Yoast SEO Premium plugin v24.2 (Yoast SEO v26.9) - https:\/\/yoast.com\/product\/yoast-seo-premium-wordpress\/ -->\n<title>Flamengo e Natan se reencontrar\u00e3o pela primeira vez desde empr\u00e9stimo<\/title>\n<meta name=\"robots\" content=\"index, follow, max-snippet:-1, max-image-preview:large, max-video-preview:-1\" \/>\n<link rel=\"canonical\" href=\"https:\/\/www.gaveanews.com\/index.php\/2021\/06\/18\/flamengo-e-natan-se-reencontrarao-pela-primeira-vez-desde-emprestimo\/\" \/>\n<meta property=\"og:locale\" content=\"pt_BR\" \/>\n<meta property=\"og:type\" content=\"article\" \/>\n<meta property=\"og:title\" content=\"Flamengo e Natan se reencontrar\u00e3o pela primeira vez desde empr\u00e9stimo\" \/>\n<meta property=\"og:description\" content=\"Nas \u00faltimas semanas, o rubro-negro caminhou a passos largos para sua melhor fase na temporada e agora joga para manter sua sequ\u00eancia sem sofrer gols. Assim, o clube enfrentar\u00e1 o Bragantino neste fim de semana e encontrar\u00e1 um rosto conhecido. Natan, emprestado ao clube paulista desde mar\u00e7o deste ano, foi relacionado para o confronto e [&hellip;]\" \/>\n<meta property=\"og:url\" content=\"https:\/\/www.gaveanews.com\/index.php\/2021\/06\/18\/flamengo-e-natan-se-reencontrarao-pela-primeira-vez-desde-emprestimo\/\" \/>\n<meta property=\"og:site_name\" content=\"G\u00e1vea News\" \/>\n<meta property=\"article:publisher\" content=\"https:\/\/facebook.com\/gaveaNews\/\" \/>\n<meta property=\"article:published_time\" content=\"2021-06-18T20:12:32+00:00\" \/>\n<meta property=\"article:modified_time\" content=\"2021-08-12T03:46:35+00:00\" \/>\n<meta property=\"og:image\" content=\"https:\/\/www.gaveanews.com\/wp-content\/uploads\/Natan-em-acao-pelo-Flamengo-no-Maracana.webp\" \/>\n\t<meta property=\"og:image:width\" content=\"846\" \/>\n\t<meta property=\"og:image:height\" content=\"476\" \/>\n\t<meta property=\"og:image:type\" content=\"image\/jpeg\" \/>\n<meta name=\"author\" content=\"Let\u00edcia Gerheim\" \/>\n<meta name=\"twitter:card\" content=\"summary_large_image\" \/>\n<meta name=\"twitter:label1\" content=\"Escrito por\" \/>\n\t<meta name=\"twitter:data1\" content=\"Let\u00edcia Gerheim\" \/>\n\t<meta name=\"twitter:label2\" content=\"Est. tempo de leitura\" \/>\n\t<meta name=\"twitter:data2\" content=\"1 minuto\" \/>\n<script type=\"application\/ld+json\" class=\"yoast-schema-graph\">{\"@context\":\"https:\/\/schema.org\",\"@graph\":[{\"@type\":\"NewsArticle\",\"@id\":\"https:\/\/www.gaveanews.com\/index.php\/2021\/06\/18\/flamengo-e-natan-se-reencontrarao-pela-primeira-vez-desde-emprestimo\/#article\",\"isPartOf\":{\"@id\":\"https:\/\/www.gaveanews.com\/index.php\/2021\/06\/18\/flamengo-e-natan-se-reencontrarao-pela-primeira-vez-desde-emprestimo\/\"},\"author\":{\"name\":\"Let\u00edcia Gerheim\",\"@id\":\"https:\/\/www.gaveanews.com\/#\/schema\/person\/714c67050b836198af2450ba1c142a67\"},\"headline\":\"Flamengo e Natan se reencontrar\u00e3o pela primeira vez desde empr\u00e9stimo\",\"datePublished\":\"2021-06-18T20:12:32+00:00\",\"dateModified\":\"2021-08-12T03:46:35+00:00\",\"mainEntityOfPage\":{\"@id\":\"https:\/\/www.gaveanews.com\/index.php\/2021\/06\/18\/flamengo-e-natan-se-reencontrarao-pela-primeira-vez-desde-emprestimo\/\"},\"wordCount\":230,\"commentCount\":10,\"image\":{\"@id\":\"https:\/\/www.gaveanews.com\/index.php\/2021\/06\/18\/flamengo-e-natan-se-reencontrarao-pela-primeira-vez-desde-emprestimo\/#primaryimage\"},\"thumbnailUrl\":\"https:\/\/www.gaveanews.com\/wp-content\/uploads\/Natan-em-acao-pelo-Flamengo-no-Maracana.webp\",\"articleSection\":[\"Flamengo\"],\"inLanguage\":\"pt-BR\",\"potentialAction\":[{\"@type\":\"CommentAction\",\"name\":\"Comment\",\"target\":[\"https:\/\/www.gaveanews.com\/index.php\/2021\/06\/18\/flamengo-e-natan-se-reencontrarao-pela-primeira-vez-desde-emprestimo\/#respond\"]}],\"copyrightYear\":\"2021\",\"copyrightHolder\":{\"@id\":\"https:\/\/www.gaveanews.com\/#organization\"}},{\"@type\":\"WebPage\",\"@id\":\"https:\/\/www.gaveanews.com\/index.php\/2021\/06\/18\/flamengo-e-natan-se-reencontrarao-pela-primeira-vez-desde-emprestimo\/\",\"url\":\"https:\/\/www.gaveanews.com\/index.php\/2021\/06\/18\/flamengo-e-natan-se-reencontrarao-pela-primeira-vez-desde-emprestimo\/\",\"name\":\"Flamengo e Natan se reencontrar\u00e3o pela primeira vez desde empr\u00e9stimo\",\"isPartOf\":{\"@id\":\"https:\/\/www.gaveanews.com\/#website\"},\"primaryImageOfPage\":{\"@id\":\"https:\/\/www.gaveanews.com\/index.php\/2021\/06\/18\/flamengo-e-natan-se-reencontrarao-pela-primeira-vez-desde-emprestimo\/#primaryimage\"},\"image\":{\"@id\":\"https:\/\/www.gaveanews.com\/index.php\/2021\/06\/18\/flamengo-e-natan-se-reencontrarao-pela-primeira-vez-desde-emprestimo\/#primaryimage\"},\"thumbnailUrl\":\"https:\/\/www.gaveanews.com\/wp-content\/uploads\/Natan-em-acao-pelo-Flamengo-no-Maracana.webp\",\"datePublished\":\"2021-06-18T20:12:32+00:00\",\"dateModified\":\"2021-08-12T03:46:35+00:00\",\"author\":{\"@id\":\"https:\/\/www.gaveanews.com\/#\/schema\/person\/714c67050b836198af2450ba1c142a67\"},\"breadcrumb\":{\"@id\":\"https:\/\/www.gaveanews.com\/index.php\/2021\/06\/18\/flamengo-e-natan-se-reencontrarao-pela-primeira-vez-desde-emprestimo\/#breadcrumb\"},\"inLanguage\":\"pt-BR\",\"potentialAction\":[{\"@type\":\"ReadAction\",\"target\":[\"https:\/\/www.gaveanews.com\/index.php\/2021\/06\/18\/flamengo-e-natan-se-reencontrarao-pela-primeira-vez-desde-emprestimo\/\"]}]},{\"@type\":\"ImageObject\",\"inLanguage\":\"pt-BR\",\"@id\":\"https:\/\/www.gaveanews.com\/index.php\/2021\/06\/18\/flamengo-e-natan-se-reencontrarao-pela-primeira-vez-desde-emprestimo\/#primaryimage\",\"url\":\"https:\/\/www.gaveanews.com\/wp-content\/uploads\/Natan-em-acao-pelo-Flamengo-no-Maracana.webp\",\"contentUrl\":\"https:\/\/www.gaveanews.com\/wp-content\/uploads\/Natan-em-acao-pelo-Flamengo-no-Maracana.webp\",\"width\":846,\"height\":476,\"caption\":\"Natan em a\u00e7\u00e3o pelo Flamengo no Maracan\u00e3 (Foto: Marcelo Cortes\/Flamengo)\"},{\"@type\":\"BreadcrumbList\",\"@id\":\"https:\/\/www.gaveanews.com\/index.php\/2021\/06\/18\/flamengo-e-natan-se-reencontrarao-pela-primeira-vez-desde-emprestimo\/#breadcrumb\",\"itemListElement\":[{\"@type\":\"ListItem\",\"position\":1,\"name\":\"Home\",\"item\":\"https:\/\/www.gaveanews.com\/\"},{\"@type\":\"ListItem\",\"position\":2,\"name\":\"Flamengo e Natan se reencontrar\u00e3o pela primeira vez desde empr\u00e9stimo\"}]},{\"@type\":\"WebSite\",\"@id\":\"https:\/\/www.gaveanews.com\/#website\",\"url\":\"https:\/\/www.gaveanews.com\/\",\"name\":\"G\u00e1vea News\",\"description\":\"Veja todas as not\u00edcias sobre o Flamengo: Contrata\u00e7\u00f5es, categorias de base, resultados das partidas, tabela de classifica\u00e7\u00e3o, pr\u00f3ximos jogos!\",\"potentialAction\":[{\"@type\":\"SearchAction\",\"target\":{\"@type\":\"EntryPoint\",\"urlTemplate\":\"https:\/\/www.gaveanews.com\/?s={search_term_string}\"},\"query-input\":{\"@type\":\"PropertyValueSpecification\",\"valueRequired\":true,\"valueName\":\"search_term_string\"}}],\"inLanguage\":\"pt-BR\"},{\"@type\":\"Person\",\"@id\":\"https:\/\/www.gaveanews.com\/#\/schema\/person\/714c67050b836198af2450ba1c142a67\",\"name\":\"Let\u00edcia Gerheim\",\"image\":{\"@type\":\"ImageObject\",\"inLanguage\":\"pt-BR\",\"@id\":\"https:\/\/www.gaveanews.com\/#\/schema\/person\/image\/\",\"url\":\"https:\/\/secure.gravatar.com\/avatar\/60734739c50fcebfbac509e2a826ccd0ff405c019bc73aab9354f19ecad1dcb4?s=96&d=mm&r=g\",\"contentUrl\":\"https:\/\/secure.gravatar.com\/avatar\/60734739c50fcebfbac509e2a826ccd0ff405c019bc73aab9354f19ecad1dcb4?s=96&d=mm&r=g\",\"caption\":\"Let\u00edcia Gerheim\"}}]}<\/script>\n<!-- \/ Yoast SEO Premium plugin. -->","yoast_head_json":{"title":"Flamengo e Natan se reencontrar\u00e3o pela primeira vez desde empr\u00e9stimo","robots":{"index":"index","follow":"follow","max-snippet":"max-snippet:-1","max-image-preview":"max-image-preview:large","max-video-preview":"max-video-preview:-1"},"canonical":"https:\/\/www.gaveanews.com\/index.php\/2021\/06\/18\/flamengo-e-natan-se-reencontrarao-pela-primeira-vez-desde-emprestimo\/","og_locale":"pt_BR","og_type":"article","og_title":"Flamengo e Natan se reencontrar\u00e3o pela primeira vez desde empr\u00e9stimo","og_description":"Nas \u00faltimas semanas, o rubro-negro caminhou a passos largos para sua melhor fase na temporada e agora joga para manter sua sequ\u00eancia sem sofrer gols. Assim, o clube enfrentar\u00e1 o Bragantino neste fim de semana e encontrar\u00e1 um rosto conhecido. Natan, emprestado ao clube paulista desde mar\u00e7o deste ano, foi relacionado para o confronto e [&hellip;]","og_url":"https:\/\/www.gaveanews.com\/index.php\/2021\/06\/18\/flamengo-e-natan-se-reencontrarao-pela-primeira-vez-desde-emprestimo\/","og_site_name":"G\u00e1vea News","article_publisher":"https:\/\/facebook.com\/gaveaNews\/","article_published_time":"2021-06-18T20:12:32+00:00","article_modified_time":"2021-08-12T03:46:35+00:00","og_image":[{"width":846,"height":476,"url":"https:\/\/www.gaveanews.com\/wp-content\/uploads\/Natan-em-acao-pelo-Flamengo-no-Maracana.webp","type":"image\/jpeg"}],"author":"Let\u00edcia Gerheim","twitter_card":"summary_large_image","twitter_misc":{"Escrito por":"Let\u00edcia Gerheim","Est. tempo de leitura":"1 minuto"},"schema":{"@context":"https:\/\/schema.org","@graph":[{"@type":"NewsArticle","@id":"https:\/\/www.gaveanews.com\/index.php\/2021\/06\/18\/flamengo-e-natan-se-reencontrarao-pela-primeira-vez-desde-emprestimo\/#article","isPartOf":{"@id":"https:\/\/www.gaveanews.com\/index.php\/2021\/06\/18\/flamengo-e-natan-se-reencontrarao-pela-primeira-vez-desde-emprestimo\/"},"author":{"name":"Let\u00edcia Gerheim","@id":"https:\/\/www.gaveanews.com\/#\/schema\/person\/714c67050b836198af2450ba1c142a67"},"headline":"Flamengo e Natan se reencontrar\u00e3o pela primeira vez desde empr\u00e9stimo","datePublished":"2021-06-18T20:12:32+00:00","dateModified":"2021-08-12T03:46:35+00:00","mainEntityOfPage":{"@id":"https:\/\/www.gaveanews.com\/index.php\/2021\/06\/18\/flamengo-e-natan-se-reencontrarao-pela-primeira-vez-desde-emprestimo\/"},"wordCount":230,"commentCount":10,"image":{"@id":"https:\/\/www.gaveanews.com\/index.php\/2021\/06\/18\/flamengo-e-natan-se-reencontrarao-pela-primeira-vez-desde-emprestimo\/#primaryimage"},"thumbnailUrl":"https:\/\/www.gaveanews.com\/wp-content\/uploads\/Natan-em-acao-pelo-Flamengo-no-Maracana.webp","articleSection":["Flamengo"],"inLanguage":"pt-BR","potentialAction":[{"@type":"CommentAction","name":"Comment","target":["https:\/\/www.gaveanews.com\/index.php\/2021\/06\/18\/flamengo-e-natan-se-reencontrarao-pela-primeira-vez-desde-emprestimo\/#respond"]}],"copyrightYear":"2021","copyrightHolder":{"@id":"https:\/\/www.gaveanews.com\/#organization"}},{"@type":"WebPage","@id":"https:\/\/www.gaveanews.com\/index.php\/2021\/06\/18\/flamengo-e-natan-se-reencontrarao-pela-primeira-vez-desde-emprestimo\/","url":"https:\/\/www.gaveanews.com\/index.php\/2021\/06\/18\/flamengo-e-natan-se-reencontrarao-pela-primeira-vez-desde-emprestimo\/","name":"Flamengo e Natan se reencontrar\u00e3o pela primeira vez desde empr\u00e9stimo","isPartOf":{"@id":"https:\/\/www.gaveanews.com\/#website"},"primaryImageOfPage":{"@id":"https:\/\/www.gaveanews.com\/index.php\/2021\/06\/18\/flamengo-e-natan-se-reencontrarao-pela-primeira-vez-desde-emprestimo\/#primaryimage"},"image":{"@id":"https:\/\/www.gaveanews.com\/index.php\/2021\/06\/18\/flamengo-e-natan-se-reencontrarao-pela-primeira-vez-desde-emprestimo\/#primaryimage"},"thumbnailUrl":"https:\/\/www.gaveanews.com\/wp-content\/uploads\/Natan-em-acao-pelo-Flamengo-no-Maracana.webp","datePublished":"2021-06-18T20:12:32+00:00","dateModified":"2021-08-12T03:46:35+00:00","author":{"@id":"https:\/\/www.gaveanews.com\/#\/schema\/person\/714c67050b836198af2450ba1c142a67"},"breadcrumb":{"@id":"https:\/\/www.gaveanews.com\/index.php\/2021\/06\/18\/flamengo-e-natan-se-reencontrarao-pela-primeira-vez-desde-emprestimo\/#breadcrumb"},"inLanguage":"pt-BR","potentialAction":[{"@type":"ReadAction","target":["https:\/\/www.gaveanews.com\/index.php\/2021\/06\/18\/flamengo-e-natan-se-reencontrarao-pela-primeira-vez-desde-emprestimo\/"]}]},{"@type":"ImageObject","inLanguage":"pt-BR","@id":"https:\/\/www.gaveanews.com\/index.php\/2021\/06\/18\/flamengo-e-natan-se-reencontrarao-pela-primeira-vez-desde-emprestimo\/#primaryimage","url":"https:\/\/www.gaveanews.com\/wp-content\/uploads\/Natan-em-acao-pelo-Flamengo-no-Maracana.webp","contentUrl":"https:\/\/www.gaveanews.com\/wp-content\/uploads\/Natan-em-acao-pelo-Flamengo-no-Maracana.webp","width":846,"height":476,"caption":"Natan em a\u00e7\u00e3o pelo Flamengo no Maracan\u00e3 (Foto: Marcelo Cortes\/Flamengo)"},{"@type":"BreadcrumbList","@id":"https:\/\/www.gaveanews.com\/index.php\/2021\/06\/18\/flamengo-e-natan-se-reencontrarao-pela-primeira-vez-desde-emprestimo\/#breadcrumb","itemListElement":[{"@type":"ListItem","position":1,"name":"Home","item":"https:\/\/www.gaveanews.com\/"},{"@type":"ListItem","position":2,"name":"Flamengo e Natan se reencontrar\u00e3o pela primeira vez desde empr\u00e9stimo"}]},{"@type":"WebSite","@id":"https:\/\/www.gaveanews.com\/#website","url":"https:\/\/www.gaveanews.com\/","name":"G\u00e1vea News","description":"Veja todas as not\u00edcias sobre o Flamengo: Contrata\u00e7\u00f5es, categorias de base, resultados das partidas, tabela de classifica\u00e7\u00e3o, pr\u00f3ximos jogos!","potentialAction":[{"@type":"SearchAction","target":{"@type":"EntryPoint","urlTemplate":"https:\/\/www.gaveanews.com\/?s={search_term_string}"},"query-input":{"@type":"PropertyValueSpecification","valueRequired":true,"valueName":"search_term_string"}}],"inLanguage":"pt-BR"},{"@type":"Person","@id":"https:\/\/www.gaveanews.com\/#\/schema\/person\/714c67050b836198af2450ba1c142a67","name":"Let\u00edcia Gerheim","image":{"@type":"ImageObject","inLanguage":"pt-BR","@id":"https:\/\/www.gaveanews.com\/#\/schema\/person\/image\/","url":"https:\/\/secure.gravatar.com\/avatar\/60734739c50fcebfbac509e2a826ccd0ff405c019bc73aab9354f19ecad1dcb4?s=96&d=mm&r=g","contentUrl":"https:\/\/secure.gravatar.com\/avatar\/60734739c50fcebfbac509e2a826ccd0ff405c019bc73aab9354f19ecad1dcb4?s=96&d=mm&r=g","caption":"Let\u00edcia Gerheim"}}]}},"_links":{"self":[{"href":"https:\/\/www.gaveanews.com\/index.php\/wp-json\/wp\/v2\/posts\/63214","targetHints":{"allow":["GET"]}}],"collection":[{"href":"https:\/\/www.gaveanews.com\/index.php\/wp-json\/wp\/v2\/posts"}],"about":[{"href":"https:\/\/www.gaveanews.com\/index.php\/wp-json\/wp\/v2\/types\/post"}],"author":[{"embeddable":true,"href":"https:\/\/www.gaveanews.com\/index.php\/wp-json\/wp\/v2\/users\/4"}],"replies":[{"embeddable":true,"href":"https:\/\/www.gaveanews.com\/index.php\/wp-json\/wp\/v2\/comments?post=63214"}],"version-history":[{"count":0,"href":"https:\/\/www.gaveanews.com\/index.php\/wp-json\/wp\/v2\/posts\/63214\/revisions"}],"wp:featuredmedia":[{"embeddable":true,"href":"https:\/\/www.gaveanews.com\/index.php\/wp-json\/wp\/v2\/media\/57142"}],"wp:attachment":[{"href":"https:\/\/www.gaveanews.com\/index.php\/wp-json\/wp\/v2\/media?parent=63214"}],"wp:term":[{"taxonomy":"category","embeddable":true,"href":"https:\/\/www.gaveanews.com\/index.php\/wp-json\/wp\/v2\/categories?post=63214"},{"taxonomy":"post_tag","embeddable":true,"href":"https:\/\/www.gaveanews.com\/index.php\/wp-json\/wp\/v2\/tags?post=63214"}],"curies":[{"name":"wp","href":"https:\/\/api.w.org\/{rel}","templated":true}]}}