{"id":63223,"date":"2021-06-18T18:30:00","date_gmt":"2021-06-18T21:30:00","guid":{"rendered":"https:\/\/www.gaveanews.com\/?p=63223"},"modified":"2021-06-18T17:44:23","modified_gmt":"2021-06-18T20:44:23","slug":"flamengo-formaliza-pedido-no-stjd","status":"publish","type":"post","link":"https:\/\/www.gaveanews.com\/index.php\/2021\/06\/18\/flamengo-formaliza-pedido-no-stjd\/","title":{"rendered":"Flamengo formaliza pedido no STJD"},"content":{"rendered":"\n<p>Diante da negativa de paralisar o Brasileir\u00e3o durante a Copa Am\u00e9rica, o Flamengo entra na tarde desta sexta-feira (18), com uma Medida Inominada no Superior Tribunal de Justi\u00e7a Desportiva (STJD) pedindo a libera\u00e7\u00e3o do atacante Pedro da sele\u00e7\u00e3o ol\u00edmpica e assim poder escalar o jogador na competi\u00e7\u00e3o nacional, uma vez que seu nome n\u00e3o est\u00e1 &#8216;regularizado&#8217; por ter sido convocado oficialmente pela Confedera\u00e7\u00e3o Brasileira de Futebol (CBF).<\/p>\n\n\n\n<p>&#8220;O pedido do Flamengo \u00e9 para que a CBF libere o atleta no sistema, que hoje consta como convocado, portanto sem condi\u00e7\u00e3o de jogo. Os clubes n\u00e3o s\u00e3o obrigados a liberar atletas para jogos que n\u00e3o s\u00e3o oficiais da Fifa, como \u00e9 o caso das Olimp\u00edadas&#8221;, explica Fernanda Soares, advogada especialista em direito desportivo e colunista do Lei em Campo.<\/p>\n\n\n\n<p>Vin\u00edcius Loureiro, advogado especializado em direito desportivo, ressalta que o Flamengo poderia ser punido com base no art.207 do C\u00f3digo Brasileiro de Justi\u00e7a Desportiva (CBJD) se estivesse vetando a participa\u00e7\u00e3o de um atleta em competi\u00e7\u00f5es oficiais (Data Fifa), mas que isso n\u00e3o vale para o caso atual.<\/p>\n\n\n\n<p>O imbr\u00f3glio envolvendo o nome do atacante ganhou novos cap\u00edtulos nos \u00faltimos dias. Como o tribunal n\u00e3o tem o poder de dizer se a CBF pode ou n\u00e3o convocar o jogador, a entidade brasileira manteve Pedro na lista, apesar do Flamengo ter avisado que n\u00e3o liberaria o atleta, para justamente dificultar uma poss\u00edvel libera\u00e7\u00e3o.<\/p>\n\n\n\n<p>Por estar na lista, o Rubro-Negro precisa cobrar da CBF que regularize a situa\u00e7\u00e3o de Pedro atrav\u00e9s da a\u00e7\u00e3o no STJD. O clube afirma que j\u00e1 conversou com o jogador sobre a decis\u00e3o de vet\u00e1-lo dos Jogos Ol\u00edmpicos.<\/p>\n\n\n\n<p>No entanto, Pedro ao ter seu nome na lista do t\u00e9cnico Andr\u00e9 Jardine, comemorou sua convoca\u00e7\u00e3o em uma postagem nas suas redes sociais. Internamente, o Flamengo n\u00e3o acredita que o desejo do atleta force uma libera\u00e7\u00e3o, apesar do desejo de representar a camisa brasileira em T\u00f3quio.<\/p>\n\n\n\n<p>Ap\u00f3s a convoca\u00e7\u00e3o oficial na \u00faltima quarta-feira (16), o vice de rela\u00e7\u00f5es externas do Flamengo, Luiz Eduardo Baptista, conhecido como Bap, desabou nas redes sociais:<\/p>\n\n\n\n<p>&#8220;Ol\u00edmpiadas n\u00e3o \u00e9 data Fifa. PSG nega Marquinhos e Neymar. CBF aceita. Palmeiras nega Weverton. CBF aceita. Flamengo nega Pedro, CBF convoca. Quem trabalha pelos clubes? Mais do mesmo&#8221;, escreveu o dirigente em seu Twitter.<\/p>\n\n\n\n<p>A tend\u00eancia \u00e9 de que o jogador fa\u00e7a trabalhos f\u00edsicos para refor\u00e7ar o Flamengo na pr\u00f3xima semana.<\/p>\n\n\n\n<p>O pr\u00f3ximo compromisso do Flamengo \u00e9 no pr\u00f3ximo s\u00e1bado, contra o Bragantino, \u00e0s 21h (de Bras\u00edlia), no Rio de Janeiro.<\/p>\n\n\n\n<p>Retirado de: Lei em campo &#8211; UOL<\/p>\n","protected":false},"excerpt":{"rendered":"<p>Diante da negativa de paralisar o Brasileir\u00e3o durante a Copa Am\u00e9rica, o Flamengo entra na tarde desta sexta-feira (18), com uma Medida Inominada no Superior Tribunal de Justi\u00e7a Desportiva (STJD) pedindo a libera\u00e7\u00e3o do atacante Pedro da sele\u00e7\u00e3o ol\u00edmpica e assim poder escalar o jogador na competi\u00e7\u00e3o nacional, uma vez que seu nome n\u00e3o est\u00e1 [&hellip;]<\/p>\n","protected":false},"author":1,"featured_media":36980,"comment_status":"open","ping_status":"closed","sticky":false,"template":"","format":"standard","meta":{"footnotes":""},"categories":[1],"tags":[],"class_list":["post-63223","post","type-post","status-publish","format-standard","has-post-thumbnail","hentry","category-flamengo"],"yoast_head":"<!-- This site is optimized with the Yoast SEO Premium plugin v24.2 (Yoast SEO v26.9) - https:\/\/yoast.com\/product\/yoast-seo-premium-wordpress\/ -->\n<title>Flamengo formaliza pedido no STJD<\/title>\n<meta name=\"robots\" content=\"index, follow, max-snippet:-1, max-image-preview:large, max-video-preview:-1\" \/>\n<link rel=\"canonical\" href=\"https:\/\/www.gaveanews.com\/index.php\/2021\/06\/18\/flamengo-formaliza-pedido-no-stjd\/\" \/>\n<meta property=\"og:locale\" content=\"pt_BR\" \/>\n<meta property=\"og:type\" content=\"article\" \/>\n<meta property=\"og:title\" content=\"Flamengo formaliza pedido no STJD\" \/>\n<meta property=\"og:description\" content=\"Diante da negativa de paralisar o Brasileir\u00e3o durante a Copa Am\u00e9rica, o Flamengo entra na tarde desta sexta-feira (18), com uma Medida Inominada no Superior Tribunal de Justi\u00e7a Desportiva (STJD) pedindo a libera\u00e7\u00e3o do atacante Pedro da sele\u00e7\u00e3o ol\u00edmpica e assim poder escalar o jogador na competi\u00e7\u00e3o nacional, uma vez que seu nome n\u00e3o est\u00e1 [&hellip;]\" \/>\n<meta property=\"og:url\" content=\"https:\/\/www.gaveanews.com\/index.php\/2021\/06\/18\/flamengo-formaliza-pedido-no-stjd\/\" \/>\n<meta property=\"og:site_name\" content=\"G\u00e1vea News\" \/>\n<meta property=\"article:publisher\" content=\"https:\/\/facebook.com\/gaveaNews\/\" \/>\n<meta property=\"article:published_time\" content=\"2021-06-18T21:30:00+00:00\" \/>\n<meta property=\"og:image\" content=\"https:\/\/www.gaveanews.com\/wp-content\/uploads\/stjd.webp\" \/>\n\t<meta property=\"og:image:width\" content=\"1200\" \/>\n\t<meta property=\"og:image:height\" content=\"675\" \/>\n\t<meta property=\"og:image:type\" content=\"image\/jpeg\" \/>\n<meta name=\"author\" content=\"Equipe G\u00e1vea News\" \/>\n<meta name=\"twitter:card\" content=\"summary_large_image\" \/>\n<meta name=\"twitter:label1\" content=\"Escrito por\" \/>\n\t<meta name=\"twitter:data1\" content=\"Equipe G\u00e1vea News\" \/>\n\t<meta name=\"twitter:label2\" content=\"Est. tempo de leitura\" \/>\n\t<meta name=\"twitter:data2\" content=\"2 minutos\" \/>\n<script type=\"application\/ld+json\" class=\"yoast-schema-graph\">{\"@context\":\"https:\/\/schema.org\",\"@graph\":[{\"@type\":\"NewsArticle\",\"@id\":\"https:\/\/www.gaveanews.com\/index.php\/2021\/06\/18\/flamengo-formaliza-pedido-no-stjd\/#article\",\"isPartOf\":{\"@id\":\"https:\/\/www.gaveanews.com\/index.php\/2021\/06\/18\/flamengo-formaliza-pedido-no-stjd\/\"},\"author\":{\"name\":\"Equipe G\u00e1vea News\",\"@id\":\"https:\/\/www.gaveanews.com\/#\/schema\/person\/2ec14f73fb96be2caf28f91afb14749d\"},\"headline\":\"Flamengo formaliza pedido no STJD\",\"datePublished\":\"2021-06-18T21:30:00+00:00\",\"mainEntityOfPage\":{\"@id\":\"https:\/\/www.gaveanews.com\/index.php\/2021\/06\/18\/flamengo-formaliza-pedido-no-stjd\/\"},\"wordCount\":467,\"commentCount\":11,\"image\":{\"@id\":\"https:\/\/www.gaveanews.com\/index.php\/2021\/06\/18\/flamengo-formaliza-pedido-no-stjd\/#primaryimage\"},\"thumbnailUrl\":\"https:\/\/www.gaveanews.com\/wp-content\/uploads\/stjd.webp\",\"articleSection\":[\"Flamengo\"],\"inLanguage\":\"pt-BR\",\"potentialAction\":[{\"@type\":\"CommentAction\",\"name\":\"Comment\",\"target\":[\"https:\/\/www.gaveanews.com\/index.php\/2021\/06\/18\/flamengo-formaliza-pedido-no-stjd\/#respond\"]}],\"copyrightYear\":\"2021\",\"copyrightHolder\":{\"@id\":\"https:\/\/www.gaveanews.com\/#organization\"}},{\"@type\":\"WebPage\",\"@id\":\"https:\/\/www.gaveanews.com\/index.php\/2021\/06\/18\/flamengo-formaliza-pedido-no-stjd\/\",\"url\":\"https:\/\/www.gaveanews.com\/index.php\/2021\/06\/18\/flamengo-formaliza-pedido-no-stjd\/\",\"name\":\"Flamengo formaliza pedido no STJD\",\"isPartOf\":{\"@id\":\"https:\/\/www.gaveanews.com\/#website\"},\"primaryImageOfPage\":{\"@id\":\"https:\/\/www.gaveanews.com\/index.php\/2021\/06\/18\/flamengo-formaliza-pedido-no-stjd\/#primaryimage\"},\"image\":{\"@id\":\"https:\/\/www.gaveanews.com\/index.php\/2021\/06\/18\/flamengo-formaliza-pedido-no-stjd\/#primaryimage\"},\"thumbnailUrl\":\"https:\/\/www.gaveanews.com\/wp-content\/uploads\/stjd.webp\",\"datePublished\":\"2021-06-18T21:30:00+00:00\",\"author\":{\"@id\":\"https:\/\/www.gaveanews.com\/#\/schema\/person\/2ec14f73fb96be2caf28f91afb14749d\"},\"breadcrumb\":{\"@id\":\"https:\/\/www.gaveanews.com\/index.php\/2021\/06\/18\/flamengo-formaliza-pedido-no-stjd\/#breadcrumb\"},\"inLanguage\":\"pt-BR\",\"potentialAction\":[{\"@type\":\"ReadAction\",\"target\":[\"https:\/\/www.gaveanews.com\/index.php\/2021\/06\/18\/flamengo-formaliza-pedido-no-stjd\/\"]}]},{\"@type\":\"ImageObject\",\"inLanguage\":\"pt-BR\",\"@id\":\"https:\/\/www.gaveanews.com\/index.php\/2021\/06\/18\/flamengo-formaliza-pedido-no-stjd\/#primaryimage\",\"url\":\"https:\/\/www.gaveanews.com\/wp-content\/uploads\/stjd.webp\",\"contentUrl\":\"https:\/\/www.gaveanews.com\/wp-content\/uploads\/stjd.webp\",\"width\":1200,\"height\":675},{\"@type\":\"BreadcrumbList\",\"@id\":\"https:\/\/www.gaveanews.com\/index.php\/2021\/06\/18\/flamengo-formaliza-pedido-no-stjd\/#breadcrumb\",\"itemListElement\":[{\"@type\":\"ListItem\",\"position\":1,\"name\":\"Home\",\"item\":\"https:\/\/www.gaveanews.com\/\"},{\"@type\":\"ListItem\",\"position\":2,\"name\":\"Flamengo formaliza pedido no STJD\"}]},{\"@type\":\"WebSite\",\"@id\":\"https:\/\/www.gaveanews.com\/#website\",\"url\":\"https:\/\/www.gaveanews.com\/\",\"name\":\"G\u00e1vea News\",\"description\":\"Veja todas as not\u00edcias sobre o Flamengo: Contrata\u00e7\u00f5es, categorias de base, resultados das partidas, tabela de classifica\u00e7\u00e3o, pr\u00f3ximos jogos!\",\"potentialAction\":[{\"@type\":\"SearchAction\",\"target\":{\"@type\":\"EntryPoint\",\"urlTemplate\":\"https:\/\/www.gaveanews.com\/?s={search_term_string}\"},\"query-input\":{\"@type\":\"PropertyValueSpecification\",\"valueRequired\":true,\"valueName\":\"search_term_string\"}}],\"inLanguage\":\"pt-BR\"},{\"@type\":\"Person\",\"@id\":\"https:\/\/www.gaveanews.com\/#\/schema\/person\/2ec14f73fb96be2caf28f91afb14749d\",\"name\":\"Equipe G\u00e1vea News\",\"image\":{\"@type\":\"ImageObject\",\"inLanguage\":\"pt-BR\",\"@id\":\"https:\/\/www.gaveanews.com\/#\/schema\/person\/image\/\",\"url\":\"https:\/\/secure.gravatar.com\/avatar\/1e1956f1facbffd3f8fa53a326721950116b3b9dc9bd44939c01180fd4a745a9?s=96&d=mm&r=g\",\"contentUrl\":\"https:\/\/secure.gravatar.com\/avatar\/1e1956f1facbffd3f8fa53a326721950116b3b9dc9bd44939c01180fd4a745a9?s=96&d=mm&r=g\",\"caption\":\"Equipe G\u00e1vea News\"}}]}<\/script>\n<!-- \/ Yoast SEO Premium plugin. -->","yoast_head_json":{"title":"Flamengo formaliza pedido no STJD","robots":{"index":"index","follow":"follow","max-snippet":"max-snippet:-1","max-image-preview":"max-image-preview:large","max-video-preview":"max-video-preview:-1"},"canonical":"https:\/\/www.gaveanews.com\/index.php\/2021\/06\/18\/flamengo-formaliza-pedido-no-stjd\/","og_locale":"pt_BR","og_type":"article","og_title":"Flamengo formaliza pedido no STJD","og_description":"Diante da negativa de paralisar o Brasileir\u00e3o durante a Copa Am\u00e9rica, o Flamengo entra na tarde desta sexta-feira (18), com uma Medida Inominada no Superior Tribunal de Justi\u00e7a Desportiva (STJD) pedindo a libera\u00e7\u00e3o do atacante Pedro da sele\u00e7\u00e3o ol\u00edmpica e assim poder escalar o jogador na competi\u00e7\u00e3o nacional, uma vez que seu nome n\u00e3o est\u00e1 [&hellip;]","og_url":"https:\/\/www.gaveanews.com\/index.php\/2021\/06\/18\/flamengo-formaliza-pedido-no-stjd\/","og_site_name":"G\u00e1vea News","article_publisher":"https:\/\/facebook.com\/gaveaNews\/","article_published_time":"2021-06-18T21:30:00+00:00","og_image":[{"width":1200,"height":675,"url":"https:\/\/www.gaveanews.com\/wp-content\/uploads\/stjd.webp","type":"image\/jpeg"}],"author":"Equipe G\u00e1vea News","twitter_card":"summary_large_image","twitter_misc":{"Escrito por":"Equipe G\u00e1vea News","Est. tempo de leitura":"2 minutos"},"schema":{"@context":"https:\/\/schema.org","@graph":[{"@type":"NewsArticle","@id":"https:\/\/www.gaveanews.com\/index.php\/2021\/06\/18\/flamengo-formaliza-pedido-no-stjd\/#article","isPartOf":{"@id":"https:\/\/www.gaveanews.com\/index.php\/2021\/06\/18\/flamengo-formaliza-pedido-no-stjd\/"},"author":{"name":"Equipe G\u00e1vea News","@id":"https:\/\/www.gaveanews.com\/#\/schema\/person\/2ec14f73fb96be2caf28f91afb14749d"},"headline":"Flamengo formaliza pedido no STJD","datePublished":"2021-06-18T21:30:00+00:00","mainEntityOfPage":{"@id":"https:\/\/www.gaveanews.com\/index.php\/2021\/06\/18\/flamengo-formaliza-pedido-no-stjd\/"},"wordCount":467,"commentCount":11,"image":{"@id":"https:\/\/www.gaveanews.com\/index.php\/2021\/06\/18\/flamengo-formaliza-pedido-no-stjd\/#primaryimage"},"thumbnailUrl":"https:\/\/www.gaveanews.com\/wp-content\/uploads\/stjd.webp","articleSection":["Flamengo"],"inLanguage":"pt-BR","potentialAction":[{"@type":"CommentAction","name":"Comment","target":["https:\/\/www.gaveanews.com\/index.php\/2021\/06\/18\/flamengo-formaliza-pedido-no-stjd\/#respond"]}],"copyrightYear":"2021","copyrightHolder":{"@id":"https:\/\/www.gaveanews.com\/#organization"}},{"@type":"WebPage","@id":"https:\/\/www.gaveanews.com\/index.php\/2021\/06\/18\/flamengo-formaliza-pedido-no-stjd\/","url":"https:\/\/www.gaveanews.com\/index.php\/2021\/06\/18\/flamengo-formaliza-pedido-no-stjd\/","name":"Flamengo formaliza pedido no STJD","isPartOf":{"@id":"https:\/\/www.gaveanews.com\/#website"},"primaryImageOfPage":{"@id":"https:\/\/www.gaveanews.com\/index.php\/2021\/06\/18\/flamengo-formaliza-pedido-no-stjd\/#primaryimage"},"image":{"@id":"https:\/\/www.gaveanews.com\/index.php\/2021\/06\/18\/flamengo-formaliza-pedido-no-stjd\/#primaryimage"},"thumbnailUrl":"https:\/\/www.gaveanews.com\/wp-content\/uploads\/stjd.webp","datePublished":"2021-06-18T21:30:00+00:00","author":{"@id":"https:\/\/www.gaveanews.com\/#\/schema\/person\/2ec14f73fb96be2caf28f91afb14749d"},"breadcrumb":{"@id":"https:\/\/www.gaveanews.com\/index.php\/2021\/06\/18\/flamengo-formaliza-pedido-no-stjd\/#breadcrumb"},"inLanguage":"pt-BR","potentialAction":[{"@type":"ReadAction","target":["https:\/\/www.gaveanews.com\/index.php\/2021\/06\/18\/flamengo-formaliza-pedido-no-stjd\/"]}]},{"@type":"ImageObject","inLanguage":"pt-BR","@id":"https:\/\/www.gaveanews.com\/index.php\/2021\/06\/18\/flamengo-formaliza-pedido-no-stjd\/#primaryimage","url":"https:\/\/www.gaveanews.com\/wp-content\/uploads\/stjd.webp","contentUrl":"https:\/\/www.gaveanews.com\/wp-content\/uploads\/stjd.webp","width":1200,"height":675},{"@type":"BreadcrumbList","@id":"https:\/\/www.gaveanews.com\/index.php\/2021\/06\/18\/flamengo-formaliza-pedido-no-stjd\/#breadcrumb","itemListElement":[{"@type":"ListItem","position":1,"name":"Home","item":"https:\/\/www.gaveanews.com\/"},{"@type":"ListItem","position":2,"name":"Flamengo formaliza pedido no STJD"}]},{"@type":"WebSite","@id":"https:\/\/www.gaveanews.com\/#website","url":"https:\/\/www.gaveanews.com\/","name":"G\u00e1vea News","description":"Veja todas as not\u00edcias sobre o Flamengo: Contrata\u00e7\u00f5es, categorias de base, resultados das partidas, tabela de classifica\u00e7\u00e3o, pr\u00f3ximos jogos!","potentialAction":[{"@type":"SearchAction","target":{"@type":"EntryPoint","urlTemplate":"https:\/\/www.gaveanews.com\/?s={search_term_string}"},"query-input":{"@type":"PropertyValueSpecification","valueRequired":true,"valueName":"search_term_string"}}],"inLanguage":"pt-BR"},{"@type":"Person","@id":"https:\/\/www.gaveanews.com\/#\/schema\/person\/2ec14f73fb96be2caf28f91afb14749d","name":"Equipe G\u00e1vea News","image":{"@type":"ImageObject","inLanguage":"pt-BR","@id":"https:\/\/www.gaveanews.com\/#\/schema\/person\/image\/","url":"https:\/\/secure.gravatar.com\/avatar\/1e1956f1facbffd3f8fa53a326721950116b3b9dc9bd44939c01180fd4a745a9?s=96&d=mm&r=g","contentUrl":"https:\/\/secure.gravatar.com\/avatar\/1e1956f1facbffd3f8fa53a326721950116b3b9dc9bd44939c01180fd4a745a9?s=96&d=mm&r=g","caption":"Equipe G\u00e1vea News"}}]}},"_links":{"self":[{"href":"https:\/\/www.gaveanews.com\/index.php\/wp-json\/wp\/v2\/posts\/63223","targetHints":{"allow":["GET"]}}],"collection":[{"href":"https:\/\/www.gaveanews.com\/index.php\/wp-json\/wp\/v2\/posts"}],"about":[{"href":"https:\/\/www.gaveanews.com\/index.php\/wp-json\/wp\/v2\/types\/post"}],"author":[{"embeddable":true,"href":"https:\/\/www.gaveanews.com\/index.php\/wp-json\/wp\/v2\/users\/1"}],"replies":[{"embeddable":true,"href":"https:\/\/www.gaveanews.com\/index.php\/wp-json\/wp\/v2\/comments?post=63223"}],"version-history":[{"count":0,"href":"https:\/\/www.gaveanews.com\/index.php\/wp-json\/wp\/v2\/posts\/63223\/revisions"}],"wp:featuredmedia":[{"embeddable":true,"href":"https:\/\/www.gaveanews.com\/index.php\/wp-json\/wp\/v2\/media\/36980"}],"wp:attachment":[{"href":"https:\/\/www.gaveanews.com\/index.php\/wp-json\/wp\/v2\/media?parent=63223"}],"wp:term":[{"taxonomy":"category","embeddable":true,"href":"https:\/\/www.gaveanews.com\/index.php\/wp-json\/wp\/v2\/categories?post=63223"},{"taxonomy":"post_tag","embeddable":true,"href":"https:\/\/www.gaveanews.com\/index.php\/wp-json\/wp\/v2\/tags?post=63223"}],"curies":[{"name":"wp","href":"https:\/\/api.w.org\/{rel}","templated":true}]}}