{"id":63233,"date":"2021-06-18T19:34:22","date_gmt":"2021-06-18T22:34:22","guid":{"rendered":"https:\/\/www.gaveanews.com\/?p=63233"},"modified":"2021-06-18T19:34:24","modified_gmt":"2021-06-18T22:34:24","slug":"globo-diz-que-apoia-criacao-da-liga-dos-clubes-brasileiros","status":"publish","type":"post","link":"https:\/\/www.gaveanews.com\/index.php\/2021\/06\/18\/globo-diz-que-apoia-criacao-da-liga-dos-clubes-brasileiros\/","title":{"rendered":"Globo diz que apoia cria\u00e7\u00e3o da liga dos clubes brasileiros"},"content":{"rendered":"\n<p>Ap\u00f3s o comunicado de 19 clubes da S\u00e9rie A do Brasileir\u00e3o anunciando a cria\u00e7\u00e3o de uma Liga para organizar o Campeonato Brasileiro, a TV Globo demonstrou apoio ao projeto. Mas destacou que n\u00e3o recebeu detalhes do assunto.<\/p>\n\n\n\n<p>\u201cN\u00e3o conhecemos os detalhes da proposta da Liga entre os clubes. Mas vemos como positivas as iniciativas que promovam a uni\u00e3o de prop\u00f3sitos entre os clubes, principais agentes do futebol nacional\u201d, disse a emissora em nota ao site Lance.<\/p>\n\n\n\n<p>\u201cA atua\u00e7\u00e3o de uma associa\u00e7\u00e3o vai al\u00e9m da quest\u00e3o dos direitos de transmiss\u00e3o. Envolve a organiza\u00e7\u00e3o, o desenvolvimento, o equil\u00edbrio entre os clubes, para que o futebol seja o maior beneficiado. A Globo h\u00e1 anos faz parte desse ecossistema, apoiando e investindo nessa rela\u00e7\u00e3o de paix\u00e3o entre torcedores e clubes\u201d, completou o canal.<\/p>\n\n\n\n<p>O objetivo da cria\u00e7\u00e3o da Liga j\u00e1 \u00e9 organizar o Brasileir\u00e3o de 2022. O campeonato \u00e9 produzido atualmente pela CBF.<\/p>\n\n\n\n<p>\u201cA CBF informa que nesta ter\u00e7a-feira, 15, o Presidente Ant\u00f4nio Carlos Nunes, Vice-Presidentes, Secret\u00e1rio Geral e Diretores da entidade estiveram reunidos com os representantes dos clubes disputantes da S\u00e9rie A do Campeonato Brasileiro. Na ocasi\u00e3o, os clubes apresentaram uma carta com solicita\u00e7\u00f5es coletivas, que ser\u00e3o objeto de an\u00e1lise interna por parte da CBF\u201d, informou a entidade em nota publicada no site oficial da CBF.<\/p>\n\n\n\n<p>Retirado de: Torcedores <\/p>\n","protected":false},"excerpt":{"rendered":"<p>Ap\u00f3s o comunicado de 19 clubes da S\u00e9rie A do Brasileir\u00e3o anunciando a cria\u00e7\u00e3o de uma Liga para organizar o Campeonato Brasileiro, a TV Globo demonstrou apoio ao projeto. Mas destacou que n\u00e3o recebeu detalhes do assunto. \u201cN\u00e3o conhecemos os detalhes da proposta da Liga entre os clubes. Mas vemos como positivas as iniciativas que [&hellip;]<\/p>\n","protected":false},"author":1,"featured_media":17043,"comment_status":"open","ping_status":"closed","sticky":false,"template":"","format":"standard","meta":{"footnotes":""},"categories":[1],"tags":[],"class_list":["post-63233","post","type-post","status-publish","format-standard","has-post-thumbnail","hentry","category-flamengo"],"yoast_head":"<!-- This site is optimized with the Yoast SEO Premium plugin v24.2 (Yoast SEO v26.9) - https:\/\/yoast.com\/product\/yoast-seo-premium-wordpress\/ -->\n<title>Globo diz que apoia cria\u00e7\u00e3o da liga dos clubes brasileiros<\/title>\n<meta name=\"robots\" content=\"index, follow, max-snippet:-1, max-image-preview:large, max-video-preview:-1\" \/>\n<link rel=\"canonical\" href=\"https:\/\/www.gaveanews.com\/index.php\/2021\/06\/18\/globo-diz-que-apoia-criacao-da-liga-dos-clubes-brasileiros\/\" \/>\n<meta property=\"og:locale\" content=\"pt_BR\" \/>\n<meta property=\"og:type\" content=\"article\" \/>\n<meta property=\"og:title\" content=\"Globo diz que apoia cria\u00e7\u00e3o da liga dos clubes brasileiros\" \/>\n<meta property=\"og:description\" content=\"Ap\u00f3s o comunicado de 19 clubes da S\u00e9rie A do Brasileir\u00e3o anunciando a cria\u00e7\u00e3o de uma Liga para organizar o Campeonato Brasileiro, a TV Globo demonstrou apoio ao projeto. Mas destacou que n\u00e3o recebeu detalhes do assunto. \u201cN\u00e3o conhecemos os detalhes da proposta da Liga entre os clubes. Mas vemos como positivas as iniciativas que [&hellip;]\" \/>\n<meta property=\"og:url\" content=\"https:\/\/www.gaveanews.com\/index.php\/2021\/06\/18\/globo-diz-que-apoia-criacao-da-liga-dos-clubes-brasileiros\/\" \/>\n<meta property=\"og:site_name\" content=\"G\u00e1vea News\" \/>\n<meta property=\"article:publisher\" content=\"https:\/\/facebook.com\/gaveaNews\/\" \/>\n<meta property=\"article:published_time\" content=\"2021-06-18T22:34:22+00:00\" \/>\n<meta property=\"article:modified_time\" content=\"2021-06-18T22:34:24+00:00\" \/>\n<meta property=\"og:image\" content=\"https:\/\/www.gaveanews.com\/wp-content\/uploads\/2019\/04\/Logomarca-da-Rede-Globo.webp\" \/>\n\t<meta property=\"og:image:width\" content=\"1920\" \/>\n\t<meta property=\"og:image:height\" content=\"1076\" \/>\n\t<meta property=\"og:image:type\" content=\"image\/png\" \/>\n<meta name=\"author\" content=\"Equipe G\u00e1vea News\" \/>\n<meta name=\"twitter:card\" content=\"summary_large_image\" \/>\n<meta name=\"twitter:label1\" content=\"Escrito por\" \/>\n\t<meta name=\"twitter:data1\" content=\"Equipe G\u00e1vea News\" \/>\n\t<meta name=\"twitter:label2\" content=\"Est. tempo de leitura\" \/>\n\t<meta name=\"twitter:data2\" content=\"1 minuto\" \/>\n<script type=\"application\/ld+json\" class=\"yoast-schema-graph\">{\"@context\":\"https:\/\/schema.org\",\"@graph\":[{\"@type\":\"NewsArticle\",\"@id\":\"https:\/\/www.gaveanews.com\/index.php\/2021\/06\/18\/globo-diz-que-apoia-criacao-da-liga-dos-clubes-brasileiros\/#article\",\"isPartOf\":{\"@id\":\"https:\/\/www.gaveanews.com\/index.php\/2021\/06\/18\/globo-diz-que-apoia-criacao-da-liga-dos-clubes-brasileiros\/\"},\"author\":{\"name\":\"Equipe G\u00e1vea News\",\"@id\":\"https:\/\/www.gaveanews.com\/#\/schema\/person\/2ec14f73fb96be2caf28f91afb14749d\"},\"headline\":\"Globo diz que apoia cria\u00e7\u00e3o da liga dos clubes brasileiros\",\"datePublished\":\"2021-06-18T22:34:22+00:00\",\"dateModified\":\"2021-06-18T22:34:24+00:00\",\"mainEntityOfPage\":{\"@id\":\"https:\/\/www.gaveanews.com\/index.php\/2021\/06\/18\/globo-diz-que-apoia-criacao-da-liga-dos-clubes-brasileiros\/\"},\"wordCount\":249,\"commentCount\":11,\"image\":{\"@id\":\"https:\/\/www.gaveanews.com\/index.php\/2021\/06\/18\/globo-diz-que-apoia-criacao-da-liga-dos-clubes-brasileiros\/#primaryimage\"},\"thumbnailUrl\":\"https:\/\/www.gaveanews.com\/wp-content\/uploads\/2019\/04\/Logomarca-da-Rede-Globo.webp\",\"articleSection\":[\"Flamengo\"],\"inLanguage\":\"pt-BR\",\"potentialAction\":[{\"@type\":\"CommentAction\",\"name\":\"Comment\",\"target\":[\"https:\/\/www.gaveanews.com\/index.php\/2021\/06\/18\/globo-diz-que-apoia-criacao-da-liga-dos-clubes-brasileiros\/#respond\"]}],\"copyrightYear\":\"2021\",\"copyrightHolder\":{\"@id\":\"https:\/\/www.gaveanews.com\/#organization\"}},{\"@type\":\"WebPage\",\"@id\":\"https:\/\/www.gaveanews.com\/index.php\/2021\/06\/18\/globo-diz-que-apoia-criacao-da-liga-dos-clubes-brasileiros\/\",\"url\":\"https:\/\/www.gaveanews.com\/index.php\/2021\/06\/18\/globo-diz-que-apoia-criacao-da-liga-dos-clubes-brasileiros\/\",\"name\":\"Globo diz que apoia cria\u00e7\u00e3o da liga dos clubes brasileiros\",\"isPartOf\":{\"@id\":\"https:\/\/www.gaveanews.com\/#website\"},\"primaryImageOfPage\":{\"@id\":\"https:\/\/www.gaveanews.com\/index.php\/2021\/06\/18\/globo-diz-que-apoia-criacao-da-liga-dos-clubes-brasileiros\/#primaryimage\"},\"image\":{\"@id\":\"https:\/\/www.gaveanews.com\/index.php\/2021\/06\/18\/globo-diz-que-apoia-criacao-da-liga-dos-clubes-brasileiros\/#primaryimage\"},\"thumbnailUrl\":\"https:\/\/www.gaveanews.com\/wp-content\/uploads\/2019\/04\/Logomarca-da-Rede-Globo.webp\",\"datePublished\":\"2021-06-18T22:34:22+00:00\",\"dateModified\":\"2021-06-18T22:34:24+00:00\",\"author\":{\"@id\":\"https:\/\/www.gaveanews.com\/#\/schema\/person\/2ec14f73fb96be2caf28f91afb14749d\"},\"breadcrumb\":{\"@id\":\"https:\/\/www.gaveanews.com\/index.php\/2021\/06\/18\/globo-diz-que-apoia-criacao-da-liga-dos-clubes-brasileiros\/#breadcrumb\"},\"inLanguage\":\"pt-BR\",\"potentialAction\":[{\"@type\":\"ReadAction\",\"target\":[\"https:\/\/www.gaveanews.com\/index.php\/2021\/06\/18\/globo-diz-que-apoia-criacao-da-liga-dos-clubes-brasileiros\/\"]}]},{\"@type\":\"ImageObject\",\"inLanguage\":\"pt-BR\",\"@id\":\"https:\/\/www.gaveanews.com\/index.php\/2021\/06\/18\/globo-diz-que-apoia-criacao-da-liga-dos-clubes-brasileiros\/#primaryimage\",\"url\":\"https:\/\/www.gaveanews.com\/wp-content\/uploads\/2019\/04\/Logomarca-da-Rede-Globo.webp\",\"contentUrl\":\"https:\/\/www.gaveanews.com\/wp-content\/uploads\/2019\/04\/Logomarca-da-Rede-Globo.webp\",\"width\":1920,\"height\":1076,\"caption\":\"Logomarca da Rede Globo (Foto: Reprodu\u00e7\u00e3o)\"},{\"@type\":\"BreadcrumbList\",\"@id\":\"https:\/\/www.gaveanews.com\/index.php\/2021\/06\/18\/globo-diz-que-apoia-criacao-da-liga-dos-clubes-brasileiros\/#breadcrumb\",\"itemListElement\":[{\"@type\":\"ListItem\",\"position\":1,\"name\":\"Home\",\"item\":\"https:\/\/www.gaveanews.com\/\"},{\"@type\":\"ListItem\",\"position\":2,\"name\":\"Globo diz que apoia cria\u00e7\u00e3o da liga dos clubes brasileiros\"}]},{\"@type\":\"WebSite\",\"@id\":\"https:\/\/www.gaveanews.com\/#website\",\"url\":\"https:\/\/www.gaveanews.com\/\",\"name\":\"G\u00e1vea News\",\"description\":\"Veja todas as not\u00edcias sobre o Flamengo: Contrata\u00e7\u00f5es, categorias de base, resultados das partidas, tabela de classifica\u00e7\u00e3o, pr\u00f3ximos jogos!\",\"potentialAction\":[{\"@type\":\"SearchAction\",\"target\":{\"@type\":\"EntryPoint\",\"urlTemplate\":\"https:\/\/www.gaveanews.com\/?s={search_term_string}\"},\"query-input\":{\"@type\":\"PropertyValueSpecification\",\"valueRequired\":true,\"valueName\":\"search_term_string\"}}],\"inLanguage\":\"pt-BR\"},{\"@type\":\"Person\",\"@id\":\"https:\/\/www.gaveanews.com\/#\/schema\/person\/2ec14f73fb96be2caf28f91afb14749d\",\"name\":\"Equipe G\u00e1vea News\",\"image\":{\"@type\":\"ImageObject\",\"inLanguage\":\"pt-BR\",\"@id\":\"https:\/\/www.gaveanews.com\/#\/schema\/person\/image\/\",\"url\":\"https:\/\/secure.gravatar.com\/avatar\/1e1956f1facbffd3f8fa53a326721950116b3b9dc9bd44939c01180fd4a745a9?s=96&d=mm&r=g\",\"contentUrl\":\"https:\/\/secure.gravatar.com\/avatar\/1e1956f1facbffd3f8fa53a326721950116b3b9dc9bd44939c01180fd4a745a9?s=96&d=mm&r=g\",\"caption\":\"Equipe G\u00e1vea News\"}}]}<\/script>\n<!-- \/ Yoast SEO Premium plugin. -->","yoast_head_json":{"title":"Globo diz que apoia cria\u00e7\u00e3o da liga dos clubes brasileiros","robots":{"index":"index","follow":"follow","max-snippet":"max-snippet:-1","max-image-preview":"max-image-preview:large","max-video-preview":"max-video-preview:-1"},"canonical":"https:\/\/www.gaveanews.com\/index.php\/2021\/06\/18\/globo-diz-que-apoia-criacao-da-liga-dos-clubes-brasileiros\/","og_locale":"pt_BR","og_type":"article","og_title":"Globo diz que apoia cria\u00e7\u00e3o da liga dos clubes brasileiros","og_description":"Ap\u00f3s o comunicado de 19 clubes da S\u00e9rie A do Brasileir\u00e3o anunciando a cria\u00e7\u00e3o de uma Liga para organizar o Campeonato Brasileiro, a TV Globo demonstrou apoio ao projeto. Mas destacou que n\u00e3o recebeu detalhes do assunto. \u201cN\u00e3o conhecemos os detalhes da proposta da Liga entre os clubes. Mas vemos como positivas as iniciativas que [&hellip;]","og_url":"https:\/\/www.gaveanews.com\/index.php\/2021\/06\/18\/globo-diz-que-apoia-criacao-da-liga-dos-clubes-brasileiros\/","og_site_name":"G\u00e1vea News","article_publisher":"https:\/\/facebook.com\/gaveaNews\/","article_published_time":"2021-06-18T22:34:22+00:00","article_modified_time":"2021-06-18T22:34:24+00:00","og_image":[{"width":1920,"height":1076,"url":"https:\/\/www.gaveanews.com\/wp-content\/uploads\/2019\/04\/Logomarca-da-Rede-Globo.webp","type":"image\/png"}],"author":"Equipe G\u00e1vea News","twitter_card":"summary_large_image","twitter_misc":{"Escrito por":"Equipe G\u00e1vea News","Est. tempo de leitura":"1 minuto"},"schema":{"@context":"https:\/\/schema.org","@graph":[{"@type":"NewsArticle","@id":"https:\/\/www.gaveanews.com\/index.php\/2021\/06\/18\/globo-diz-que-apoia-criacao-da-liga-dos-clubes-brasileiros\/#article","isPartOf":{"@id":"https:\/\/www.gaveanews.com\/index.php\/2021\/06\/18\/globo-diz-que-apoia-criacao-da-liga-dos-clubes-brasileiros\/"},"author":{"name":"Equipe G\u00e1vea News","@id":"https:\/\/www.gaveanews.com\/#\/schema\/person\/2ec14f73fb96be2caf28f91afb14749d"},"headline":"Globo diz que apoia cria\u00e7\u00e3o da liga dos clubes brasileiros","datePublished":"2021-06-18T22:34:22+00:00","dateModified":"2021-06-18T22:34:24+00:00","mainEntityOfPage":{"@id":"https:\/\/www.gaveanews.com\/index.php\/2021\/06\/18\/globo-diz-que-apoia-criacao-da-liga-dos-clubes-brasileiros\/"},"wordCount":249,"commentCount":11,"image":{"@id":"https:\/\/www.gaveanews.com\/index.php\/2021\/06\/18\/globo-diz-que-apoia-criacao-da-liga-dos-clubes-brasileiros\/#primaryimage"},"thumbnailUrl":"https:\/\/www.gaveanews.com\/wp-content\/uploads\/2019\/04\/Logomarca-da-Rede-Globo.webp","articleSection":["Flamengo"],"inLanguage":"pt-BR","potentialAction":[{"@type":"CommentAction","name":"Comment","target":["https:\/\/www.gaveanews.com\/index.php\/2021\/06\/18\/globo-diz-que-apoia-criacao-da-liga-dos-clubes-brasileiros\/#respond"]}],"copyrightYear":"2021","copyrightHolder":{"@id":"https:\/\/www.gaveanews.com\/#organization"}},{"@type":"WebPage","@id":"https:\/\/www.gaveanews.com\/index.php\/2021\/06\/18\/globo-diz-que-apoia-criacao-da-liga-dos-clubes-brasileiros\/","url":"https:\/\/www.gaveanews.com\/index.php\/2021\/06\/18\/globo-diz-que-apoia-criacao-da-liga-dos-clubes-brasileiros\/","name":"Globo diz que apoia cria\u00e7\u00e3o da liga dos clubes brasileiros","isPartOf":{"@id":"https:\/\/www.gaveanews.com\/#website"},"primaryImageOfPage":{"@id":"https:\/\/www.gaveanews.com\/index.php\/2021\/06\/18\/globo-diz-que-apoia-criacao-da-liga-dos-clubes-brasileiros\/#primaryimage"},"image":{"@id":"https:\/\/www.gaveanews.com\/index.php\/2021\/06\/18\/globo-diz-que-apoia-criacao-da-liga-dos-clubes-brasileiros\/#primaryimage"},"thumbnailUrl":"https:\/\/www.gaveanews.com\/wp-content\/uploads\/2019\/04\/Logomarca-da-Rede-Globo.webp","datePublished":"2021-06-18T22:34:22+00:00","dateModified":"2021-06-18T22:34:24+00:00","author":{"@id":"https:\/\/www.gaveanews.com\/#\/schema\/person\/2ec14f73fb96be2caf28f91afb14749d"},"breadcrumb":{"@id":"https:\/\/www.gaveanews.com\/index.php\/2021\/06\/18\/globo-diz-que-apoia-criacao-da-liga-dos-clubes-brasileiros\/#breadcrumb"},"inLanguage":"pt-BR","potentialAction":[{"@type":"ReadAction","target":["https:\/\/www.gaveanews.com\/index.php\/2021\/06\/18\/globo-diz-que-apoia-criacao-da-liga-dos-clubes-brasileiros\/"]}]},{"@type":"ImageObject","inLanguage":"pt-BR","@id":"https:\/\/www.gaveanews.com\/index.php\/2021\/06\/18\/globo-diz-que-apoia-criacao-da-liga-dos-clubes-brasileiros\/#primaryimage","url":"https:\/\/www.gaveanews.com\/wp-content\/uploads\/2019\/04\/Logomarca-da-Rede-Globo.webp","contentUrl":"https:\/\/www.gaveanews.com\/wp-content\/uploads\/2019\/04\/Logomarca-da-Rede-Globo.webp","width":1920,"height":1076,"caption":"Logomarca da Rede Globo (Foto: Reprodu\u00e7\u00e3o)"},{"@type":"BreadcrumbList","@id":"https:\/\/www.gaveanews.com\/index.php\/2021\/06\/18\/globo-diz-que-apoia-criacao-da-liga-dos-clubes-brasileiros\/#breadcrumb","itemListElement":[{"@type":"ListItem","position":1,"name":"Home","item":"https:\/\/www.gaveanews.com\/"},{"@type":"ListItem","position":2,"name":"Globo diz que apoia cria\u00e7\u00e3o da liga dos clubes brasileiros"}]},{"@type":"WebSite","@id":"https:\/\/www.gaveanews.com\/#website","url":"https:\/\/www.gaveanews.com\/","name":"G\u00e1vea News","description":"Veja todas as not\u00edcias sobre o Flamengo: Contrata\u00e7\u00f5es, categorias de base, resultados das partidas, tabela de classifica\u00e7\u00e3o, pr\u00f3ximos jogos!","potentialAction":[{"@type":"SearchAction","target":{"@type":"EntryPoint","urlTemplate":"https:\/\/www.gaveanews.com\/?s={search_term_string}"},"query-input":{"@type":"PropertyValueSpecification","valueRequired":true,"valueName":"search_term_string"}}],"inLanguage":"pt-BR"},{"@type":"Person","@id":"https:\/\/www.gaveanews.com\/#\/schema\/person\/2ec14f73fb96be2caf28f91afb14749d","name":"Equipe G\u00e1vea News","image":{"@type":"ImageObject","inLanguage":"pt-BR","@id":"https:\/\/www.gaveanews.com\/#\/schema\/person\/image\/","url":"https:\/\/secure.gravatar.com\/avatar\/1e1956f1facbffd3f8fa53a326721950116b3b9dc9bd44939c01180fd4a745a9?s=96&d=mm&r=g","contentUrl":"https:\/\/secure.gravatar.com\/avatar\/1e1956f1facbffd3f8fa53a326721950116b3b9dc9bd44939c01180fd4a745a9?s=96&d=mm&r=g","caption":"Equipe G\u00e1vea News"}}]}},"_links":{"self":[{"href":"https:\/\/www.gaveanews.com\/index.php\/wp-json\/wp\/v2\/posts\/63233","targetHints":{"allow":["GET"]}}],"collection":[{"href":"https:\/\/www.gaveanews.com\/index.php\/wp-json\/wp\/v2\/posts"}],"about":[{"href":"https:\/\/www.gaveanews.com\/index.php\/wp-json\/wp\/v2\/types\/post"}],"author":[{"embeddable":true,"href":"https:\/\/www.gaveanews.com\/index.php\/wp-json\/wp\/v2\/users\/1"}],"replies":[{"embeddable":true,"href":"https:\/\/www.gaveanews.com\/index.php\/wp-json\/wp\/v2\/comments?post=63233"}],"version-history":[{"count":0,"href":"https:\/\/www.gaveanews.com\/index.php\/wp-json\/wp\/v2\/posts\/63233\/revisions"}],"wp:featuredmedia":[{"embeddable":true,"href":"https:\/\/www.gaveanews.com\/index.php\/wp-json\/wp\/v2\/media\/17043"}],"wp:attachment":[{"href":"https:\/\/www.gaveanews.com\/index.php\/wp-json\/wp\/v2\/media?parent=63233"}],"wp:term":[{"taxonomy":"category","embeddable":true,"href":"https:\/\/www.gaveanews.com\/index.php\/wp-json\/wp\/v2\/categories?post=63233"},{"taxonomy":"post_tag","embeddable":true,"href":"https:\/\/www.gaveanews.com\/index.php\/wp-json\/wp\/v2\/tags?post=63233"}],"curies":[{"name":"wp","href":"https:\/\/api.w.org\/{rel}","templated":true}]}}