{"id":63237,"date":"2021-06-19T17:19:25","date_gmt":"2021-06-19T20:19:25","guid":{"rendered":"https:\/\/www.gaveanews.com\/?p=63237"},"modified":"2021-06-19T17:19:28","modified_gmt":"2021-06-19T20:19:28","slug":"cbf-deve-mais-de-um-mes-de-salarios-ao-flamengo-por-convocacoes","status":"publish","type":"post","link":"https:\/\/www.gaveanews.com\/index.php\/2021\/06\/19\/cbf-deve-mais-de-um-mes-de-salarios-ao-flamengo-por-convocacoes\/","title":{"rendered":"CBF deve mais de um m\u00eas de sal\u00e1rios ao Flamengo por convoca\u00e7\u00f5es"},"content":{"rendered":"\n<p>O Flamengo e o Palmeiras t\u00eam tr\u00eas jogadores, Gabigol, Everton Ribeiro e Weverton, cedidos \u00e0 sele\u00e7\u00e3o para eliminat\u00f3rias e Copa Am\u00e9rica. Ficar\u00e3o um m\u00eas e meio com o time brasileiro. Mas a CBF contraria a lei, n\u00e3o paga seus sal\u00e1rios e recha\u00e7a cobran\u00e7as. Tanto as eliminat\u00f3rias quanto a Copa Am\u00e9rica s\u00e3o altamente rent\u00e1veis para a confedera\u00e7\u00e3o: v\u00e3o gerar pelo menos R$ 30 milh\u00f5es.<\/p>\n\n\n\n<p>A CBF e o Flamengo vivem uma disputa por causa da convoca\u00e7\u00e3o do atacante Pedro para a Olimp\u00edada. O clube tinha vetado, e a confedera\u00e7\u00e3o o chamou mesmo assim para tentar for\u00e7ar sua ida. A cess\u00e3o n\u00e3o \u00e9 obrigat\u00f3ria. O Palmeiras vetou a presen\u00e7a de Weverton na Olimp\u00edada, a confedera\u00e7\u00e3o queria ficar com ele por dois meses da temporada.<\/p>\n\n\n\n<p>Essas problemas s\u00e3o fruto do calend\u00e1rio feito pela pr\u00f3pria CBF em que os campeonatos n\u00e3o param para partidas da sele\u00e7\u00e3o. Neste ano, ser\u00e3o afetadas 18 rodadas do Brasileiro por datas-Fifa.<\/p>\n\n\n\n<p>Desde a apresenta\u00e7\u00e3o para as eliminat\u00f3rias, Everton Ribeiro, Gabigol e Weverton ficar\u00e3o um total de 44 dias com a sele\u00e7\u00e3o se o time for para a final. Descontados a\u00ed dois dias de folga entre as duas competi\u00e7\u00f5es. Os dois atletas s\u00e3o dos maiores sal\u00e1rios do Flamengo, o mesmo ocorre com Weverton no Palmeiras.<\/p>\n\n\n\n<p>Em seu artigo 41, a Lei Pele estabelece em seu primeiro par\u00e1grafo: &#8220;A entidade convocadora indenizar\u00e1 a cedente dos encargos previstos no contrato de trabalho, pelo per\u00edodo em que durar a convoca\u00e7\u00e3o do atleta, sem preju\u00edzo de eventuais ajustes celebrados entre este e a entidade convocadora&#8221;. Ou seja, a CBF teria de pagar um m\u00eas e meio de sal\u00e1rio da carteira dos dois jogadores.<\/p>\n\n\n\n<p>Pela lei, os sal\u00e1rios devem ser pagos inclusive quando o jogador voltar contundido. Isso porque o per\u00edodo de convoca\u00e7\u00e3o se estende at\u00e9 o atleta estar apto a jogar. Pedro, que serviu \u00e0 sele\u00e7\u00e3o ol\u00edmpica, voltou com covid-19 e n\u00e3o pode atuar pelo time. Teoricamente, ainda est\u00e1 a servi\u00e7o da sele\u00e7\u00e3o at\u00e9 poder jogar.<\/p>\n\n\n\n<p>A confedera\u00e7\u00e3o, no entanto, n\u00e3o paga nada, segundo apurou o blog. \u00c9 o mesmo tratamento dado ao Palmeiras que n\u00e3o tem sal\u00e1rios pagos pela CBF nem de Weverton, nem de jogadores da sele\u00e7\u00e3o ol\u00edmpica e da base. A diretoria do Flamengo j\u00e1 chegou a cobrar os valores, mas a entidade n\u00e3o mudou sua postura e ignorou. Historicamente, a CBF descumpre a Lei Pel\u00e9. Dirigentes rubro-negros entendem que o \u00fanico jeito seria uma cobran\u00e7a no STJD, mas n\u00e3o houve este pleito.<\/p>\n\n\n\n<p>Embora n\u00e3o pague pelos atletas, a CBF ganha bastante dinheiro ao utiliz\u00e1-los. Nas eliminat\u00f3rias, seu contrato com a Globo prev\u00ea uma remunera\u00e7\u00e3o de US$ 2 milh\u00f5es (R$ 10 milh\u00f5es) por jogo em casa do campeonato. Na Copa Am\u00e9rica, cada sele\u00e7\u00e3o recebe um total de US$ 4 milh\u00f5es (R$ 20 milh\u00f5es). Assim, o faturamento m\u00ednimo no per\u00edodo \u00e9 de R$ 30 milh\u00f5es.<\/p>\n\n\n\n<p>Caso o Brasil seja campe\u00e3o da Copa Am\u00e9rica, o pr\u00eamio \u00e9 ainda maior: US$ 10 milh\u00f5es (R$ 50 milh\u00f5es). Ou seja, a entidade pode faturar at\u00e9 R$ 80 milh\u00f5es neste per\u00edodo em que utiliza os jogadores dos times nacionais e internacionais.<\/p>\n\n\n\n<p>Questionada, a CBF n\u00e3o respondeu se repassa o dinheiro dos sal\u00e1rios como previsto em lei.<\/p>\n\n\n\n<p>Retirado de: Blog do Rodrigo Mattos &#8211; UOL<\/p>\n","protected":false},"excerpt":{"rendered":"<p>O Flamengo e o Palmeiras t\u00eam tr\u00eas jogadores, Gabigol, Everton Ribeiro e Weverton, cedidos \u00e0 sele\u00e7\u00e3o para eliminat\u00f3rias e Copa Am\u00e9rica. Ficar\u00e3o um m\u00eas e meio com o time brasileiro. Mas a CBF contraria a lei, n\u00e3o paga seus sal\u00e1rios e recha\u00e7a cobran\u00e7as. Tanto as eliminat\u00f3rias quanto a Copa Am\u00e9rica s\u00e3o altamente rent\u00e1veis para a [&hellip;]<\/p>\n","protected":false},"author":1,"featured_media":51867,"comment_status":"open","ping_status":"closed","sticky":false,"template":"","format":"standard","meta":{"footnotes":""},"categories":[1],"tags":[],"class_list":["post-63237","post","type-post","status-publish","format-standard","has-post-thumbnail","hentry","category-flamengo"],"yoast_head":"<!-- This site is optimized with the Yoast SEO Premium plugin v24.2 (Yoast SEO v26.9) - https:\/\/yoast.com\/product\/yoast-seo-premium-wordpress\/ -->\n<title>CBF deve mais de um m\u00eas de sal\u00e1rios ao Flamengo por convoca\u00e7\u00f5es<\/title>\n<meta name=\"robots\" content=\"index, follow, max-snippet:-1, max-image-preview:large, max-video-preview:-1\" \/>\n<link rel=\"canonical\" href=\"https:\/\/www.gaveanews.com\/index.php\/2021\/06\/19\/cbf-deve-mais-de-um-mes-de-salarios-ao-flamengo-por-convocacoes\/\" \/>\n<meta property=\"og:locale\" content=\"pt_BR\" \/>\n<meta property=\"og:type\" content=\"article\" \/>\n<meta property=\"og:title\" content=\"CBF deve mais de um m\u00eas de sal\u00e1rios ao Flamengo por convoca\u00e7\u00f5es\" \/>\n<meta property=\"og:description\" content=\"O Flamengo e o Palmeiras t\u00eam tr\u00eas jogadores, Gabigol, Everton Ribeiro e Weverton, cedidos \u00e0 sele\u00e7\u00e3o para eliminat\u00f3rias e Copa Am\u00e9rica. Ficar\u00e3o um m\u00eas e meio com o time brasileiro. Mas a CBF contraria a lei, n\u00e3o paga seus sal\u00e1rios e recha\u00e7a cobran\u00e7as. Tanto as eliminat\u00f3rias quanto a Copa Am\u00e9rica s\u00e3o altamente rent\u00e1veis para a [&hellip;]\" \/>\n<meta property=\"og:url\" content=\"https:\/\/www.gaveanews.com\/index.php\/2021\/06\/19\/cbf-deve-mais-de-um-mes-de-salarios-ao-flamengo-por-convocacoes\/\" \/>\n<meta property=\"og:site_name\" content=\"G\u00e1vea News\" \/>\n<meta property=\"article:publisher\" content=\"https:\/\/facebook.com\/gaveaNews\/\" \/>\n<meta property=\"article:published_time\" content=\"2021-06-19T20:19:25+00:00\" \/>\n<meta property=\"article:modified_time\" content=\"2021-06-19T20:19:28+00:00\" \/>\n<meta property=\"og:image\" content=\"https:\/\/www.gaveanews.com\/wp-content\/uploads\/Everton-Ribeiro-em-acao-pelo-Brasil.webp\" \/>\n\t<meta property=\"og:image:width\" content=\"900\" \/>\n\t<meta property=\"og:image:height\" content=\"506\" \/>\n\t<meta property=\"og:image:type\" content=\"image\/jpeg\" \/>\n<meta name=\"author\" content=\"Equipe G\u00e1vea News\" \/>\n<meta name=\"twitter:card\" content=\"summary_large_image\" \/>\n<meta name=\"twitter:label1\" content=\"Escrito por\" \/>\n\t<meta name=\"twitter:data1\" content=\"Equipe G\u00e1vea News\" \/>\n\t<meta name=\"twitter:label2\" content=\"Est. tempo de leitura\" \/>\n\t<meta name=\"twitter:data2\" content=\"3 minutos\" \/>\n<script type=\"application\/ld+json\" class=\"yoast-schema-graph\">{\"@context\":\"https:\/\/schema.org\",\"@graph\":[{\"@type\":\"NewsArticle\",\"@id\":\"https:\/\/www.gaveanews.com\/index.php\/2021\/06\/19\/cbf-deve-mais-de-um-mes-de-salarios-ao-flamengo-por-convocacoes\/#article\",\"isPartOf\":{\"@id\":\"https:\/\/www.gaveanews.com\/index.php\/2021\/06\/19\/cbf-deve-mais-de-um-mes-de-salarios-ao-flamengo-por-convocacoes\/\"},\"author\":{\"name\":\"Equipe G\u00e1vea News\",\"@id\":\"https:\/\/www.gaveanews.com\/#\/schema\/person\/2ec14f73fb96be2caf28f91afb14749d\"},\"headline\":\"CBF deve mais de um m\u00eas de sal\u00e1rios ao Flamengo por convoca\u00e7\u00f5es\",\"datePublished\":\"2021-06-19T20:19:25+00:00\",\"dateModified\":\"2021-06-19T20:19:28+00:00\",\"mainEntityOfPage\":{\"@id\":\"https:\/\/www.gaveanews.com\/index.php\/2021\/06\/19\/cbf-deve-mais-de-um-mes-de-salarios-ao-flamengo-por-convocacoes\/\"},\"wordCount\":610,\"commentCount\":8,\"image\":{\"@id\":\"https:\/\/www.gaveanews.com\/index.php\/2021\/06\/19\/cbf-deve-mais-de-um-mes-de-salarios-ao-flamengo-por-convocacoes\/#primaryimage\"},\"thumbnailUrl\":\"https:\/\/www.gaveanews.com\/wp-content\/uploads\/Everton-Ribeiro-em-acao-pelo-Brasil.webp\",\"articleSection\":[\"Flamengo\"],\"inLanguage\":\"pt-BR\",\"potentialAction\":[{\"@type\":\"CommentAction\",\"name\":\"Comment\",\"target\":[\"https:\/\/www.gaveanews.com\/index.php\/2021\/06\/19\/cbf-deve-mais-de-um-mes-de-salarios-ao-flamengo-por-convocacoes\/#respond\"]}],\"copyrightYear\":\"2021\",\"copyrightHolder\":{\"@id\":\"https:\/\/www.gaveanews.com\/#organization\"}},{\"@type\":\"WebPage\",\"@id\":\"https:\/\/www.gaveanews.com\/index.php\/2021\/06\/19\/cbf-deve-mais-de-um-mes-de-salarios-ao-flamengo-por-convocacoes\/\",\"url\":\"https:\/\/www.gaveanews.com\/index.php\/2021\/06\/19\/cbf-deve-mais-de-um-mes-de-salarios-ao-flamengo-por-convocacoes\/\",\"name\":\"CBF deve mais de um m\u00eas de sal\u00e1rios ao Flamengo por convoca\u00e7\u00f5es\",\"isPartOf\":{\"@id\":\"https:\/\/www.gaveanews.com\/#website\"},\"primaryImageOfPage\":{\"@id\":\"https:\/\/www.gaveanews.com\/index.php\/2021\/06\/19\/cbf-deve-mais-de-um-mes-de-salarios-ao-flamengo-por-convocacoes\/#primaryimage\"},\"image\":{\"@id\":\"https:\/\/www.gaveanews.com\/index.php\/2021\/06\/19\/cbf-deve-mais-de-um-mes-de-salarios-ao-flamengo-por-convocacoes\/#primaryimage\"},\"thumbnailUrl\":\"https:\/\/www.gaveanews.com\/wp-content\/uploads\/Everton-Ribeiro-em-acao-pelo-Brasil.webp\",\"datePublished\":\"2021-06-19T20:19:25+00:00\",\"dateModified\":\"2021-06-19T20:19:28+00:00\",\"author\":{\"@id\":\"https:\/\/www.gaveanews.com\/#\/schema\/person\/2ec14f73fb96be2caf28f91afb14749d\"},\"breadcrumb\":{\"@id\":\"https:\/\/www.gaveanews.com\/index.php\/2021\/06\/19\/cbf-deve-mais-de-um-mes-de-salarios-ao-flamengo-por-convocacoes\/#breadcrumb\"},\"inLanguage\":\"pt-BR\",\"potentialAction\":[{\"@type\":\"ReadAction\",\"target\":[\"https:\/\/www.gaveanews.com\/index.php\/2021\/06\/19\/cbf-deve-mais-de-um-mes-de-salarios-ao-flamengo-por-convocacoes\/\"]}]},{\"@type\":\"ImageObject\",\"inLanguage\":\"pt-BR\",\"@id\":\"https:\/\/www.gaveanews.com\/index.php\/2021\/06\/19\/cbf-deve-mais-de-um-mes-de-salarios-ao-flamengo-por-convocacoes\/#primaryimage\",\"url\":\"https:\/\/www.gaveanews.com\/wp-content\/uploads\/Everton-Ribeiro-em-acao-pelo-Brasil.webp\",\"contentUrl\":\"https:\/\/www.gaveanews.com\/wp-content\/uploads\/Everton-Ribeiro-em-acao-pelo-Brasil.webp\",\"width\":900,\"height\":506,\"caption\":\"Everton Ribeiro em a\u00e7\u00e3o pelo Brasil (Foto: Lucas Figueiredo\/CBF)\"},{\"@type\":\"BreadcrumbList\",\"@id\":\"https:\/\/www.gaveanews.com\/index.php\/2021\/06\/19\/cbf-deve-mais-de-um-mes-de-salarios-ao-flamengo-por-convocacoes\/#breadcrumb\",\"itemListElement\":[{\"@type\":\"ListItem\",\"position\":1,\"name\":\"Home\",\"item\":\"https:\/\/www.gaveanews.com\/\"},{\"@type\":\"ListItem\",\"position\":2,\"name\":\"CBF deve mais de um m\u00eas de sal\u00e1rios ao Flamengo por convoca\u00e7\u00f5es\"}]},{\"@type\":\"WebSite\",\"@id\":\"https:\/\/www.gaveanews.com\/#website\",\"url\":\"https:\/\/www.gaveanews.com\/\",\"name\":\"G\u00e1vea News\",\"description\":\"Veja todas as not\u00edcias sobre o Flamengo: Contrata\u00e7\u00f5es, categorias de base, resultados das partidas, tabela de classifica\u00e7\u00e3o, pr\u00f3ximos jogos!\",\"potentialAction\":[{\"@type\":\"SearchAction\",\"target\":{\"@type\":\"EntryPoint\",\"urlTemplate\":\"https:\/\/www.gaveanews.com\/?s={search_term_string}\"},\"query-input\":{\"@type\":\"PropertyValueSpecification\",\"valueRequired\":true,\"valueName\":\"search_term_string\"}}],\"inLanguage\":\"pt-BR\"},{\"@type\":\"Person\",\"@id\":\"https:\/\/www.gaveanews.com\/#\/schema\/person\/2ec14f73fb96be2caf28f91afb14749d\",\"name\":\"Equipe G\u00e1vea News\",\"image\":{\"@type\":\"ImageObject\",\"inLanguage\":\"pt-BR\",\"@id\":\"https:\/\/www.gaveanews.com\/#\/schema\/person\/image\/\",\"url\":\"https:\/\/secure.gravatar.com\/avatar\/1e1956f1facbffd3f8fa53a326721950116b3b9dc9bd44939c01180fd4a745a9?s=96&d=mm&r=g\",\"contentUrl\":\"https:\/\/secure.gravatar.com\/avatar\/1e1956f1facbffd3f8fa53a326721950116b3b9dc9bd44939c01180fd4a745a9?s=96&d=mm&r=g\",\"caption\":\"Equipe G\u00e1vea News\"}}]}<\/script>\n<!-- \/ Yoast SEO Premium plugin. -->","yoast_head_json":{"title":"CBF deve mais de um m\u00eas de sal\u00e1rios ao Flamengo por convoca\u00e7\u00f5es","robots":{"index":"index","follow":"follow","max-snippet":"max-snippet:-1","max-image-preview":"max-image-preview:large","max-video-preview":"max-video-preview:-1"},"canonical":"https:\/\/www.gaveanews.com\/index.php\/2021\/06\/19\/cbf-deve-mais-de-um-mes-de-salarios-ao-flamengo-por-convocacoes\/","og_locale":"pt_BR","og_type":"article","og_title":"CBF deve mais de um m\u00eas de sal\u00e1rios ao Flamengo por convoca\u00e7\u00f5es","og_description":"O Flamengo e o Palmeiras t\u00eam tr\u00eas jogadores, Gabigol, Everton Ribeiro e Weverton, cedidos \u00e0 sele\u00e7\u00e3o para eliminat\u00f3rias e Copa Am\u00e9rica. Ficar\u00e3o um m\u00eas e meio com o time brasileiro. Mas a CBF contraria a lei, n\u00e3o paga seus sal\u00e1rios e recha\u00e7a cobran\u00e7as. Tanto as eliminat\u00f3rias quanto a Copa Am\u00e9rica s\u00e3o altamente rent\u00e1veis para a [&hellip;]","og_url":"https:\/\/www.gaveanews.com\/index.php\/2021\/06\/19\/cbf-deve-mais-de-um-mes-de-salarios-ao-flamengo-por-convocacoes\/","og_site_name":"G\u00e1vea News","article_publisher":"https:\/\/facebook.com\/gaveaNews\/","article_published_time":"2021-06-19T20:19:25+00:00","article_modified_time":"2021-06-19T20:19:28+00:00","og_image":[{"width":900,"height":506,"url":"https:\/\/www.gaveanews.com\/wp-content\/uploads\/Everton-Ribeiro-em-acao-pelo-Brasil.webp","type":"image\/jpeg"}],"author":"Equipe G\u00e1vea News","twitter_card":"summary_large_image","twitter_misc":{"Escrito por":"Equipe G\u00e1vea News","Est. tempo de leitura":"3 minutos"},"schema":{"@context":"https:\/\/schema.org","@graph":[{"@type":"NewsArticle","@id":"https:\/\/www.gaveanews.com\/index.php\/2021\/06\/19\/cbf-deve-mais-de-um-mes-de-salarios-ao-flamengo-por-convocacoes\/#article","isPartOf":{"@id":"https:\/\/www.gaveanews.com\/index.php\/2021\/06\/19\/cbf-deve-mais-de-um-mes-de-salarios-ao-flamengo-por-convocacoes\/"},"author":{"name":"Equipe G\u00e1vea News","@id":"https:\/\/www.gaveanews.com\/#\/schema\/person\/2ec14f73fb96be2caf28f91afb14749d"},"headline":"CBF deve mais de um m\u00eas de sal\u00e1rios ao Flamengo por convoca\u00e7\u00f5es","datePublished":"2021-06-19T20:19:25+00:00","dateModified":"2021-06-19T20:19:28+00:00","mainEntityOfPage":{"@id":"https:\/\/www.gaveanews.com\/index.php\/2021\/06\/19\/cbf-deve-mais-de-um-mes-de-salarios-ao-flamengo-por-convocacoes\/"},"wordCount":610,"commentCount":8,"image":{"@id":"https:\/\/www.gaveanews.com\/index.php\/2021\/06\/19\/cbf-deve-mais-de-um-mes-de-salarios-ao-flamengo-por-convocacoes\/#primaryimage"},"thumbnailUrl":"https:\/\/www.gaveanews.com\/wp-content\/uploads\/Everton-Ribeiro-em-acao-pelo-Brasil.webp","articleSection":["Flamengo"],"inLanguage":"pt-BR","potentialAction":[{"@type":"CommentAction","name":"Comment","target":["https:\/\/www.gaveanews.com\/index.php\/2021\/06\/19\/cbf-deve-mais-de-um-mes-de-salarios-ao-flamengo-por-convocacoes\/#respond"]}],"copyrightYear":"2021","copyrightHolder":{"@id":"https:\/\/www.gaveanews.com\/#organization"}},{"@type":"WebPage","@id":"https:\/\/www.gaveanews.com\/index.php\/2021\/06\/19\/cbf-deve-mais-de-um-mes-de-salarios-ao-flamengo-por-convocacoes\/","url":"https:\/\/www.gaveanews.com\/index.php\/2021\/06\/19\/cbf-deve-mais-de-um-mes-de-salarios-ao-flamengo-por-convocacoes\/","name":"CBF deve mais de um m\u00eas de sal\u00e1rios ao Flamengo por convoca\u00e7\u00f5es","isPartOf":{"@id":"https:\/\/www.gaveanews.com\/#website"},"primaryImageOfPage":{"@id":"https:\/\/www.gaveanews.com\/index.php\/2021\/06\/19\/cbf-deve-mais-de-um-mes-de-salarios-ao-flamengo-por-convocacoes\/#primaryimage"},"image":{"@id":"https:\/\/www.gaveanews.com\/index.php\/2021\/06\/19\/cbf-deve-mais-de-um-mes-de-salarios-ao-flamengo-por-convocacoes\/#primaryimage"},"thumbnailUrl":"https:\/\/www.gaveanews.com\/wp-content\/uploads\/Everton-Ribeiro-em-acao-pelo-Brasil.webp","datePublished":"2021-06-19T20:19:25+00:00","dateModified":"2021-06-19T20:19:28+00:00","author":{"@id":"https:\/\/www.gaveanews.com\/#\/schema\/person\/2ec14f73fb96be2caf28f91afb14749d"},"breadcrumb":{"@id":"https:\/\/www.gaveanews.com\/index.php\/2021\/06\/19\/cbf-deve-mais-de-um-mes-de-salarios-ao-flamengo-por-convocacoes\/#breadcrumb"},"inLanguage":"pt-BR","potentialAction":[{"@type":"ReadAction","target":["https:\/\/www.gaveanews.com\/index.php\/2021\/06\/19\/cbf-deve-mais-de-um-mes-de-salarios-ao-flamengo-por-convocacoes\/"]}]},{"@type":"ImageObject","inLanguage":"pt-BR","@id":"https:\/\/www.gaveanews.com\/index.php\/2021\/06\/19\/cbf-deve-mais-de-um-mes-de-salarios-ao-flamengo-por-convocacoes\/#primaryimage","url":"https:\/\/www.gaveanews.com\/wp-content\/uploads\/Everton-Ribeiro-em-acao-pelo-Brasil.webp","contentUrl":"https:\/\/www.gaveanews.com\/wp-content\/uploads\/Everton-Ribeiro-em-acao-pelo-Brasil.webp","width":900,"height":506,"caption":"Everton Ribeiro em a\u00e7\u00e3o pelo Brasil (Foto: Lucas Figueiredo\/CBF)"},{"@type":"BreadcrumbList","@id":"https:\/\/www.gaveanews.com\/index.php\/2021\/06\/19\/cbf-deve-mais-de-um-mes-de-salarios-ao-flamengo-por-convocacoes\/#breadcrumb","itemListElement":[{"@type":"ListItem","position":1,"name":"Home","item":"https:\/\/www.gaveanews.com\/"},{"@type":"ListItem","position":2,"name":"CBF deve mais de um m\u00eas de sal\u00e1rios ao Flamengo por convoca\u00e7\u00f5es"}]},{"@type":"WebSite","@id":"https:\/\/www.gaveanews.com\/#website","url":"https:\/\/www.gaveanews.com\/","name":"G\u00e1vea News","description":"Veja todas as not\u00edcias sobre o Flamengo: Contrata\u00e7\u00f5es, categorias de base, resultados das partidas, tabela de classifica\u00e7\u00e3o, pr\u00f3ximos jogos!","potentialAction":[{"@type":"SearchAction","target":{"@type":"EntryPoint","urlTemplate":"https:\/\/www.gaveanews.com\/?s={search_term_string}"},"query-input":{"@type":"PropertyValueSpecification","valueRequired":true,"valueName":"search_term_string"}}],"inLanguage":"pt-BR"},{"@type":"Person","@id":"https:\/\/www.gaveanews.com\/#\/schema\/person\/2ec14f73fb96be2caf28f91afb14749d","name":"Equipe G\u00e1vea News","image":{"@type":"ImageObject","inLanguage":"pt-BR","@id":"https:\/\/www.gaveanews.com\/#\/schema\/person\/image\/","url":"https:\/\/secure.gravatar.com\/avatar\/1e1956f1facbffd3f8fa53a326721950116b3b9dc9bd44939c01180fd4a745a9?s=96&d=mm&r=g","contentUrl":"https:\/\/secure.gravatar.com\/avatar\/1e1956f1facbffd3f8fa53a326721950116b3b9dc9bd44939c01180fd4a745a9?s=96&d=mm&r=g","caption":"Equipe G\u00e1vea News"}}]}},"_links":{"self":[{"href":"https:\/\/www.gaveanews.com\/index.php\/wp-json\/wp\/v2\/posts\/63237","targetHints":{"allow":["GET"]}}],"collection":[{"href":"https:\/\/www.gaveanews.com\/index.php\/wp-json\/wp\/v2\/posts"}],"about":[{"href":"https:\/\/www.gaveanews.com\/index.php\/wp-json\/wp\/v2\/types\/post"}],"author":[{"embeddable":true,"href":"https:\/\/www.gaveanews.com\/index.php\/wp-json\/wp\/v2\/users\/1"}],"replies":[{"embeddable":true,"href":"https:\/\/www.gaveanews.com\/index.php\/wp-json\/wp\/v2\/comments?post=63237"}],"version-history":[{"count":0,"href":"https:\/\/www.gaveanews.com\/index.php\/wp-json\/wp\/v2\/posts\/63237\/revisions"}],"wp:featuredmedia":[{"embeddable":true,"href":"https:\/\/www.gaveanews.com\/index.php\/wp-json\/wp\/v2\/media\/51867"}],"wp:attachment":[{"href":"https:\/\/www.gaveanews.com\/index.php\/wp-json\/wp\/v2\/media?parent=63237"}],"wp:term":[{"taxonomy":"category","embeddable":true,"href":"https:\/\/www.gaveanews.com\/index.php\/wp-json\/wp\/v2\/categories?post=63237"},{"taxonomy":"post_tag","embeddable":true,"href":"https:\/\/www.gaveanews.com\/index.php\/wp-json\/wp\/v2\/tags?post=63237"}],"curies":[{"name":"wp","href":"https:\/\/api.w.org\/{rel}","templated":true}]}}