{"id":63239,"date":"2021-06-19T18:10:00","date_gmt":"2021-06-19T21:10:00","guid":{"rendered":"https:\/\/www.gaveanews.com\/?p=63239"},"modified":"2021-06-19T17:44:50","modified_gmt":"2021-06-19T20:44:50","slug":"zico-lamenta-guerra-entre-cbf-e-flamengo-por-pedro","status":"publish","type":"post","link":"https:\/\/www.gaveanews.com\/index.php\/2021\/06\/19\/zico-lamenta-guerra-entre-cbf-e-flamengo-por-pedro\/","title":{"rendered":"Zico lamenta &#8216;guerra&#8217; entre CBF e Flamengo por Pedro"},"content":{"rendered":"\n<p>A &#8220;guerra&#8221; travado por Flamengo e CBF por conta da n\u00e3o libera\u00e7\u00e3o do atacante Pedro para as Olimp\u00edadas tem dado o que falar. Em seu canal no youtube, Zico, maior \u00eddolo da hist\u00f3ria do Rubro-Negro, lamentou a postura das partes e principalmente que o jogador acabe pagando o pre\u00e7o.<\/p>\n\n\n\n<p><strong><em>\u2014 No final \u00e9 sempre o jogador que \u00e9 punido com essas coisas porque isso mostra o grande relacionamento entre o clube e a entidade. Isso \u00e9 uma coisa que tem que respeitar. A CBF hoje n\u00e3o restitui nada aos clubes por ter os jogadores l\u00e1<\/em><\/strong>, declarou Zico.<\/p>\n\n\n\n<p><strong><em>\u2014 Eu lembro que eu deixei de ser convocado quando vim pra It\u00e1lia porque a CBF tinha que pagar aos clubes para ter os jogadores que estavam no exterior. Voc\u00ea tem que pagar luvas, sal\u00e1rio, 13\u00b0, de tudo, hoje n\u00e3o paga nada, ainda muito deles voltam machucados e de quem \u00e9 o preju\u00edzo? Dos clubes que sustenta eles o ano inteiro. A\u00ed eu acho que deveria haver um bom entendimento, o que n\u00e3o h\u00e1. \u00c9 desnecess\u00e1rio voc\u00ea saber que o clube est\u00e1 insatisfeito e fazer a convoca\u00e7\u00e3o. Isso \u00e9 para o qu\u00ea? Jogar o clube contra a galera. Isso \u00e9 uma pena<\/em><\/strong>, completou.<\/p>\n\n\n\n<p>Retirado de: O Dia<\/p>\n","protected":false},"excerpt":{"rendered":"<p>A &#8220;guerra&#8221; travado por Flamengo e CBF por conta da n\u00e3o libera\u00e7\u00e3o do atacante Pedro para as Olimp\u00edadas tem dado o que falar. Em seu canal no youtube, Zico, maior \u00eddolo da hist\u00f3ria do Rubro-Negro, lamentou a postura das partes e principalmente que o jogador acabe pagando o pre\u00e7o. \u2014 No final \u00e9 sempre o [&hellip;]<\/p>\n","protected":false},"author":1,"featured_media":62638,"comment_status":"open","ping_status":"closed","sticky":false,"template":"","format":"standard","meta":{"footnotes":""},"categories":[47],"tags":[],"class_list":["post-63239","post","type-post","status-publish","format-standard","has-post-thumbnail","hentry","category-destaques"],"yoast_head":"<!-- This site is optimized with the Yoast SEO Premium plugin v24.2 (Yoast SEO v26.9) - https:\/\/yoast.com\/product\/yoast-seo-premium-wordpress\/ -->\n<title>Zico lamenta &#039;guerra&#039; entre CBF e Flamengo por Pedro<\/title>\n<meta name=\"robots\" content=\"index, follow, max-snippet:-1, max-image-preview:large, max-video-preview:-1\" \/>\n<link rel=\"canonical\" href=\"https:\/\/www.gaveanews.com\/index.php\/2021\/06\/19\/zico-lamenta-guerra-entre-cbf-e-flamengo-por-pedro\/\" \/>\n<meta property=\"og:locale\" content=\"pt_BR\" \/>\n<meta property=\"og:type\" content=\"article\" \/>\n<meta property=\"og:title\" content=\"Zico lamenta &#039;guerra&#039; entre CBF e Flamengo por Pedro\" \/>\n<meta property=\"og:description\" content=\"A &#8220;guerra&#8221; travado por Flamengo e CBF por conta da n\u00e3o libera\u00e7\u00e3o do atacante Pedro para as Olimp\u00edadas tem dado o que falar. Em seu canal no youtube, Zico, maior \u00eddolo da hist\u00f3ria do Rubro-Negro, lamentou a postura das partes e principalmente que o jogador acabe pagando o pre\u00e7o. \u2014 No final \u00e9 sempre o [&hellip;]\" \/>\n<meta property=\"og:url\" content=\"https:\/\/www.gaveanews.com\/index.php\/2021\/06\/19\/zico-lamenta-guerra-entre-cbf-e-flamengo-por-pedro\/\" \/>\n<meta property=\"og:site_name\" content=\"G\u00e1vea News\" \/>\n<meta property=\"article:publisher\" content=\"https:\/\/facebook.com\/gaveaNews\/\" \/>\n<meta property=\"article:published_time\" content=\"2021-06-19T21:10:00+00:00\" \/>\n<meta property=\"og:image\" content=\"https:\/\/www.gaveanews.com\/wp-content\/uploads\/Pedro-em-acao-pela-Selecao-Olimpica.webp\" \/>\n\t<meta property=\"og:image:width\" content=\"640\" \/>\n\t<meta property=\"og:image:height\" content=\"360\" \/>\n\t<meta property=\"og:image:type\" content=\"image\/jpeg\" \/>\n<meta name=\"author\" content=\"Equipe G\u00e1vea News\" \/>\n<meta name=\"twitter:card\" content=\"summary_large_image\" \/>\n<meta name=\"twitter:label1\" content=\"Escrito por\" \/>\n\t<meta name=\"twitter:data1\" content=\"Equipe G\u00e1vea News\" \/>\n\t<meta name=\"twitter:label2\" content=\"Est. tempo de leitura\" \/>\n\t<meta name=\"twitter:data2\" content=\"1 minuto\" \/>\n<script type=\"application\/ld+json\" class=\"yoast-schema-graph\">{\"@context\":\"https:\/\/schema.org\",\"@graph\":[{\"@type\":\"NewsArticle\",\"@id\":\"https:\/\/www.gaveanews.com\/index.php\/2021\/06\/19\/zico-lamenta-guerra-entre-cbf-e-flamengo-por-pedro\/#article\",\"isPartOf\":{\"@id\":\"https:\/\/www.gaveanews.com\/index.php\/2021\/06\/19\/zico-lamenta-guerra-entre-cbf-e-flamengo-por-pedro\/\"},\"author\":{\"name\":\"Equipe G\u00e1vea News\",\"@id\":\"https:\/\/www.gaveanews.com\/#\/schema\/person\/2ec14f73fb96be2caf28f91afb14749d\"},\"headline\":\"Zico lamenta &#8216;guerra&#8217; entre CBF e Flamengo por Pedro\",\"datePublished\":\"2021-06-19T21:10:00+00:00\",\"mainEntityOfPage\":{\"@id\":\"https:\/\/www.gaveanews.com\/index.php\/2021\/06\/19\/zico-lamenta-guerra-entre-cbf-e-flamengo-por-pedro\/\"},\"wordCount\":216,\"commentCount\":10,\"image\":{\"@id\":\"https:\/\/www.gaveanews.com\/index.php\/2021\/06\/19\/zico-lamenta-guerra-entre-cbf-e-flamengo-por-pedro\/#primaryimage\"},\"thumbnailUrl\":\"https:\/\/www.gaveanews.com\/wp-content\/uploads\/Pedro-em-acao-pela-Selecao-Olimpica.webp\",\"articleSection\":[\"Destaques\"],\"inLanguage\":\"pt-BR\",\"potentialAction\":[{\"@type\":\"CommentAction\",\"name\":\"Comment\",\"target\":[\"https:\/\/www.gaveanews.com\/index.php\/2021\/06\/19\/zico-lamenta-guerra-entre-cbf-e-flamengo-por-pedro\/#respond\"]}],\"copyrightYear\":\"2021\",\"copyrightHolder\":{\"@id\":\"https:\/\/www.gaveanews.com\/#organization\"}},{\"@type\":\"WebPage\",\"@id\":\"https:\/\/www.gaveanews.com\/index.php\/2021\/06\/19\/zico-lamenta-guerra-entre-cbf-e-flamengo-por-pedro\/\",\"url\":\"https:\/\/www.gaveanews.com\/index.php\/2021\/06\/19\/zico-lamenta-guerra-entre-cbf-e-flamengo-por-pedro\/\",\"name\":\"Zico lamenta 'guerra' entre CBF e Flamengo por Pedro\",\"isPartOf\":{\"@id\":\"https:\/\/www.gaveanews.com\/#website\"},\"primaryImageOfPage\":{\"@id\":\"https:\/\/www.gaveanews.com\/index.php\/2021\/06\/19\/zico-lamenta-guerra-entre-cbf-e-flamengo-por-pedro\/#primaryimage\"},\"image\":{\"@id\":\"https:\/\/www.gaveanews.com\/index.php\/2021\/06\/19\/zico-lamenta-guerra-entre-cbf-e-flamengo-por-pedro\/#primaryimage\"},\"thumbnailUrl\":\"https:\/\/www.gaveanews.com\/wp-content\/uploads\/Pedro-em-acao-pela-Selecao-Olimpica.webp\",\"datePublished\":\"2021-06-19T21:10:00+00:00\",\"author\":{\"@id\":\"https:\/\/www.gaveanews.com\/#\/schema\/person\/2ec14f73fb96be2caf28f91afb14749d\"},\"breadcrumb\":{\"@id\":\"https:\/\/www.gaveanews.com\/index.php\/2021\/06\/19\/zico-lamenta-guerra-entre-cbf-e-flamengo-por-pedro\/#breadcrumb\"},\"inLanguage\":\"pt-BR\",\"potentialAction\":[{\"@type\":\"ReadAction\",\"target\":[\"https:\/\/www.gaveanews.com\/index.php\/2021\/06\/19\/zico-lamenta-guerra-entre-cbf-e-flamengo-por-pedro\/\"]}]},{\"@type\":\"ImageObject\",\"inLanguage\":\"pt-BR\",\"@id\":\"https:\/\/www.gaveanews.com\/index.php\/2021\/06\/19\/zico-lamenta-guerra-entre-cbf-e-flamengo-por-pedro\/#primaryimage\",\"url\":\"https:\/\/www.gaveanews.com\/wp-content\/uploads\/Pedro-em-acao-pela-Selecao-Olimpica.webp\",\"contentUrl\":\"https:\/\/www.gaveanews.com\/wp-content\/uploads\/Pedro-em-acao-pela-Selecao-Olimpica.webp\",\"width\":640,\"height\":360,\"caption\":\"Pedro em a\u00e7\u00e3o pela Sele\u00e7\u00e3o Ol\u00edmpica (Foto: Divulga\u00e7\u00e3o\/CBF)\"},{\"@type\":\"BreadcrumbList\",\"@id\":\"https:\/\/www.gaveanews.com\/index.php\/2021\/06\/19\/zico-lamenta-guerra-entre-cbf-e-flamengo-por-pedro\/#breadcrumb\",\"itemListElement\":[{\"@type\":\"ListItem\",\"position\":1,\"name\":\"Home\",\"item\":\"https:\/\/www.gaveanews.com\/\"},{\"@type\":\"ListItem\",\"position\":2,\"name\":\"Zico lamenta &#8216;guerra&#8217; entre CBF e Flamengo por Pedro\"}]},{\"@type\":\"WebSite\",\"@id\":\"https:\/\/www.gaveanews.com\/#website\",\"url\":\"https:\/\/www.gaveanews.com\/\",\"name\":\"G\u00e1vea News\",\"description\":\"Veja todas as not\u00edcias sobre o Flamengo: Contrata\u00e7\u00f5es, categorias de base, resultados das partidas, tabela de classifica\u00e7\u00e3o, pr\u00f3ximos jogos!\",\"potentialAction\":[{\"@type\":\"SearchAction\",\"target\":{\"@type\":\"EntryPoint\",\"urlTemplate\":\"https:\/\/www.gaveanews.com\/?s={search_term_string}\"},\"query-input\":{\"@type\":\"PropertyValueSpecification\",\"valueRequired\":true,\"valueName\":\"search_term_string\"}}],\"inLanguage\":\"pt-BR\"},{\"@type\":\"Person\",\"@id\":\"https:\/\/www.gaveanews.com\/#\/schema\/person\/2ec14f73fb96be2caf28f91afb14749d\",\"name\":\"Equipe G\u00e1vea News\",\"image\":{\"@type\":\"ImageObject\",\"inLanguage\":\"pt-BR\",\"@id\":\"https:\/\/www.gaveanews.com\/#\/schema\/person\/image\/\",\"url\":\"https:\/\/secure.gravatar.com\/avatar\/1e1956f1facbffd3f8fa53a326721950116b3b9dc9bd44939c01180fd4a745a9?s=96&d=mm&r=g\",\"contentUrl\":\"https:\/\/secure.gravatar.com\/avatar\/1e1956f1facbffd3f8fa53a326721950116b3b9dc9bd44939c01180fd4a745a9?s=96&d=mm&r=g\",\"caption\":\"Equipe G\u00e1vea News\"}}]}<\/script>\n<!-- \/ Yoast SEO Premium plugin. -->","yoast_head_json":{"title":"Zico lamenta 'guerra' entre CBF e Flamengo por Pedro","robots":{"index":"index","follow":"follow","max-snippet":"max-snippet:-1","max-image-preview":"max-image-preview:large","max-video-preview":"max-video-preview:-1"},"canonical":"https:\/\/www.gaveanews.com\/index.php\/2021\/06\/19\/zico-lamenta-guerra-entre-cbf-e-flamengo-por-pedro\/","og_locale":"pt_BR","og_type":"article","og_title":"Zico lamenta 'guerra' entre CBF e Flamengo por Pedro","og_description":"A &#8220;guerra&#8221; travado por Flamengo e CBF por conta da n\u00e3o libera\u00e7\u00e3o do atacante Pedro para as Olimp\u00edadas tem dado o que falar. Em seu canal no youtube, Zico, maior \u00eddolo da hist\u00f3ria do Rubro-Negro, lamentou a postura das partes e principalmente que o jogador acabe pagando o pre\u00e7o. \u2014 No final \u00e9 sempre o [&hellip;]","og_url":"https:\/\/www.gaveanews.com\/index.php\/2021\/06\/19\/zico-lamenta-guerra-entre-cbf-e-flamengo-por-pedro\/","og_site_name":"G\u00e1vea News","article_publisher":"https:\/\/facebook.com\/gaveaNews\/","article_published_time":"2021-06-19T21:10:00+00:00","og_image":[{"width":640,"height":360,"url":"https:\/\/www.gaveanews.com\/wp-content\/uploads\/Pedro-em-acao-pela-Selecao-Olimpica.webp","type":"image\/jpeg"}],"author":"Equipe G\u00e1vea News","twitter_card":"summary_large_image","twitter_misc":{"Escrito por":"Equipe G\u00e1vea News","Est. tempo de leitura":"1 minuto"},"schema":{"@context":"https:\/\/schema.org","@graph":[{"@type":"NewsArticle","@id":"https:\/\/www.gaveanews.com\/index.php\/2021\/06\/19\/zico-lamenta-guerra-entre-cbf-e-flamengo-por-pedro\/#article","isPartOf":{"@id":"https:\/\/www.gaveanews.com\/index.php\/2021\/06\/19\/zico-lamenta-guerra-entre-cbf-e-flamengo-por-pedro\/"},"author":{"name":"Equipe G\u00e1vea News","@id":"https:\/\/www.gaveanews.com\/#\/schema\/person\/2ec14f73fb96be2caf28f91afb14749d"},"headline":"Zico lamenta &#8216;guerra&#8217; entre CBF e Flamengo por Pedro","datePublished":"2021-06-19T21:10:00+00:00","mainEntityOfPage":{"@id":"https:\/\/www.gaveanews.com\/index.php\/2021\/06\/19\/zico-lamenta-guerra-entre-cbf-e-flamengo-por-pedro\/"},"wordCount":216,"commentCount":10,"image":{"@id":"https:\/\/www.gaveanews.com\/index.php\/2021\/06\/19\/zico-lamenta-guerra-entre-cbf-e-flamengo-por-pedro\/#primaryimage"},"thumbnailUrl":"https:\/\/www.gaveanews.com\/wp-content\/uploads\/Pedro-em-acao-pela-Selecao-Olimpica.webp","articleSection":["Destaques"],"inLanguage":"pt-BR","potentialAction":[{"@type":"CommentAction","name":"Comment","target":["https:\/\/www.gaveanews.com\/index.php\/2021\/06\/19\/zico-lamenta-guerra-entre-cbf-e-flamengo-por-pedro\/#respond"]}],"copyrightYear":"2021","copyrightHolder":{"@id":"https:\/\/www.gaveanews.com\/#organization"}},{"@type":"WebPage","@id":"https:\/\/www.gaveanews.com\/index.php\/2021\/06\/19\/zico-lamenta-guerra-entre-cbf-e-flamengo-por-pedro\/","url":"https:\/\/www.gaveanews.com\/index.php\/2021\/06\/19\/zico-lamenta-guerra-entre-cbf-e-flamengo-por-pedro\/","name":"Zico lamenta 'guerra' entre CBF e Flamengo por Pedro","isPartOf":{"@id":"https:\/\/www.gaveanews.com\/#website"},"primaryImageOfPage":{"@id":"https:\/\/www.gaveanews.com\/index.php\/2021\/06\/19\/zico-lamenta-guerra-entre-cbf-e-flamengo-por-pedro\/#primaryimage"},"image":{"@id":"https:\/\/www.gaveanews.com\/index.php\/2021\/06\/19\/zico-lamenta-guerra-entre-cbf-e-flamengo-por-pedro\/#primaryimage"},"thumbnailUrl":"https:\/\/www.gaveanews.com\/wp-content\/uploads\/Pedro-em-acao-pela-Selecao-Olimpica.webp","datePublished":"2021-06-19T21:10:00+00:00","author":{"@id":"https:\/\/www.gaveanews.com\/#\/schema\/person\/2ec14f73fb96be2caf28f91afb14749d"},"breadcrumb":{"@id":"https:\/\/www.gaveanews.com\/index.php\/2021\/06\/19\/zico-lamenta-guerra-entre-cbf-e-flamengo-por-pedro\/#breadcrumb"},"inLanguage":"pt-BR","potentialAction":[{"@type":"ReadAction","target":["https:\/\/www.gaveanews.com\/index.php\/2021\/06\/19\/zico-lamenta-guerra-entre-cbf-e-flamengo-por-pedro\/"]}]},{"@type":"ImageObject","inLanguage":"pt-BR","@id":"https:\/\/www.gaveanews.com\/index.php\/2021\/06\/19\/zico-lamenta-guerra-entre-cbf-e-flamengo-por-pedro\/#primaryimage","url":"https:\/\/www.gaveanews.com\/wp-content\/uploads\/Pedro-em-acao-pela-Selecao-Olimpica.webp","contentUrl":"https:\/\/www.gaveanews.com\/wp-content\/uploads\/Pedro-em-acao-pela-Selecao-Olimpica.webp","width":640,"height":360,"caption":"Pedro em a\u00e7\u00e3o pela Sele\u00e7\u00e3o Ol\u00edmpica (Foto: Divulga\u00e7\u00e3o\/CBF)"},{"@type":"BreadcrumbList","@id":"https:\/\/www.gaveanews.com\/index.php\/2021\/06\/19\/zico-lamenta-guerra-entre-cbf-e-flamengo-por-pedro\/#breadcrumb","itemListElement":[{"@type":"ListItem","position":1,"name":"Home","item":"https:\/\/www.gaveanews.com\/"},{"@type":"ListItem","position":2,"name":"Zico lamenta &#8216;guerra&#8217; entre CBF e Flamengo por Pedro"}]},{"@type":"WebSite","@id":"https:\/\/www.gaveanews.com\/#website","url":"https:\/\/www.gaveanews.com\/","name":"G\u00e1vea News","description":"Veja todas as not\u00edcias sobre o Flamengo: Contrata\u00e7\u00f5es, categorias de base, resultados das partidas, tabela de classifica\u00e7\u00e3o, pr\u00f3ximos jogos!","potentialAction":[{"@type":"SearchAction","target":{"@type":"EntryPoint","urlTemplate":"https:\/\/www.gaveanews.com\/?s={search_term_string}"},"query-input":{"@type":"PropertyValueSpecification","valueRequired":true,"valueName":"search_term_string"}}],"inLanguage":"pt-BR"},{"@type":"Person","@id":"https:\/\/www.gaveanews.com\/#\/schema\/person\/2ec14f73fb96be2caf28f91afb14749d","name":"Equipe G\u00e1vea News","image":{"@type":"ImageObject","inLanguage":"pt-BR","@id":"https:\/\/www.gaveanews.com\/#\/schema\/person\/image\/","url":"https:\/\/secure.gravatar.com\/avatar\/1e1956f1facbffd3f8fa53a326721950116b3b9dc9bd44939c01180fd4a745a9?s=96&d=mm&r=g","contentUrl":"https:\/\/secure.gravatar.com\/avatar\/1e1956f1facbffd3f8fa53a326721950116b3b9dc9bd44939c01180fd4a745a9?s=96&d=mm&r=g","caption":"Equipe G\u00e1vea News"}}]}},"_links":{"self":[{"href":"https:\/\/www.gaveanews.com\/index.php\/wp-json\/wp\/v2\/posts\/63239","targetHints":{"allow":["GET"]}}],"collection":[{"href":"https:\/\/www.gaveanews.com\/index.php\/wp-json\/wp\/v2\/posts"}],"about":[{"href":"https:\/\/www.gaveanews.com\/index.php\/wp-json\/wp\/v2\/types\/post"}],"author":[{"embeddable":true,"href":"https:\/\/www.gaveanews.com\/index.php\/wp-json\/wp\/v2\/users\/1"}],"replies":[{"embeddable":true,"href":"https:\/\/www.gaveanews.com\/index.php\/wp-json\/wp\/v2\/comments?post=63239"}],"version-history":[{"count":0,"href":"https:\/\/www.gaveanews.com\/index.php\/wp-json\/wp\/v2\/posts\/63239\/revisions"}],"wp:featuredmedia":[{"embeddable":true,"href":"https:\/\/www.gaveanews.com\/index.php\/wp-json\/wp\/v2\/media\/62638"}],"wp:attachment":[{"href":"https:\/\/www.gaveanews.com\/index.php\/wp-json\/wp\/v2\/media?parent=63239"}],"wp:term":[{"taxonomy":"category","embeddable":true,"href":"https:\/\/www.gaveanews.com\/index.php\/wp-json\/wp\/v2\/categories?post=63239"},{"taxonomy":"post_tag","embeddable":true,"href":"https:\/\/www.gaveanews.com\/index.php\/wp-json\/wp\/v2\/tags?post=63239"}],"curies":[{"name":"wp","href":"https:\/\/api.w.org\/{rel}","templated":true}]}}