{"id":63258,"date":"2021-06-19T23:23:28","date_gmt":"2021-06-20T02:23:28","guid":{"rendered":"https:\/\/www.gaveanews.com\/?p=63258"},"modified":"2021-06-19T23:23:30","modified_gmt":"2021-06-20T02:23:30","slug":"lembra-dele-cria-do-flamengo-faz-golaco-contra-o-cruzeiro-assista","status":"publish","type":"post","link":"https:\/\/www.gaveanews.com\/index.php\/2021\/06\/19\/lembra-dele-cria-do-flamengo-faz-golaco-contra-o-cruzeiro-assista\/","title":{"rendered":"Lembra dele? Cria do Flamengo faz gola\u00e7o contra o Cruzeiro; assista"},"content":{"rendered":"\n<p>Paulo S\u00e9rgio protagonizou um lindo lance em sua estreia no Oper\u00e1rio-PR. O atacante fez um gola\u00e7o de bicicleta no duelo contra o Cruzeiro, pela 5\u00aa rodada da S\u00e9rie B do Campeonato Brasileiro, na noite deste s\u00e1bado (19).<\/p>\n\n\n\n<p>O gola\u00e7o saiu aos 31 minutos de jogo. Tomas Bastos cobrou falta direto na cabe\u00e7a do Pedro Ken, que bate no travess\u00e3o. De rebote, Paulo S\u00e9rgio marcou de bicicleta. Assista ao lance:<\/p>\n\n\n\n<figure class=\"wp-block-embed is-type-rich is-provider-twitter wp-block-embed-twitter\"><div class=\"wp-block-embed__wrapper\">\n<blockquote class=\"twitter-tweet\" data-width=\"550\" data-dnt=\"true\"><p lang=\"pt\" dir=\"ltr\">Paulo S\u00e9rgio MANDA UMA BICICLETA para abrir o placar: Oper\u00e1rio 1&#215;0 Cruzeiro <a href=\"https:\/\/t.co\/O7wUD0hCBo\">pic.twitter.com\/O7wUD0hCBo<\/a><\/p>&mdash; Goleada Info (@goleada_info) <a href=\"https:\/\/twitter.com\/goleada_info\/status\/1406379694266667009?ref_src=twsrc%5Etfw\">June 19, 2021<\/a><\/blockquote><script async src=\"https:\/\/platform.twitter.com\/widgets.js\" charset=\"utf-8\"><\/script>\n<\/div><\/figure>\n\n\n\n<p>Paulo S\u00e9rgio chegou ao Oper\u00e1rio-PR nesta semana, ap\u00f3s passagem sem muito brilho pela Ponte Preta. Na Macaca, o atacante disputou 18 jogos e marcou apenas 2 gols.<\/p>\n\n\n\n<p>No ano passado, o centroavante foi um dos destaques da S\u00e9rie B defendendo o CSA, quando fez 10 gols em 27 partidas disputadas. Antes, mas ainda em 2020, Paulo S\u00e9rgio foi goleador do ABC, tamb\u00e9m com 10 bolas nas redes, e do Cascavel, onde marcou quatro vezes.<\/p>\n\n\n\n<p>Paulo S\u00e9rgio \u00e9 cria das categorias de base do Flamengo e durante a carreira tamb\u00e9m passou por clubes como Figueirense, N\u00e1utico, Paran\u00e1, Ava\u00ed, Crici\u00fama, Fortaleza e Juventude.<\/p>\n\n\n\n<p>Retirado de: Torcedores<\/p>\n","protected":false},"excerpt":{"rendered":"<p>Paulo S\u00e9rgio protagonizou um lindo lance em sua estreia no Oper\u00e1rio-PR. O atacante fez um gola\u00e7o de bicicleta no duelo contra o Cruzeiro, pela 5\u00aa rodada da S\u00e9rie B do Campeonato Brasileiro, na noite deste s\u00e1bado (19). O gola\u00e7o saiu aos 31 minutos de jogo. Tomas Bastos cobrou falta direto na cabe\u00e7a do Pedro Ken, [&hellip;]<\/p>\n","protected":false},"author":1,"featured_media":49071,"comment_status":"open","ping_status":"closed","sticky":false,"template":"","format":"standard","meta":{"footnotes":""},"categories":[40],"tags":[],"class_list":["post-63258","post","type-post","status-publish","format-standard","has-post-thumbnail","hentry","category-video"],"yoast_head":"<!-- This site is optimized with the Yoast SEO Premium plugin v24.2 (Yoast SEO v26.9) - https:\/\/yoast.com\/product\/yoast-seo-premium-wordpress\/ -->\n<title>Ex-atacante do Flamengo faz gola\u00e7o contra o Cruzeiro; assista<\/title>\n<meta name=\"robots\" content=\"index, follow, max-snippet:-1, max-image-preview:large, max-video-preview:-1\" \/>\n<link rel=\"canonical\" href=\"https:\/\/www.gaveanews.com\/index.php\/2021\/06\/19\/lembra-dele-cria-do-flamengo-faz-golaco-contra-o-cruzeiro-assista\/\" \/>\n<meta property=\"og:locale\" content=\"pt_BR\" \/>\n<meta property=\"og:type\" content=\"article\" \/>\n<meta property=\"og:title\" content=\"Lembra dele? Cria do Flamengo faz gola\u00e7o contra o Cruzeiro; assista\" \/>\n<meta property=\"og:description\" content=\"Paulo S\u00e9rgio protagonizou um lindo lance em sua estreia no Oper\u00e1rio-PR. O atacante fez um gola\u00e7o de bicicleta no duelo contra o Cruzeiro, pela 5\u00aa rodada da S\u00e9rie B do Campeonato Brasileiro, na noite deste s\u00e1bado (19). O gola\u00e7o saiu aos 31 minutos de jogo. Tomas Bastos cobrou falta direto na cabe\u00e7a do Pedro Ken, [&hellip;]\" \/>\n<meta property=\"og:url\" content=\"https:\/\/www.gaveanews.com\/index.php\/2021\/06\/19\/lembra-dele-cria-do-flamengo-faz-golaco-contra-o-cruzeiro-assista\/\" \/>\n<meta property=\"og:site_name\" content=\"G\u00e1vea News\" \/>\n<meta property=\"article:publisher\" content=\"https:\/\/facebook.com\/gaveaNews\/\" \/>\n<meta property=\"article:published_time\" content=\"2021-06-20T02:23:28+00:00\" \/>\n<meta property=\"article:modified_time\" content=\"2021-06-20T02:23:30+00:00\" \/>\n<meta property=\"og:image\" content=\"https:\/\/www.gaveanews.com\/wp-content\/uploads\/Paulo-Sergio-durante-a-comemoracao-apos-marcar-um-gol-pelo-Flamengo.webp\" \/>\n\t<meta property=\"og:image:width\" content=\"960\" \/>\n\t<meta property=\"og:image:height\" content=\"540\" \/>\n\t<meta property=\"og:image:type\" content=\"image\/jpeg\" \/>\n<meta name=\"author\" content=\"Equipe G\u00e1vea News\" \/>\n<meta name=\"twitter:card\" content=\"summary_large_image\" \/>\n<meta name=\"twitter:label1\" content=\"Escrito por\" \/>\n\t<meta name=\"twitter:data1\" content=\"Equipe G\u00e1vea News\" \/>\n\t<meta name=\"twitter:label2\" content=\"Est. tempo de leitura\" \/>\n\t<meta name=\"twitter:data2\" content=\"1 minuto\" \/>\n<script type=\"application\/ld+json\" class=\"yoast-schema-graph\">{\"@context\":\"https:\/\/schema.org\",\"@graph\":[{\"@type\":\"NewsArticle\",\"@id\":\"https:\/\/www.gaveanews.com\/index.php\/2021\/06\/19\/lembra-dele-cria-do-flamengo-faz-golaco-contra-o-cruzeiro-assista\/#article\",\"isPartOf\":{\"@id\":\"https:\/\/www.gaveanews.com\/index.php\/2021\/06\/19\/lembra-dele-cria-do-flamengo-faz-golaco-contra-o-cruzeiro-assista\/\"},\"author\":{\"name\":\"Equipe G\u00e1vea News\",\"@id\":\"https:\/\/www.gaveanews.com\/#\/schema\/person\/2ec14f73fb96be2caf28f91afb14749d\"},\"headline\":\"Lembra dele? Cria do Flamengo faz gola\u00e7o contra o Cruzeiro; assista\",\"datePublished\":\"2021-06-20T02:23:28+00:00\",\"dateModified\":\"2021-06-20T02:23:30+00:00\",\"mainEntityOfPage\":{\"@id\":\"https:\/\/www.gaveanews.com\/index.php\/2021\/06\/19\/lembra-dele-cria-do-flamengo-faz-golaco-contra-o-cruzeiro-assista\/\"},\"wordCount\":200,\"commentCount\":1,\"image\":{\"@id\":\"https:\/\/www.gaveanews.com\/index.php\/2021\/06\/19\/lembra-dele-cria-do-flamengo-faz-golaco-contra-o-cruzeiro-assista\/#primaryimage\"},\"thumbnailUrl\":\"https:\/\/www.gaveanews.com\/wp-content\/uploads\/Paulo-Sergio-durante-a-comemoracao-apos-marcar-um-gol-pelo-Flamengo.webp\",\"articleSection\":[\"V\u00eddeos\"],\"inLanguage\":\"pt-BR\",\"potentialAction\":[{\"@type\":\"CommentAction\",\"name\":\"Comment\",\"target\":[\"https:\/\/www.gaveanews.com\/index.php\/2021\/06\/19\/lembra-dele-cria-do-flamengo-faz-golaco-contra-o-cruzeiro-assista\/#respond\"]}],\"copyrightYear\":\"2021\",\"copyrightHolder\":{\"@id\":\"https:\/\/www.gaveanews.com\/#organization\"}},{\"@type\":\"WebPage\",\"@id\":\"https:\/\/www.gaveanews.com\/index.php\/2021\/06\/19\/lembra-dele-cria-do-flamengo-faz-golaco-contra-o-cruzeiro-assista\/\",\"url\":\"https:\/\/www.gaveanews.com\/index.php\/2021\/06\/19\/lembra-dele-cria-do-flamengo-faz-golaco-contra-o-cruzeiro-assista\/\",\"name\":\"Ex-atacante do Flamengo faz gola\u00e7o contra o Cruzeiro; assista\",\"isPartOf\":{\"@id\":\"https:\/\/www.gaveanews.com\/#website\"},\"primaryImageOfPage\":{\"@id\":\"https:\/\/www.gaveanews.com\/index.php\/2021\/06\/19\/lembra-dele-cria-do-flamengo-faz-golaco-contra-o-cruzeiro-assista\/#primaryimage\"},\"image\":{\"@id\":\"https:\/\/www.gaveanews.com\/index.php\/2021\/06\/19\/lembra-dele-cria-do-flamengo-faz-golaco-contra-o-cruzeiro-assista\/#primaryimage\"},\"thumbnailUrl\":\"https:\/\/www.gaveanews.com\/wp-content\/uploads\/Paulo-Sergio-durante-a-comemoracao-apos-marcar-um-gol-pelo-Flamengo.webp\",\"datePublished\":\"2021-06-20T02:23:28+00:00\",\"dateModified\":\"2021-06-20T02:23:30+00:00\",\"author\":{\"@id\":\"https:\/\/www.gaveanews.com\/#\/schema\/person\/2ec14f73fb96be2caf28f91afb14749d\"},\"breadcrumb\":{\"@id\":\"https:\/\/www.gaveanews.com\/index.php\/2021\/06\/19\/lembra-dele-cria-do-flamengo-faz-golaco-contra-o-cruzeiro-assista\/#breadcrumb\"},\"inLanguage\":\"pt-BR\",\"potentialAction\":[{\"@type\":\"ReadAction\",\"target\":[\"https:\/\/www.gaveanews.com\/index.php\/2021\/06\/19\/lembra-dele-cria-do-flamengo-faz-golaco-contra-o-cruzeiro-assista\/\"]}]},{\"@type\":\"ImageObject\",\"inLanguage\":\"pt-BR\",\"@id\":\"https:\/\/www.gaveanews.com\/index.php\/2021\/06\/19\/lembra-dele-cria-do-flamengo-faz-golaco-contra-o-cruzeiro-assista\/#primaryimage\",\"url\":\"https:\/\/www.gaveanews.com\/wp-content\/uploads\/Paulo-Sergio-durante-a-comemoracao-apos-marcar-um-gol-pelo-Flamengo.webp\",\"contentUrl\":\"https:\/\/www.gaveanews.com\/wp-content\/uploads\/Paulo-Sergio-durante-a-comemoracao-apos-marcar-um-gol-pelo-Flamengo.webp\",\"width\":960,\"height\":540,\"caption\":\"Paulo S\u00e9rgio durante a comemora\u00e7\u00e3o ap\u00f3s marcar um gol pelo Flamengo (Foto: Divulga\u00e7\u00e3o)\"},{\"@type\":\"BreadcrumbList\",\"@id\":\"https:\/\/www.gaveanews.com\/index.php\/2021\/06\/19\/lembra-dele-cria-do-flamengo-faz-golaco-contra-o-cruzeiro-assista\/#breadcrumb\",\"itemListElement\":[{\"@type\":\"ListItem\",\"position\":1,\"name\":\"Home\",\"item\":\"https:\/\/www.gaveanews.com\/\"},{\"@type\":\"ListItem\",\"position\":2,\"name\":\"Lembra dele? Cria do Flamengo faz gola\u00e7o contra o Cruzeiro; assista\"}]},{\"@type\":\"WebSite\",\"@id\":\"https:\/\/www.gaveanews.com\/#website\",\"url\":\"https:\/\/www.gaveanews.com\/\",\"name\":\"G\u00e1vea News\",\"description\":\"Veja todas as not\u00edcias sobre o Flamengo: Contrata\u00e7\u00f5es, categorias de base, resultados das partidas, tabela de classifica\u00e7\u00e3o, pr\u00f3ximos jogos!\",\"potentialAction\":[{\"@type\":\"SearchAction\",\"target\":{\"@type\":\"EntryPoint\",\"urlTemplate\":\"https:\/\/www.gaveanews.com\/?s={search_term_string}\"},\"query-input\":{\"@type\":\"PropertyValueSpecification\",\"valueRequired\":true,\"valueName\":\"search_term_string\"}}],\"inLanguage\":\"pt-BR\"},{\"@type\":\"Person\",\"@id\":\"https:\/\/www.gaveanews.com\/#\/schema\/person\/2ec14f73fb96be2caf28f91afb14749d\",\"name\":\"Equipe G\u00e1vea News\",\"image\":{\"@type\":\"ImageObject\",\"inLanguage\":\"pt-BR\",\"@id\":\"https:\/\/www.gaveanews.com\/#\/schema\/person\/image\/\",\"url\":\"https:\/\/secure.gravatar.com\/avatar\/1e1956f1facbffd3f8fa53a326721950116b3b9dc9bd44939c01180fd4a745a9?s=96&d=mm&r=g\",\"contentUrl\":\"https:\/\/secure.gravatar.com\/avatar\/1e1956f1facbffd3f8fa53a326721950116b3b9dc9bd44939c01180fd4a745a9?s=96&d=mm&r=g\",\"caption\":\"Equipe G\u00e1vea News\"}}]}<\/script>\n<!-- \/ Yoast SEO Premium plugin. -->","yoast_head_json":{"title":"Ex-atacante do Flamengo faz gola\u00e7o contra o Cruzeiro; assista","robots":{"index":"index","follow":"follow","max-snippet":"max-snippet:-1","max-image-preview":"max-image-preview:large","max-video-preview":"max-video-preview:-1"},"canonical":"https:\/\/www.gaveanews.com\/index.php\/2021\/06\/19\/lembra-dele-cria-do-flamengo-faz-golaco-contra-o-cruzeiro-assista\/","og_locale":"pt_BR","og_type":"article","og_title":"Lembra dele? Cria do Flamengo faz gola\u00e7o contra o Cruzeiro; assista","og_description":"Paulo S\u00e9rgio protagonizou um lindo lance em sua estreia no Oper\u00e1rio-PR. O atacante fez um gola\u00e7o de bicicleta no duelo contra o Cruzeiro, pela 5\u00aa rodada da S\u00e9rie B do Campeonato Brasileiro, na noite deste s\u00e1bado (19). O gola\u00e7o saiu aos 31 minutos de jogo. Tomas Bastos cobrou falta direto na cabe\u00e7a do Pedro Ken, [&hellip;]","og_url":"https:\/\/www.gaveanews.com\/index.php\/2021\/06\/19\/lembra-dele-cria-do-flamengo-faz-golaco-contra-o-cruzeiro-assista\/","og_site_name":"G\u00e1vea News","article_publisher":"https:\/\/facebook.com\/gaveaNews\/","article_published_time":"2021-06-20T02:23:28+00:00","article_modified_time":"2021-06-20T02:23:30+00:00","og_image":[{"width":960,"height":540,"url":"https:\/\/www.gaveanews.com\/wp-content\/uploads\/Paulo-Sergio-durante-a-comemoracao-apos-marcar-um-gol-pelo-Flamengo.webp","type":"image\/jpeg"}],"author":"Equipe G\u00e1vea News","twitter_card":"summary_large_image","twitter_misc":{"Escrito por":"Equipe G\u00e1vea News","Est. tempo de leitura":"1 minuto"},"schema":{"@context":"https:\/\/schema.org","@graph":[{"@type":"NewsArticle","@id":"https:\/\/www.gaveanews.com\/index.php\/2021\/06\/19\/lembra-dele-cria-do-flamengo-faz-golaco-contra-o-cruzeiro-assista\/#article","isPartOf":{"@id":"https:\/\/www.gaveanews.com\/index.php\/2021\/06\/19\/lembra-dele-cria-do-flamengo-faz-golaco-contra-o-cruzeiro-assista\/"},"author":{"name":"Equipe G\u00e1vea News","@id":"https:\/\/www.gaveanews.com\/#\/schema\/person\/2ec14f73fb96be2caf28f91afb14749d"},"headline":"Lembra dele? Cria do Flamengo faz gola\u00e7o contra o Cruzeiro; assista","datePublished":"2021-06-20T02:23:28+00:00","dateModified":"2021-06-20T02:23:30+00:00","mainEntityOfPage":{"@id":"https:\/\/www.gaveanews.com\/index.php\/2021\/06\/19\/lembra-dele-cria-do-flamengo-faz-golaco-contra-o-cruzeiro-assista\/"},"wordCount":200,"commentCount":1,"image":{"@id":"https:\/\/www.gaveanews.com\/index.php\/2021\/06\/19\/lembra-dele-cria-do-flamengo-faz-golaco-contra-o-cruzeiro-assista\/#primaryimage"},"thumbnailUrl":"https:\/\/www.gaveanews.com\/wp-content\/uploads\/Paulo-Sergio-durante-a-comemoracao-apos-marcar-um-gol-pelo-Flamengo.webp","articleSection":["V\u00eddeos"],"inLanguage":"pt-BR","potentialAction":[{"@type":"CommentAction","name":"Comment","target":["https:\/\/www.gaveanews.com\/index.php\/2021\/06\/19\/lembra-dele-cria-do-flamengo-faz-golaco-contra-o-cruzeiro-assista\/#respond"]}],"copyrightYear":"2021","copyrightHolder":{"@id":"https:\/\/www.gaveanews.com\/#organization"}},{"@type":"WebPage","@id":"https:\/\/www.gaveanews.com\/index.php\/2021\/06\/19\/lembra-dele-cria-do-flamengo-faz-golaco-contra-o-cruzeiro-assista\/","url":"https:\/\/www.gaveanews.com\/index.php\/2021\/06\/19\/lembra-dele-cria-do-flamengo-faz-golaco-contra-o-cruzeiro-assista\/","name":"Ex-atacante do Flamengo faz gola\u00e7o contra o Cruzeiro; assista","isPartOf":{"@id":"https:\/\/www.gaveanews.com\/#website"},"primaryImageOfPage":{"@id":"https:\/\/www.gaveanews.com\/index.php\/2021\/06\/19\/lembra-dele-cria-do-flamengo-faz-golaco-contra-o-cruzeiro-assista\/#primaryimage"},"image":{"@id":"https:\/\/www.gaveanews.com\/index.php\/2021\/06\/19\/lembra-dele-cria-do-flamengo-faz-golaco-contra-o-cruzeiro-assista\/#primaryimage"},"thumbnailUrl":"https:\/\/www.gaveanews.com\/wp-content\/uploads\/Paulo-Sergio-durante-a-comemoracao-apos-marcar-um-gol-pelo-Flamengo.webp","datePublished":"2021-06-20T02:23:28+00:00","dateModified":"2021-06-20T02:23:30+00:00","author":{"@id":"https:\/\/www.gaveanews.com\/#\/schema\/person\/2ec14f73fb96be2caf28f91afb14749d"},"breadcrumb":{"@id":"https:\/\/www.gaveanews.com\/index.php\/2021\/06\/19\/lembra-dele-cria-do-flamengo-faz-golaco-contra-o-cruzeiro-assista\/#breadcrumb"},"inLanguage":"pt-BR","potentialAction":[{"@type":"ReadAction","target":["https:\/\/www.gaveanews.com\/index.php\/2021\/06\/19\/lembra-dele-cria-do-flamengo-faz-golaco-contra-o-cruzeiro-assista\/"]}]},{"@type":"ImageObject","inLanguage":"pt-BR","@id":"https:\/\/www.gaveanews.com\/index.php\/2021\/06\/19\/lembra-dele-cria-do-flamengo-faz-golaco-contra-o-cruzeiro-assista\/#primaryimage","url":"https:\/\/www.gaveanews.com\/wp-content\/uploads\/Paulo-Sergio-durante-a-comemoracao-apos-marcar-um-gol-pelo-Flamengo.webp","contentUrl":"https:\/\/www.gaveanews.com\/wp-content\/uploads\/Paulo-Sergio-durante-a-comemoracao-apos-marcar-um-gol-pelo-Flamengo.webp","width":960,"height":540,"caption":"Paulo S\u00e9rgio durante a comemora\u00e7\u00e3o ap\u00f3s marcar um gol pelo Flamengo (Foto: Divulga\u00e7\u00e3o)"},{"@type":"BreadcrumbList","@id":"https:\/\/www.gaveanews.com\/index.php\/2021\/06\/19\/lembra-dele-cria-do-flamengo-faz-golaco-contra-o-cruzeiro-assista\/#breadcrumb","itemListElement":[{"@type":"ListItem","position":1,"name":"Home","item":"https:\/\/www.gaveanews.com\/"},{"@type":"ListItem","position":2,"name":"Lembra dele? Cria do Flamengo faz gola\u00e7o contra o Cruzeiro; assista"}]},{"@type":"WebSite","@id":"https:\/\/www.gaveanews.com\/#website","url":"https:\/\/www.gaveanews.com\/","name":"G\u00e1vea News","description":"Veja todas as not\u00edcias sobre o Flamengo: Contrata\u00e7\u00f5es, categorias de base, resultados das partidas, tabela de classifica\u00e7\u00e3o, pr\u00f3ximos jogos!","potentialAction":[{"@type":"SearchAction","target":{"@type":"EntryPoint","urlTemplate":"https:\/\/www.gaveanews.com\/?s={search_term_string}"},"query-input":{"@type":"PropertyValueSpecification","valueRequired":true,"valueName":"search_term_string"}}],"inLanguage":"pt-BR"},{"@type":"Person","@id":"https:\/\/www.gaveanews.com\/#\/schema\/person\/2ec14f73fb96be2caf28f91afb14749d","name":"Equipe G\u00e1vea News","image":{"@type":"ImageObject","inLanguage":"pt-BR","@id":"https:\/\/www.gaveanews.com\/#\/schema\/person\/image\/","url":"https:\/\/secure.gravatar.com\/avatar\/1e1956f1facbffd3f8fa53a326721950116b3b9dc9bd44939c01180fd4a745a9?s=96&d=mm&r=g","contentUrl":"https:\/\/secure.gravatar.com\/avatar\/1e1956f1facbffd3f8fa53a326721950116b3b9dc9bd44939c01180fd4a745a9?s=96&d=mm&r=g","caption":"Equipe G\u00e1vea News"}}]}},"_links":{"self":[{"href":"https:\/\/www.gaveanews.com\/index.php\/wp-json\/wp\/v2\/posts\/63258","targetHints":{"allow":["GET"]}}],"collection":[{"href":"https:\/\/www.gaveanews.com\/index.php\/wp-json\/wp\/v2\/posts"}],"about":[{"href":"https:\/\/www.gaveanews.com\/index.php\/wp-json\/wp\/v2\/types\/post"}],"author":[{"embeddable":true,"href":"https:\/\/www.gaveanews.com\/index.php\/wp-json\/wp\/v2\/users\/1"}],"replies":[{"embeddable":true,"href":"https:\/\/www.gaveanews.com\/index.php\/wp-json\/wp\/v2\/comments?post=63258"}],"version-history":[{"count":0,"href":"https:\/\/www.gaveanews.com\/index.php\/wp-json\/wp\/v2\/posts\/63258\/revisions"}],"wp:featuredmedia":[{"embeddable":true,"href":"https:\/\/www.gaveanews.com\/index.php\/wp-json\/wp\/v2\/media\/49071"}],"wp:attachment":[{"href":"https:\/\/www.gaveanews.com\/index.php\/wp-json\/wp\/v2\/media?parent=63258"}],"wp:term":[{"taxonomy":"category","embeddable":true,"href":"https:\/\/www.gaveanews.com\/index.php\/wp-json\/wp\/v2\/categories?post=63258"},{"taxonomy":"post_tag","embeddable":true,"href":"https:\/\/www.gaveanews.com\/index.php\/wp-json\/wp\/v2\/tags?post=63258"}],"curies":[{"name":"wp","href":"https:\/\/api.w.org\/{rel}","templated":true}]}}