{"id":63260,"date":"2021-06-19T23:47:25","date_gmt":"2021-06-20T02:47:25","guid":{"rendered":"https:\/\/www.gaveanews.com\/?p=63260"},"modified":"2021-06-19T23:47:29","modified_gmt":"2021-06-20T02:47:29","slug":"autor-de-gol-de-bicicleta-muniz-lamenta-derrota-do-flamengo","status":"publish","type":"post","link":"https:\/\/www.gaveanews.com\/index.php\/2021\/06\/19\/autor-de-gol-de-bicicleta-muniz-lamenta-derrota-do-flamengo\/","title":{"rendered":"Autor de gol de bicicleta, Muniz lamenta derrota do Flamengo"},"content":{"rendered":"\n<p>No Maracan\u00e3 e pela 5\u00aa rodada do Campeonato Brasileiro, Flamengo n\u00e3o conseguiu vencer o Red Bull Bragantino neste s\u00e1bado. O resultado foi uma dolorida derrota por 3 a 2, de virada, cujo gol da vit\u00f3ria dos visitantes saiu aos 52 minutos do segundo tempo. Rodrigo Muniz marcou os dois gols do Fla.<\/p>\n\n\n\n<p>O atacante, ali\u00e1s, fez uma pintura: anotou o segundo de bicicleta. E, insatisfeito, saiu lamentando o resultado, dizendo at\u00e9 que o RB Bragantino veio ao Rio por &#8220;uma bola&#8221; &#8211; apesar dos tr\u00eas gols e dez arremates do time paulista.<\/p>\n\n\n\n<p><strong><em>\u2014 N\u00e3o era o que a gente esperava. Controlamos o jogo todo, eles vieram por uma bola, e conseguiram. Feliz pelos meus gols, vamos trabalhar para continuar bem no campeonato<\/em><\/strong> &#8211; falou Muniz, em entrevista ao canal &#8220;Premiere&#8221;, na sa\u00edda de campo.<\/p>\n\n\n\n<p>Com seis pontos em tr\u00eas jogos, o Flamengo volta a campo pelo Brasileir\u00e3o nesta quarta-feira, \u00e0s 19h, para enfrentar o Fortaleza no Maracan\u00e3.\u00a0<\/p>\n\n\n\n<p>Retirado de: Lance<\/p>\n","protected":false},"excerpt":{"rendered":"<p>No Maracan\u00e3 e pela 5\u00aa rodada do Campeonato Brasileiro, Flamengo n\u00e3o conseguiu vencer o Red Bull Bragantino neste s\u00e1bado. O resultado foi uma dolorida derrota por 3 a 2, de virada, cujo gol da vit\u00f3ria dos visitantes saiu aos 52 minutos do segundo tempo. Rodrigo Muniz marcou os dois gols do Fla. O atacante, ali\u00e1s, [&hellip;]<\/p>\n","protected":false},"author":1,"featured_media":63250,"comment_status":"open","ping_status":"closed","sticky":false,"template":"","format":"standard","meta":{"footnotes":""},"categories":[1],"tags":[],"class_list":["post-63260","post","type-post","status-publish","format-standard","has-post-thumbnail","hentry","category-flamengo"],"yoast_head":"<!-- This site is optimized with the Yoast SEO Premium plugin v24.2 (Yoast SEO v26.9) - https:\/\/yoast.com\/product\/yoast-seo-premium-wordpress\/ -->\n<title>Autor de gol de bicicleta, Muniz lamenta derrota do Flamengo<\/title>\n<meta name=\"robots\" content=\"index, follow, max-snippet:-1, max-image-preview:large, max-video-preview:-1\" \/>\n<link rel=\"canonical\" href=\"https:\/\/www.gaveanews.com\/index.php\/2021\/06\/19\/autor-de-gol-de-bicicleta-muniz-lamenta-derrota-do-flamengo\/\" \/>\n<meta property=\"og:locale\" content=\"pt_BR\" \/>\n<meta property=\"og:type\" content=\"article\" \/>\n<meta property=\"og:title\" content=\"Autor de gol de bicicleta, Muniz lamenta derrota do Flamengo\" \/>\n<meta property=\"og:description\" content=\"No Maracan\u00e3 e pela 5\u00aa rodada do Campeonato Brasileiro, Flamengo n\u00e3o conseguiu vencer o Red Bull Bragantino neste s\u00e1bado. O resultado foi uma dolorida derrota por 3 a 2, de virada, cujo gol da vit\u00f3ria dos visitantes saiu aos 52 minutos do segundo tempo. Rodrigo Muniz marcou os dois gols do Fla. O atacante, ali\u00e1s, [&hellip;]\" \/>\n<meta property=\"og:url\" content=\"https:\/\/www.gaveanews.com\/index.php\/2021\/06\/19\/autor-de-gol-de-bicicleta-muniz-lamenta-derrota-do-flamengo\/\" \/>\n<meta property=\"og:site_name\" content=\"G\u00e1vea News\" \/>\n<meta property=\"article:publisher\" content=\"https:\/\/facebook.com\/gaveaNews\/\" \/>\n<meta property=\"article:published_time\" content=\"2021-06-20T02:47:25+00:00\" \/>\n<meta property=\"article:modified_time\" content=\"2021-06-20T02:47:29+00:00\" \/>\n<meta property=\"og:image\" content=\"https:\/\/www.gaveanews.com\/wp-content\/uploads\/Muniz-vibra-apos-marcar-seu-segundo-gol-no-jogo-entre-Flamengo-x-Bragantino-no-Campeonato-Brasileiro-de-2021.webp\" \/>\n\t<meta property=\"og:image:width\" content=\"799\" \/>\n\t<meta property=\"og:image:height\" content=\"533\" \/>\n\t<meta property=\"og:image:type\" content=\"image\/jpeg\" \/>\n<meta name=\"author\" content=\"Equipe G\u00e1vea News\" \/>\n<meta name=\"twitter:card\" content=\"summary_large_image\" \/>\n<meta name=\"twitter:label1\" content=\"Escrito por\" \/>\n\t<meta name=\"twitter:data1\" content=\"Equipe G\u00e1vea News\" \/>\n\t<meta name=\"twitter:label2\" content=\"Est. tempo de leitura\" \/>\n\t<meta name=\"twitter:data2\" content=\"1 minuto\" \/>\n<script type=\"application\/ld+json\" class=\"yoast-schema-graph\">{\"@context\":\"https:\/\/schema.org\",\"@graph\":[{\"@type\":\"NewsArticle\",\"@id\":\"https:\/\/www.gaveanews.com\/index.php\/2021\/06\/19\/autor-de-gol-de-bicicleta-muniz-lamenta-derrota-do-flamengo\/#article\",\"isPartOf\":{\"@id\":\"https:\/\/www.gaveanews.com\/index.php\/2021\/06\/19\/autor-de-gol-de-bicicleta-muniz-lamenta-derrota-do-flamengo\/\"},\"author\":{\"name\":\"Equipe G\u00e1vea News\",\"@id\":\"https:\/\/www.gaveanews.com\/#\/schema\/person\/2ec14f73fb96be2caf28f91afb14749d\"},\"headline\":\"Autor de gol de bicicleta, Muniz lamenta derrota do Flamengo\",\"datePublished\":\"2021-06-20T02:47:25+00:00\",\"dateModified\":\"2021-06-20T02:47:29+00:00\",\"mainEntityOfPage\":{\"@id\":\"https:\/\/www.gaveanews.com\/index.php\/2021\/06\/19\/autor-de-gol-de-bicicleta-muniz-lamenta-derrota-do-flamengo\/\"},\"wordCount\":174,\"commentCount\":6,\"image\":{\"@id\":\"https:\/\/www.gaveanews.com\/index.php\/2021\/06\/19\/autor-de-gol-de-bicicleta-muniz-lamenta-derrota-do-flamengo\/#primaryimage\"},\"thumbnailUrl\":\"https:\/\/www.gaveanews.com\/wp-content\/uploads\/Muniz-vibra-apos-marcar-seu-segundo-gol-no-jogo-entre-Flamengo-x-Bragantino-no-Campeonato-Brasileiro-de-2021.webp\",\"articleSection\":[\"Flamengo\"],\"inLanguage\":\"pt-BR\",\"potentialAction\":[{\"@type\":\"CommentAction\",\"name\":\"Comment\",\"target\":[\"https:\/\/www.gaveanews.com\/index.php\/2021\/06\/19\/autor-de-gol-de-bicicleta-muniz-lamenta-derrota-do-flamengo\/#respond\"]}],\"copyrightYear\":\"2021\",\"copyrightHolder\":{\"@id\":\"https:\/\/www.gaveanews.com\/#organization\"}},{\"@type\":\"WebPage\",\"@id\":\"https:\/\/www.gaveanews.com\/index.php\/2021\/06\/19\/autor-de-gol-de-bicicleta-muniz-lamenta-derrota-do-flamengo\/\",\"url\":\"https:\/\/www.gaveanews.com\/index.php\/2021\/06\/19\/autor-de-gol-de-bicicleta-muniz-lamenta-derrota-do-flamengo\/\",\"name\":\"Autor de gol de bicicleta, Muniz lamenta derrota do Flamengo\",\"isPartOf\":{\"@id\":\"https:\/\/www.gaveanews.com\/#website\"},\"primaryImageOfPage\":{\"@id\":\"https:\/\/www.gaveanews.com\/index.php\/2021\/06\/19\/autor-de-gol-de-bicicleta-muniz-lamenta-derrota-do-flamengo\/#primaryimage\"},\"image\":{\"@id\":\"https:\/\/www.gaveanews.com\/index.php\/2021\/06\/19\/autor-de-gol-de-bicicleta-muniz-lamenta-derrota-do-flamengo\/#primaryimage\"},\"thumbnailUrl\":\"https:\/\/www.gaveanews.com\/wp-content\/uploads\/Muniz-vibra-apos-marcar-seu-segundo-gol-no-jogo-entre-Flamengo-x-Bragantino-no-Campeonato-Brasileiro-de-2021.webp\",\"datePublished\":\"2021-06-20T02:47:25+00:00\",\"dateModified\":\"2021-06-20T02:47:29+00:00\",\"author\":{\"@id\":\"https:\/\/www.gaveanews.com\/#\/schema\/person\/2ec14f73fb96be2caf28f91afb14749d\"},\"breadcrumb\":{\"@id\":\"https:\/\/www.gaveanews.com\/index.php\/2021\/06\/19\/autor-de-gol-de-bicicleta-muniz-lamenta-derrota-do-flamengo\/#breadcrumb\"},\"inLanguage\":\"pt-BR\",\"potentialAction\":[{\"@type\":\"ReadAction\",\"target\":[\"https:\/\/www.gaveanews.com\/index.php\/2021\/06\/19\/autor-de-gol-de-bicicleta-muniz-lamenta-derrota-do-flamengo\/\"]}]},{\"@type\":\"ImageObject\",\"inLanguage\":\"pt-BR\",\"@id\":\"https:\/\/www.gaveanews.com\/index.php\/2021\/06\/19\/autor-de-gol-de-bicicleta-muniz-lamenta-derrota-do-flamengo\/#primaryimage\",\"url\":\"https:\/\/www.gaveanews.com\/wp-content\/uploads\/Muniz-vibra-apos-marcar-seu-segundo-gol-no-jogo-entre-Flamengo-x-Bragantino-no-Campeonato-Brasileiro-de-2021.webp\",\"contentUrl\":\"https:\/\/www.gaveanews.com\/wp-content\/uploads\/Muniz-vibra-apos-marcar-seu-segundo-gol-no-jogo-entre-Flamengo-x-Bragantino-no-Campeonato-Brasileiro-de-2021.webp\",\"width\":799,\"height\":533,\"caption\":\"Muniz vibra ap\u00f3s marcar seu segundo gol no jogo entre Flamengo x Bragantino no Campeonato Brasileiro de 2021 (Foto: Alexandre Vidal\/Flamengo)\"},{\"@type\":\"BreadcrumbList\",\"@id\":\"https:\/\/www.gaveanews.com\/index.php\/2021\/06\/19\/autor-de-gol-de-bicicleta-muniz-lamenta-derrota-do-flamengo\/#breadcrumb\",\"itemListElement\":[{\"@type\":\"ListItem\",\"position\":1,\"name\":\"Home\",\"item\":\"https:\/\/www.gaveanews.com\/\"},{\"@type\":\"ListItem\",\"position\":2,\"name\":\"Autor de gol de bicicleta, Muniz lamenta derrota do Flamengo\"}]},{\"@type\":\"WebSite\",\"@id\":\"https:\/\/www.gaveanews.com\/#website\",\"url\":\"https:\/\/www.gaveanews.com\/\",\"name\":\"G\u00e1vea News\",\"description\":\"Veja todas as not\u00edcias sobre o Flamengo: Contrata\u00e7\u00f5es, categorias de base, resultados das partidas, tabela de classifica\u00e7\u00e3o, pr\u00f3ximos jogos!\",\"potentialAction\":[{\"@type\":\"SearchAction\",\"target\":{\"@type\":\"EntryPoint\",\"urlTemplate\":\"https:\/\/www.gaveanews.com\/?s={search_term_string}\"},\"query-input\":{\"@type\":\"PropertyValueSpecification\",\"valueRequired\":true,\"valueName\":\"search_term_string\"}}],\"inLanguage\":\"pt-BR\"},{\"@type\":\"Person\",\"@id\":\"https:\/\/www.gaveanews.com\/#\/schema\/person\/2ec14f73fb96be2caf28f91afb14749d\",\"name\":\"Equipe G\u00e1vea News\",\"image\":{\"@type\":\"ImageObject\",\"inLanguage\":\"pt-BR\",\"@id\":\"https:\/\/www.gaveanews.com\/#\/schema\/person\/image\/\",\"url\":\"https:\/\/secure.gravatar.com\/avatar\/1e1956f1facbffd3f8fa53a326721950116b3b9dc9bd44939c01180fd4a745a9?s=96&d=mm&r=g\",\"contentUrl\":\"https:\/\/secure.gravatar.com\/avatar\/1e1956f1facbffd3f8fa53a326721950116b3b9dc9bd44939c01180fd4a745a9?s=96&d=mm&r=g\",\"caption\":\"Equipe G\u00e1vea News\"}}]}<\/script>\n<!-- \/ Yoast SEO Premium plugin. -->","yoast_head_json":{"title":"Autor de gol de bicicleta, Muniz lamenta derrota do Flamengo","robots":{"index":"index","follow":"follow","max-snippet":"max-snippet:-1","max-image-preview":"max-image-preview:large","max-video-preview":"max-video-preview:-1"},"canonical":"https:\/\/www.gaveanews.com\/index.php\/2021\/06\/19\/autor-de-gol-de-bicicleta-muniz-lamenta-derrota-do-flamengo\/","og_locale":"pt_BR","og_type":"article","og_title":"Autor de gol de bicicleta, Muniz lamenta derrota do Flamengo","og_description":"No Maracan\u00e3 e pela 5\u00aa rodada do Campeonato Brasileiro, Flamengo n\u00e3o conseguiu vencer o Red Bull Bragantino neste s\u00e1bado. O resultado foi uma dolorida derrota por 3 a 2, de virada, cujo gol da vit\u00f3ria dos visitantes saiu aos 52 minutos do segundo tempo. Rodrigo Muniz marcou os dois gols do Fla. O atacante, ali\u00e1s, [&hellip;]","og_url":"https:\/\/www.gaveanews.com\/index.php\/2021\/06\/19\/autor-de-gol-de-bicicleta-muniz-lamenta-derrota-do-flamengo\/","og_site_name":"G\u00e1vea News","article_publisher":"https:\/\/facebook.com\/gaveaNews\/","article_published_time":"2021-06-20T02:47:25+00:00","article_modified_time":"2021-06-20T02:47:29+00:00","og_image":[{"width":799,"height":533,"url":"https:\/\/www.gaveanews.com\/wp-content\/uploads\/Muniz-vibra-apos-marcar-seu-segundo-gol-no-jogo-entre-Flamengo-x-Bragantino-no-Campeonato-Brasileiro-de-2021.webp","type":"image\/jpeg"}],"author":"Equipe G\u00e1vea News","twitter_card":"summary_large_image","twitter_misc":{"Escrito por":"Equipe G\u00e1vea News","Est. tempo de leitura":"1 minuto"},"schema":{"@context":"https:\/\/schema.org","@graph":[{"@type":"NewsArticle","@id":"https:\/\/www.gaveanews.com\/index.php\/2021\/06\/19\/autor-de-gol-de-bicicleta-muniz-lamenta-derrota-do-flamengo\/#article","isPartOf":{"@id":"https:\/\/www.gaveanews.com\/index.php\/2021\/06\/19\/autor-de-gol-de-bicicleta-muniz-lamenta-derrota-do-flamengo\/"},"author":{"name":"Equipe G\u00e1vea News","@id":"https:\/\/www.gaveanews.com\/#\/schema\/person\/2ec14f73fb96be2caf28f91afb14749d"},"headline":"Autor de gol de bicicleta, Muniz lamenta derrota do Flamengo","datePublished":"2021-06-20T02:47:25+00:00","dateModified":"2021-06-20T02:47:29+00:00","mainEntityOfPage":{"@id":"https:\/\/www.gaveanews.com\/index.php\/2021\/06\/19\/autor-de-gol-de-bicicleta-muniz-lamenta-derrota-do-flamengo\/"},"wordCount":174,"commentCount":6,"image":{"@id":"https:\/\/www.gaveanews.com\/index.php\/2021\/06\/19\/autor-de-gol-de-bicicleta-muniz-lamenta-derrota-do-flamengo\/#primaryimage"},"thumbnailUrl":"https:\/\/www.gaveanews.com\/wp-content\/uploads\/Muniz-vibra-apos-marcar-seu-segundo-gol-no-jogo-entre-Flamengo-x-Bragantino-no-Campeonato-Brasileiro-de-2021.webp","articleSection":["Flamengo"],"inLanguage":"pt-BR","potentialAction":[{"@type":"CommentAction","name":"Comment","target":["https:\/\/www.gaveanews.com\/index.php\/2021\/06\/19\/autor-de-gol-de-bicicleta-muniz-lamenta-derrota-do-flamengo\/#respond"]}],"copyrightYear":"2021","copyrightHolder":{"@id":"https:\/\/www.gaveanews.com\/#organization"}},{"@type":"WebPage","@id":"https:\/\/www.gaveanews.com\/index.php\/2021\/06\/19\/autor-de-gol-de-bicicleta-muniz-lamenta-derrota-do-flamengo\/","url":"https:\/\/www.gaveanews.com\/index.php\/2021\/06\/19\/autor-de-gol-de-bicicleta-muniz-lamenta-derrota-do-flamengo\/","name":"Autor de gol de bicicleta, Muniz lamenta derrota do Flamengo","isPartOf":{"@id":"https:\/\/www.gaveanews.com\/#website"},"primaryImageOfPage":{"@id":"https:\/\/www.gaveanews.com\/index.php\/2021\/06\/19\/autor-de-gol-de-bicicleta-muniz-lamenta-derrota-do-flamengo\/#primaryimage"},"image":{"@id":"https:\/\/www.gaveanews.com\/index.php\/2021\/06\/19\/autor-de-gol-de-bicicleta-muniz-lamenta-derrota-do-flamengo\/#primaryimage"},"thumbnailUrl":"https:\/\/www.gaveanews.com\/wp-content\/uploads\/Muniz-vibra-apos-marcar-seu-segundo-gol-no-jogo-entre-Flamengo-x-Bragantino-no-Campeonato-Brasileiro-de-2021.webp","datePublished":"2021-06-20T02:47:25+00:00","dateModified":"2021-06-20T02:47:29+00:00","author":{"@id":"https:\/\/www.gaveanews.com\/#\/schema\/person\/2ec14f73fb96be2caf28f91afb14749d"},"breadcrumb":{"@id":"https:\/\/www.gaveanews.com\/index.php\/2021\/06\/19\/autor-de-gol-de-bicicleta-muniz-lamenta-derrota-do-flamengo\/#breadcrumb"},"inLanguage":"pt-BR","potentialAction":[{"@type":"ReadAction","target":["https:\/\/www.gaveanews.com\/index.php\/2021\/06\/19\/autor-de-gol-de-bicicleta-muniz-lamenta-derrota-do-flamengo\/"]}]},{"@type":"ImageObject","inLanguage":"pt-BR","@id":"https:\/\/www.gaveanews.com\/index.php\/2021\/06\/19\/autor-de-gol-de-bicicleta-muniz-lamenta-derrota-do-flamengo\/#primaryimage","url":"https:\/\/www.gaveanews.com\/wp-content\/uploads\/Muniz-vibra-apos-marcar-seu-segundo-gol-no-jogo-entre-Flamengo-x-Bragantino-no-Campeonato-Brasileiro-de-2021.webp","contentUrl":"https:\/\/www.gaveanews.com\/wp-content\/uploads\/Muniz-vibra-apos-marcar-seu-segundo-gol-no-jogo-entre-Flamengo-x-Bragantino-no-Campeonato-Brasileiro-de-2021.webp","width":799,"height":533,"caption":"Muniz vibra ap\u00f3s marcar seu segundo gol no jogo entre Flamengo x Bragantino no Campeonato Brasileiro de 2021 (Foto: Alexandre Vidal\/Flamengo)"},{"@type":"BreadcrumbList","@id":"https:\/\/www.gaveanews.com\/index.php\/2021\/06\/19\/autor-de-gol-de-bicicleta-muniz-lamenta-derrota-do-flamengo\/#breadcrumb","itemListElement":[{"@type":"ListItem","position":1,"name":"Home","item":"https:\/\/www.gaveanews.com\/"},{"@type":"ListItem","position":2,"name":"Autor de gol de bicicleta, Muniz lamenta derrota do Flamengo"}]},{"@type":"WebSite","@id":"https:\/\/www.gaveanews.com\/#website","url":"https:\/\/www.gaveanews.com\/","name":"G\u00e1vea News","description":"Veja todas as not\u00edcias sobre o Flamengo: Contrata\u00e7\u00f5es, categorias de base, resultados das partidas, tabela de classifica\u00e7\u00e3o, pr\u00f3ximos jogos!","potentialAction":[{"@type":"SearchAction","target":{"@type":"EntryPoint","urlTemplate":"https:\/\/www.gaveanews.com\/?s={search_term_string}"},"query-input":{"@type":"PropertyValueSpecification","valueRequired":true,"valueName":"search_term_string"}}],"inLanguage":"pt-BR"},{"@type":"Person","@id":"https:\/\/www.gaveanews.com\/#\/schema\/person\/2ec14f73fb96be2caf28f91afb14749d","name":"Equipe G\u00e1vea News","image":{"@type":"ImageObject","inLanguage":"pt-BR","@id":"https:\/\/www.gaveanews.com\/#\/schema\/person\/image\/","url":"https:\/\/secure.gravatar.com\/avatar\/1e1956f1facbffd3f8fa53a326721950116b3b9dc9bd44939c01180fd4a745a9?s=96&d=mm&r=g","contentUrl":"https:\/\/secure.gravatar.com\/avatar\/1e1956f1facbffd3f8fa53a326721950116b3b9dc9bd44939c01180fd4a745a9?s=96&d=mm&r=g","caption":"Equipe G\u00e1vea News"}}]}},"_links":{"self":[{"href":"https:\/\/www.gaveanews.com\/index.php\/wp-json\/wp\/v2\/posts\/63260","targetHints":{"allow":["GET"]}}],"collection":[{"href":"https:\/\/www.gaveanews.com\/index.php\/wp-json\/wp\/v2\/posts"}],"about":[{"href":"https:\/\/www.gaveanews.com\/index.php\/wp-json\/wp\/v2\/types\/post"}],"author":[{"embeddable":true,"href":"https:\/\/www.gaveanews.com\/index.php\/wp-json\/wp\/v2\/users\/1"}],"replies":[{"embeddable":true,"href":"https:\/\/www.gaveanews.com\/index.php\/wp-json\/wp\/v2\/comments?post=63260"}],"version-history":[{"count":0,"href":"https:\/\/www.gaveanews.com\/index.php\/wp-json\/wp\/v2\/posts\/63260\/revisions"}],"wp:featuredmedia":[{"embeddable":true,"href":"https:\/\/www.gaveanews.com\/index.php\/wp-json\/wp\/v2\/media\/63250"}],"wp:attachment":[{"href":"https:\/\/www.gaveanews.com\/index.php\/wp-json\/wp\/v2\/media?parent=63260"}],"wp:term":[{"taxonomy":"category","embeddable":true,"href":"https:\/\/www.gaveanews.com\/index.php\/wp-json\/wp\/v2\/categories?post=63260"},{"taxonomy":"post_tag","embeddable":true,"href":"https:\/\/www.gaveanews.com\/index.php\/wp-json\/wp\/v2\/tags?post=63260"}],"curies":[{"name":"wp","href":"https:\/\/api.w.org\/{rel}","templated":true}]}}