{"id":63277,"date":"2021-06-20T20:15:26","date_gmt":"2021-06-20T23:15:26","guid":{"rendered":"https:\/\/www.gaveanews.com\/?p=63277"},"modified":"2021-06-20T20:15:53","modified_gmt":"2021-06-20T23:15:53","slug":"idolo-da-selecao-brasileira-elogia-rodrigo-muniz-e-cobra-cbf-merecia-olimpiadas","status":"publish","type":"post","link":"https:\/\/www.gaveanews.com\/index.php\/2021\/06\/20\/idolo-da-selecao-brasileira-elogia-rodrigo-muniz-e-cobra-cbf-merecia-olimpiadas\/","title":{"rendered":"\u00cddolo da sele\u00e7\u00e3o brasileira elogia Rodrigo Muniz e cobra CBF: \u201cMerecia olimp\u00edadas\u201d"},"content":{"rendered":"\n<p>Um \u00eddolo da sele\u00e7\u00e3o brasileira parece satisfeito com as recentes atua\u00e7\u00f5es de Rodrigo Muniz pelo Flamengo. Ningu\u00e9m menos que G\u00e9rson, o Canhotinha de Ouro, rasgou elogios para o atacante de 20 anos do Rubro-Negro carioca.<\/p>\n\n\n\n<p>Campe\u00e3o mundial pelo Brasil na Copa de 1970, Gerson atualmente dedica-se a fazer coment\u00e1rios sobre a situa\u00e7\u00e3o atual do futebol atrav\u00e9s de suas redes sociais. Em sua mais recente \u201cresenha\u201d, o \u00eddolo da sele\u00e7\u00e3o brasileira rasgou elogios para Rodrigo Muniz. Inclusive, o ex-meia pediu a convoca\u00e7\u00e3o do jovem atacante na sele\u00e7\u00e3o que vai disputar as Olimp\u00edadas, em T\u00f3quio:<\/p>\n\n\n\n<p><strong><em>\u2014 Se algu\u00e9m da Sele\u00e7\u00e3o Ol\u00edmpica enxergasse mais o jogo, deixavam o Pedro e levavam o Rodrigo Muniz. Ele \u00e9 bom, ele \u00e9 atrevido, tem cheiro de gol e tem o perfil que a bola gosta. Ele fez um gola\u00e7o<\/em><\/strong>, disse o Canhotinha.<\/p>\n\n\n\n<p>Apesar dos dois gols de Rodrigo Muniz, o Flamengo acabou derrotado em casa por 3 a 2 em partida v\u00e1lida pela 5\u00aa do Brasileir\u00e3o S\u00e9rie A. O pr\u00f3ximo compromisso do Rubro-Negro est\u00e1 marcado para esta quarta-feira (23), \u00e0s 19h, fora de casa diante do Fortaleza.<\/p>\n\n\n\n<p>Gerson foi \u00eddolo de v\u00e1rios times e conquistou diversos t\u00edtulos do Brasil. O Canhotinha de Ouro marcou \u00e9poca em clubes como Flamengo, Botafogo, S\u00e3o Paulo e Fluminense, al\u00e9m da sele\u00e7\u00e3o brasileira.<\/p>\n\n\n\n<p>Retirado de: Torcedores<\/p>\n","protected":false},"excerpt":{"rendered":"<p>Um \u00eddolo da sele\u00e7\u00e3o brasileira parece satisfeito com as recentes atua\u00e7\u00f5es de Rodrigo Muniz pelo Flamengo. Ningu\u00e9m menos que G\u00e9rson, o Canhotinha de Ouro, rasgou elogios para o atacante de 20 anos do Rubro-Negro carioca. Campe\u00e3o mundial pelo Brasil na Copa de 1970, Gerson atualmente dedica-se a fazer coment\u00e1rios sobre a situa\u00e7\u00e3o atual do futebol [&hellip;]<\/p>\n","protected":false},"author":1,"featured_media":57238,"comment_status":"open","ping_status":"closed","sticky":false,"template":"","format":"standard","meta":{"footnotes":""},"categories":[1],"tags":[],"class_list":["post-63277","post","type-post","status-publish","format-standard","has-post-thumbnail","hentry","category-flamengo"],"yoast_head":"<!-- This site is optimized with the Yoast SEO Premium plugin v24.2 (Yoast SEO v26.9) - https:\/\/yoast.com\/product\/yoast-seo-premium-wordpress\/ -->\n<title>\u00cddolo da sele\u00e7\u00e3o brasileira elogia Rodrigo Muniz e cobra CBF<\/title>\n<meta name=\"robots\" content=\"index, follow, max-snippet:-1, max-image-preview:large, max-video-preview:-1\" \/>\n<link rel=\"canonical\" href=\"https:\/\/www.gaveanews.com\/index.php\/2021\/06\/20\/idolo-da-selecao-brasileira-elogia-rodrigo-muniz-e-cobra-cbf-merecia-olimpiadas\/\" \/>\n<meta property=\"og:locale\" content=\"pt_BR\" \/>\n<meta property=\"og:type\" content=\"article\" \/>\n<meta property=\"og:title\" content=\"\u00cddolo da sele\u00e7\u00e3o brasileira elogia Rodrigo Muniz e cobra CBF: \u201cMerecia olimp\u00edadas\u201d\" \/>\n<meta property=\"og:description\" content=\"Um \u00eddolo da sele\u00e7\u00e3o brasileira parece satisfeito com as recentes atua\u00e7\u00f5es de Rodrigo Muniz pelo Flamengo. Ningu\u00e9m menos que G\u00e9rson, o Canhotinha de Ouro, rasgou elogios para o atacante de 20 anos do Rubro-Negro carioca. Campe\u00e3o mundial pelo Brasil na Copa de 1970, Gerson atualmente dedica-se a fazer coment\u00e1rios sobre a situa\u00e7\u00e3o atual do futebol [&hellip;]\" \/>\n<meta property=\"og:url\" content=\"https:\/\/www.gaveanews.com\/index.php\/2021\/06\/20\/idolo-da-selecao-brasileira-elogia-rodrigo-muniz-e-cobra-cbf-merecia-olimpiadas\/\" \/>\n<meta property=\"og:site_name\" content=\"G\u00e1vea News\" \/>\n<meta property=\"article:publisher\" content=\"https:\/\/facebook.com\/gaveaNews\/\" \/>\n<meta property=\"article:published_time\" content=\"2021-06-20T23:15:26+00:00\" \/>\n<meta property=\"article:modified_time\" content=\"2021-06-20T23:15:53+00:00\" \/>\n<meta property=\"og:image\" content=\"https:\/\/www.gaveanews.com\/wp-content\/uploads\/Muniz-sorri-apos-marcar-um-gol-para-o-Flamengo-durante-o-jogo-contra-o-Macae-no-Campeonato-Carioca-de-2021.webp\" \/>\n\t<meta property=\"og:image:width\" content=\"800\" \/>\n\t<meta property=\"og:image:height\" content=\"533\" \/>\n\t<meta property=\"og:image:type\" content=\"image\/jpeg\" \/>\n<meta name=\"author\" content=\"Equipe G\u00e1vea News\" \/>\n<meta name=\"twitter:card\" content=\"summary_large_image\" \/>\n<meta name=\"twitter:label1\" content=\"Escrito por\" \/>\n\t<meta name=\"twitter:data1\" content=\"Equipe G\u00e1vea News\" \/>\n\t<meta name=\"twitter:label2\" content=\"Est. tempo de leitura\" \/>\n\t<meta name=\"twitter:data2\" content=\"1 minuto\" \/>\n<script type=\"application\/ld+json\" class=\"yoast-schema-graph\">{\"@context\":\"https:\/\/schema.org\",\"@graph\":[{\"@type\":\"NewsArticle\",\"@id\":\"https:\/\/www.gaveanews.com\/index.php\/2021\/06\/20\/idolo-da-selecao-brasileira-elogia-rodrigo-muniz-e-cobra-cbf-merecia-olimpiadas\/#article\",\"isPartOf\":{\"@id\":\"https:\/\/www.gaveanews.com\/index.php\/2021\/06\/20\/idolo-da-selecao-brasileira-elogia-rodrigo-muniz-e-cobra-cbf-merecia-olimpiadas\/\"},\"author\":{\"name\":\"Equipe G\u00e1vea News\",\"@id\":\"https:\/\/www.gaveanews.com\/#\/schema\/person\/2ec14f73fb96be2caf28f91afb14749d\"},\"headline\":\"\u00cddolo da sele\u00e7\u00e3o brasileira elogia Rodrigo Muniz e cobra CBF: \u201cMerecia olimp\u00edadas\u201d\",\"datePublished\":\"2021-06-20T23:15:26+00:00\",\"dateModified\":\"2021-06-20T23:15:53+00:00\",\"mainEntityOfPage\":{\"@id\":\"https:\/\/www.gaveanews.com\/index.php\/2021\/06\/20\/idolo-da-selecao-brasileira-elogia-rodrigo-muniz-e-cobra-cbf-merecia-olimpiadas\/\"},\"wordCount\":246,\"commentCount\":2,\"image\":{\"@id\":\"https:\/\/www.gaveanews.com\/index.php\/2021\/06\/20\/idolo-da-selecao-brasileira-elogia-rodrigo-muniz-e-cobra-cbf-merecia-olimpiadas\/#primaryimage\"},\"thumbnailUrl\":\"https:\/\/www.gaveanews.com\/wp-content\/uploads\/Muniz-sorri-apos-marcar-um-gol-para-o-Flamengo-durante-o-jogo-contra-o-Macae-no-Campeonato-Carioca-de-2021.webp\",\"articleSection\":[\"Flamengo\"],\"inLanguage\":\"pt-BR\",\"potentialAction\":[{\"@type\":\"CommentAction\",\"name\":\"Comment\",\"target\":[\"https:\/\/www.gaveanews.com\/index.php\/2021\/06\/20\/idolo-da-selecao-brasileira-elogia-rodrigo-muniz-e-cobra-cbf-merecia-olimpiadas\/#respond\"]}],\"copyrightYear\":\"2021\",\"copyrightHolder\":{\"@id\":\"https:\/\/www.gaveanews.com\/#organization\"}},{\"@type\":\"WebPage\",\"@id\":\"https:\/\/www.gaveanews.com\/index.php\/2021\/06\/20\/idolo-da-selecao-brasileira-elogia-rodrigo-muniz-e-cobra-cbf-merecia-olimpiadas\/\",\"url\":\"https:\/\/www.gaveanews.com\/index.php\/2021\/06\/20\/idolo-da-selecao-brasileira-elogia-rodrigo-muniz-e-cobra-cbf-merecia-olimpiadas\/\",\"name\":\"\u00cddolo da sele\u00e7\u00e3o brasileira elogia Rodrigo Muniz e cobra CBF\",\"isPartOf\":{\"@id\":\"https:\/\/www.gaveanews.com\/#website\"},\"primaryImageOfPage\":{\"@id\":\"https:\/\/www.gaveanews.com\/index.php\/2021\/06\/20\/idolo-da-selecao-brasileira-elogia-rodrigo-muniz-e-cobra-cbf-merecia-olimpiadas\/#primaryimage\"},\"image\":{\"@id\":\"https:\/\/www.gaveanews.com\/index.php\/2021\/06\/20\/idolo-da-selecao-brasileira-elogia-rodrigo-muniz-e-cobra-cbf-merecia-olimpiadas\/#primaryimage\"},\"thumbnailUrl\":\"https:\/\/www.gaveanews.com\/wp-content\/uploads\/Muniz-sorri-apos-marcar-um-gol-para-o-Flamengo-durante-o-jogo-contra-o-Macae-no-Campeonato-Carioca-de-2021.webp\",\"datePublished\":\"2021-06-20T23:15:26+00:00\",\"dateModified\":\"2021-06-20T23:15:53+00:00\",\"author\":{\"@id\":\"https:\/\/www.gaveanews.com\/#\/schema\/person\/2ec14f73fb96be2caf28f91afb14749d\"},\"breadcrumb\":{\"@id\":\"https:\/\/www.gaveanews.com\/index.php\/2021\/06\/20\/idolo-da-selecao-brasileira-elogia-rodrigo-muniz-e-cobra-cbf-merecia-olimpiadas\/#breadcrumb\"},\"inLanguage\":\"pt-BR\",\"potentialAction\":[{\"@type\":\"ReadAction\",\"target\":[\"https:\/\/www.gaveanews.com\/index.php\/2021\/06\/20\/idolo-da-selecao-brasileira-elogia-rodrigo-muniz-e-cobra-cbf-merecia-olimpiadas\/\"]}]},{\"@type\":\"ImageObject\",\"inLanguage\":\"pt-BR\",\"@id\":\"https:\/\/www.gaveanews.com\/index.php\/2021\/06\/20\/idolo-da-selecao-brasileira-elogia-rodrigo-muniz-e-cobra-cbf-merecia-olimpiadas\/#primaryimage\",\"url\":\"https:\/\/www.gaveanews.com\/wp-content\/uploads\/Muniz-sorri-apos-marcar-um-gol-para-o-Flamengo-durante-o-jogo-contra-o-Macae-no-Campeonato-Carioca-de-2021.webp\",\"contentUrl\":\"https:\/\/www.gaveanews.com\/wp-content\/uploads\/Muniz-sorri-apos-marcar-um-gol-para-o-Flamengo-durante-o-jogo-contra-o-Macae-no-Campeonato-Carioca-de-2021.webp\",\"width\":800,\"height\":533,\"caption\":\"Muniz sorri ap\u00f3s marcar um gol para o Flamengo durante o jogo contra o Maca\u00e9 no Campeonato Carioca de 2021 (Foto: Marcelo Cortez\/Flamengo)\"},{\"@type\":\"BreadcrumbList\",\"@id\":\"https:\/\/www.gaveanews.com\/index.php\/2021\/06\/20\/idolo-da-selecao-brasileira-elogia-rodrigo-muniz-e-cobra-cbf-merecia-olimpiadas\/#breadcrumb\",\"itemListElement\":[{\"@type\":\"ListItem\",\"position\":1,\"name\":\"Home\",\"item\":\"https:\/\/www.gaveanews.com\/\"},{\"@type\":\"ListItem\",\"position\":2,\"name\":\"\u00cddolo da sele\u00e7\u00e3o brasileira elogia Rodrigo Muniz e cobra CBF: \u201cMerecia olimp\u00edadas\u201d\"}]},{\"@type\":\"WebSite\",\"@id\":\"https:\/\/www.gaveanews.com\/#website\",\"url\":\"https:\/\/www.gaveanews.com\/\",\"name\":\"G\u00e1vea News\",\"description\":\"Veja todas as not\u00edcias sobre o Flamengo: Contrata\u00e7\u00f5es, categorias de base, resultados das partidas, tabela de classifica\u00e7\u00e3o, pr\u00f3ximos jogos!\",\"potentialAction\":[{\"@type\":\"SearchAction\",\"target\":{\"@type\":\"EntryPoint\",\"urlTemplate\":\"https:\/\/www.gaveanews.com\/?s={search_term_string}\"},\"query-input\":{\"@type\":\"PropertyValueSpecification\",\"valueRequired\":true,\"valueName\":\"search_term_string\"}}],\"inLanguage\":\"pt-BR\"},{\"@type\":\"Person\",\"@id\":\"https:\/\/www.gaveanews.com\/#\/schema\/person\/2ec14f73fb96be2caf28f91afb14749d\",\"name\":\"Equipe G\u00e1vea News\",\"image\":{\"@type\":\"ImageObject\",\"inLanguage\":\"pt-BR\",\"@id\":\"https:\/\/www.gaveanews.com\/#\/schema\/person\/image\/\",\"url\":\"https:\/\/secure.gravatar.com\/avatar\/1e1956f1facbffd3f8fa53a326721950116b3b9dc9bd44939c01180fd4a745a9?s=96&d=mm&r=g\",\"contentUrl\":\"https:\/\/secure.gravatar.com\/avatar\/1e1956f1facbffd3f8fa53a326721950116b3b9dc9bd44939c01180fd4a745a9?s=96&d=mm&r=g\",\"caption\":\"Equipe G\u00e1vea News\"}}]}<\/script>\n<!-- \/ Yoast SEO Premium plugin. -->","yoast_head_json":{"title":"\u00cddolo da sele\u00e7\u00e3o brasileira elogia Rodrigo Muniz e cobra CBF","robots":{"index":"index","follow":"follow","max-snippet":"max-snippet:-1","max-image-preview":"max-image-preview:large","max-video-preview":"max-video-preview:-1"},"canonical":"https:\/\/www.gaveanews.com\/index.php\/2021\/06\/20\/idolo-da-selecao-brasileira-elogia-rodrigo-muniz-e-cobra-cbf-merecia-olimpiadas\/","og_locale":"pt_BR","og_type":"article","og_title":"\u00cddolo da sele\u00e7\u00e3o brasileira elogia Rodrigo Muniz e cobra CBF: \u201cMerecia olimp\u00edadas\u201d","og_description":"Um \u00eddolo da sele\u00e7\u00e3o brasileira parece satisfeito com as recentes atua\u00e7\u00f5es de Rodrigo Muniz pelo Flamengo. Ningu\u00e9m menos que G\u00e9rson, o Canhotinha de Ouro, rasgou elogios para o atacante de 20 anos do Rubro-Negro carioca. Campe\u00e3o mundial pelo Brasil na Copa de 1970, Gerson atualmente dedica-se a fazer coment\u00e1rios sobre a situa\u00e7\u00e3o atual do futebol [&hellip;]","og_url":"https:\/\/www.gaveanews.com\/index.php\/2021\/06\/20\/idolo-da-selecao-brasileira-elogia-rodrigo-muniz-e-cobra-cbf-merecia-olimpiadas\/","og_site_name":"G\u00e1vea News","article_publisher":"https:\/\/facebook.com\/gaveaNews\/","article_published_time":"2021-06-20T23:15:26+00:00","article_modified_time":"2021-06-20T23:15:53+00:00","og_image":[{"width":800,"height":533,"url":"https:\/\/www.gaveanews.com\/wp-content\/uploads\/Muniz-sorri-apos-marcar-um-gol-para-o-Flamengo-durante-o-jogo-contra-o-Macae-no-Campeonato-Carioca-de-2021.webp","type":"image\/jpeg"}],"author":"Equipe G\u00e1vea News","twitter_card":"summary_large_image","twitter_misc":{"Escrito por":"Equipe G\u00e1vea News","Est. tempo de leitura":"1 minuto"},"schema":{"@context":"https:\/\/schema.org","@graph":[{"@type":"NewsArticle","@id":"https:\/\/www.gaveanews.com\/index.php\/2021\/06\/20\/idolo-da-selecao-brasileira-elogia-rodrigo-muniz-e-cobra-cbf-merecia-olimpiadas\/#article","isPartOf":{"@id":"https:\/\/www.gaveanews.com\/index.php\/2021\/06\/20\/idolo-da-selecao-brasileira-elogia-rodrigo-muniz-e-cobra-cbf-merecia-olimpiadas\/"},"author":{"name":"Equipe G\u00e1vea News","@id":"https:\/\/www.gaveanews.com\/#\/schema\/person\/2ec14f73fb96be2caf28f91afb14749d"},"headline":"\u00cddolo da sele\u00e7\u00e3o brasileira elogia Rodrigo Muniz e cobra CBF: \u201cMerecia olimp\u00edadas\u201d","datePublished":"2021-06-20T23:15:26+00:00","dateModified":"2021-06-20T23:15:53+00:00","mainEntityOfPage":{"@id":"https:\/\/www.gaveanews.com\/index.php\/2021\/06\/20\/idolo-da-selecao-brasileira-elogia-rodrigo-muniz-e-cobra-cbf-merecia-olimpiadas\/"},"wordCount":246,"commentCount":2,"image":{"@id":"https:\/\/www.gaveanews.com\/index.php\/2021\/06\/20\/idolo-da-selecao-brasileira-elogia-rodrigo-muniz-e-cobra-cbf-merecia-olimpiadas\/#primaryimage"},"thumbnailUrl":"https:\/\/www.gaveanews.com\/wp-content\/uploads\/Muniz-sorri-apos-marcar-um-gol-para-o-Flamengo-durante-o-jogo-contra-o-Macae-no-Campeonato-Carioca-de-2021.webp","articleSection":["Flamengo"],"inLanguage":"pt-BR","potentialAction":[{"@type":"CommentAction","name":"Comment","target":["https:\/\/www.gaveanews.com\/index.php\/2021\/06\/20\/idolo-da-selecao-brasileira-elogia-rodrigo-muniz-e-cobra-cbf-merecia-olimpiadas\/#respond"]}],"copyrightYear":"2021","copyrightHolder":{"@id":"https:\/\/www.gaveanews.com\/#organization"}},{"@type":"WebPage","@id":"https:\/\/www.gaveanews.com\/index.php\/2021\/06\/20\/idolo-da-selecao-brasileira-elogia-rodrigo-muniz-e-cobra-cbf-merecia-olimpiadas\/","url":"https:\/\/www.gaveanews.com\/index.php\/2021\/06\/20\/idolo-da-selecao-brasileira-elogia-rodrigo-muniz-e-cobra-cbf-merecia-olimpiadas\/","name":"\u00cddolo da sele\u00e7\u00e3o brasileira elogia Rodrigo Muniz e cobra CBF","isPartOf":{"@id":"https:\/\/www.gaveanews.com\/#website"},"primaryImageOfPage":{"@id":"https:\/\/www.gaveanews.com\/index.php\/2021\/06\/20\/idolo-da-selecao-brasileira-elogia-rodrigo-muniz-e-cobra-cbf-merecia-olimpiadas\/#primaryimage"},"image":{"@id":"https:\/\/www.gaveanews.com\/index.php\/2021\/06\/20\/idolo-da-selecao-brasileira-elogia-rodrigo-muniz-e-cobra-cbf-merecia-olimpiadas\/#primaryimage"},"thumbnailUrl":"https:\/\/www.gaveanews.com\/wp-content\/uploads\/Muniz-sorri-apos-marcar-um-gol-para-o-Flamengo-durante-o-jogo-contra-o-Macae-no-Campeonato-Carioca-de-2021.webp","datePublished":"2021-06-20T23:15:26+00:00","dateModified":"2021-06-20T23:15:53+00:00","author":{"@id":"https:\/\/www.gaveanews.com\/#\/schema\/person\/2ec14f73fb96be2caf28f91afb14749d"},"breadcrumb":{"@id":"https:\/\/www.gaveanews.com\/index.php\/2021\/06\/20\/idolo-da-selecao-brasileira-elogia-rodrigo-muniz-e-cobra-cbf-merecia-olimpiadas\/#breadcrumb"},"inLanguage":"pt-BR","potentialAction":[{"@type":"ReadAction","target":["https:\/\/www.gaveanews.com\/index.php\/2021\/06\/20\/idolo-da-selecao-brasileira-elogia-rodrigo-muniz-e-cobra-cbf-merecia-olimpiadas\/"]}]},{"@type":"ImageObject","inLanguage":"pt-BR","@id":"https:\/\/www.gaveanews.com\/index.php\/2021\/06\/20\/idolo-da-selecao-brasileira-elogia-rodrigo-muniz-e-cobra-cbf-merecia-olimpiadas\/#primaryimage","url":"https:\/\/www.gaveanews.com\/wp-content\/uploads\/Muniz-sorri-apos-marcar-um-gol-para-o-Flamengo-durante-o-jogo-contra-o-Macae-no-Campeonato-Carioca-de-2021.webp","contentUrl":"https:\/\/www.gaveanews.com\/wp-content\/uploads\/Muniz-sorri-apos-marcar-um-gol-para-o-Flamengo-durante-o-jogo-contra-o-Macae-no-Campeonato-Carioca-de-2021.webp","width":800,"height":533,"caption":"Muniz sorri ap\u00f3s marcar um gol para o Flamengo durante o jogo contra o Maca\u00e9 no Campeonato Carioca de 2021 (Foto: Marcelo Cortez\/Flamengo)"},{"@type":"BreadcrumbList","@id":"https:\/\/www.gaveanews.com\/index.php\/2021\/06\/20\/idolo-da-selecao-brasileira-elogia-rodrigo-muniz-e-cobra-cbf-merecia-olimpiadas\/#breadcrumb","itemListElement":[{"@type":"ListItem","position":1,"name":"Home","item":"https:\/\/www.gaveanews.com\/"},{"@type":"ListItem","position":2,"name":"\u00cddolo da sele\u00e7\u00e3o brasileira elogia Rodrigo Muniz e cobra CBF: \u201cMerecia olimp\u00edadas\u201d"}]},{"@type":"WebSite","@id":"https:\/\/www.gaveanews.com\/#website","url":"https:\/\/www.gaveanews.com\/","name":"G\u00e1vea News","description":"Veja todas as not\u00edcias sobre o Flamengo: Contrata\u00e7\u00f5es, categorias de base, resultados das partidas, tabela de classifica\u00e7\u00e3o, pr\u00f3ximos jogos!","potentialAction":[{"@type":"SearchAction","target":{"@type":"EntryPoint","urlTemplate":"https:\/\/www.gaveanews.com\/?s={search_term_string}"},"query-input":{"@type":"PropertyValueSpecification","valueRequired":true,"valueName":"search_term_string"}}],"inLanguage":"pt-BR"},{"@type":"Person","@id":"https:\/\/www.gaveanews.com\/#\/schema\/person\/2ec14f73fb96be2caf28f91afb14749d","name":"Equipe G\u00e1vea News","image":{"@type":"ImageObject","inLanguage":"pt-BR","@id":"https:\/\/www.gaveanews.com\/#\/schema\/person\/image\/","url":"https:\/\/secure.gravatar.com\/avatar\/1e1956f1facbffd3f8fa53a326721950116b3b9dc9bd44939c01180fd4a745a9?s=96&d=mm&r=g","contentUrl":"https:\/\/secure.gravatar.com\/avatar\/1e1956f1facbffd3f8fa53a326721950116b3b9dc9bd44939c01180fd4a745a9?s=96&d=mm&r=g","caption":"Equipe G\u00e1vea News"}}]}},"_links":{"self":[{"href":"https:\/\/www.gaveanews.com\/index.php\/wp-json\/wp\/v2\/posts\/63277","targetHints":{"allow":["GET"]}}],"collection":[{"href":"https:\/\/www.gaveanews.com\/index.php\/wp-json\/wp\/v2\/posts"}],"about":[{"href":"https:\/\/www.gaveanews.com\/index.php\/wp-json\/wp\/v2\/types\/post"}],"author":[{"embeddable":true,"href":"https:\/\/www.gaveanews.com\/index.php\/wp-json\/wp\/v2\/users\/1"}],"replies":[{"embeddable":true,"href":"https:\/\/www.gaveanews.com\/index.php\/wp-json\/wp\/v2\/comments?post=63277"}],"version-history":[{"count":0,"href":"https:\/\/www.gaveanews.com\/index.php\/wp-json\/wp\/v2\/posts\/63277\/revisions"}],"wp:featuredmedia":[{"embeddable":true,"href":"https:\/\/www.gaveanews.com\/index.php\/wp-json\/wp\/v2\/media\/57238"}],"wp:attachment":[{"href":"https:\/\/www.gaveanews.com\/index.php\/wp-json\/wp\/v2\/media?parent=63277"}],"wp:term":[{"taxonomy":"category","embeddable":true,"href":"https:\/\/www.gaveanews.com\/index.php\/wp-json\/wp\/v2\/categories?post=63277"},{"taxonomy":"post_tag","embeddable":true,"href":"https:\/\/www.gaveanews.com\/index.php\/wp-json\/wp\/v2\/tags?post=63277"}],"curies":[{"name":"wp","href":"https:\/\/api.w.org\/{rel}","templated":true}]}}