{"id":63469,"date":"2021-06-23T21:05:42","date_gmt":"2021-06-24T00:05:42","guid":{"rendered":"https:\/\/www.gaveanews.com\/?p=63469"},"modified":"2021-06-23T21:05:44","modified_gmt":"2021-06-24T00:05:44","slug":"video-michael-perde-gol-inacreditavel-e-torcedores-do-flamengo-reagem","status":"publish","type":"post","link":"https:\/\/www.gaveanews.com\/index.php\/2021\/06\/23\/video-michael-perde-gol-inacreditavel-e-torcedores-do-flamengo-reagem\/","title":{"rendered":"V\u00eddeo: Michael perde gol inacredit\u00e1vel e torcedores do Flamengo reagem"},"content":{"rendered":"\n<p>A contrata\u00e7\u00e3o de Michael, revela\u00e7\u00e3o do Brasileiro de 2019, gerou um alvoro\u00e7o na torcida do Flamengo. Contudo, o entusiasmo foi por \u00e1gua abaixo com p\u00edfia regularidade do atacante vestindo a camisa rubro-negra. Diante do Fortaleza, nesta quarta-feira, no Maracan\u00e3, o jogador deu mais um motivo para as cr\u00edticas que recebe de flamenguistas. <\/p>\n\n\n\n<p>Apesar da \u00f3tima arrancada a partir do c\u00edrculo central, Michael perdeu um gol incr\u00edvel e gerou uma imensa rea\u00e7\u00e3o nas redes.<\/p>\n\n\n\n<p>Poucos minutos ap\u00f3s a grande chance perdida, o nome do atacante j\u00e1 assumia o topo dos assuntos mais comentados do Twitter. Rubro-negros, indignados, perderam de vez a paci\u00eancia com o jogador ex-Goi\u00e1s.<\/p>\n\n\n\n<p><strong>Confira a rea\u00e7\u00e3o dos flamenguistas com a atua\u00e7\u00e3o de Michael<\/strong>:<\/p>\n\n\n\n<figure class=\"wp-block-embed is-type-rich is-provider-twitter wp-block-embed-twitter\"><div class=\"wp-block-embed__wrapper\">\n<blockquote class=\"twitter-tweet\" data-width=\"550\" data-dnt=\"true\"><p lang=\"pt\" dir=\"ltr\">a pergunta \u00e9: ser\u00e1 que teve algu\u00e9m que acreditou que o michael conseguiria fazer esse gol?  <a href=\"https:\/\/t.co\/8lsy5SdzMn\">pic.twitter.com\/8lsy5SdzMn<\/a><\/p>&mdash; vic \u1d9c\u02b3\u1da0 (@lastcardign) <a href=\"https:\/\/twitter.com\/lastcardign\/status\/1407829707412934665?ref_src=twsrc%5Etfw\">June 23, 2021<\/a><\/blockquote><script async src=\"https:\/\/platform.twitter.com\/widgets.js\" charset=\"utf-8\"><\/script>\n<\/div><\/figure>\n\n\n\n<figure class=\"wp-block-embed is-type-rich is-provider-twitter wp-block-embed-twitter\"><div class=\"wp-block-embed__wrapper\">\n<blockquote class=\"twitter-tweet\" data-width=\"550\" data-dnt=\"true\"><p lang=\"pt\" dir=\"ltr\">Michael erraria o seu nome na prova<\/p>&mdash; FLA DA NA\u00c7\u00c3O (@FlaDaNacao_) <a href=\"https:\/\/twitter.com\/FlaDaNacao_\/status\/1407838867479277568?ref_src=twsrc%5Etfw\">June 23, 2021<\/a><\/blockquote><script async src=\"https:\/\/platform.twitter.com\/widgets.js\" charset=\"utf-8\"><\/script>\n<\/div><\/figure>\n\n\n\n<figure class=\"wp-block-embed is-type-rich is-provider-twitter wp-block-embed-twitter\"><div class=\"wp-block-embed__wrapper\">\n<blockquote class=\"twitter-tweet\" data-width=\"550\" data-dnt=\"true\"><p lang=\"pt\" dir=\"ltr\">Michael perdendo o gol sozinho cada a cara com o goleiro <br>Eu: <a href=\"https:\/\/t.co\/jbU6urLf94\">pic.twitter.com\/jbU6urLf94<\/a><\/p>&mdash; Portuga (@Portugaflatt) <a href=\"https:\/\/twitter.com\/Portugaflatt\/status\/1407829083875164160?ref_src=twsrc%5Etfw\">June 23, 2021<\/a><\/blockquote><script async src=\"https:\/\/platform.twitter.com\/widgets.js\" charset=\"utf-8\"><\/script>\n<\/div><\/figure>\n\n\n\n<figure class=\"wp-block-embed is-type-rich is-provider-twitter wp-block-embed-twitter\"><div class=\"wp-block-embed__wrapper\">\nhttps:\/\/twitter.com\/E_a_Corleone\/status\/1407834359462346754\n<\/div><\/figure>\n\n\n\n<figure class=\"wp-block-embed is-type-rich is-provider-twitter wp-block-embed-twitter\"><div class=\"wp-block-embed__wrapper\">\n<blockquote class=\"twitter-tweet\" data-width=\"550\" data-dnt=\"true\"><p lang=\"pt\" dir=\"ltr\">Michael apenas kkkkkkkkkkkk <a href=\"https:\/\/t.co\/0g4mMjMBQ4\">pic.twitter.com\/0g4mMjMBQ4<\/a><\/p>&mdash; njdepr\u00ea &#8211; marlon (@njdmarlon) <a href=\"https:\/\/twitter.com\/njdmarlon\/status\/1407829369402363904?ref_src=twsrc%5Etfw\">June 23, 2021<\/a><\/blockquote><script async src=\"https:\/\/platform.twitter.com\/widgets.js\" charset=\"utf-8\"><\/script>\n<\/div><\/figure>\n\n\n\n<figure class=\"wp-block-embed is-type-rich is-provider-twitter wp-block-embed-twitter\"><div class=\"wp-block-embed__wrapper\">\n<blockquote class=\"twitter-tweet\" data-width=\"550\" data-dnt=\"true\"><p lang=\"pt\" dir=\"ltr\">Michael deveria ser preso por matar tantas jogadas<\/p>&mdash; CENTRAL DA NA\u00c7\u00c3O \u1566\ud83d\ude0e\u1564 (@centraldanacao) <a href=\"https:\/\/twitter.com\/centraldanacao\/status\/1407841150984204292?ref_src=twsrc%5Etfw\">June 23, 2021<\/a><\/blockquote><script async src=\"https:\/\/platform.twitter.com\/widgets.js\" charset=\"utf-8\"><\/script>\n<\/div><\/figure>\n\n\n\n<p>Retirado de: Lance<\/p>\n","protected":false},"excerpt":{"rendered":"<p>A contrata\u00e7\u00e3o de Michael, revela\u00e7\u00e3o do Brasileiro de 2019, gerou um alvoro\u00e7o na torcida do Flamengo. Contudo, o entusiasmo foi por \u00e1gua abaixo com p\u00edfia regularidade do atacante vestindo a camisa rubro-negra. Diante do Fortaleza, nesta quarta-feira, no Maracan\u00e3, o jogador deu mais um motivo para as cr\u00edticas que recebe de flamenguistas. Apesar da \u00f3tima [&hellip;]<\/p>\n","protected":false},"author":1,"featured_media":63470,"comment_status":"open","ping_status":"closed","sticky":false,"template":"","format":"standard","meta":{"footnotes":""},"categories":[40],"tags":[],"class_list":["post-63469","post","type-post","status-publish","format-standard","has-post-thumbnail","hentry","category-video"],"yoast_head":"<!-- This site is optimized with the Yoast SEO Premium plugin v24.2 (Yoast SEO v26.9) - https:\/\/yoast.com\/product\/yoast-seo-premium-wordpress\/ -->\n<title>V\u00eddeo: Michael perde gol inacredit\u00e1vel e torcedores do Flamengo reagem<\/title>\n<meta name=\"robots\" content=\"index, follow, max-snippet:-1, max-image-preview:large, max-video-preview:-1\" \/>\n<link rel=\"canonical\" href=\"https:\/\/www.gaveanews.com\/index.php\/2021\/06\/23\/video-michael-perde-gol-inacreditavel-e-torcedores-do-flamengo-reagem\/\" \/>\n<meta property=\"og:locale\" content=\"pt_BR\" \/>\n<meta property=\"og:type\" content=\"article\" \/>\n<meta property=\"og:title\" content=\"V\u00eddeo: Michael perde gol inacredit\u00e1vel e torcedores do Flamengo reagem\" \/>\n<meta property=\"og:description\" content=\"A contrata\u00e7\u00e3o de Michael, revela\u00e7\u00e3o do Brasileiro de 2019, gerou um alvoro\u00e7o na torcida do Flamengo. Contudo, o entusiasmo foi por \u00e1gua abaixo com p\u00edfia regularidade do atacante vestindo a camisa rubro-negra. Diante do Fortaleza, nesta quarta-feira, no Maracan\u00e3, o jogador deu mais um motivo para as cr\u00edticas que recebe de flamenguistas. Apesar da \u00f3tima [&hellip;]\" \/>\n<meta property=\"og:url\" content=\"https:\/\/www.gaveanews.com\/index.php\/2021\/06\/23\/video-michael-perde-gol-inacreditavel-e-torcedores-do-flamengo-reagem\/\" \/>\n<meta property=\"og:site_name\" content=\"G\u00e1vea News\" \/>\n<meta property=\"article:publisher\" content=\"https:\/\/facebook.com\/gaveaNews\/\" \/>\n<meta property=\"article:published_time\" content=\"2021-06-24T00:05:42+00:00\" \/>\n<meta property=\"article:modified_time\" content=\"2021-06-24T00:05:44+00:00\" \/>\n<meta property=\"og:image\" content=\"https:\/\/www.gaveanews.com\/wp-content\/uploads\/Michael-em-acao-pelo-Flamengo-diante-da-equipe-do-Fortaleza-pelo-Campeonato-Brasileiro-da-temporada-de-2021.webp\" \/>\n\t<meta property=\"og:image:width\" content=\"799\" \/>\n\t<meta property=\"og:image:height\" content=\"533\" \/>\n\t<meta property=\"og:image:type\" content=\"image\/jpeg\" \/>\n<meta name=\"author\" content=\"Equipe G\u00e1vea News\" \/>\n<meta name=\"twitter:card\" content=\"summary_large_image\" \/>\n<meta name=\"twitter:label1\" content=\"Escrito por\" \/>\n\t<meta name=\"twitter:data1\" content=\"Equipe G\u00e1vea News\" \/>\n\t<meta name=\"twitter:label2\" content=\"Est. tempo de leitura\" \/>\n\t<meta name=\"twitter:data2\" content=\"1 minuto\" \/>\n<script type=\"application\/ld+json\" class=\"yoast-schema-graph\">{\"@context\":\"https:\/\/schema.org\",\"@graph\":[{\"@type\":\"NewsArticle\",\"@id\":\"https:\/\/www.gaveanews.com\/index.php\/2021\/06\/23\/video-michael-perde-gol-inacreditavel-e-torcedores-do-flamengo-reagem\/#article\",\"isPartOf\":{\"@id\":\"https:\/\/www.gaveanews.com\/index.php\/2021\/06\/23\/video-michael-perde-gol-inacreditavel-e-torcedores-do-flamengo-reagem\/\"},\"author\":{\"name\":\"Equipe G\u00e1vea News\",\"@id\":\"https:\/\/www.gaveanews.com\/#\/schema\/person\/2ec14f73fb96be2caf28f91afb14749d\"},\"headline\":\"V\u00eddeo: Michael perde gol inacredit\u00e1vel e torcedores do Flamengo reagem\",\"datePublished\":\"2021-06-24T00:05:42+00:00\",\"dateModified\":\"2021-06-24T00:05:44+00:00\",\"mainEntityOfPage\":{\"@id\":\"https:\/\/www.gaveanews.com\/index.php\/2021\/06\/23\/video-michael-perde-gol-inacreditavel-e-torcedores-do-flamengo-reagem\/\"},\"wordCount\":174,\"commentCount\":38,\"image\":{\"@id\":\"https:\/\/www.gaveanews.com\/index.php\/2021\/06\/23\/video-michael-perde-gol-inacreditavel-e-torcedores-do-flamengo-reagem\/#primaryimage\"},\"thumbnailUrl\":\"https:\/\/www.gaveanews.com\/wp-content\/uploads\/Michael-em-acao-pelo-Flamengo-diante-da-equipe-do-Fortaleza-pelo-Campeonato-Brasileiro-da-temporada-de-2021.webp\",\"articleSection\":[\"V\u00eddeos\"],\"inLanguage\":\"pt-BR\",\"potentialAction\":[{\"@type\":\"CommentAction\",\"name\":\"Comment\",\"target\":[\"https:\/\/www.gaveanews.com\/index.php\/2021\/06\/23\/video-michael-perde-gol-inacreditavel-e-torcedores-do-flamengo-reagem\/#respond\"]}],\"copyrightYear\":\"2021\",\"copyrightHolder\":{\"@id\":\"https:\/\/www.gaveanews.com\/#organization\"}},{\"@type\":\"WebPage\",\"@id\":\"https:\/\/www.gaveanews.com\/index.php\/2021\/06\/23\/video-michael-perde-gol-inacreditavel-e-torcedores-do-flamengo-reagem\/\",\"url\":\"https:\/\/www.gaveanews.com\/index.php\/2021\/06\/23\/video-michael-perde-gol-inacreditavel-e-torcedores-do-flamengo-reagem\/\",\"name\":\"V\u00eddeo: Michael perde gol inacredit\u00e1vel e torcedores do Flamengo reagem\",\"isPartOf\":{\"@id\":\"https:\/\/www.gaveanews.com\/#website\"},\"primaryImageOfPage\":{\"@id\":\"https:\/\/www.gaveanews.com\/index.php\/2021\/06\/23\/video-michael-perde-gol-inacreditavel-e-torcedores-do-flamengo-reagem\/#primaryimage\"},\"image\":{\"@id\":\"https:\/\/www.gaveanews.com\/index.php\/2021\/06\/23\/video-michael-perde-gol-inacreditavel-e-torcedores-do-flamengo-reagem\/#primaryimage\"},\"thumbnailUrl\":\"https:\/\/www.gaveanews.com\/wp-content\/uploads\/Michael-em-acao-pelo-Flamengo-diante-da-equipe-do-Fortaleza-pelo-Campeonato-Brasileiro-da-temporada-de-2021.webp\",\"datePublished\":\"2021-06-24T00:05:42+00:00\",\"dateModified\":\"2021-06-24T00:05:44+00:00\",\"author\":{\"@id\":\"https:\/\/www.gaveanews.com\/#\/schema\/person\/2ec14f73fb96be2caf28f91afb14749d\"},\"breadcrumb\":{\"@id\":\"https:\/\/www.gaveanews.com\/index.php\/2021\/06\/23\/video-michael-perde-gol-inacreditavel-e-torcedores-do-flamengo-reagem\/#breadcrumb\"},\"inLanguage\":\"pt-BR\",\"potentialAction\":[{\"@type\":\"ReadAction\",\"target\":[\"https:\/\/www.gaveanews.com\/index.php\/2021\/06\/23\/video-michael-perde-gol-inacreditavel-e-torcedores-do-flamengo-reagem\/\"]}]},{\"@type\":\"ImageObject\",\"inLanguage\":\"pt-BR\",\"@id\":\"https:\/\/www.gaveanews.com\/index.php\/2021\/06\/23\/video-michael-perde-gol-inacreditavel-e-torcedores-do-flamengo-reagem\/#primaryimage\",\"url\":\"https:\/\/www.gaveanews.com\/wp-content\/uploads\/Michael-em-acao-pelo-Flamengo-diante-da-equipe-do-Fortaleza-pelo-Campeonato-Brasileiro-da-temporada-de-2021.webp\",\"contentUrl\":\"https:\/\/www.gaveanews.com\/wp-content\/uploads\/Michael-em-acao-pelo-Flamengo-diante-da-equipe-do-Fortaleza-pelo-Campeonato-Brasileiro-da-temporada-de-2021.webp\",\"width\":799,\"height\":533,\"caption\":\"Michael em a\u00e7\u00e3o pelo Flamengo diante da equipe do Fortaleza pelo Campeonato Brasileiro da temporada de 2021 (Foto: Alexandre Vidal\/Flamengo)\"},{\"@type\":\"BreadcrumbList\",\"@id\":\"https:\/\/www.gaveanews.com\/index.php\/2021\/06\/23\/video-michael-perde-gol-inacreditavel-e-torcedores-do-flamengo-reagem\/#breadcrumb\",\"itemListElement\":[{\"@type\":\"ListItem\",\"position\":1,\"name\":\"Home\",\"item\":\"https:\/\/www.gaveanews.com\/\"},{\"@type\":\"ListItem\",\"position\":2,\"name\":\"V\u00eddeo: Michael perde gol inacredit\u00e1vel e torcedores do Flamengo reagem\"}]},{\"@type\":\"WebSite\",\"@id\":\"https:\/\/www.gaveanews.com\/#website\",\"url\":\"https:\/\/www.gaveanews.com\/\",\"name\":\"G\u00e1vea News\",\"description\":\"Veja todas as not\u00edcias sobre o Flamengo: Contrata\u00e7\u00f5es, categorias de base, resultados das partidas, tabela de classifica\u00e7\u00e3o, pr\u00f3ximos jogos!\",\"potentialAction\":[{\"@type\":\"SearchAction\",\"target\":{\"@type\":\"EntryPoint\",\"urlTemplate\":\"https:\/\/www.gaveanews.com\/?s={search_term_string}\"},\"query-input\":{\"@type\":\"PropertyValueSpecification\",\"valueRequired\":true,\"valueName\":\"search_term_string\"}}],\"inLanguage\":\"pt-BR\"},{\"@type\":\"Person\",\"@id\":\"https:\/\/www.gaveanews.com\/#\/schema\/person\/2ec14f73fb96be2caf28f91afb14749d\",\"name\":\"Equipe G\u00e1vea News\",\"image\":{\"@type\":\"ImageObject\",\"inLanguage\":\"pt-BR\",\"@id\":\"https:\/\/www.gaveanews.com\/#\/schema\/person\/image\/\",\"url\":\"https:\/\/secure.gravatar.com\/avatar\/1e1956f1facbffd3f8fa53a326721950116b3b9dc9bd44939c01180fd4a745a9?s=96&d=mm&r=g\",\"contentUrl\":\"https:\/\/secure.gravatar.com\/avatar\/1e1956f1facbffd3f8fa53a326721950116b3b9dc9bd44939c01180fd4a745a9?s=96&d=mm&r=g\",\"caption\":\"Equipe G\u00e1vea News\"}}]}<\/script>\n<!-- \/ Yoast SEO Premium plugin. -->","yoast_head_json":{"title":"V\u00eddeo: Michael perde gol inacredit\u00e1vel e torcedores do Flamengo reagem","robots":{"index":"index","follow":"follow","max-snippet":"max-snippet:-1","max-image-preview":"max-image-preview:large","max-video-preview":"max-video-preview:-1"},"canonical":"https:\/\/www.gaveanews.com\/index.php\/2021\/06\/23\/video-michael-perde-gol-inacreditavel-e-torcedores-do-flamengo-reagem\/","og_locale":"pt_BR","og_type":"article","og_title":"V\u00eddeo: Michael perde gol inacredit\u00e1vel e torcedores do Flamengo reagem","og_description":"A contrata\u00e7\u00e3o de Michael, revela\u00e7\u00e3o do Brasileiro de 2019, gerou um alvoro\u00e7o na torcida do Flamengo. Contudo, o entusiasmo foi por \u00e1gua abaixo com p\u00edfia regularidade do atacante vestindo a camisa rubro-negra. Diante do Fortaleza, nesta quarta-feira, no Maracan\u00e3, o jogador deu mais um motivo para as cr\u00edticas que recebe de flamenguistas. Apesar da \u00f3tima [&hellip;]","og_url":"https:\/\/www.gaveanews.com\/index.php\/2021\/06\/23\/video-michael-perde-gol-inacreditavel-e-torcedores-do-flamengo-reagem\/","og_site_name":"G\u00e1vea News","article_publisher":"https:\/\/facebook.com\/gaveaNews\/","article_published_time":"2021-06-24T00:05:42+00:00","article_modified_time":"2021-06-24T00:05:44+00:00","og_image":[{"width":799,"height":533,"url":"https:\/\/www.gaveanews.com\/wp-content\/uploads\/Michael-em-acao-pelo-Flamengo-diante-da-equipe-do-Fortaleza-pelo-Campeonato-Brasileiro-da-temporada-de-2021.webp","type":"image\/jpeg"}],"author":"Equipe G\u00e1vea News","twitter_card":"summary_large_image","twitter_misc":{"Escrito por":"Equipe G\u00e1vea News","Est. tempo de leitura":"1 minuto"},"schema":{"@context":"https:\/\/schema.org","@graph":[{"@type":"NewsArticle","@id":"https:\/\/www.gaveanews.com\/index.php\/2021\/06\/23\/video-michael-perde-gol-inacreditavel-e-torcedores-do-flamengo-reagem\/#article","isPartOf":{"@id":"https:\/\/www.gaveanews.com\/index.php\/2021\/06\/23\/video-michael-perde-gol-inacreditavel-e-torcedores-do-flamengo-reagem\/"},"author":{"name":"Equipe G\u00e1vea News","@id":"https:\/\/www.gaveanews.com\/#\/schema\/person\/2ec14f73fb96be2caf28f91afb14749d"},"headline":"V\u00eddeo: Michael perde gol inacredit\u00e1vel e torcedores do Flamengo reagem","datePublished":"2021-06-24T00:05:42+00:00","dateModified":"2021-06-24T00:05:44+00:00","mainEntityOfPage":{"@id":"https:\/\/www.gaveanews.com\/index.php\/2021\/06\/23\/video-michael-perde-gol-inacreditavel-e-torcedores-do-flamengo-reagem\/"},"wordCount":174,"commentCount":38,"image":{"@id":"https:\/\/www.gaveanews.com\/index.php\/2021\/06\/23\/video-michael-perde-gol-inacreditavel-e-torcedores-do-flamengo-reagem\/#primaryimage"},"thumbnailUrl":"https:\/\/www.gaveanews.com\/wp-content\/uploads\/Michael-em-acao-pelo-Flamengo-diante-da-equipe-do-Fortaleza-pelo-Campeonato-Brasileiro-da-temporada-de-2021.webp","articleSection":["V\u00eddeos"],"inLanguage":"pt-BR","potentialAction":[{"@type":"CommentAction","name":"Comment","target":["https:\/\/www.gaveanews.com\/index.php\/2021\/06\/23\/video-michael-perde-gol-inacreditavel-e-torcedores-do-flamengo-reagem\/#respond"]}],"copyrightYear":"2021","copyrightHolder":{"@id":"https:\/\/www.gaveanews.com\/#organization"}},{"@type":"WebPage","@id":"https:\/\/www.gaveanews.com\/index.php\/2021\/06\/23\/video-michael-perde-gol-inacreditavel-e-torcedores-do-flamengo-reagem\/","url":"https:\/\/www.gaveanews.com\/index.php\/2021\/06\/23\/video-michael-perde-gol-inacreditavel-e-torcedores-do-flamengo-reagem\/","name":"V\u00eddeo: Michael perde gol inacredit\u00e1vel e torcedores do Flamengo reagem","isPartOf":{"@id":"https:\/\/www.gaveanews.com\/#website"},"primaryImageOfPage":{"@id":"https:\/\/www.gaveanews.com\/index.php\/2021\/06\/23\/video-michael-perde-gol-inacreditavel-e-torcedores-do-flamengo-reagem\/#primaryimage"},"image":{"@id":"https:\/\/www.gaveanews.com\/index.php\/2021\/06\/23\/video-michael-perde-gol-inacreditavel-e-torcedores-do-flamengo-reagem\/#primaryimage"},"thumbnailUrl":"https:\/\/www.gaveanews.com\/wp-content\/uploads\/Michael-em-acao-pelo-Flamengo-diante-da-equipe-do-Fortaleza-pelo-Campeonato-Brasileiro-da-temporada-de-2021.webp","datePublished":"2021-06-24T00:05:42+00:00","dateModified":"2021-06-24T00:05:44+00:00","author":{"@id":"https:\/\/www.gaveanews.com\/#\/schema\/person\/2ec14f73fb96be2caf28f91afb14749d"},"breadcrumb":{"@id":"https:\/\/www.gaveanews.com\/index.php\/2021\/06\/23\/video-michael-perde-gol-inacreditavel-e-torcedores-do-flamengo-reagem\/#breadcrumb"},"inLanguage":"pt-BR","potentialAction":[{"@type":"ReadAction","target":["https:\/\/www.gaveanews.com\/index.php\/2021\/06\/23\/video-michael-perde-gol-inacreditavel-e-torcedores-do-flamengo-reagem\/"]}]},{"@type":"ImageObject","inLanguage":"pt-BR","@id":"https:\/\/www.gaveanews.com\/index.php\/2021\/06\/23\/video-michael-perde-gol-inacreditavel-e-torcedores-do-flamengo-reagem\/#primaryimage","url":"https:\/\/www.gaveanews.com\/wp-content\/uploads\/Michael-em-acao-pelo-Flamengo-diante-da-equipe-do-Fortaleza-pelo-Campeonato-Brasileiro-da-temporada-de-2021.webp","contentUrl":"https:\/\/www.gaveanews.com\/wp-content\/uploads\/Michael-em-acao-pelo-Flamengo-diante-da-equipe-do-Fortaleza-pelo-Campeonato-Brasileiro-da-temporada-de-2021.webp","width":799,"height":533,"caption":"Michael em a\u00e7\u00e3o pelo Flamengo diante da equipe do Fortaleza pelo Campeonato Brasileiro da temporada de 2021 (Foto: Alexandre Vidal\/Flamengo)"},{"@type":"BreadcrumbList","@id":"https:\/\/www.gaveanews.com\/index.php\/2021\/06\/23\/video-michael-perde-gol-inacreditavel-e-torcedores-do-flamengo-reagem\/#breadcrumb","itemListElement":[{"@type":"ListItem","position":1,"name":"Home","item":"https:\/\/www.gaveanews.com\/"},{"@type":"ListItem","position":2,"name":"V\u00eddeo: Michael perde gol inacredit\u00e1vel e torcedores do Flamengo reagem"}]},{"@type":"WebSite","@id":"https:\/\/www.gaveanews.com\/#website","url":"https:\/\/www.gaveanews.com\/","name":"G\u00e1vea News","description":"Veja todas as not\u00edcias sobre o Flamengo: Contrata\u00e7\u00f5es, categorias de base, resultados das partidas, tabela de classifica\u00e7\u00e3o, pr\u00f3ximos jogos!","potentialAction":[{"@type":"SearchAction","target":{"@type":"EntryPoint","urlTemplate":"https:\/\/www.gaveanews.com\/?s={search_term_string}"},"query-input":{"@type":"PropertyValueSpecification","valueRequired":true,"valueName":"search_term_string"}}],"inLanguage":"pt-BR"},{"@type":"Person","@id":"https:\/\/www.gaveanews.com\/#\/schema\/person\/2ec14f73fb96be2caf28f91afb14749d","name":"Equipe G\u00e1vea News","image":{"@type":"ImageObject","inLanguage":"pt-BR","@id":"https:\/\/www.gaveanews.com\/#\/schema\/person\/image\/","url":"https:\/\/secure.gravatar.com\/avatar\/1e1956f1facbffd3f8fa53a326721950116b3b9dc9bd44939c01180fd4a745a9?s=96&d=mm&r=g","contentUrl":"https:\/\/secure.gravatar.com\/avatar\/1e1956f1facbffd3f8fa53a326721950116b3b9dc9bd44939c01180fd4a745a9?s=96&d=mm&r=g","caption":"Equipe G\u00e1vea News"}}]}},"_links":{"self":[{"href":"https:\/\/www.gaveanews.com\/index.php\/wp-json\/wp\/v2\/posts\/63469","targetHints":{"allow":["GET"]}}],"collection":[{"href":"https:\/\/www.gaveanews.com\/index.php\/wp-json\/wp\/v2\/posts"}],"about":[{"href":"https:\/\/www.gaveanews.com\/index.php\/wp-json\/wp\/v2\/types\/post"}],"author":[{"embeddable":true,"href":"https:\/\/www.gaveanews.com\/index.php\/wp-json\/wp\/v2\/users\/1"}],"replies":[{"embeddable":true,"href":"https:\/\/www.gaveanews.com\/index.php\/wp-json\/wp\/v2\/comments?post=63469"}],"version-history":[{"count":0,"href":"https:\/\/www.gaveanews.com\/index.php\/wp-json\/wp\/v2\/posts\/63469\/revisions"}],"wp:featuredmedia":[{"embeddable":true,"href":"https:\/\/www.gaveanews.com\/index.php\/wp-json\/wp\/v2\/media\/63470"}],"wp:attachment":[{"href":"https:\/\/www.gaveanews.com\/index.php\/wp-json\/wp\/v2\/media?parent=63469"}],"wp:term":[{"taxonomy":"category","embeddable":true,"href":"https:\/\/www.gaveanews.com\/index.php\/wp-json\/wp\/v2\/categories?post=63469"},{"taxonomy":"post_tag","embeddable":true,"href":"https:\/\/www.gaveanews.com\/index.php\/wp-json\/wp\/v2\/tags?post=63469"}],"curies":[{"name":"wp","href":"https:\/\/api.w.org\/{rel}","templated":true}]}}