{"id":63495,"date":"2021-06-24T06:44:23","date_gmt":"2021-06-24T09:44:23","guid":{"rendered":"https:\/\/www.gaveanews.com\/?p=63495"},"modified":"2021-06-24T06:44:25","modified_gmt":"2021-06-24T09:44:25","slug":"gerson-deixa-o-flamengo-como-referencia-de-idolo-e-negocio-certeiro","status":"publish","type":"post","link":"https:\/\/www.gaveanews.com\/index.php\/2021\/06\/24\/gerson-deixa-o-flamengo-como-referencia-de-idolo-e-negocio-certeiro\/","title":{"rendered":"Gerson deixa o Flamengo como refer\u00eancia de \u00eddolo e neg\u00f3cio certeiro"},"content":{"rendered":"\n<p>\u00c9 indiscut\u00edvel\u2026 Gerson deixa o Flamengo como \u00eddolo. Negociado com o Olympique de Marseille, da Fran\u00e7a, por cerca de 25 milh\u00f5es de euros (R$ 160 milh\u00f5es) fixos, o meio-campista sai do Ninho do Urubu pela porta da frente e como s\u00edmbolo de uma das eras mais vencedores do clube, que agora o v\u00ea retornar \u00e0 Europa como um jogador de &#8220;n\u00edvel Sele\u00e7\u00e3o Brasileira&#8221; e com status de estrela, al\u00e9m da significativa marca grifada no curr\u00edculo: a polival\u00eancia.<\/p>\n\n\n\n<p>O Coringa, como se autodenominou (quem n\u00e3o se lembra do &#8220;Faz o seguinte\u2026 pode me chamar de Coringa, que eu jogo em todas as posi\u00e7\u00f5es&#8221;), chegou ao Flamengo em julho de 2019, com o clube pagando R$ 58,9 milh\u00f5es por 100% dos direitos econ\u00f4micos do atleta, que pertencia \u00e0 Roma e estava emprestado \u00e0 Fiorentina. Em seguida, ainda foram desembolsados R$ 5,9 milh\u00f5es com luvas e custos da transa\u00e7\u00e3o.<\/p>\n\n\n\n<p>\u00c0 \u00e9poca, Gerson falou que estava &#8220;realizando um sonho que tinha desde moleque&#8221;. Ele herdou a camisa 8, ent\u00e3o vestida por Cu\u00e9llar, que estava de sa\u00edda. E n\u00e3o tardou a cair na gra\u00e7a da torcida. Ali\u00e1s, logo o seu &#8220;vapo&#8221; nas comemora\u00e7\u00f5es virou uma febre na torcida, disseminada futebol brasileiro afora, inclusive.<\/p>\n\n\n\n<p>Rubro-negro de cora\u00e7\u00e3o e alma, Gerson virou refer\u00eancia de \u00eddolo pois tinha a cara da Na\u00e7\u00e3o em campo, jogava como &#8220;um deles&#8221;, conforme o pr\u00f3prio sublinhou recentemente. Ra\u00e7a, uma marcante dose de marra e irrever\u00eancia nas celebra\u00e7\u00f5es compuseram a receita de seu sucesso &#8211; al\u00e9m do talento, claro.<\/p>\n\n\n\n<figure class=\"wp-block-embed is-type-video is-provider-youtube wp-block-embed-youtube wp-embed-aspect-16-9 wp-has-aspect-ratio\"><div class=\"wp-block-embed__wrapper\">\nhttps:\/\/www.youtube.com\/watch?v=J6ubPG3O5hc&#038;ab_channel=V%C3%ADdeosdoFlamengo\n<\/div><\/figure>\n\n\n\n<h2 class=\"wp-block-heading\" id=\"h-import-ncia-de-jorge-jesus\">Import\u00e2ncia de Jorge Jesus<\/h2>\n\n\n\n<p>Ap\u00f3s tr\u00eas temporadas de altos e baixos na It\u00e1lia, onde disse at\u00e9 que pensou em &#8220;deixar o futebol&#8221;, Gerson chegou ao Ninho pouco depois de Jorge Jesus assumir o Flamengo. O portugu\u00eas estimulou o fato dele se adaptar em diversas fun\u00e7\u00f5es do meio, algo iniciado no futebol italiano, e foi um respons\u00e1vel direto pela sua evolu\u00e7\u00e3o.<\/p>\n\n\n\n<p>Na ocasi\u00e3o, quando Gerson j\u00e1 ostentava um rendimento admir\u00e1vel ao lado de Willian Ar\u00e3o, o treinador havia &#8220;antecipado&#8221; que ele iria &#8220;f\u00e1cil para a Sele\u00e7\u00e3o Brasileira&#8221;. Jesus, ali\u00e1s, teve um peso significativo para ele ser contratado:<\/p>\n\n\n\n<p><strong><em>\u2014 O Mister fez um esfor\u00e7o muito grande para eu estar aqui. Me ligando diariamente, falando que contava comigo aqui no Flamengo, eu estava um pouco largado na It\u00e1lia, pensando at\u00e9 em deixar o futebol de lado. S\u00f3 que depois que eu recebi a liga\u00e7\u00e3o dele, me passando confian\u00e7a, me perguntou o que tinha acontecido l\u00e1, e eu falei: &#8220;Os caras aqui falaram que n\u00e3o contam comigo nesta temporada&#8221;. E ele disse: &#8220;Beleza, se eles n\u00e3o contam contigo a\u00ed, eu conto com voc\u00ea aqui&#8221;. Foi uma coisa que me deixou muito feliz. Eu vi que o cara mesmo sem nunca ter trabalhado comigo estava depositando uma confian\u00e7a muito grande no meu futebol<\/em><\/strong> &#8211; completou, \u00e0 &#8220;FlaTV&#8221;.<\/p>\n\n\n\n<h2 class=\"wp-block-heading\" id=\"h-passagem-memor-vel\">Passagem memor\u00e1vel<\/h2>\n\n\n\n<p>O resto virou hist\u00f3ria. Gerson esteve na &#8220;Sele\u00e7\u00e3o do Campeonato Brasileiro&#8221; das edi\u00e7\u00f5es de 2019 e 2020, ambas conquistadas pelo Flamengo. Por falar nele e no Jorge Jesus, o Benfica tentou a contrata\u00e7\u00e3o de Gerson assim que o Mister assumiu o clube portugu\u00eas, no ano passado. Sem sucesso. O destino o reservou o futebol franc\u00eas, onde ser\u00e1 treinado por Jorge Sampaoli, cuja insist\u00eancia, vale ressaltar, foi determinante para a transfer\u00eancia do Coringa ao Olympique de Marseille.<\/p>\n\n\n\n<p>Aos 24 anos e \u00e0s v\u00e9speras de disputar as Olimp\u00edadas, Gerson ultrapassou a marca dos 100 jogos (109) com a camisa do Flamengo recentemente. Ele marcou sete gols, deu dez assist\u00eancias pelo Rubro-Negro e empilhou oito ta\u00e7as de campe\u00e3o, ao todo: conquistou os t\u00edtulos do Brasileiro (2019 e 2020), da Libertadores (2019), do Carioca (2020 e 2021), da Supercopa do Brasil (2020 e 2021) e da Recopa Sul-Americana (2020).<\/p>\n\n\n\n<p><strong><em>\u2014 N\u00e3o somos preparados para dizer \u201cat\u00e9 logo\u201d. Nos preparamos para viver intensamente nossos sonhos, desejos e objetivos. Uma coisa tenho certeza: eu vivi intensamente o meu sonho de ser um rubro-negro dentro de campo.<\/em><\/strong><\/p>\n\n\n\n<p>Em outra mensagem de despedida, Gerson fez quest\u00e3o de real\u00e7ar que voltar\u00e1 ao clube e que sai satisfeito em ajudar o Fla, desta vez direto nos cofres, o que, pelo saldo positivo entre a compra e venda, o fez tamb\u00e9m ser uma refer\u00eancia de neg\u00f3cio certeiro (afinal, saiu com m\u00e9dia de um t\u00edtulo a cada 14 jogos):<\/p>\n\n\n\n<p><strong><em>\u2014 Pensamos em todos os lados (ao aceitar a proposta do OM). Estamos vivendo um momento dif\u00edcil. O clube estava muito bem estruturado, acabou que essa pandemia deu uma balan\u00e7ada geral. Saio triste, mas sabendo que, com a minha venda, posso ajudar o Flamengo.<\/em><\/strong><\/p>\n\n\n\n<p>Retirado de: Lance<\/p>\n","protected":false},"excerpt":{"rendered":"<p>\u00c9 indiscut\u00edvel\u2026 Gerson deixa o Flamengo como \u00eddolo. Negociado com o Olympique de Marseille, da Fran\u00e7a, por cerca de 25 milh\u00f5es de euros (R$ 160 milh\u00f5es) fixos, o meio-campista sai do Ninho do Urubu pela porta da frente e como s\u00edmbolo de uma das eras mais vencedores do clube, que agora o v\u00ea retornar \u00e0 [&hellip;]<\/p>\n","protected":false},"author":1,"featured_media":48822,"comment_status":"open","ping_status":"closed","sticky":false,"template":"","format":"standard","meta":{"footnotes":""},"categories":[1],"tags":[],"class_list":["post-63495","post","type-post","status-publish","format-standard","has-post-thumbnail","hentry","category-flamengo"],"yoast_head":"<!-- This site is optimized with the Yoast SEO Premium plugin v24.2 (Yoast SEO v26.9) - https:\/\/yoast.com\/product\/yoast-seo-premium-wordpress\/ -->\n<title>Gerson deixa o Flamengo como refer\u00eancia de \u00eddolo e neg\u00f3cio certeiro<\/title>\n<meta name=\"robots\" content=\"index, follow, max-snippet:-1, max-image-preview:large, max-video-preview:-1\" \/>\n<link rel=\"canonical\" href=\"https:\/\/www.gaveanews.com\/index.php\/2021\/06\/24\/gerson-deixa-o-flamengo-como-referencia-de-idolo-e-negocio-certeiro\/\" \/>\n<meta property=\"og:locale\" content=\"pt_BR\" \/>\n<meta property=\"og:type\" content=\"article\" \/>\n<meta property=\"og:title\" content=\"Gerson deixa o Flamengo como refer\u00eancia de \u00eddolo e neg\u00f3cio certeiro\" \/>\n<meta property=\"og:description\" content=\"\u00c9 indiscut\u00edvel\u2026 Gerson deixa o Flamengo como \u00eddolo. Negociado com o Olympique de Marseille, da Fran\u00e7a, por cerca de 25 milh\u00f5es de euros (R$ 160 milh\u00f5es) fixos, o meio-campista sai do Ninho do Urubu pela porta da frente e como s\u00edmbolo de uma das eras mais vencedores do clube, que agora o v\u00ea retornar \u00e0 [&hellip;]\" \/>\n<meta property=\"og:url\" content=\"https:\/\/www.gaveanews.com\/index.php\/2021\/06\/24\/gerson-deixa-o-flamengo-como-referencia-de-idolo-e-negocio-certeiro\/\" \/>\n<meta property=\"og:site_name\" content=\"G\u00e1vea News\" \/>\n<meta property=\"article:publisher\" content=\"https:\/\/facebook.com\/gaveaNews\/\" \/>\n<meta property=\"article:published_time\" content=\"2021-06-24T09:44:23+00:00\" \/>\n<meta property=\"article:modified_time\" content=\"2021-06-24T09:44:25+00:00\" \/>\n<meta property=\"og:image\" content=\"https:\/\/www.gaveanews.com\/wp-content\/uploads\/Gerson-em-acao-pelo-Flamengo-no-estadio-do-Maracana.webp\" \/>\n\t<meta property=\"og:image:width\" content=\"900\" \/>\n\t<meta property=\"og:image:height\" content=\"598\" \/>\n\t<meta property=\"og:image:type\" content=\"image\/jpeg\" \/>\n<meta name=\"author\" content=\"Equipe G\u00e1vea News\" \/>\n<meta name=\"twitter:card\" content=\"summary_large_image\" \/>\n<meta name=\"twitter:label1\" content=\"Escrito por\" \/>\n\t<meta name=\"twitter:data1\" content=\"Equipe G\u00e1vea News\" \/>\n\t<meta name=\"twitter:label2\" content=\"Est. tempo de leitura\" \/>\n\t<meta name=\"twitter:data2\" content=\"4 minutos\" \/>\n<script type=\"application\/ld+json\" class=\"yoast-schema-graph\">{\"@context\":\"https:\/\/schema.org\",\"@graph\":[{\"@type\":\"NewsArticle\",\"@id\":\"https:\/\/www.gaveanews.com\/index.php\/2021\/06\/24\/gerson-deixa-o-flamengo-como-referencia-de-idolo-e-negocio-certeiro\/#article\",\"isPartOf\":{\"@id\":\"https:\/\/www.gaveanews.com\/index.php\/2021\/06\/24\/gerson-deixa-o-flamengo-como-referencia-de-idolo-e-negocio-certeiro\/\"},\"author\":{\"name\":\"Equipe G\u00e1vea News\",\"@id\":\"https:\/\/www.gaveanews.com\/#\/schema\/person\/2ec14f73fb96be2caf28f91afb14749d\"},\"headline\":\"Gerson deixa o Flamengo como refer\u00eancia de \u00eddolo e neg\u00f3cio certeiro\",\"datePublished\":\"2021-06-24T09:44:23+00:00\",\"dateModified\":\"2021-06-24T09:44:25+00:00\",\"mainEntityOfPage\":{\"@id\":\"https:\/\/www.gaveanews.com\/index.php\/2021\/06\/24\/gerson-deixa-o-flamengo-como-referencia-de-idolo-e-negocio-certeiro\/\"},\"wordCount\":820,\"commentCount\":7,\"image\":{\"@id\":\"https:\/\/www.gaveanews.com\/index.php\/2021\/06\/24\/gerson-deixa-o-flamengo-como-referencia-de-idolo-e-negocio-certeiro\/#primaryimage\"},\"thumbnailUrl\":\"https:\/\/www.gaveanews.com\/wp-content\/uploads\/Gerson-em-acao-pelo-Flamengo-no-estadio-do-Maracana.webp\",\"articleSection\":[\"Flamengo\"],\"inLanguage\":\"pt-BR\",\"potentialAction\":[{\"@type\":\"CommentAction\",\"name\":\"Comment\",\"target\":[\"https:\/\/www.gaveanews.com\/index.php\/2021\/06\/24\/gerson-deixa-o-flamengo-como-referencia-de-idolo-e-negocio-certeiro\/#respond\"]}],\"copyrightYear\":\"2021\",\"copyrightHolder\":{\"@id\":\"https:\/\/www.gaveanews.com\/#organization\"}},{\"@type\":\"WebPage\",\"@id\":\"https:\/\/www.gaveanews.com\/index.php\/2021\/06\/24\/gerson-deixa-o-flamengo-como-referencia-de-idolo-e-negocio-certeiro\/\",\"url\":\"https:\/\/www.gaveanews.com\/index.php\/2021\/06\/24\/gerson-deixa-o-flamengo-como-referencia-de-idolo-e-negocio-certeiro\/\",\"name\":\"Gerson deixa o Flamengo como refer\u00eancia de \u00eddolo e neg\u00f3cio certeiro\",\"isPartOf\":{\"@id\":\"https:\/\/www.gaveanews.com\/#website\"},\"primaryImageOfPage\":{\"@id\":\"https:\/\/www.gaveanews.com\/index.php\/2021\/06\/24\/gerson-deixa-o-flamengo-como-referencia-de-idolo-e-negocio-certeiro\/#primaryimage\"},\"image\":{\"@id\":\"https:\/\/www.gaveanews.com\/index.php\/2021\/06\/24\/gerson-deixa-o-flamengo-como-referencia-de-idolo-e-negocio-certeiro\/#primaryimage\"},\"thumbnailUrl\":\"https:\/\/www.gaveanews.com\/wp-content\/uploads\/Gerson-em-acao-pelo-Flamengo-no-estadio-do-Maracana.webp\",\"datePublished\":\"2021-06-24T09:44:23+00:00\",\"dateModified\":\"2021-06-24T09:44:25+00:00\",\"author\":{\"@id\":\"https:\/\/www.gaveanews.com\/#\/schema\/person\/2ec14f73fb96be2caf28f91afb14749d\"},\"breadcrumb\":{\"@id\":\"https:\/\/www.gaveanews.com\/index.php\/2021\/06\/24\/gerson-deixa-o-flamengo-como-referencia-de-idolo-e-negocio-certeiro\/#breadcrumb\"},\"inLanguage\":\"pt-BR\",\"potentialAction\":[{\"@type\":\"ReadAction\",\"target\":[\"https:\/\/www.gaveanews.com\/index.php\/2021\/06\/24\/gerson-deixa-o-flamengo-como-referencia-de-idolo-e-negocio-certeiro\/\"]}]},{\"@type\":\"ImageObject\",\"inLanguage\":\"pt-BR\",\"@id\":\"https:\/\/www.gaveanews.com\/index.php\/2021\/06\/24\/gerson-deixa-o-flamengo-como-referencia-de-idolo-e-negocio-certeiro\/#primaryimage\",\"url\":\"https:\/\/www.gaveanews.com\/wp-content\/uploads\/Gerson-em-acao-pelo-Flamengo-no-estadio-do-Maracana.webp\",\"contentUrl\":\"https:\/\/www.gaveanews.com\/wp-content\/uploads\/Gerson-em-acao-pelo-Flamengo-no-estadio-do-Maracana.webp\",\"width\":900,\"height\":598,\"caption\":\"Gerson em a\u00e7\u00e3o pelo Flamengo no est\u00e1dio do Maracan\u00e3 (Foto: Twitter\/ Reprodu\u00e7\u00e3o\/GersonSantos08)\"},{\"@type\":\"BreadcrumbList\",\"@id\":\"https:\/\/www.gaveanews.com\/index.php\/2021\/06\/24\/gerson-deixa-o-flamengo-como-referencia-de-idolo-e-negocio-certeiro\/#breadcrumb\",\"itemListElement\":[{\"@type\":\"ListItem\",\"position\":1,\"name\":\"Home\",\"item\":\"https:\/\/www.gaveanews.com\/\"},{\"@type\":\"ListItem\",\"position\":2,\"name\":\"Gerson deixa o Flamengo como refer\u00eancia de \u00eddolo e neg\u00f3cio certeiro\"}]},{\"@type\":\"WebSite\",\"@id\":\"https:\/\/www.gaveanews.com\/#website\",\"url\":\"https:\/\/www.gaveanews.com\/\",\"name\":\"G\u00e1vea News\",\"description\":\"Veja todas as not\u00edcias sobre o Flamengo: Contrata\u00e7\u00f5es, categorias de base, resultados das partidas, tabela de classifica\u00e7\u00e3o, pr\u00f3ximos jogos!\",\"potentialAction\":[{\"@type\":\"SearchAction\",\"target\":{\"@type\":\"EntryPoint\",\"urlTemplate\":\"https:\/\/www.gaveanews.com\/?s={search_term_string}\"},\"query-input\":{\"@type\":\"PropertyValueSpecification\",\"valueRequired\":true,\"valueName\":\"search_term_string\"}}],\"inLanguage\":\"pt-BR\"},{\"@type\":\"Person\",\"@id\":\"https:\/\/www.gaveanews.com\/#\/schema\/person\/2ec14f73fb96be2caf28f91afb14749d\",\"name\":\"Equipe G\u00e1vea News\",\"image\":{\"@type\":\"ImageObject\",\"inLanguage\":\"pt-BR\",\"@id\":\"https:\/\/www.gaveanews.com\/#\/schema\/person\/image\/\",\"url\":\"https:\/\/secure.gravatar.com\/avatar\/1e1956f1facbffd3f8fa53a326721950116b3b9dc9bd44939c01180fd4a745a9?s=96&d=mm&r=g\",\"contentUrl\":\"https:\/\/secure.gravatar.com\/avatar\/1e1956f1facbffd3f8fa53a326721950116b3b9dc9bd44939c01180fd4a745a9?s=96&d=mm&r=g\",\"caption\":\"Equipe G\u00e1vea News\"}}]}<\/script>\n<!-- \/ Yoast SEO Premium plugin. -->","yoast_head_json":{"title":"Gerson deixa o Flamengo como refer\u00eancia de \u00eddolo e neg\u00f3cio certeiro","robots":{"index":"index","follow":"follow","max-snippet":"max-snippet:-1","max-image-preview":"max-image-preview:large","max-video-preview":"max-video-preview:-1"},"canonical":"https:\/\/www.gaveanews.com\/index.php\/2021\/06\/24\/gerson-deixa-o-flamengo-como-referencia-de-idolo-e-negocio-certeiro\/","og_locale":"pt_BR","og_type":"article","og_title":"Gerson deixa o Flamengo como refer\u00eancia de \u00eddolo e neg\u00f3cio certeiro","og_description":"\u00c9 indiscut\u00edvel\u2026 Gerson deixa o Flamengo como \u00eddolo. Negociado com o Olympique de Marseille, da Fran\u00e7a, por cerca de 25 milh\u00f5es de euros (R$ 160 milh\u00f5es) fixos, o meio-campista sai do Ninho do Urubu pela porta da frente e como s\u00edmbolo de uma das eras mais vencedores do clube, que agora o v\u00ea retornar \u00e0 [&hellip;]","og_url":"https:\/\/www.gaveanews.com\/index.php\/2021\/06\/24\/gerson-deixa-o-flamengo-como-referencia-de-idolo-e-negocio-certeiro\/","og_site_name":"G\u00e1vea News","article_publisher":"https:\/\/facebook.com\/gaveaNews\/","article_published_time":"2021-06-24T09:44:23+00:00","article_modified_time":"2021-06-24T09:44:25+00:00","og_image":[{"width":900,"height":598,"url":"https:\/\/www.gaveanews.com\/wp-content\/uploads\/Gerson-em-acao-pelo-Flamengo-no-estadio-do-Maracana.webp","type":"image\/jpeg"}],"author":"Equipe G\u00e1vea News","twitter_card":"summary_large_image","twitter_misc":{"Escrito por":"Equipe G\u00e1vea News","Est. tempo de leitura":"4 minutos"},"schema":{"@context":"https:\/\/schema.org","@graph":[{"@type":"NewsArticle","@id":"https:\/\/www.gaveanews.com\/index.php\/2021\/06\/24\/gerson-deixa-o-flamengo-como-referencia-de-idolo-e-negocio-certeiro\/#article","isPartOf":{"@id":"https:\/\/www.gaveanews.com\/index.php\/2021\/06\/24\/gerson-deixa-o-flamengo-como-referencia-de-idolo-e-negocio-certeiro\/"},"author":{"name":"Equipe G\u00e1vea News","@id":"https:\/\/www.gaveanews.com\/#\/schema\/person\/2ec14f73fb96be2caf28f91afb14749d"},"headline":"Gerson deixa o Flamengo como refer\u00eancia de \u00eddolo e neg\u00f3cio certeiro","datePublished":"2021-06-24T09:44:23+00:00","dateModified":"2021-06-24T09:44:25+00:00","mainEntityOfPage":{"@id":"https:\/\/www.gaveanews.com\/index.php\/2021\/06\/24\/gerson-deixa-o-flamengo-como-referencia-de-idolo-e-negocio-certeiro\/"},"wordCount":820,"commentCount":7,"image":{"@id":"https:\/\/www.gaveanews.com\/index.php\/2021\/06\/24\/gerson-deixa-o-flamengo-como-referencia-de-idolo-e-negocio-certeiro\/#primaryimage"},"thumbnailUrl":"https:\/\/www.gaveanews.com\/wp-content\/uploads\/Gerson-em-acao-pelo-Flamengo-no-estadio-do-Maracana.webp","articleSection":["Flamengo"],"inLanguage":"pt-BR","potentialAction":[{"@type":"CommentAction","name":"Comment","target":["https:\/\/www.gaveanews.com\/index.php\/2021\/06\/24\/gerson-deixa-o-flamengo-como-referencia-de-idolo-e-negocio-certeiro\/#respond"]}],"copyrightYear":"2021","copyrightHolder":{"@id":"https:\/\/www.gaveanews.com\/#organization"}},{"@type":"WebPage","@id":"https:\/\/www.gaveanews.com\/index.php\/2021\/06\/24\/gerson-deixa-o-flamengo-como-referencia-de-idolo-e-negocio-certeiro\/","url":"https:\/\/www.gaveanews.com\/index.php\/2021\/06\/24\/gerson-deixa-o-flamengo-como-referencia-de-idolo-e-negocio-certeiro\/","name":"Gerson deixa o Flamengo como refer\u00eancia de \u00eddolo e neg\u00f3cio certeiro","isPartOf":{"@id":"https:\/\/www.gaveanews.com\/#website"},"primaryImageOfPage":{"@id":"https:\/\/www.gaveanews.com\/index.php\/2021\/06\/24\/gerson-deixa-o-flamengo-como-referencia-de-idolo-e-negocio-certeiro\/#primaryimage"},"image":{"@id":"https:\/\/www.gaveanews.com\/index.php\/2021\/06\/24\/gerson-deixa-o-flamengo-como-referencia-de-idolo-e-negocio-certeiro\/#primaryimage"},"thumbnailUrl":"https:\/\/www.gaveanews.com\/wp-content\/uploads\/Gerson-em-acao-pelo-Flamengo-no-estadio-do-Maracana.webp","datePublished":"2021-06-24T09:44:23+00:00","dateModified":"2021-06-24T09:44:25+00:00","author":{"@id":"https:\/\/www.gaveanews.com\/#\/schema\/person\/2ec14f73fb96be2caf28f91afb14749d"},"breadcrumb":{"@id":"https:\/\/www.gaveanews.com\/index.php\/2021\/06\/24\/gerson-deixa-o-flamengo-como-referencia-de-idolo-e-negocio-certeiro\/#breadcrumb"},"inLanguage":"pt-BR","potentialAction":[{"@type":"ReadAction","target":["https:\/\/www.gaveanews.com\/index.php\/2021\/06\/24\/gerson-deixa-o-flamengo-como-referencia-de-idolo-e-negocio-certeiro\/"]}]},{"@type":"ImageObject","inLanguage":"pt-BR","@id":"https:\/\/www.gaveanews.com\/index.php\/2021\/06\/24\/gerson-deixa-o-flamengo-como-referencia-de-idolo-e-negocio-certeiro\/#primaryimage","url":"https:\/\/www.gaveanews.com\/wp-content\/uploads\/Gerson-em-acao-pelo-Flamengo-no-estadio-do-Maracana.webp","contentUrl":"https:\/\/www.gaveanews.com\/wp-content\/uploads\/Gerson-em-acao-pelo-Flamengo-no-estadio-do-Maracana.webp","width":900,"height":598,"caption":"Gerson em a\u00e7\u00e3o pelo Flamengo no est\u00e1dio do Maracan\u00e3 (Foto: Twitter\/ Reprodu\u00e7\u00e3o\/GersonSantos08)"},{"@type":"BreadcrumbList","@id":"https:\/\/www.gaveanews.com\/index.php\/2021\/06\/24\/gerson-deixa-o-flamengo-como-referencia-de-idolo-e-negocio-certeiro\/#breadcrumb","itemListElement":[{"@type":"ListItem","position":1,"name":"Home","item":"https:\/\/www.gaveanews.com\/"},{"@type":"ListItem","position":2,"name":"Gerson deixa o Flamengo como refer\u00eancia de \u00eddolo e neg\u00f3cio certeiro"}]},{"@type":"WebSite","@id":"https:\/\/www.gaveanews.com\/#website","url":"https:\/\/www.gaveanews.com\/","name":"G\u00e1vea News","description":"Veja todas as not\u00edcias sobre o Flamengo: Contrata\u00e7\u00f5es, categorias de base, resultados das partidas, tabela de classifica\u00e7\u00e3o, pr\u00f3ximos jogos!","potentialAction":[{"@type":"SearchAction","target":{"@type":"EntryPoint","urlTemplate":"https:\/\/www.gaveanews.com\/?s={search_term_string}"},"query-input":{"@type":"PropertyValueSpecification","valueRequired":true,"valueName":"search_term_string"}}],"inLanguage":"pt-BR"},{"@type":"Person","@id":"https:\/\/www.gaveanews.com\/#\/schema\/person\/2ec14f73fb96be2caf28f91afb14749d","name":"Equipe G\u00e1vea News","image":{"@type":"ImageObject","inLanguage":"pt-BR","@id":"https:\/\/www.gaveanews.com\/#\/schema\/person\/image\/","url":"https:\/\/secure.gravatar.com\/avatar\/1e1956f1facbffd3f8fa53a326721950116b3b9dc9bd44939c01180fd4a745a9?s=96&d=mm&r=g","contentUrl":"https:\/\/secure.gravatar.com\/avatar\/1e1956f1facbffd3f8fa53a326721950116b3b9dc9bd44939c01180fd4a745a9?s=96&d=mm&r=g","caption":"Equipe G\u00e1vea News"}}]}},"_links":{"self":[{"href":"https:\/\/www.gaveanews.com\/index.php\/wp-json\/wp\/v2\/posts\/63495","targetHints":{"allow":["GET"]}}],"collection":[{"href":"https:\/\/www.gaveanews.com\/index.php\/wp-json\/wp\/v2\/posts"}],"about":[{"href":"https:\/\/www.gaveanews.com\/index.php\/wp-json\/wp\/v2\/types\/post"}],"author":[{"embeddable":true,"href":"https:\/\/www.gaveanews.com\/index.php\/wp-json\/wp\/v2\/users\/1"}],"replies":[{"embeddable":true,"href":"https:\/\/www.gaveanews.com\/index.php\/wp-json\/wp\/v2\/comments?post=63495"}],"version-history":[{"count":0,"href":"https:\/\/www.gaveanews.com\/index.php\/wp-json\/wp\/v2\/posts\/63495\/revisions"}],"wp:featuredmedia":[{"embeddable":true,"href":"https:\/\/www.gaveanews.com\/index.php\/wp-json\/wp\/v2\/media\/48822"}],"wp:attachment":[{"href":"https:\/\/www.gaveanews.com\/index.php\/wp-json\/wp\/v2\/media?parent=63495"}],"wp:term":[{"taxonomy":"category","embeddable":true,"href":"https:\/\/www.gaveanews.com\/index.php\/wp-json\/wp\/v2\/categories?post=63495"},{"taxonomy":"post_tag","embeddable":true,"href":"https:\/\/www.gaveanews.com\/index.php\/wp-json\/wp\/v2\/tags?post=63495"}],"curies":[{"name":"wp","href":"https:\/\/api.w.org\/{rel}","templated":true}]}}