{"id":63497,"date":"2021-06-24T07:30:00","date_gmt":"2021-06-24T10:30:00","guid":{"rendered":"https:\/\/www.gaveanews.com\/?p=63497"},"modified":"2021-06-24T06:48:32","modified_gmt":"2021-06-24T09:48:32","slug":"flamengo-respira-aliviado-com-vitoria-mas-ceni-tem-desafios-pela-frente","status":"publish","type":"post","link":"https:\/\/www.gaveanews.com\/index.php\/2021\/06\/24\/flamengo-respira-aliviado-com-vitoria-mas-ceni-tem-desafios-pela-frente\/","title":{"rendered":"Flamengo respira aliviado com vit\u00f3ria, mas Ceni tem desafios pela frente"},"content":{"rendered":"\n<p>Vit\u00f3ria por 2 a 1 sobre o Fortaleza, momentos de bom futebol e mais tr\u00eas pontos na conta. Era para ser uma noite de festa e de homenagens a Gerson, mas o Flamengo deixou transparecer problemas que afligem o t\u00e9cnico Rog\u00e9rio Ceni e desafiam a c\u00fapula de futebol.<\/p>\n\n\n\n<p>A sa\u00edda do camisa 8 amplia um leque de aus\u00eancias que faz com que o badalado elenco do Flamengo fique mais minguado a cada dia que passa. Sem Isla, Arrascaeta, Everton Ribeiro e Gabigol, que disputam a Copa Am\u00e9rica, o treinador soma mais uma perda e se v\u00ea de m\u00e3os atadas na miss\u00e3o de manter um bom padr\u00e3o de atua\u00e7\u00e3o mesmo que com poucas pe\u00e7as.<\/p>\n\n\n\n<p>Mesmo sem muitos jogadores importantes, o Rubro-negro vem somando pontos e atingindo os objetivos, por\u00e9m h\u00e1 um consenso de que o grupo est\u00e1 enfraquecido. Ante a escassez, o banco de reservas do Fla no jogo de ontem foi composto por dois goleiros, dois laterais, dois zagueiros, tr\u00eas volantes e dois atacantes.<\/p>\n\n\n\n<p><strong><em>\u2014 As alternativas s\u00e3o pequenas para fazermos as trocas. N\u00f3s n\u00e3o temos muitas alternativas sem Gabriel, Arrascaeta e \u00c9verton Ribeiro para fazermos trocas. Nesse per\u00edodo em que a gente mais precisava (de refor\u00e7os), n\u00e3o houve condi\u00e7\u00f5es. Os jogadores est\u00e3o se sacrificando muito<\/em><\/strong>, disse ele, que completou:<\/p>\n\n\n\n<p><strong><em>\u2014 N\u00f3s precisamos de um bom jogador, dois bons jogadores no m\u00e1ximo, para junto com o elenco que temos fazer competitivo para tentar brigar<\/em><\/strong>.<\/p>\n\n\n\n<p>Se os desfalques s\u00e3o lamentados dia ap\u00f3s dia, o Rubro-negro tem um problema dentro de casa para resolver. No meio do fogo cruzado entre clube e CBF, o atacante Pedro sucumbiu. Irritado por ser substitu\u00eddo por Rodrigo Muniz, o artilheiro saiu esbravejando e chutando uma garrafa de \u00e1gua.<\/p>\n\n\n\n<p>Ante a postura dos rubro-negros, que j\u00e1 avisaram que ele n\u00e3o ser\u00e1 liberado para os Jogos de T\u00f3quio, o atleta se v\u00ea dividido entre as obriga\u00e7\u00f5es contratuais o o sonho da medalha. At\u00e9 a noite de ontem (23), a medida inominada impetrada pelo Fla no Superior Tribunal de Justi\u00e7a Desportiva (STJD) ainda n\u00e3o tinha sido analisada. Fato \u00e9 que o clube vai at\u00e9 o limite legal para assegurar os seus direitos, o que cria uma saia justa com o jogador.<\/p>\n\n\n\n<p>Geralmente comedido nas suas entrevistas p\u00f3s-jogos, Ceni n\u00e3o mediu as palavras e detonou a atitude do jogador, em claro recado de que ir\u00e1 prevalecer o que foi definido pela dire\u00e7\u00e3o:<\/p>\n\n\n\n<p><strong><em>\u2014 Acho desrespeitoso com o atleta que vai entrar, com o clube. N\u00e3o \u00e9 da caracter\u00edstica dele, ele \u00e9 muito bom garoto. Esse neg\u00f3cio de sele\u00e7\u00e3o e convoca\u00e7\u00e3o mexe com a cabe\u00e7a dele. \u00c9 uma cena lament\u00e1vel, n\u00e3o cabe mais no futebol de hoje. Acho feio, mas entendo que a cabe\u00e7a dele possa estar embaralhada. N\u00e3o \u00e9 uma atitude condizente com o que eu conhe\u00e7o do Pedro<\/em><\/strong>.<\/p>\n\n\n\n<p>Sem muito tempo para treinar e com poucas alternativas em m\u00e3os, resta a Ceni descansar seus jogadores e buscar solu\u00e7\u00f5es com o que tem em m\u00e3os. Na pr\u00f3xima rodada, o Fla visita no domingo (27) o Juventude, \u00e0s 11h, no Alfredo Jaconi. Com nove pontos, os atuais bicampe\u00f5es ocupam a 7\u00aa coloca\u00e7\u00e3o no Brasileiro, mas ainda t\u00eam dois jogos a cumprir.<\/p>\n\n\n\n<p>Retirado de: UOL<\/p>\n","protected":false},"excerpt":{"rendered":"<p>Vit\u00f3ria por 2 a 1 sobre o Fortaleza, momentos de bom futebol e mais tr\u00eas pontos na conta. Era para ser uma noite de festa e de homenagens a Gerson, mas o Flamengo deixou transparecer problemas que afligem o t\u00e9cnico Rog\u00e9rio Ceni e desafiam a c\u00fapula de futebol. A sa\u00edda do camisa 8 amplia um [&hellip;]<\/p>\n","protected":false},"author":1,"featured_media":63489,"comment_status":"open","ping_status":"closed","sticky":false,"template":"","format":"standard","meta":{"footnotes":""},"categories":[1],"tags":[],"class_list":["post-63497","post","type-post","status-publish","format-standard","has-post-thumbnail","hentry","category-flamengo"],"yoast_head":"<!-- This site is optimized with the Yoast SEO Premium plugin v24.2 (Yoast SEO v26.9) - https:\/\/yoast.com\/product\/yoast-seo-premium-wordpress\/ -->\n<title>Flamengo respira aliviado com vit\u00f3ria, mas Ceni tem desafios pela frente<\/title>\n<meta name=\"robots\" content=\"index, follow, max-snippet:-1, max-image-preview:large, max-video-preview:-1\" \/>\n<link rel=\"canonical\" href=\"https:\/\/www.gaveanews.com\/index.php\/2021\/06\/24\/flamengo-respira-aliviado-com-vitoria-mas-ceni-tem-desafios-pela-frente\/\" \/>\n<meta property=\"og:locale\" content=\"pt_BR\" \/>\n<meta property=\"og:type\" content=\"article\" \/>\n<meta property=\"og:title\" content=\"Flamengo respira aliviado com vit\u00f3ria, mas Ceni tem desafios pela frente\" \/>\n<meta property=\"og:description\" content=\"Vit\u00f3ria por 2 a 1 sobre o Fortaleza, momentos de bom futebol e mais tr\u00eas pontos na conta. Era para ser uma noite de festa e de homenagens a Gerson, mas o Flamengo deixou transparecer problemas que afligem o t\u00e9cnico Rog\u00e9rio Ceni e desafiam a c\u00fapula de futebol. A sa\u00edda do camisa 8 amplia um [&hellip;]\" \/>\n<meta property=\"og:url\" content=\"https:\/\/www.gaveanews.com\/index.php\/2021\/06\/24\/flamengo-respira-aliviado-com-vitoria-mas-ceni-tem-desafios-pela-frente\/\" \/>\n<meta property=\"og:site_name\" content=\"G\u00e1vea News\" \/>\n<meta property=\"article:publisher\" content=\"https:\/\/facebook.com\/gaveaNews\/\" \/>\n<meta property=\"article:published_time\" content=\"2021-06-24T10:30:00+00:00\" \/>\n<meta property=\"og:image\" content=\"https:\/\/www.gaveanews.com\/wp-content\/uploads\/Ceni-durante-coletiva-de-imprensa-no-estadio-do-Maracana.webp\" \/>\n\t<meta property=\"og:image:width\" content=\"799\" \/>\n\t<meta property=\"og:image:height\" content=\"532\" \/>\n\t<meta property=\"og:image:type\" content=\"image\/jpeg\" \/>\n<meta name=\"author\" content=\"Equipe G\u00e1vea News\" \/>\n<meta name=\"twitter:card\" content=\"summary_large_image\" \/>\n<meta name=\"twitter:label1\" content=\"Escrito por\" \/>\n\t<meta name=\"twitter:data1\" content=\"Equipe G\u00e1vea News\" \/>\n\t<meta name=\"twitter:label2\" content=\"Est. tempo de leitura\" \/>\n\t<meta name=\"twitter:data2\" content=\"3 minutos\" \/>\n<script type=\"application\/ld+json\" class=\"yoast-schema-graph\">{\"@context\":\"https:\/\/schema.org\",\"@graph\":[{\"@type\":\"NewsArticle\",\"@id\":\"https:\/\/www.gaveanews.com\/index.php\/2021\/06\/24\/flamengo-respira-aliviado-com-vitoria-mas-ceni-tem-desafios-pela-frente\/#article\",\"isPartOf\":{\"@id\":\"https:\/\/www.gaveanews.com\/index.php\/2021\/06\/24\/flamengo-respira-aliviado-com-vitoria-mas-ceni-tem-desafios-pela-frente\/\"},\"author\":{\"name\":\"Equipe G\u00e1vea News\",\"@id\":\"https:\/\/www.gaveanews.com\/#\/schema\/person\/2ec14f73fb96be2caf28f91afb14749d\"},\"headline\":\"Flamengo respira aliviado com vit\u00f3ria, mas Ceni tem desafios pela frente\",\"datePublished\":\"2021-06-24T10:30:00+00:00\",\"mainEntityOfPage\":{\"@id\":\"https:\/\/www.gaveanews.com\/index.php\/2021\/06\/24\/flamengo-respira-aliviado-com-vitoria-mas-ceni-tem-desafios-pela-frente\/\"},\"wordCount\":575,\"commentCount\":7,\"image\":{\"@id\":\"https:\/\/www.gaveanews.com\/index.php\/2021\/06\/24\/flamengo-respira-aliviado-com-vitoria-mas-ceni-tem-desafios-pela-frente\/#primaryimage\"},\"thumbnailUrl\":\"https:\/\/www.gaveanews.com\/wp-content\/uploads\/Ceni-durante-coletiva-de-imprensa-no-estadio-do-Maracana.webp\",\"articleSection\":[\"Flamengo\"],\"inLanguage\":\"pt-BR\",\"potentialAction\":[{\"@type\":\"CommentAction\",\"name\":\"Comment\",\"target\":[\"https:\/\/www.gaveanews.com\/index.php\/2021\/06\/24\/flamengo-respira-aliviado-com-vitoria-mas-ceni-tem-desafios-pela-frente\/#respond\"]}],\"copyrightYear\":\"2021\",\"copyrightHolder\":{\"@id\":\"https:\/\/www.gaveanews.com\/#organization\"}},{\"@type\":\"WebPage\",\"@id\":\"https:\/\/www.gaveanews.com\/index.php\/2021\/06\/24\/flamengo-respira-aliviado-com-vitoria-mas-ceni-tem-desafios-pela-frente\/\",\"url\":\"https:\/\/www.gaveanews.com\/index.php\/2021\/06\/24\/flamengo-respira-aliviado-com-vitoria-mas-ceni-tem-desafios-pela-frente\/\",\"name\":\"Flamengo respira aliviado com vit\u00f3ria, mas Ceni tem desafios pela frente\",\"isPartOf\":{\"@id\":\"https:\/\/www.gaveanews.com\/#website\"},\"primaryImageOfPage\":{\"@id\":\"https:\/\/www.gaveanews.com\/index.php\/2021\/06\/24\/flamengo-respira-aliviado-com-vitoria-mas-ceni-tem-desafios-pela-frente\/#primaryimage\"},\"image\":{\"@id\":\"https:\/\/www.gaveanews.com\/index.php\/2021\/06\/24\/flamengo-respira-aliviado-com-vitoria-mas-ceni-tem-desafios-pela-frente\/#primaryimage\"},\"thumbnailUrl\":\"https:\/\/www.gaveanews.com\/wp-content\/uploads\/Ceni-durante-coletiva-de-imprensa-no-estadio-do-Maracana.webp\",\"datePublished\":\"2021-06-24T10:30:00+00:00\",\"author\":{\"@id\":\"https:\/\/www.gaveanews.com\/#\/schema\/person\/2ec14f73fb96be2caf28f91afb14749d\"},\"breadcrumb\":{\"@id\":\"https:\/\/www.gaveanews.com\/index.php\/2021\/06\/24\/flamengo-respira-aliviado-com-vitoria-mas-ceni-tem-desafios-pela-frente\/#breadcrumb\"},\"inLanguage\":\"pt-BR\",\"potentialAction\":[{\"@type\":\"ReadAction\",\"target\":[\"https:\/\/www.gaveanews.com\/index.php\/2021\/06\/24\/flamengo-respira-aliviado-com-vitoria-mas-ceni-tem-desafios-pela-frente\/\"]}]},{\"@type\":\"ImageObject\",\"inLanguage\":\"pt-BR\",\"@id\":\"https:\/\/www.gaveanews.com\/index.php\/2021\/06\/24\/flamengo-respira-aliviado-com-vitoria-mas-ceni-tem-desafios-pela-frente\/#primaryimage\",\"url\":\"https:\/\/www.gaveanews.com\/wp-content\/uploads\/Ceni-durante-coletiva-de-imprensa-no-estadio-do-Maracana.webp\",\"contentUrl\":\"https:\/\/www.gaveanews.com\/wp-content\/uploads\/Ceni-durante-coletiva-de-imprensa-no-estadio-do-Maracana.webp\",\"width\":799,\"height\":532,\"caption\":\"Ceni durante coletiva de imprensa no est\u00e1dio do Maracan\u00e3 (Foto: Alexandre Vidal\/Flamengo)\"},{\"@type\":\"BreadcrumbList\",\"@id\":\"https:\/\/www.gaveanews.com\/index.php\/2021\/06\/24\/flamengo-respira-aliviado-com-vitoria-mas-ceni-tem-desafios-pela-frente\/#breadcrumb\",\"itemListElement\":[{\"@type\":\"ListItem\",\"position\":1,\"name\":\"Home\",\"item\":\"https:\/\/www.gaveanews.com\/\"},{\"@type\":\"ListItem\",\"position\":2,\"name\":\"Flamengo respira aliviado com vit\u00f3ria, mas Ceni tem desafios pela frente\"}]},{\"@type\":\"WebSite\",\"@id\":\"https:\/\/www.gaveanews.com\/#website\",\"url\":\"https:\/\/www.gaveanews.com\/\",\"name\":\"G\u00e1vea News\",\"description\":\"Veja todas as not\u00edcias sobre o Flamengo: Contrata\u00e7\u00f5es, categorias de base, resultados das partidas, tabela de classifica\u00e7\u00e3o, pr\u00f3ximos jogos!\",\"potentialAction\":[{\"@type\":\"SearchAction\",\"target\":{\"@type\":\"EntryPoint\",\"urlTemplate\":\"https:\/\/www.gaveanews.com\/?s={search_term_string}\"},\"query-input\":{\"@type\":\"PropertyValueSpecification\",\"valueRequired\":true,\"valueName\":\"search_term_string\"}}],\"inLanguage\":\"pt-BR\"},{\"@type\":\"Person\",\"@id\":\"https:\/\/www.gaveanews.com\/#\/schema\/person\/2ec14f73fb96be2caf28f91afb14749d\",\"name\":\"Equipe G\u00e1vea News\",\"image\":{\"@type\":\"ImageObject\",\"inLanguage\":\"pt-BR\",\"@id\":\"https:\/\/www.gaveanews.com\/#\/schema\/person\/image\/\",\"url\":\"https:\/\/secure.gravatar.com\/avatar\/1e1956f1facbffd3f8fa53a326721950116b3b9dc9bd44939c01180fd4a745a9?s=96&d=mm&r=g\",\"contentUrl\":\"https:\/\/secure.gravatar.com\/avatar\/1e1956f1facbffd3f8fa53a326721950116b3b9dc9bd44939c01180fd4a745a9?s=96&d=mm&r=g\",\"caption\":\"Equipe G\u00e1vea News\"}}]}<\/script>\n<!-- \/ Yoast SEO Premium plugin. -->","yoast_head_json":{"title":"Flamengo respira aliviado com vit\u00f3ria, mas Ceni tem desafios pela frente","robots":{"index":"index","follow":"follow","max-snippet":"max-snippet:-1","max-image-preview":"max-image-preview:large","max-video-preview":"max-video-preview:-1"},"canonical":"https:\/\/www.gaveanews.com\/index.php\/2021\/06\/24\/flamengo-respira-aliviado-com-vitoria-mas-ceni-tem-desafios-pela-frente\/","og_locale":"pt_BR","og_type":"article","og_title":"Flamengo respira aliviado com vit\u00f3ria, mas Ceni tem desafios pela frente","og_description":"Vit\u00f3ria por 2 a 1 sobre o Fortaleza, momentos de bom futebol e mais tr\u00eas pontos na conta. Era para ser uma noite de festa e de homenagens a Gerson, mas o Flamengo deixou transparecer problemas que afligem o t\u00e9cnico Rog\u00e9rio Ceni e desafiam a c\u00fapula de futebol. A sa\u00edda do camisa 8 amplia um [&hellip;]","og_url":"https:\/\/www.gaveanews.com\/index.php\/2021\/06\/24\/flamengo-respira-aliviado-com-vitoria-mas-ceni-tem-desafios-pela-frente\/","og_site_name":"G\u00e1vea News","article_publisher":"https:\/\/facebook.com\/gaveaNews\/","article_published_time":"2021-06-24T10:30:00+00:00","og_image":[{"width":799,"height":532,"url":"https:\/\/www.gaveanews.com\/wp-content\/uploads\/Ceni-durante-coletiva-de-imprensa-no-estadio-do-Maracana.webp","type":"image\/jpeg"}],"author":"Equipe G\u00e1vea News","twitter_card":"summary_large_image","twitter_misc":{"Escrito por":"Equipe G\u00e1vea News","Est. tempo de leitura":"3 minutos"},"schema":{"@context":"https:\/\/schema.org","@graph":[{"@type":"NewsArticle","@id":"https:\/\/www.gaveanews.com\/index.php\/2021\/06\/24\/flamengo-respira-aliviado-com-vitoria-mas-ceni-tem-desafios-pela-frente\/#article","isPartOf":{"@id":"https:\/\/www.gaveanews.com\/index.php\/2021\/06\/24\/flamengo-respira-aliviado-com-vitoria-mas-ceni-tem-desafios-pela-frente\/"},"author":{"name":"Equipe G\u00e1vea News","@id":"https:\/\/www.gaveanews.com\/#\/schema\/person\/2ec14f73fb96be2caf28f91afb14749d"},"headline":"Flamengo respira aliviado com vit\u00f3ria, mas Ceni tem desafios pela frente","datePublished":"2021-06-24T10:30:00+00:00","mainEntityOfPage":{"@id":"https:\/\/www.gaveanews.com\/index.php\/2021\/06\/24\/flamengo-respira-aliviado-com-vitoria-mas-ceni-tem-desafios-pela-frente\/"},"wordCount":575,"commentCount":7,"image":{"@id":"https:\/\/www.gaveanews.com\/index.php\/2021\/06\/24\/flamengo-respira-aliviado-com-vitoria-mas-ceni-tem-desafios-pela-frente\/#primaryimage"},"thumbnailUrl":"https:\/\/www.gaveanews.com\/wp-content\/uploads\/Ceni-durante-coletiva-de-imprensa-no-estadio-do-Maracana.webp","articleSection":["Flamengo"],"inLanguage":"pt-BR","potentialAction":[{"@type":"CommentAction","name":"Comment","target":["https:\/\/www.gaveanews.com\/index.php\/2021\/06\/24\/flamengo-respira-aliviado-com-vitoria-mas-ceni-tem-desafios-pela-frente\/#respond"]}],"copyrightYear":"2021","copyrightHolder":{"@id":"https:\/\/www.gaveanews.com\/#organization"}},{"@type":"WebPage","@id":"https:\/\/www.gaveanews.com\/index.php\/2021\/06\/24\/flamengo-respira-aliviado-com-vitoria-mas-ceni-tem-desafios-pela-frente\/","url":"https:\/\/www.gaveanews.com\/index.php\/2021\/06\/24\/flamengo-respira-aliviado-com-vitoria-mas-ceni-tem-desafios-pela-frente\/","name":"Flamengo respira aliviado com vit\u00f3ria, mas Ceni tem desafios pela frente","isPartOf":{"@id":"https:\/\/www.gaveanews.com\/#website"},"primaryImageOfPage":{"@id":"https:\/\/www.gaveanews.com\/index.php\/2021\/06\/24\/flamengo-respira-aliviado-com-vitoria-mas-ceni-tem-desafios-pela-frente\/#primaryimage"},"image":{"@id":"https:\/\/www.gaveanews.com\/index.php\/2021\/06\/24\/flamengo-respira-aliviado-com-vitoria-mas-ceni-tem-desafios-pela-frente\/#primaryimage"},"thumbnailUrl":"https:\/\/www.gaveanews.com\/wp-content\/uploads\/Ceni-durante-coletiva-de-imprensa-no-estadio-do-Maracana.webp","datePublished":"2021-06-24T10:30:00+00:00","author":{"@id":"https:\/\/www.gaveanews.com\/#\/schema\/person\/2ec14f73fb96be2caf28f91afb14749d"},"breadcrumb":{"@id":"https:\/\/www.gaveanews.com\/index.php\/2021\/06\/24\/flamengo-respira-aliviado-com-vitoria-mas-ceni-tem-desafios-pela-frente\/#breadcrumb"},"inLanguage":"pt-BR","potentialAction":[{"@type":"ReadAction","target":["https:\/\/www.gaveanews.com\/index.php\/2021\/06\/24\/flamengo-respira-aliviado-com-vitoria-mas-ceni-tem-desafios-pela-frente\/"]}]},{"@type":"ImageObject","inLanguage":"pt-BR","@id":"https:\/\/www.gaveanews.com\/index.php\/2021\/06\/24\/flamengo-respira-aliviado-com-vitoria-mas-ceni-tem-desafios-pela-frente\/#primaryimage","url":"https:\/\/www.gaveanews.com\/wp-content\/uploads\/Ceni-durante-coletiva-de-imprensa-no-estadio-do-Maracana.webp","contentUrl":"https:\/\/www.gaveanews.com\/wp-content\/uploads\/Ceni-durante-coletiva-de-imprensa-no-estadio-do-Maracana.webp","width":799,"height":532,"caption":"Ceni durante coletiva de imprensa no est\u00e1dio do Maracan\u00e3 (Foto: Alexandre Vidal\/Flamengo)"},{"@type":"BreadcrumbList","@id":"https:\/\/www.gaveanews.com\/index.php\/2021\/06\/24\/flamengo-respira-aliviado-com-vitoria-mas-ceni-tem-desafios-pela-frente\/#breadcrumb","itemListElement":[{"@type":"ListItem","position":1,"name":"Home","item":"https:\/\/www.gaveanews.com\/"},{"@type":"ListItem","position":2,"name":"Flamengo respira aliviado com vit\u00f3ria, mas Ceni tem desafios pela frente"}]},{"@type":"WebSite","@id":"https:\/\/www.gaveanews.com\/#website","url":"https:\/\/www.gaveanews.com\/","name":"G\u00e1vea News","description":"Veja todas as not\u00edcias sobre o Flamengo: Contrata\u00e7\u00f5es, categorias de base, resultados das partidas, tabela de classifica\u00e7\u00e3o, pr\u00f3ximos jogos!","potentialAction":[{"@type":"SearchAction","target":{"@type":"EntryPoint","urlTemplate":"https:\/\/www.gaveanews.com\/?s={search_term_string}"},"query-input":{"@type":"PropertyValueSpecification","valueRequired":true,"valueName":"search_term_string"}}],"inLanguage":"pt-BR"},{"@type":"Person","@id":"https:\/\/www.gaveanews.com\/#\/schema\/person\/2ec14f73fb96be2caf28f91afb14749d","name":"Equipe G\u00e1vea News","image":{"@type":"ImageObject","inLanguage":"pt-BR","@id":"https:\/\/www.gaveanews.com\/#\/schema\/person\/image\/","url":"https:\/\/secure.gravatar.com\/avatar\/1e1956f1facbffd3f8fa53a326721950116b3b9dc9bd44939c01180fd4a745a9?s=96&d=mm&r=g","contentUrl":"https:\/\/secure.gravatar.com\/avatar\/1e1956f1facbffd3f8fa53a326721950116b3b9dc9bd44939c01180fd4a745a9?s=96&d=mm&r=g","caption":"Equipe G\u00e1vea News"}}]}},"_links":{"self":[{"href":"https:\/\/www.gaveanews.com\/index.php\/wp-json\/wp\/v2\/posts\/63497","targetHints":{"allow":["GET"]}}],"collection":[{"href":"https:\/\/www.gaveanews.com\/index.php\/wp-json\/wp\/v2\/posts"}],"about":[{"href":"https:\/\/www.gaveanews.com\/index.php\/wp-json\/wp\/v2\/types\/post"}],"author":[{"embeddable":true,"href":"https:\/\/www.gaveanews.com\/index.php\/wp-json\/wp\/v2\/users\/1"}],"replies":[{"embeddable":true,"href":"https:\/\/www.gaveanews.com\/index.php\/wp-json\/wp\/v2\/comments?post=63497"}],"version-history":[{"count":0,"href":"https:\/\/www.gaveanews.com\/index.php\/wp-json\/wp\/v2\/posts\/63497\/revisions"}],"wp:featuredmedia":[{"embeddable":true,"href":"https:\/\/www.gaveanews.com\/index.php\/wp-json\/wp\/v2\/media\/63489"}],"wp:attachment":[{"href":"https:\/\/www.gaveanews.com\/index.php\/wp-json\/wp\/v2\/media?parent=63497"}],"wp:term":[{"taxonomy":"category","embeddable":true,"href":"https:\/\/www.gaveanews.com\/index.php\/wp-json\/wp\/v2\/categories?post=63497"},{"taxonomy":"post_tag","embeddable":true,"href":"https:\/\/www.gaveanews.com\/index.php\/wp-json\/wp\/v2\/tags?post=63497"}],"curies":[{"name":"wp","href":"https:\/\/api.w.org\/{rel}","templated":true}]}}