{"id":63499,"date":"2021-06-24T08:00:00","date_gmt":"2021-06-24T11:00:00","guid":{"rendered":"https:\/\/www.gaveanews.com\/?p=63499"},"modified":"2021-06-24T06:53:25","modified_gmt":"2021-06-24T09:53:25","slug":"clubes-se-unem-para-tentar-eleger-candidato-em-eleicao-da-cbf","status":"publish","type":"post","link":"https:\/\/www.gaveanews.com\/index.php\/2021\/06\/24\/clubes-se-unem-para-tentar-eleger-candidato-em-eleicao-da-cbf\/","title":{"rendered":"Clubes se unem para tentar eleger candidato em elei\u00e7\u00e3o da CBF"},"content":{"rendered":"\n<p>Dirigentes dos principais clubes das S\u00e9ries A e B querem marcar posi\u00e7\u00e3o na elei\u00e7\u00e3o para presidente que a CBF ter\u00e1 de fazer se for confirmado o afastamento definitivo de Rog\u00e9rio Caboclo. Ele \u00e9 acusado de ass\u00e9dio sexual e moral por uma funcion\u00e1ria e foi retirado do cargo em 6 de junho, por 30 dias, para que o Comit\u00ea de \u00c9tica possa investigar a den\u00fancia.<\/p>\n\n\n\n<p>Os cartolas querem chegar a um nome de consenso para apoiar entre os oito vice-presidentes, que pelo estatuto ser\u00e3o os candidatos a completar o mandato at\u00e9 abril de 2023. Mesmo tendo peso de voto inferior ao das federa\u00e7\u00f5es, o que na pr\u00e1tica faz com que as entidades estaduais decidam o pleito, os clubes avaliam que se os 40 fecharem com um nome publicamente, uma unanimidade pouco comum entre eles, manter\u00e3o for\u00e7a nos bastidores no momento em que articulam a cria\u00e7\u00e3o de uma Liga para organizar o Campeonato Brasileiro.<\/p>\n\n\n\n<p>Mas o movimento, tamb\u00e9m, mira o futuro, a elei\u00e7\u00e3o que ser\u00e1 em abril de 2022 para o pr\u00f3ximo mandato, que come\u00e7a em abril de 2023. Os clubes querem minar a influ\u00eancia que o ex-presidente Marco Polo Del Nero, mesmo banido do esporte pela Fifa acusado de corrup\u00e7\u00e3o, ainda tem na confedera\u00e7\u00e3o.<\/p>\n\n\n\n<p>Na avalia\u00e7\u00e3o da cartolagem, se um vice apoiado por eles vencer a elei\u00e7\u00e3o excepcional que ocorrer\u00e1 se Caboclo sair definitivamente, \u00e9 poss\u00edvel que parte das demandas que os clubes querem da CBF saia do papel. S\u00e3o elas: maior peso de voto nas elei\u00e7\u00f5es, um calend\u00e1rio que evite perda de jogadores em datas-Fifa, maior transpar\u00eancia do uso do VAR e articula\u00e7\u00e3o em Bras\u00edlia para que uma lei seja criada para que os mandantes dos jogos sejam detentores dos direitos de transmiss\u00e3o das partidas.<\/p>\n\n\n\n<p>Mas mesmo se apoiarem um candidato que perca, os clubes avaliam que ter\u00e3o marcado territ\u00f3rio. H\u00e1 conversas entre alguns cartolas com presidentes de federa\u00e7\u00f5es que est\u00e3o descontentes com a pol\u00edtica atual da CBF.<\/p>\n\n\n\n<p>Entre os vice-presidentes, Ant\u00f4nio Carlos Nunes, que est\u00e1 interinamente sentado na cadeira de presidente por ser o mais idoso enquanto Caboclo \u00e9 investigado, \u00e9 o preferido de parte da dire\u00e7\u00e3o da CBF que hoje \u00e9 ligada a Del Nero. Outro nome da &#8220;situa\u00e7\u00e3o&#8221; \u00e9 o do advogado Castellar Neto, ex-presidente da Federa\u00e7\u00e3o Mineira de Futebol. Esses dois desagradam aos clubes.<\/p>\n\n\n\n<p>Ex-presidente da Federa\u00e7\u00e3o da Bahia, Ednaldo Rodrigues tem conversado com alguns presidentes. Francisco Noveletto, ex-chefe da Ga\u00facha, tamb\u00e9m. Um dos representantes sul-americanos na Fifa, Fernando Sarney n\u00e3o tem o nome na lista de apostas para comandar a CBF, por n\u00e3o querer, mas \u00e9 um dos principais interlocutores hoje dos dirigentes na CBF.<\/p>\n\n\n\n<p>Entre os clubes, se destacam nas conversas os presidentes do Palmeiras, Mauricio Galiotte, do Gr\u00eamio, Romildo Bolzan, do S\u00e3o Paulo, Julio Casares, e do Flamengo, Rodolfo Landim. Galiotte, que tem mandato terminando no fim de 2021, aparece como forte candidato a ter cargo importante se de fato uma Liga sair do papel ou, em uma possibilidade bem mais remota, se os clubes conseguirem colocar de p\u00e9 uma candidatura deles \u00e0 presid\u00eancia da CBF.<\/p>\n\n\n\n<p>Se Caboclo for afastado definitivamente, o presidente interino tem 30 dias para convocar nova elei\u00e7\u00e3o para o t\u00e9rmino do mandato, podendo se candidatar apenas qualquer um dos oito vice-presidentes. Votam os representantes das 27 federa\u00e7\u00f5es estaduais, com peso 3, dos 20 clubes da S\u00e9rie A, com peso 2, e dos 20 da B, com peso 1.<\/p>\n\n\n\n<p>Retirado de: Blog do Marcel Rizzo &#8211; UOL<\/p>\n","protected":false},"excerpt":{"rendered":"<p>Dirigentes dos principais clubes das S\u00e9ries A e B querem marcar posi\u00e7\u00e3o na elei\u00e7\u00e3o para presidente que a CBF ter\u00e1 de fazer se for confirmado o afastamento definitivo de Rog\u00e9rio Caboclo. Ele \u00e9 acusado de ass\u00e9dio sexual e moral por uma funcion\u00e1ria e foi retirado do cargo em 6 de junho, por 30 dias, para [&hellip;]<\/p>\n","protected":false},"author":1,"featured_media":16271,"comment_status":"open","ping_status":"closed","sticky":false,"template":"","format":"standard","meta":{"footnotes":""},"categories":[1],"tags":[],"class_list":["post-63499","post","type-post","status-publish","format-standard","has-post-thumbnail","hentry","category-flamengo"],"yoast_head":"<!-- This site is optimized with the Yoast SEO Premium plugin v24.2 (Yoast SEO v26.9) - https:\/\/yoast.com\/product\/yoast-seo-premium-wordpress\/ -->\n<title>Clubes se unem para tentar eleger candidato em elei\u00e7\u00e3o da CBF<\/title>\n<meta name=\"robots\" content=\"index, follow, max-snippet:-1, max-image-preview:large, max-video-preview:-1\" \/>\n<link rel=\"canonical\" href=\"https:\/\/www.gaveanews.com\/index.php\/2021\/06\/24\/clubes-se-unem-para-tentar-eleger-candidato-em-eleicao-da-cbf\/\" \/>\n<meta property=\"og:locale\" content=\"pt_BR\" \/>\n<meta property=\"og:type\" content=\"article\" \/>\n<meta property=\"og:title\" content=\"Clubes se unem para tentar eleger candidato em elei\u00e7\u00e3o da CBF\" \/>\n<meta property=\"og:description\" content=\"Dirigentes dos principais clubes das S\u00e9ries A e B querem marcar posi\u00e7\u00e3o na elei\u00e7\u00e3o para presidente que a CBF ter\u00e1 de fazer se for confirmado o afastamento definitivo de Rog\u00e9rio Caboclo. Ele \u00e9 acusado de ass\u00e9dio sexual e moral por uma funcion\u00e1ria e foi retirado do cargo em 6 de junho, por 30 dias, para [&hellip;]\" \/>\n<meta property=\"og:url\" content=\"https:\/\/www.gaveanews.com\/index.php\/2021\/06\/24\/clubes-se-unem-para-tentar-eleger-candidato-em-eleicao-da-cbf\/\" \/>\n<meta property=\"og:site_name\" content=\"G\u00e1vea News\" \/>\n<meta property=\"article:publisher\" content=\"https:\/\/facebook.com\/gaveaNews\/\" \/>\n<meta property=\"article:published_time\" content=\"2021-06-24T11:00:00+00:00\" \/>\n<meta property=\"og:image\" content=\"https:\/\/www.gaveanews.com\/wp-content\/uploads\/2019\/02\/Sede-da-CBF-no-Rio-de-Janeiro.webp\" \/>\n\t<meta property=\"og:image:width\" content=\"690\" \/>\n\t<meta property=\"og:image:height\" content=\"518\" \/>\n\t<meta property=\"og:image:type\" content=\"image\/jpeg\" \/>\n<meta name=\"author\" content=\"Equipe G\u00e1vea News\" \/>\n<meta name=\"twitter:card\" content=\"summary_large_image\" \/>\n<meta name=\"twitter:label1\" content=\"Escrito por\" \/>\n\t<meta name=\"twitter:data1\" content=\"Equipe G\u00e1vea News\" \/>\n\t<meta name=\"twitter:label2\" content=\"Est. tempo de leitura\" \/>\n\t<meta name=\"twitter:data2\" content=\"3 minutos\" \/>\n<script type=\"application\/ld+json\" class=\"yoast-schema-graph\">{\"@context\":\"https:\/\/schema.org\",\"@graph\":[{\"@type\":\"NewsArticle\",\"@id\":\"https:\/\/www.gaveanews.com\/index.php\/2021\/06\/24\/clubes-se-unem-para-tentar-eleger-candidato-em-eleicao-da-cbf\/#article\",\"isPartOf\":{\"@id\":\"https:\/\/www.gaveanews.com\/index.php\/2021\/06\/24\/clubes-se-unem-para-tentar-eleger-candidato-em-eleicao-da-cbf\/\"},\"author\":{\"name\":\"Equipe G\u00e1vea News\",\"@id\":\"https:\/\/www.gaveanews.com\/#\/schema\/person\/2ec14f73fb96be2caf28f91afb14749d\"},\"headline\":\"Clubes se unem para tentar eleger candidato em elei\u00e7\u00e3o da CBF\",\"datePublished\":\"2021-06-24T11:00:00+00:00\",\"mainEntityOfPage\":{\"@id\":\"https:\/\/www.gaveanews.com\/index.php\/2021\/06\/24\/clubes-se-unem-para-tentar-eleger-candidato-em-eleicao-da-cbf\/\"},\"wordCount\":608,\"commentCount\":4,\"image\":{\"@id\":\"https:\/\/www.gaveanews.com\/index.php\/2021\/06\/24\/clubes-se-unem-para-tentar-eleger-candidato-em-eleicao-da-cbf\/#primaryimage\"},\"thumbnailUrl\":\"https:\/\/www.gaveanews.com\/wp-content\/uploads\/2019\/02\/Sede-da-CBF-no-Rio-de-Janeiro.webp\",\"articleSection\":[\"Flamengo\"],\"inLanguage\":\"pt-BR\",\"potentialAction\":[{\"@type\":\"CommentAction\",\"name\":\"Comment\",\"target\":[\"https:\/\/www.gaveanews.com\/index.php\/2021\/06\/24\/clubes-se-unem-para-tentar-eleger-candidato-em-eleicao-da-cbf\/#respond\"]}],\"copyrightYear\":\"2021\",\"copyrightHolder\":{\"@id\":\"https:\/\/www.gaveanews.com\/#organization\"}},{\"@type\":\"WebPage\",\"@id\":\"https:\/\/www.gaveanews.com\/index.php\/2021\/06\/24\/clubes-se-unem-para-tentar-eleger-candidato-em-eleicao-da-cbf\/\",\"url\":\"https:\/\/www.gaveanews.com\/index.php\/2021\/06\/24\/clubes-se-unem-para-tentar-eleger-candidato-em-eleicao-da-cbf\/\",\"name\":\"Clubes se unem para tentar eleger candidato em elei\u00e7\u00e3o da CBF\",\"isPartOf\":{\"@id\":\"https:\/\/www.gaveanews.com\/#website\"},\"primaryImageOfPage\":{\"@id\":\"https:\/\/www.gaveanews.com\/index.php\/2021\/06\/24\/clubes-se-unem-para-tentar-eleger-candidato-em-eleicao-da-cbf\/#primaryimage\"},\"image\":{\"@id\":\"https:\/\/www.gaveanews.com\/index.php\/2021\/06\/24\/clubes-se-unem-para-tentar-eleger-candidato-em-eleicao-da-cbf\/#primaryimage\"},\"thumbnailUrl\":\"https:\/\/www.gaveanews.com\/wp-content\/uploads\/2019\/02\/Sede-da-CBF-no-Rio-de-Janeiro.webp\",\"datePublished\":\"2021-06-24T11:00:00+00:00\",\"author\":{\"@id\":\"https:\/\/www.gaveanews.com\/#\/schema\/person\/2ec14f73fb96be2caf28f91afb14749d\"},\"breadcrumb\":{\"@id\":\"https:\/\/www.gaveanews.com\/index.php\/2021\/06\/24\/clubes-se-unem-para-tentar-eleger-candidato-em-eleicao-da-cbf\/#breadcrumb\"},\"inLanguage\":\"pt-BR\",\"potentialAction\":[{\"@type\":\"ReadAction\",\"target\":[\"https:\/\/www.gaveanews.com\/index.php\/2021\/06\/24\/clubes-se-unem-para-tentar-eleger-candidato-em-eleicao-da-cbf\/\"]}]},{\"@type\":\"ImageObject\",\"inLanguage\":\"pt-BR\",\"@id\":\"https:\/\/www.gaveanews.com\/index.php\/2021\/06\/24\/clubes-se-unem-para-tentar-eleger-candidato-em-eleicao-da-cbf\/#primaryimage\",\"url\":\"https:\/\/www.gaveanews.com\/wp-content\/uploads\/2019\/02\/Sede-da-CBF-no-Rio-de-Janeiro.webp\",\"contentUrl\":\"https:\/\/www.gaveanews.com\/wp-content\/uploads\/2019\/02\/Sede-da-CBF-no-Rio-de-Janeiro.webp\",\"width\":690,\"height\":518,\"caption\":\"Sede da CBF no Rio de Janeiro (Foto: Cah\u00ea Mota\/Globo Esporte)\"},{\"@type\":\"BreadcrumbList\",\"@id\":\"https:\/\/www.gaveanews.com\/index.php\/2021\/06\/24\/clubes-se-unem-para-tentar-eleger-candidato-em-eleicao-da-cbf\/#breadcrumb\",\"itemListElement\":[{\"@type\":\"ListItem\",\"position\":1,\"name\":\"Home\",\"item\":\"https:\/\/www.gaveanews.com\/\"},{\"@type\":\"ListItem\",\"position\":2,\"name\":\"Clubes se unem para tentar eleger candidato em elei\u00e7\u00e3o da CBF\"}]},{\"@type\":\"WebSite\",\"@id\":\"https:\/\/www.gaveanews.com\/#website\",\"url\":\"https:\/\/www.gaveanews.com\/\",\"name\":\"G\u00e1vea News\",\"description\":\"Veja todas as not\u00edcias sobre o Flamengo: Contrata\u00e7\u00f5es, categorias de base, resultados das partidas, tabela de classifica\u00e7\u00e3o, pr\u00f3ximos jogos!\",\"potentialAction\":[{\"@type\":\"SearchAction\",\"target\":{\"@type\":\"EntryPoint\",\"urlTemplate\":\"https:\/\/www.gaveanews.com\/?s={search_term_string}\"},\"query-input\":{\"@type\":\"PropertyValueSpecification\",\"valueRequired\":true,\"valueName\":\"search_term_string\"}}],\"inLanguage\":\"pt-BR\"},{\"@type\":\"Person\",\"@id\":\"https:\/\/www.gaveanews.com\/#\/schema\/person\/2ec14f73fb96be2caf28f91afb14749d\",\"name\":\"Equipe G\u00e1vea News\",\"image\":{\"@type\":\"ImageObject\",\"inLanguage\":\"pt-BR\",\"@id\":\"https:\/\/www.gaveanews.com\/#\/schema\/person\/image\/\",\"url\":\"https:\/\/secure.gravatar.com\/avatar\/1e1956f1facbffd3f8fa53a326721950116b3b9dc9bd44939c01180fd4a745a9?s=96&d=mm&r=g\",\"contentUrl\":\"https:\/\/secure.gravatar.com\/avatar\/1e1956f1facbffd3f8fa53a326721950116b3b9dc9bd44939c01180fd4a745a9?s=96&d=mm&r=g\",\"caption\":\"Equipe G\u00e1vea News\"}}]}<\/script>\n<!-- \/ Yoast SEO Premium plugin. -->","yoast_head_json":{"title":"Clubes se unem para tentar eleger candidato em elei\u00e7\u00e3o da CBF","robots":{"index":"index","follow":"follow","max-snippet":"max-snippet:-1","max-image-preview":"max-image-preview:large","max-video-preview":"max-video-preview:-1"},"canonical":"https:\/\/www.gaveanews.com\/index.php\/2021\/06\/24\/clubes-se-unem-para-tentar-eleger-candidato-em-eleicao-da-cbf\/","og_locale":"pt_BR","og_type":"article","og_title":"Clubes se unem para tentar eleger candidato em elei\u00e7\u00e3o da CBF","og_description":"Dirigentes dos principais clubes das S\u00e9ries A e B querem marcar posi\u00e7\u00e3o na elei\u00e7\u00e3o para presidente que a CBF ter\u00e1 de fazer se for confirmado o afastamento definitivo de Rog\u00e9rio Caboclo. Ele \u00e9 acusado de ass\u00e9dio sexual e moral por uma funcion\u00e1ria e foi retirado do cargo em 6 de junho, por 30 dias, para [&hellip;]","og_url":"https:\/\/www.gaveanews.com\/index.php\/2021\/06\/24\/clubes-se-unem-para-tentar-eleger-candidato-em-eleicao-da-cbf\/","og_site_name":"G\u00e1vea News","article_publisher":"https:\/\/facebook.com\/gaveaNews\/","article_published_time":"2021-06-24T11:00:00+00:00","og_image":[{"width":690,"height":518,"url":"https:\/\/www.gaveanews.com\/wp-content\/uploads\/2019\/02\/Sede-da-CBF-no-Rio-de-Janeiro.webp","type":"image\/jpeg"}],"author":"Equipe G\u00e1vea News","twitter_card":"summary_large_image","twitter_misc":{"Escrito por":"Equipe G\u00e1vea News","Est. tempo de leitura":"3 minutos"},"schema":{"@context":"https:\/\/schema.org","@graph":[{"@type":"NewsArticle","@id":"https:\/\/www.gaveanews.com\/index.php\/2021\/06\/24\/clubes-se-unem-para-tentar-eleger-candidato-em-eleicao-da-cbf\/#article","isPartOf":{"@id":"https:\/\/www.gaveanews.com\/index.php\/2021\/06\/24\/clubes-se-unem-para-tentar-eleger-candidato-em-eleicao-da-cbf\/"},"author":{"name":"Equipe G\u00e1vea News","@id":"https:\/\/www.gaveanews.com\/#\/schema\/person\/2ec14f73fb96be2caf28f91afb14749d"},"headline":"Clubes se unem para tentar eleger candidato em elei\u00e7\u00e3o da CBF","datePublished":"2021-06-24T11:00:00+00:00","mainEntityOfPage":{"@id":"https:\/\/www.gaveanews.com\/index.php\/2021\/06\/24\/clubes-se-unem-para-tentar-eleger-candidato-em-eleicao-da-cbf\/"},"wordCount":608,"commentCount":4,"image":{"@id":"https:\/\/www.gaveanews.com\/index.php\/2021\/06\/24\/clubes-se-unem-para-tentar-eleger-candidato-em-eleicao-da-cbf\/#primaryimage"},"thumbnailUrl":"https:\/\/www.gaveanews.com\/wp-content\/uploads\/2019\/02\/Sede-da-CBF-no-Rio-de-Janeiro.webp","articleSection":["Flamengo"],"inLanguage":"pt-BR","potentialAction":[{"@type":"CommentAction","name":"Comment","target":["https:\/\/www.gaveanews.com\/index.php\/2021\/06\/24\/clubes-se-unem-para-tentar-eleger-candidato-em-eleicao-da-cbf\/#respond"]}],"copyrightYear":"2021","copyrightHolder":{"@id":"https:\/\/www.gaveanews.com\/#organization"}},{"@type":"WebPage","@id":"https:\/\/www.gaveanews.com\/index.php\/2021\/06\/24\/clubes-se-unem-para-tentar-eleger-candidato-em-eleicao-da-cbf\/","url":"https:\/\/www.gaveanews.com\/index.php\/2021\/06\/24\/clubes-se-unem-para-tentar-eleger-candidato-em-eleicao-da-cbf\/","name":"Clubes se unem para tentar eleger candidato em elei\u00e7\u00e3o da CBF","isPartOf":{"@id":"https:\/\/www.gaveanews.com\/#website"},"primaryImageOfPage":{"@id":"https:\/\/www.gaveanews.com\/index.php\/2021\/06\/24\/clubes-se-unem-para-tentar-eleger-candidato-em-eleicao-da-cbf\/#primaryimage"},"image":{"@id":"https:\/\/www.gaveanews.com\/index.php\/2021\/06\/24\/clubes-se-unem-para-tentar-eleger-candidato-em-eleicao-da-cbf\/#primaryimage"},"thumbnailUrl":"https:\/\/www.gaveanews.com\/wp-content\/uploads\/2019\/02\/Sede-da-CBF-no-Rio-de-Janeiro.webp","datePublished":"2021-06-24T11:00:00+00:00","author":{"@id":"https:\/\/www.gaveanews.com\/#\/schema\/person\/2ec14f73fb96be2caf28f91afb14749d"},"breadcrumb":{"@id":"https:\/\/www.gaveanews.com\/index.php\/2021\/06\/24\/clubes-se-unem-para-tentar-eleger-candidato-em-eleicao-da-cbf\/#breadcrumb"},"inLanguage":"pt-BR","potentialAction":[{"@type":"ReadAction","target":["https:\/\/www.gaveanews.com\/index.php\/2021\/06\/24\/clubes-se-unem-para-tentar-eleger-candidato-em-eleicao-da-cbf\/"]}]},{"@type":"ImageObject","inLanguage":"pt-BR","@id":"https:\/\/www.gaveanews.com\/index.php\/2021\/06\/24\/clubes-se-unem-para-tentar-eleger-candidato-em-eleicao-da-cbf\/#primaryimage","url":"https:\/\/www.gaveanews.com\/wp-content\/uploads\/2019\/02\/Sede-da-CBF-no-Rio-de-Janeiro.webp","contentUrl":"https:\/\/www.gaveanews.com\/wp-content\/uploads\/2019\/02\/Sede-da-CBF-no-Rio-de-Janeiro.webp","width":690,"height":518,"caption":"Sede da CBF no Rio de Janeiro (Foto: Cah\u00ea Mota\/Globo Esporte)"},{"@type":"BreadcrumbList","@id":"https:\/\/www.gaveanews.com\/index.php\/2021\/06\/24\/clubes-se-unem-para-tentar-eleger-candidato-em-eleicao-da-cbf\/#breadcrumb","itemListElement":[{"@type":"ListItem","position":1,"name":"Home","item":"https:\/\/www.gaveanews.com\/"},{"@type":"ListItem","position":2,"name":"Clubes se unem para tentar eleger candidato em elei\u00e7\u00e3o da CBF"}]},{"@type":"WebSite","@id":"https:\/\/www.gaveanews.com\/#website","url":"https:\/\/www.gaveanews.com\/","name":"G\u00e1vea News","description":"Veja todas as not\u00edcias sobre o Flamengo: Contrata\u00e7\u00f5es, categorias de base, resultados das partidas, tabela de classifica\u00e7\u00e3o, pr\u00f3ximos jogos!","potentialAction":[{"@type":"SearchAction","target":{"@type":"EntryPoint","urlTemplate":"https:\/\/www.gaveanews.com\/?s={search_term_string}"},"query-input":{"@type":"PropertyValueSpecification","valueRequired":true,"valueName":"search_term_string"}}],"inLanguage":"pt-BR"},{"@type":"Person","@id":"https:\/\/www.gaveanews.com\/#\/schema\/person\/2ec14f73fb96be2caf28f91afb14749d","name":"Equipe G\u00e1vea News","image":{"@type":"ImageObject","inLanguage":"pt-BR","@id":"https:\/\/www.gaveanews.com\/#\/schema\/person\/image\/","url":"https:\/\/secure.gravatar.com\/avatar\/1e1956f1facbffd3f8fa53a326721950116b3b9dc9bd44939c01180fd4a745a9?s=96&d=mm&r=g","contentUrl":"https:\/\/secure.gravatar.com\/avatar\/1e1956f1facbffd3f8fa53a326721950116b3b9dc9bd44939c01180fd4a745a9?s=96&d=mm&r=g","caption":"Equipe G\u00e1vea News"}}]}},"_links":{"self":[{"href":"https:\/\/www.gaveanews.com\/index.php\/wp-json\/wp\/v2\/posts\/63499","targetHints":{"allow":["GET"]}}],"collection":[{"href":"https:\/\/www.gaveanews.com\/index.php\/wp-json\/wp\/v2\/posts"}],"about":[{"href":"https:\/\/www.gaveanews.com\/index.php\/wp-json\/wp\/v2\/types\/post"}],"author":[{"embeddable":true,"href":"https:\/\/www.gaveanews.com\/index.php\/wp-json\/wp\/v2\/users\/1"}],"replies":[{"embeddable":true,"href":"https:\/\/www.gaveanews.com\/index.php\/wp-json\/wp\/v2\/comments?post=63499"}],"version-history":[{"count":0,"href":"https:\/\/www.gaveanews.com\/index.php\/wp-json\/wp\/v2\/posts\/63499\/revisions"}],"wp:featuredmedia":[{"embeddable":true,"href":"https:\/\/www.gaveanews.com\/index.php\/wp-json\/wp\/v2\/media\/16271"}],"wp:attachment":[{"href":"https:\/\/www.gaveanews.com\/index.php\/wp-json\/wp\/v2\/media?parent=63499"}],"wp:term":[{"taxonomy":"category","embeddable":true,"href":"https:\/\/www.gaveanews.com\/index.php\/wp-json\/wp\/v2\/categories?post=63499"},{"taxonomy":"post_tag","embeddable":true,"href":"https:\/\/www.gaveanews.com\/index.php\/wp-json\/wp\/v2\/tags?post=63499"}],"curies":[{"name":"wp","href":"https:\/\/api.w.org\/{rel}","templated":true}]}}