{"id":63507,"date":"2021-06-24T09:20:01","date_gmt":"2021-06-24T12:20:01","guid":{"rendered":"https:\/\/www.gaveanews.com\/?p=63507"},"modified":"2021-06-24T09:20:03","modified_gmt":"2021-06-24T12:20:03","slug":"thiago-maia-arao-diego-veja-o-que-rogerio-ceni-pensa-sobre-o-sucessor-de-gerson-no-flamengo","status":"publish","type":"post","link":"https:\/\/www.gaveanews.com\/index.php\/2021\/06\/24\/thiago-maia-arao-diego-veja-o-que-rogerio-ceni-pensa-sobre-o-sucessor-de-gerson-no-flamengo\/","title":{"rendered":"Thiago Maia? Ar\u00e3o? Diego? Veja o que Rog\u00e9rio Ceni pensa sobre o sucessor de Gerson no Flamengo"},"content":{"rendered":"\n<p>A partir desta quinta-feira, dia seguinte \u00e0 vit\u00f3ria por 2 a 1 sobre o Fortaleza, Gerson \u00e9 oficialmente p\u00e1gina virada no Flamengo. Lamentada por torcedores e companheiros, a sa\u00edda do Coringa marca o fim de uma passagem vencedora no Rubro-Negro e abre um questionamento na cabe\u00e7a de Rog\u00e9rio Ceni: quem ir\u00e1 assumir a fun\u00e7\u00e3o t\u00e3o bem desempenhada por ele nos \u00faltimos dois anos?<\/p>\n\n\n\n<p>Sem d\u00favidas, substituir Gerson n\u00e3o \u00e9 uma miss\u00e3o f\u00e1cil. Pe\u00e7a-chave da equipe multicampe\u00e3 do Flamengo, o atleta se estabeleceu como o melhor meio-campista do futebol brasileiro e ganhou destaque pela qualidade tanto na parte defensiva quanto ofensiva. Na coletiva ap\u00f3s a partida no Maracan\u00e3, Ceni n\u00e3o poupou elogios ao camisa 8 e indicou a procura de uma solu\u00e7\u00e3o para repor a sua aus\u00eancia.<\/p>\n\n\n\n<p><strong><em>\u2014 \u00c9 um jogador diferenciado, uma pessoa muito querida por todos, vide as homenagens que o clube fez, atletas, torcedores\u2026 \u00c9 um cara nota 10, f\u00e1cil de lidar no dia a dia, talentos\u00edssimo. Vai pesar muito, porque al\u00e9m dos quatro jogadores com a sele\u00e7\u00e3o temos a sa\u00edda de Gerson. Vamos ter que buscar uma solu\u00e7\u00e3o de maneira parecida para minimizar essa aus\u00eancia significativa.<\/em><\/strong><\/p>\n\n\n\n<p>Com o Flamengo atento ao mercado, mas sem ter feito nenhuma contrata\u00e7\u00e3o, o treinador ter\u00e1 que achar uma solu\u00e7\u00e3o caseira para substituir Gerson nas pr\u00f3ximas semanas. Uma op\u00e7\u00e3o \u00e9 Thiago Maia, que voltou a ser relacionado ap\u00f3s sete meses, mas n\u00e3o entrou em campo contra o Fortaleza. Para Ceni, o retorno do volante \u00e9 importante neste per\u00edodo, mas a torcida deve ter calma com o processo devido ao longo tempo afastado dos gramados.<\/p>\n\n\n\n<p><strong><em>\u2014 Muito importante (a volta de Thiago Maia). N\u00e3o \u00e9 um jogador para fazer a fun\u00e7\u00e3o do Gerson, porque ningu\u00e9m joga t\u00e3o bem de costas e girando como ele, \u00e9 diferenciado. Mas o Thiago \u00e9 um jogador que a diretoria insistiu ap\u00f3s a les\u00e3o para ficar no Flamengo. Queria ter colocado no jogo, mas a les\u00e3o dele n\u00e3o \u00e9 simples, \u00e9 complexa. Ele vem treinado bem, mas em um jogo t\u00e3o disputado e f\u00edsico na parte final, achei melhor preservar para uma pr\u00f3xima oportunidade<\/em><\/strong> &#8211; disse Ceni, antes de finalizar:<\/p>\n\n\n\n<p><strong><em>\u2014 Conto muito com o Thiago. \u00c9 um jogador que eu tenho como op\u00e7\u00e3o para usar nesta posi\u00e7\u00e3o ou na fun\u00e7\u00e3o que o Gerson nos deixa hoje. Acredito muito nele, mas as pessoas t\u00eam que ter um pouco de calma, porque a les\u00e3o n\u00e3o foi simples. Ele ainda tem que pegar esse ritmo de jogo.<\/em><\/strong><\/p>\n\n\n\n<p>Outro tema presente na coletiva de imprensa de Rog\u00e9rio Ceni foi a possibilidade de Willian Ar\u00e3o retornar ao meio-campo. Sobre o assunto, o treinador fez quest\u00e3o de elogi\u00e1-lo como zagueiro, mas n\u00e3o descartou voltar a escal\u00e1-lo como volante. Neste caso, no entanto, a fun\u00e7\u00e3o de Gerson passaria a ser exercida por Diego.<\/p>\n\n\n\n<p><strong><em>\u2014 N\u00e3o acredito que o Ar\u00e3o seja mais um improviso como zagueiro. Ele \u00e9 o jogador com mais minutagem do Flamengo no ano e como zagueiro. Normalmente, quando voc\u00ea passa zerado, ele \u00e9 muito elogiado. Quando sofremos gol, ele vira improvisado. N\u00e3o deixa de ser uma possibilidade traz\u00ea-lo de volta para o meio-campo, mas para fazer a fun\u00e7\u00e3o do Gerson \u00e9 imposs\u00edvel. S\u00e3o caracter\u00edsticas distintas. Se colocar ele como primeiro volante e passar o Diego para frente, a\u00ed talvez possa ter alguma possibilidade.<\/em><\/strong><\/p>\n\n\n\n<p>Enquanto refor\u00e7os n\u00e3o chegam, Rog\u00e9rio Ceni ainda tem outras op\u00e7\u00f5es caseiras para escalar na vaga de Gerson. A mais natural delas &#8211; que n\u00e3o demandaria tantas mudan\u00e7as estruturais na equipe &#8211; \u00e9 a entrada de Jo\u00e3o Gomes. O jovem, inclusive, j\u00e1 teve a miss\u00e3o de substituir o Coringa em algumas oportunidades no in\u00edcio desta temporada.<\/p>\n\n\n\n<p>Com esse ponto de interroga\u00e7\u00e3o em mente, Rog\u00e9rio Ceni ter\u00e1 tr\u00eas dias para pensar na primeira escala\u00e7\u00e3o do Flamengo na &#8220;Era p\u00f3s-Gerson&#8221;. O pr\u00f3ximo compromisso do clube \u00e9 no domingo, contra o Juventude, \u00e0s 11h (de Bras\u00edlia), no Alferdo Jaconi, pela 7\u00aa rodada do Brasileir\u00e3o.<\/p>\n\n\n\n<p>Retirado de: Lance<\/p>\n","protected":false},"excerpt":{"rendered":"<p>A partir desta quinta-feira, dia seguinte \u00e0 vit\u00f3ria por 2 a 1 sobre o Fortaleza, Gerson \u00e9 oficialmente p\u00e1gina virada no Flamengo. Lamentada por torcedores e companheiros, a sa\u00edda do Coringa marca o fim de uma passagem vencedora no Rubro-Negro e abre um questionamento na cabe\u00e7a de Rog\u00e9rio Ceni: quem ir\u00e1 assumir a fun\u00e7\u00e3o t\u00e3o [&hellip;]<\/p>\n","protected":false},"author":1,"featured_media":63489,"comment_status":"open","ping_status":"closed","sticky":false,"template":"","format":"standard","meta":{"footnotes":""},"categories":[1],"tags":[],"class_list":["post-63507","post","type-post","status-publish","format-standard","has-post-thumbnail","hentry","category-flamengo"],"yoast_head":"<!-- This site is optimized with the Yoast SEO Premium plugin v24.2 (Yoast SEO v26.9) - https:\/\/yoast.com\/product\/yoast-seo-premium-wordpress\/ -->\n<title>Thiago Maia? Ar\u00e3o? Diego? Veja o que Rog\u00e9rio Ceni pensa sobre o sucessor de Gerson no Flamengo<\/title>\n<meta name=\"robots\" content=\"index, follow, max-snippet:-1, max-image-preview:large, max-video-preview:-1\" \/>\n<link rel=\"canonical\" href=\"https:\/\/www.gaveanews.com\/index.php\/2021\/06\/24\/thiago-maia-arao-diego-veja-o-que-rogerio-ceni-pensa-sobre-o-sucessor-de-gerson-no-flamengo\/\" \/>\n<meta property=\"og:locale\" content=\"pt_BR\" \/>\n<meta property=\"og:type\" content=\"article\" \/>\n<meta property=\"og:title\" content=\"Thiago Maia? Ar\u00e3o? Diego? Veja o que Rog\u00e9rio Ceni pensa sobre o sucessor de Gerson no Flamengo\" \/>\n<meta property=\"og:description\" content=\"A partir desta quinta-feira, dia seguinte \u00e0 vit\u00f3ria por 2 a 1 sobre o Fortaleza, Gerson \u00e9 oficialmente p\u00e1gina virada no Flamengo. Lamentada por torcedores e companheiros, a sa\u00edda do Coringa marca o fim de uma passagem vencedora no Rubro-Negro e abre um questionamento na cabe\u00e7a de Rog\u00e9rio Ceni: quem ir\u00e1 assumir a fun\u00e7\u00e3o t\u00e3o [&hellip;]\" \/>\n<meta property=\"og:url\" content=\"https:\/\/www.gaveanews.com\/index.php\/2021\/06\/24\/thiago-maia-arao-diego-veja-o-que-rogerio-ceni-pensa-sobre-o-sucessor-de-gerson-no-flamengo\/\" \/>\n<meta property=\"og:site_name\" content=\"G\u00e1vea News\" \/>\n<meta property=\"article:publisher\" content=\"https:\/\/facebook.com\/gaveaNews\/\" \/>\n<meta property=\"article:published_time\" content=\"2021-06-24T12:20:01+00:00\" \/>\n<meta property=\"article:modified_time\" content=\"2021-06-24T12:20:03+00:00\" \/>\n<meta property=\"og:image\" content=\"https:\/\/www.gaveanews.com\/wp-content\/uploads\/Ceni-durante-coletiva-de-imprensa-no-estadio-do-Maracana.webp\" \/>\n\t<meta property=\"og:image:width\" content=\"799\" \/>\n\t<meta property=\"og:image:height\" content=\"532\" \/>\n\t<meta property=\"og:image:type\" content=\"image\/jpeg\" \/>\n<meta name=\"author\" content=\"Equipe G\u00e1vea News\" \/>\n<meta name=\"twitter:card\" content=\"summary_large_image\" \/>\n<meta name=\"twitter:label1\" content=\"Escrito por\" \/>\n\t<meta name=\"twitter:data1\" content=\"Equipe G\u00e1vea News\" \/>\n\t<meta name=\"twitter:label2\" content=\"Est. tempo de leitura\" \/>\n\t<meta name=\"twitter:data2\" content=\"3 minutos\" \/>\n<script type=\"application\/ld+json\" class=\"yoast-schema-graph\">{\"@context\":\"https:\/\/schema.org\",\"@graph\":[{\"@type\":\"NewsArticle\",\"@id\":\"https:\/\/www.gaveanews.com\/index.php\/2021\/06\/24\/thiago-maia-arao-diego-veja-o-que-rogerio-ceni-pensa-sobre-o-sucessor-de-gerson-no-flamengo\/#article\",\"isPartOf\":{\"@id\":\"https:\/\/www.gaveanews.com\/index.php\/2021\/06\/24\/thiago-maia-arao-diego-veja-o-que-rogerio-ceni-pensa-sobre-o-sucessor-de-gerson-no-flamengo\/\"},\"author\":{\"name\":\"Equipe G\u00e1vea News\",\"@id\":\"https:\/\/www.gaveanews.com\/#\/schema\/person\/2ec14f73fb96be2caf28f91afb14749d\"},\"headline\":\"Thiago Maia? Ar\u00e3o? Diego? Veja o que Rog\u00e9rio Ceni pensa sobre o sucessor de Gerson no Flamengo\",\"datePublished\":\"2021-06-24T12:20:01+00:00\",\"dateModified\":\"2021-06-24T12:20:03+00:00\",\"mainEntityOfPage\":{\"@id\":\"https:\/\/www.gaveanews.com\/index.php\/2021\/06\/24\/thiago-maia-arao-diego-veja-o-que-rogerio-ceni-pensa-sobre-o-sucessor-de-gerson-no-flamengo\/\"},\"wordCount\":716,\"commentCount\":13,\"image\":{\"@id\":\"https:\/\/www.gaveanews.com\/index.php\/2021\/06\/24\/thiago-maia-arao-diego-veja-o-que-rogerio-ceni-pensa-sobre-o-sucessor-de-gerson-no-flamengo\/#primaryimage\"},\"thumbnailUrl\":\"https:\/\/www.gaveanews.com\/wp-content\/uploads\/Ceni-durante-coletiva-de-imprensa-no-estadio-do-Maracana.webp\",\"articleSection\":[\"Flamengo\"],\"inLanguage\":\"pt-BR\",\"potentialAction\":[{\"@type\":\"CommentAction\",\"name\":\"Comment\",\"target\":[\"https:\/\/www.gaveanews.com\/index.php\/2021\/06\/24\/thiago-maia-arao-diego-veja-o-que-rogerio-ceni-pensa-sobre-o-sucessor-de-gerson-no-flamengo\/#respond\"]}],\"copyrightYear\":\"2021\",\"copyrightHolder\":{\"@id\":\"https:\/\/www.gaveanews.com\/#organization\"}},{\"@type\":\"WebPage\",\"@id\":\"https:\/\/www.gaveanews.com\/index.php\/2021\/06\/24\/thiago-maia-arao-diego-veja-o-que-rogerio-ceni-pensa-sobre-o-sucessor-de-gerson-no-flamengo\/\",\"url\":\"https:\/\/www.gaveanews.com\/index.php\/2021\/06\/24\/thiago-maia-arao-diego-veja-o-que-rogerio-ceni-pensa-sobre-o-sucessor-de-gerson-no-flamengo\/\",\"name\":\"Thiago Maia? Ar\u00e3o? Diego? Veja o que Rog\u00e9rio Ceni pensa sobre o sucessor de Gerson no Flamengo\",\"isPartOf\":{\"@id\":\"https:\/\/www.gaveanews.com\/#website\"},\"primaryImageOfPage\":{\"@id\":\"https:\/\/www.gaveanews.com\/index.php\/2021\/06\/24\/thiago-maia-arao-diego-veja-o-que-rogerio-ceni-pensa-sobre-o-sucessor-de-gerson-no-flamengo\/#primaryimage\"},\"image\":{\"@id\":\"https:\/\/www.gaveanews.com\/index.php\/2021\/06\/24\/thiago-maia-arao-diego-veja-o-que-rogerio-ceni-pensa-sobre-o-sucessor-de-gerson-no-flamengo\/#primaryimage\"},\"thumbnailUrl\":\"https:\/\/www.gaveanews.com\/wp-content\/uploads\/Ceni-durante-coletiva-de-imprensa-no-estadio-do-Maracana.webp\",\"datePublished\":\"2021-06-24T12:20:01+00:00\",\"dateModified\":\"2021-06-24T12:20:03+00:00\",\"author\":{\"@id\":\"https:\/\/www.gaveanews.com\/#\/schema\/person\/2ec14f73fb96be2caf28f91afb14749d\"},\"breadcrumb\":{\"@id\":\"https:\/\/www.gaveanews.com\/index.php\/2021\/06\/24\/thiago-maia-arao-diego-veja-o-que-rogerio-ceni-pensa-sobre-o-sucessor-de-gerson-no-flamengo\/#breadcrumb\"},\"inLanguage\":\"pt-BR\",\"potentialAction\":[{\"@type\":\"ReadAction\",\"target\":[\"https:\/\/www.gaveanews.com\/index.php\/2021\/06\/24\/thiago-maia-arao-diego-veja-o-que-rogerio-ceni-pensa-sobre-o-sucessor-de-gerson-no-flamengo\/\"]}]},{\"@type\":\"ImageObject\",\"inLanguage\":\"pt-BR\",\"@id\":\"https:\/\/www.gaveanews.com\/index.php\/2021\/06\/24\/thiago-maia-arao-diego-veja-o-que-rogerio-ceni-pensa-sobre-o-sucessor-de-gerson-no-flamengo\/#primaryimage\",\"url\":\"https:\/\/www.gaveanews.com\/wp-content\/uploads\/Ceni-durante-coletiva-de-imprensa-no-estadio-do-Maracana.webp\",\"contentUrl\":\"https:\/\/www.gaveanews.com\/wp-content\/uploads\/Ceni-durante-coletiva-de-imprensa-no-estadio-do-Maracana.webp\",\"width\":799,\"height\":532,\"caption\":\"Ceni durante coletiva de imprensa no est\u00e1dio do Maracan\u00e3 (Foto: Alexandre Vidal\/Flamengo)\"},{\"@type\":\"BreadcrumbList\",\"@id\":\"https:\/\/www.gaveanews.com\/index.php\/2021\/06\/24\/thiago-maia-arao-diego-veja-o-que-rogerio-ceni-pensa-sobre-o-sucessor-de-gerson-no-flamengo\/#breadcrumb\",\"itemListElement\":[{\"@type\":\"ListItem\",\"position\":1,\"name\":\"Home\",\"item\":\"https:\/\/www.gaveanews.com\/\"},{\"@type\":\"ListItem\",\"position\":2,\"name\":\"Thiago Maia? Ar\u00e3o? Diego? Veja o que Rog\u00e9rio Ceni pensa sobre o sucessor de Gerson no Flamengo\"}]},{\"@type\":\"WebSite\",\"@id\":\"https:\/\/www.gaveanews.com\/#website\",\"url\":\"https:\/\/www.gaveanews.com\/\",\"name\":\"G\u00e1vea News\",\"description\":\"Veja todas as not\u00edcias sobre o Flamengo: Contrata\u00e7\u00f5es, categorias de base, resultados das partidas, tabela de classifica\u00e7\u00e3o, pr\u00f3ximos jogos!\",\"potentialAction\":[{\"@type\":\"SearchAction\",\"target\":{\"@type\":\"EntryPoint\",\"urlTemplate\":\"https:\/\/www.gaveanews.com\/?s={search_term_string}\"},\"query-input\":{\"@type\":\"PropertyValueSpecification\",\"valueRequired\":true,\"valueName\":\"search_term_string\"}}],\"inLanguage\":\"pt-BR\"},{\"@type\":\"Person\",\"@id\":\"https:\/\/www.gaveanews.com\/#\/schema\/person\/2ec14f73fb96be2caf28f91afb14749d\",\"name\":\"Equipe G\u00e1vea News\",\"image\":{\"@type\":\"ImageObject\",\"inLanguage\":\"pt-BR\",\"@id\":\"https:\/\/www.gaveanews.com\/#\/schema\/person\/image\/\",\"url\":\"https:\/\/secure.gravatar.com\/avatar\/1e1956f1facbffd3f8fa53a326721950116b3b9dc9bd44939c01180fd4a745a9?s=96&d=mm&r=g\",\"contentUrl\":\"https:\/\/secure.gravatar.com\/avatar\/1e1956f1facbffd3f8fa53a326721950116b3b9dc9bd44939c01180fd4a745a9?s=96&d=mm&r=g\",\"caption\":\"Equipe G\u00e1vea News\"}}]}<\/script>\n<!-- \/ Yoast SEO Premium plugin. -->","yoast_head_json":{"title":"Thiago Maia? Ar\u00e3o? Diego? Veja o que Rog\u00e9rio Ceni pensa sobre o sucessor de Gerson no Flamengo","robots":{"index":"index","follow":"follow","max-snippet":"max-snippet:-1","max-image-preview":"max-image-preview:large","max-video-preview":"max-video-preview:-1"},"canonical":"https:\/\/www.gaveanews.com\/index.php\/2021\/06\/24\/thiago-maia-arao-diego-veja-o-que-rogerio-ceni-pensa-sobre-o-sucessor-de-gerson-no-flamengo\/","og_locale":"pt_BR","og_type":"article","og_title":"Thiago Maia? Ar\u00e3o? Diego? Veja o que Rog\u00e9rio Ceni pensa sobre o sucessor de Gerson no Flamengo","og_description":"A partir desta quinta-feira, dia seguinte \u00e0 vit\u00f3ria por 2 a 1 sobre o Fortaleza, Gerson \u00e9 oficialmente p\u00e1gina virada no Flamengo. Lamentada por torcedores e companheiros, a sa\u00edda do Coringa marca o fim de uma passagem vencedora no Rubro-Negro e abre um questionamento na cabe\u00e7a de Rog\u00e9rio Ceni: quem ir\u00e1 assumir a fun\u00e7\u00e3o t\u00e3o [&hellip;]","og_url":"https:\/\/www.gaveanews.com\/index.php\/2021\/06\/24\/thiago-maia-arao-diego-veja-o-que-rogerio-ceni-pensa-sobre-o-sucessor-de-gerson-no-flamengo\/","og_site_name":"G\u00e1vea News","article_publisher":"https:\/\/facebook.com\/gaveaNews\/","article_published_time":"2021-06-24T12:20:01+00:00","article_modified_time":"2021-06-24T12:20:03+00:00","og_image":[{"width":799,"height":532,"url":"https:\/\/www.gaveanews.com\/wp-content\/uploads\/Ceni-durante-coletiva-de-imprensa-no-estadio-do-Maracana.webp","type":"image\/jpeg"}],"author":"Equipe G\u00e1vea News","twitter_card":"summary_large_image","twitter_misc":{"Escrito por":"Equipe G\u00e1vea News","Est. tempo de leitura":"3 minutos"},"schema":{"@context":"https:\/\/schema.org","@graph":[{"@type":"NewsArticle","@id":"https:\/\/www.gaveanews.com\/index.php\/2021\/06\/24\/thiago-maia-arao-diego-veja-o-que-rogerio-ceni-pensa-sobre-o-sucessor-de-gerson-no-flamengo\/#article","isPartOf":{"@id":"https:\/\/www.gaveanews.com\/index.php\/2021\/06\/24\/thiago-maia-arao-diego-veja-o-que-rogerio-ceni-pensa-sobre-o-sucessor-de-gerson-no-flamengo\/"},"author":{"name":"Equipe G\u00e1vea News","@id":"https:\/\/www.gaveanews.com\/#\/schema\/person\/2ec14f73fb96be2caf28f91afb14749d"},"headline":"Thiago Maia? Ar\u00e3o? Diego? Veja o que Rog\u00e9rio Ceni pensa sobre o sucessor de Gerson no Flamengo","datePublished":"2021-06-24T12:20:01+00:00","dateModified":"2021-06-24T12:20:03+00:00","mainEntityOfPage":{"@id":"https:\/\/www.gaveanews.com\/index.php\/2021\/06\/24\/thiago-maia-arao-diego-veja-o-que-rogerio-ceni-pensa-sobre-o-sucessor-de-gerson-no-flamengo\/"},"wordCount":716,"commentCount":13,"image":{"@id":"https:\/\/www.gaveanews.com\/index.php\/2021\/06\/24\/thiago-maia-arao-diego-veja-o-que-rogerio-ceni-pensa-sobre-o-sucessor-de-gerson-no-flamengo\/#primaryimage"},"thumbnailUrl":"https:\/\/www.gaveanews.com\/wp-content\/uploads\/Ceni-durante-coletiva-de-imprensa-no-estadio-do-Maracana.webp","articleSection":["Flamengo"],"inLanguage":"pt-BR","potentialAction":[{"@type":"CommentAction","name":"Comment","target":["https:\/\/www.gaveanews.com\/index.php\/2021\/06\/24\/thiago-maia-arao-diego-veja-o-que-rogerio-ceni-pensa-sobre-o-sucessor-de-gerson-no-flamengo\/#respond"]}],"copyrightYear":"2021","copyrightHolder":{"@id":"https:\/\/www.gaveanews.com\/#organization"}},{"@type":"WebPage","@id":"https:\/\/www.gaveanews.com\/index.php\/2021\/06\/24\/thiago-maia-arao-diego-veja-o-que-rogerio-ceni-pensa-sobre-o-sucessor-de-gerson-no-flamengo\/","url":"https:\/\/www.gaveanews.com\/index.php\/2021\/06\/24\/thiago-maia-arao-diego-veja-o-que-rogerio-ceni-pensa-sobre-o-sucessor-de-gerson-no-flamengo\/","name":"Thiago Maia? Ar\u00e3o? Diego? Veja o que Rog\u00e9rio Ceni pensa sobre o sucessor de Gerson no Flamengo","isPartOf":{"@id":"https:\/\/www.gaveanews.com\/#website"},"primaryImageOfPage":{"@id":"https:\/\/www.gaveanews.com\/index.php\/2021\/06\/24\/thiago-maia-arao-diego-veja-o-que-rogerio-ceni-pensa-sobre-o-sucessor-de-gerson-no-flamengo\/#primaryimage"},"image":{"@id":"https:\/\/www.gaveanews.com\/index.php\/2021\/06\/24\/thiago-maia-arao-diego-veja-o-que-rogerio-ceni-pensa-sobre-o-sucessor-de-gerson-no-flamengo\/#primaryimage"},"thumbnailUrl":"https:\/\/www.gaveanews.com\/wp-content\/uploads\/Ceni-durante-coletiva-de-imprensa-no-estadio-do-Maracana.webp","datePublished":"2021-06-24T12:20:01+00:00","dateModified":"2021-06-24T12:20:03+00:00","author":{"@id":"https:\/\/www.gaveanews.com\/#\/schema\/person\/2ec14f73fb96be2caf28f91afb14749d"},"breadcrumb":{"@id":"https:\/\/www.gaveanews.com\/index.php\/2021\/06\/24\/thiago-maia-arao-diego-veja-o-que-rogerio-ceni-pensa-sobre-o-sucessor-de-gerson-no-flamengo\/#breadcrumb"},"inLanguage":"pt-BR","potentialAction":[{"@type":"ReadAction","target":["https:\/\/www.gaveanews.com\/index.php\/2021\/06\/24\/thiago-maia-arao-diego-veja-o-que-rogerio-ceni-pensa-sobre-o-sucessor-de-gerson-no-flamengo\/"]}]},{"@type":"ImageObject","inLanguage":"pt-BR","@id":"https:\/\/www.gaveanews.com\/index.php\/2021\/06\/24\/thiago-maia-arao-diego-veja-o-que-rogerio-ceni-pensa-sobre-o-sucessor-de-gerson-no-flamengo\/#primaryimage","url":"https:\/\/www.gaveanews.com\/wp-content\/uploads\/Ceni-durante-coletiva-de-imprensa-no-estadio-do-Maracana.webp","contentUrl":"https:\/\/www.gaveanews.com\/wp-content\/uploads\/Ceni-durante-coletiva-de-imprensa-no-estadio-do-Maracana.webp","width":799,"height":532,"caption":"Ceni durante coletiva de imprensa no est\u00e1dio do Maracan\u00e3 (Foto: Alexandre Vidal\/Flamengo)"},{"@type":"BreadcrumbList","@id":"https:\/\/www.gaveanews.com\/index.php\/2021\/06\/24\/thiago-maia-arao-diego-veja-o-que-rogerio-ceni-pensa-sobre-o-sucessor-de-gerson-no-flamengo\/#breadcrumb","itemListElement":[{"@type":"ListItem","position":1,"name":"Home","item":"https:\/\/www.gaveanews.com\/"},{"@type":"ListItem","position":2,"name":"Thiago Maia? Ar\u00e3o? Diego? Veja o que Rog\u00e9rio Ceni pensa sobre o sucessor de Gerson no Flamengo"}]},{"@type":"WebSite","@id":"https:\/\/www.gaveanews.com\/#website","url":"https:\/\/www.gaveanews.com\/","name":"G\u00e1vea News","description":"Veja todas as not\u00edcias sobre o Flamengo: Contrata\u00e7\u00f5es, categorias de base, resultados das partidas, tabela de classifica\u00e7\u00e3o, pr\u00f3ximos jogos!","potentialAction":[{"@type":"SearchAction","target":{"@type":"EntryPoint","urlTemplate":"https:\/\/www.gaveanews.com\/?s={search_term_string}"},"query-input":{"@type":"PropertyValueSpecification","valueRequired":true,"valueName":"search_term_string"}}],"inLanguage":"pt-BR"},{"@type":"Person","@id":"https:\/\/www.gaveanews.com\/#\/schema\/person\/2ec14f73fb96be2caf28f91afb14749d","name":"Equipe G\u00e1vea News","image":{"@type":"ImageObject","inLanguage":"pt-BR","@id":"https:\/\/www.gaveanews.com\/#\/schema\/person\/image\/","url":"https:\/\/secure.gravatar.com\/avatar\/1e1956f1facbffd3f8fa53a326721950116b3b9dc9bd44939c01180fd4a745a9?s=96&d=mm&r=g","contentUrl":"https:\/\/secure.gravatar.com\/avatar\/1e1956f1facbffd3f8fa53a326721950116b3b9dc9bd44939c01180fd4a745a9?s=96&d=mm&r=g","caption":"Equipe G\u00e1vea News"}}]}},"_links":{"self":[{"href":"https:\/\/www.gaveanews.com\/index.php\/wp-json\/wp\/v2\/posts\/63507","targetHints":{"allow":["GET"]}}],"collection":[{"href":"https:\/\/www.gaveanews.com\/index.php\/wp-json\/wp\/v2\/posts"}],"about":[{"href":"https:\/\/www.gaveanews.com\/index.php\/wp-json\/wp\/v2\/types\/post"}],"author":[{"embeddable":true,"href":"https:\/\/www.gaveanews.com\/index.php\/wp-json\/wp\/v2\/users\/1"}],"replies":[{"embeddable":true,"href":"https:\/\/www.gaveanews.com\/index.php\/wp-json\/wp\/v2\/comments?post=63507"}],"version-history":[{"count":0,"href":"https:\/\/www.gaveanews.com\/index.php\/wp-json\/wp\/v2\/posts\/63507\/revisions"}],"wp:featuredmedia":[{"embeddable":true,"href":"https:\/\/www.gaveanews.com\/index.php\/wp-json\/wp\/v2\/media\/63489"}],"wp:attachment":[{"href":"https:\/\/www.gaveanews.com\/index.php\/wp-json\/wp\/v2\/media?parent=63507"}],"wp:term":[{"taxonomy":"category","embeddable":true,"href":"https:\/\/www.gaveanews.com\/index.php\/wp-json\/wp\/v2\/categories?post=63507"},{"taxonomy":"post_tag","embeddable":true,"href":"https:\/\/www.gaveanews.com\/index.php\/wp-json\/wp\/v2\/tags?post=63507"}],"curies":[{"name":"wp","href":"https:\/\/api.w.org\/{rel}","templated":true}]}}