{"id":63521,"date":"2021-06-24T14:31:44","date_gmt":"2021-06-24T17:31:44","guid":{"rendered":"https:\/\/www.gaveanews.com\/?p=63521"},"modified":"2021-06-24T14:32:37","modified_gmt":"2021-06-24T17:32:37","slug":"conmebol-pune-arao-e-atleta-vira-desfalque-para-flamengo","status":"publish","type":"post","link":"https:\/\/www.gaveanews.com\/index.php\/2021\/06\/24\/conmebol-pune-arao-e-atleta-vira-desfalque-para-flamengo\/","title":{"rendered":"Conmebol pune Ar\u00e3o e atleta vira desfalque no Flamengo"},"content":{"rendered":"\n<p>A expuls\u00e3o diante da LDU (EQU), em seu 300\u00ba jogo pelo Flamengo, deixar\u00e1 Willian Ar\u00e3o fora da partida de ida das oitavas de final da Libertadores. A Comiss\u00e3o Disciplinar da Conmebol publicou a decis\u00e3o do processo disciplinar aberto contra o jogador e o puniu com dois jogos de suspens\u00e3o por conta do lance. Assim, o camisa 5 n\u00e3o enfrentar\u00e1 o Defensa y Justicia, na Argentina.<\/p>\n\n\n\n<p>Ar\u00e3o foi expulso ap\u00f3s acertar o rosto de Amarilla, aos 14 minutos do primeiro tempo. O Flamengo empatou o jogo no Maracan\u00e3 em 2 a 2 com a LDU. O primeiro jogo da suspens\u00e3o j\u00e1 foi cumprido, com o atleta ficando de fora do empate sem gols com o V\u00e9lez Sarsfield (ARG), na rodada final da fase de grupos. N\u00e3o cabe recurso \u00e0 decis\u00e3o da Comiss\u00e3o Disciplinar da Conmebol.<\/p>\n\n\n\n<p>O jogo de ida do confronto entre Flamengo e Defensa y Justicia ser\u00e1 em 14 de julho, em Buenos Aires. A volta, no Rio de Janeiro, est\u00e1 marcada para o dia 21.<\/p>\n\n\n\n<p>A expuls\u00e3o diante da LDU (EQU), em seu 300\u00ba jogo pelo Flamengo, deixar\u00e1 Willian Ar\u00e3o fora da partida de ida das oitavas de final da Libertadores. A Comiss\u00e3o Disciplinar da Conmebol publicou a decis\u00e3o do processo disciplinar aberto contra o jogador e o puniu com dois jogos de suspens\u00e3o por conta do lance. Assim, o camisa 5 n\u00e3o enfrentar\u00e1 o Defensa y Justicia, na Argentina.<\/p>\n\n\n\n<p>Ar\u00e3o foi expulso ap\u00f3s acertar o rosto de Amarilla, aos 14 minutos do primeiro tempo. O Flamengo empatou o jogo no Maracan\u00e3 em 2 a 2 com a LDU. O primeiro jogo da suspens\u00e3o j\u00e1 foi cumprido, com o atleta ficando de fora do empate sem gols com o V\u00e9lez Sarsfield (ARG), na rodada final da fase de grupos. N\u00e3o cabe recurso \u00e0 decis\u00e3o da Comiss\u00e3o Disciplinar da Conmebol.<\/p>\n\n\n\n<p>O jogo de ida do confronto entre Flamengo e Defensa y Justicia ser\u00e1 em 14 de julho, em Buenos Aires. A volta, no Rio de Janeiro, est\u00e1 marcada para o dia 21.<\/p>\n\n\n\n<p>Retirado de: Lance<\/p>\n","protected":false},"excerpt":{"rendered":"<p>A expuls\u00e3o diante da LDU (EQU), em seu 300\u00ba jogo pelo Flamengo, deixar\u00e1 Willian Ar\u00e3o fora da partida de ida das oitavas de final da Libertadores. A Comiss\u00e3o Disciplinar da Conmebol publicou a decis\u00e3o do processo disciplinar aberto contra o jogador e o puniu com dois jogos de suspens\u00e3o por conta do lance. Assim, o [&hellip;]<\/p>\n","protected":false},"author":1,"featured_media":59670,"comment_status":"open","ping_status":"closed","sticky":false,"template":"","format":"standard","meta":{"footnotes":""},"categories":[1],"tags":[],"class_list":["post-63521","post","type-post","status-publish","format-standard","has-post-thumbnail","hentry","category-flamengo"],"yoast_head":"<!-- This site is optimized with the Yoast SEO Premium plugin v24.2 (Yoast SEO v26.9) - https:\/\/yoast.com\/product\/yoast-seo-premium-wordpress\/ -->\n<title>Conmebol pune Ar\u00e3o e atleta vira desfalque no Flamengo<\/title>\n<meta name=\"robots\" content=\"index, follow, max-snippet:-1, max-image-preview:large, max-video-preview:-1\" \/>\n<link rel=\"canonical\" href=\"https:\/\/www.gaveanews.com\/index.php\/2021\/06\/24\/conmebol-pune-arao-e-atleta-vira-desfalque-para-flamengo\/\" \/>\n<meta property=\"og:locale\" content=\"pt_BR\" \/>\n<meta property=\"og:type\" content=\"article\" \/>\n<meta property=\"og:title\" content=\"Conmebol pune Ar\u00e3o e atleta vira desfalque no Flamengo\" \/>\n<meta property=\"og:description\" content=\"A expuls\u00e3o diante da LDU (EQU), em seu 300\u00ba jogo pelo Flamengo, deixar\u00e1 Willian Ar\u00e3o fora da partida de ida das oitavas de final da Libertadores. A Comiss\u00e3o Disciplinar da Conmebol publicou a decis\u00e3o do processo disciplinar aberto contra o jogador e o puniu com dois jogos de suspens\u00e3o por conta do lance. Assim, o [&hellip;]\" \/>\n<meta property=\"og:url\" content=\"https:\/\/www.gaveanews.com\/index.php\/2021\/06\/24\/conmebol-pune-arao-e-atleta-vira-desfalque-para-flamengo\/\" \/>\n<meta property=\"og:site_name\" content=\"G\u00e1vea News\" \/>\n<meta property=\"article:publisher\" content=\"https:\/\/facebook.com\/gaveaNews\/\" \/>\n<meta property=\"article:published_time\" content=\"2021-06-24T17:31:44+00:00\" \/>\n<meta property=\"article:modified_time\" content=\"2021-06-24T17:32:37+00:00\" \/>\n<meta property=\"og:image\" content=\"https:\/\/www.gaveanews.com\/wp-content\/uploads\/Arao-em-acao-pelo-Flamengo-durante-o-jogo-contra-o-Velez-na-Copa-Libertadores-da-America-de-2021.webp\" \/>\n\t<meta property=\"og:image:width\" content=\"800\" \/>\n\t<meta property=\"og:image:height\" content=\"532\" \/>\n\t<meta property=\"og:image:type\" content=\"image\/jpeg\" \/>\n<meta name=\"author\" content=\"Equipe G\u00e1vea News\" \/>\n<meta name=\"twitter:card\" content=\"summary_large_image\" \/>\n<meta name=\"twitter:label1\" content=\"Escrito por\" \/>\n\t<meta name=\"twitter:data1\" content=\"Equipe G\u00e1vea News\" \/>\n\t<meta name=\"twitter:label2\" content=\"Est. tempo de leitura\" \/>\n\t<meta name=\"twitter:data2\" content=\"2 minutos\" \/>\n<script type=\"application\/ld+json\" class=\"yoast-schema-graph\">{\"@context\":\"https:\/\/schema.org\",\"@graph\":[{\"@type\":\"NewsArticle\",\"@id\":\"https:\/\/www.gaveanews.com\/index.php\/2021\/06\/24\/conmebol-pune-arao-e-atleta-vira-desfalque-para-flamengo\/#article\",\"isPartOf\":{\"@id\":\"https:\/\/www.gaveanews.com\/index.php\/2021\/06\/24\/conmebol-pune-arao-e-atleta-vira-desfalque-para-flamengo\/\"},\"author\":{\"name\":\"Equipe G\u00e1vea News\",\"@id\":\"https:\/\/www.gaveanews.com\/#\/schema\/person\/2ec14f73fb96be2caf28f91afb14749d\"},\"headline\":\"Conmebol pune Ar\u00e3o e atleta vira desfalque no Flamengo\",\"datePublished\":\"2021-06-24T17:31:44+00:00\",\"dateModified\":\"2021-06-24T17:32:37+00:00\",\"mainEntityOfPage\":{\"@id\":\"https:\/\/www.gaveanews.com\/index.php\/2021\/06\/24\/conmebol-pune-arao-e-atleta-vira-desfalque-para-flamengo\/\"},\"wordCount\":355,\"commentCount\":14,\"image\":{\"@id\":\"https:\/\/www.gaveanews.com\/index.php\/2021\/06\/24\/conmebol-pune-arao-e-atleta-vira-desfalque-para-flamengo\/#primaryimage\"},\"thumbnailUrl\":\"https:\/\/www.gaveanews.com\/wp-content\/uploads\/Arao-em-acao-pelo-Flamengo-durante-o-jogo-contra-o-Velez-na-Copa-Libertadores-da-America-de-2021.webp\",\"articleSection\":[\"Flamengo\"],\"inLanguage\":\"pt-BR\",\"potentialAction\":[{\"@type\":\"CommentAction\",\"name\":\"Comment\",\"target\":[\"https:\/\/www.gaveanews.com\/index.php\/2021\/06\/24\/conmebol-pune-arao-e-atleta-vira-desfalque-para-flamengo\/#respond\"]}],\"copyrightYear\":\"2021\",\"copyrightHolder\":{\"@id\":\"https:\/\/www.gaveanews.com\/#organization\"}},{\"@type\":\"WebPage\",\"@id\":\"https:\/\/www.gaveanews.com\/index.php\/2021\/06\/24\/conmebol-pune-arao-e-atleta-vira-desfalque-para-flamengo\/\",\"url\":\"https:\/\/www.gaveanews.com\/index.php\/2021\/06\/24\/conmebol-pune-arao-e-atleta-vira-desfalque-para-flamengo\/\",\"name\":\"Conmebol pune Ar\u00e3o e atleta vira desfalque no Flamengo\",\"isPartOf\":{\"@id\":\"https:\/\/www.gaveanews.com\/#website\"},\"primaryImageOfPage\":{\"@id\":\"https:\/\/www.gaveanews.com\/index.php\/2021\/06\/24\/conmebol-pune-arao-e-atleta-vira-desfalque-para-flamengo\/#primaryimage\"},\"image\":{\"@id\":\"https:\/\/www.gaveanews.com\/index.php\/2021\/06\/24\/conmebol-pune-arao-e-atleta-vira-desfalque-para-flamengo\/#primaryimage\"},\"thumbnailUrl\":\"https:\/\/www.gaveanews.com\/wp-content\/uploads\/Arao-em-acao-pelo-Flamengo-durante-o-jogo-contra-o-Velez-na-Copa-Libertadores-da-America-de-2021.webp\",\"datePublished\":\"2021-06-24T17:31:44+00:00\",\"dateModified\":\"2021-06-24T17:32:37+00:00\",\"author\":{\"@id\":\"https:\/\/www.gaveanews.com\/#\/schema\/person\/2ec14f73fb96be2caf28f91afb14749d\"},\"breadcrumb\":{\"@id\":\"https:\/\/www.gaveanews.com\/index.php\/2021\/06\/24\/conmebol-pune-arao-e-atleta-vira-desfalque-para-flamengo\/#breadcrumb\"},\"inLanguage\":\"pt-BR\",\"potentialAction\":[{\"@type\":\"ReadAction\",\"target\":[\"https:\/\/www.gaveanews.com\/index.php\/2021\/06\/24\/conmebol-pune-arao-e-atleta-vira-desfalque-para-flamengo\/\"]}]},{\"@type\":\"ImageObject\",\"inLanguage\":\"pt-BR\",\"@id\":\"https:\/\/www.gaveanews.com\/index.php\/2021\/06\/24\/conmebol-pune-arao-e-atleta-vira-desfalque-para-flamengo\/#primaryimage\",\"url\":\"https:\/\/www.gaveanews.com\/wp-content\/uploads\/Arao-em-acao-pelo-Flamengo-durante-o-jogo-contra-o-Velez-na-Copa-Libertadores-da-America-de-2021.webp\",\"contentUrl\":\"https:\/\/www.gaveanews.com\/wp-content\/uploads\/Arao-em-acao-pelo-Flamengo-durante-o-jogo-contra-o-Velez-na-Copa-Libertadores-da-America-de-2021.webp\",\"width\":800,\"height\":532,\"caption\":\"Ar\u00e3o em a\u00e7\u00e3o pelo Flamengo durante o jogo contra o Velez na Copa Libertadores da Am\u00e9rica de 2021 (Foto: Marcelo Cortes\/Flamengo)\"},{\"@type\":\"BreadcrumbList\",\"@id\":\"https:\/\/www.gaveanews.com\/index.php\/2021\/06\/24\/conmebol-pune-arao-e-atleta-vira-desfalque-para-flamengo\/#breadcrumb\",\"itemListElement\":[{\"@type\":\"ListItem\",\"position\":1,\"name\":\"Home\",\"item\":\"https:\/\/www.gaveanews.com\/\"},{\"@type\":\"ListItem\",\"position\":2,\"name\":\"Conmebol pune Ar\u00e3o e atleta vira desfalque no Flamengo\"}]},{\"@type\":\"WebSite\",\"@id\":\"https:\/\/www.gaveanews.com\/#website\",\"url\":\"https:\/\/www.gaveanews.com\/\",\"name\":\"G\u00e1vea News\",\"description\":\"Veja todas as not\u00edcias sobre o Flamengo: Contrata\u00e7\u00f5es, categorias de base, resultados das partidas, tabela de classifica\u00e7\u00e3o, pr\u00f3ximos jogos!\",\"potentialAction\":[{\"@type\":\"SearchAction\",\"target\":{\"@type\":\"EntryPoint\",\"urlTemplate\":\"https:\/\/www.gaveanews.com\/?s={search_term_string}\"},\"query-input\":{\"@type\":\"PropertyValueSpecification\",\"valueRequired\":true,\"valueName\":\"search_term_string\"}}],\"inLanguage\":\"pt-BR\"},{\"@type\":\"Person\",\"@id\":\"https:\/\/www.gaveanews.com\/#\/schema\/person\/2ec14f73fb96be2caf28f91afb14749d\",\"name\":\"Equipe G\u00e1vea News\",\"image\":{\"@type\":\"ImageObject\",\"inLanguage\":\"pt-BR\",\"@id\":\"https:\/\/www.gaveanews.com\/#\/schema\/person\/image\/\",\"url\":\"https:\/\/secure.gravatar.com\/avatar\/1e1956f1facbffd3f8fa53a326721950116b3b9dc9bd44939c01180fd4a745a9?s=96&d=mm&r=g\",\"contentUrl\":\"https:\/\/secure.gravatar.com\/avatar\/1e1956f1facbffd3f8fa53a326721950116b3b9dc9bd44939c01180fd4a745a9?s=96&d=mm&r=g\",\"caption\":\"Equipe G\u00e1vea News\"}}]}<\/script>\n<!-- \/ Yoast SEO Premium plugin. -->","yoast_head_json":{"title":"Conmebol pune Ar\u00e3o e atleta vira desfalque no Flamengo","robots":{"index":"index","follow":"follow","max-snippet":"max-snippet:-1","max-image-preview":"max-image-preview:large","max-video-preview":"max-video-preview:-1"},"canonical":"https:\/\/www.gaveanews.com\/index.php\/2021\/06\/24\/conmebol-pune-arao-e-atleta-vira-desfalque-para-flamengo\/","og_locale":"pt_BR","og_type":"article","og_title":"Conmebol pune Ar\u00e3o e atleta vira desfalque no Flamengo","og_description":"A expuls\u00e3o diante da LDU (EQU), em seu 300\u00ba jogo pelo Flamengo, deixar\u00e1 Willian Ar\u00e3o fora da partida de ida das oitavas de final da Libertadores. A Comiss\u00e3o Disciplinar da Conmebol publicou a decis\u00e3o do processo disciplinar aberto contra o jogador e o puniu com dois jogos de suspens\u00e3o por conta do lance. Assim, o [&hellip;]","og_url":"https:\/\/www.gaveanews.com\/index.php\/2021\/06\/24\/conmebol-pune-arao-e-atleta-vira-desfalque-para-flamengo\/","og_site_name":"G\u00e1vea News","article_publisher":"https:\/\/facebook.com\/gaveaNews\/","article_published_time":"2021-06-24T17:31:44+00:00","article_modified_time":"2021-06-24T17:32:37+00:00","og_image":[{"width":800,"height":532,"url":"https:\/\/www.gaveanews.com\/wp-content\/uploads\/Arao-em-acao-pelo-Flamengo-durante-o-jogo-contra-o-Velez-na-Copa-Libertadores-da-America-de-2021.webp","type":"image\/jpeg"}],"author":"Equipe G\u00e1vea News","twitter_card":"summary_large_image","twitter_misc":{"Escrito por":"Equipe G\u00e1vea News","Est. tempo de leitura":"2 minutos"},"schema":{"@context":"https:\/\/schema.org","@graph":[{"@type":"NewsArticle","@id":"https:\/\/www.gaveanews.com\/index.php\/2021\/06\/24\/conmebol-pune-arao-e-atleta-vira-desfalque-para-flamengo\/#article","isPartOf":{"@id":"https:\/\/www.gaveanews.com\/index.php\/2021\/06\/24\/conmebol-pune-arao-e-atleta-vira-desfalque-para-flamengo\/"},"author":{"name":"Equipe G\u00e1vea News","@id":"https:\/\/www.gaveanews.com\/#\/schema\/person\/2ec14f73fb96be2caf28f91afb14749d"},"headline":"Conmebol pune Ar\u00e3o e atleta vira desfalque no Flamengo","datePublished":"2021-06-24T17:31:44+00:00","dateModified":"2021-06-24T17:32:37+00:00","mainEntityOfPage":{"@id":"https:\/\/www.gaveanews.com\/index.php\/2021\/06\/24\/conmebol-pune-arao-e-atleta-vira-desfalque-para-flamengo\/"},"wordCount":355,"commentCount":14,"image":{"@id":"https:\/\/www.gaveanews.com\/index.php\/2021\/06\/24\/conmebol-pune-arao-e-atleta-vira-desfalque-para-flamengo\/#primaryimage"},"thumbnailUrl":"https:\/\/www.gaveanews.com\/wp-content\/uploads\/Arao-em-acao-pelo-Flamengo-durante-o-jogo-contra-o-Velez-na-Copa-Libertadores-da-America-de-2021.webp","articleSection":["Flamengo"],"inLanguage":"pt-BR","potentialAction":[{"@type":"CommentAction","name":"Comment","target":["https:\/\/www.gaveanews.com\/index.php\/2021\/06\/24\/conmebol-pune-arao-e-atleta-vira-desfalque-para-flamengo\/#respond"]}],"copyrightYear":"2021","copyrightHolder":{"@id":"https:\/\/www.gaveanews.com\/#organization"}},{"@type":"WebPage","@id":"https:\/\/www.gaveanews.com\/index.php\/2021\/06\/24\/conmebol-pune-arao-e-atleta-vira-desfalque-para-flamengo\/","url":"https:\/\/www.gaveanews.com\/index.php\/2021\/06\/24\/conmebol-pune-arao-e-atleta-vira-desfalque-para-flamengo\/","name":"Conmebol pune Ar\u00e3o e atleta vira desfalque no Flamengo","isPartOf":{"@id":"https:\/\/www.gaveanews.com\/#website"},"primaryImageOfPage":{"@id":"https:\/\/www.gaveanews.com\/index.php\/2021\/06\/24\/conmebol-pune-arao-e-atleta-vira-desfalque-para-flamengo\/#primaryimage"},"image":{"@id":"https:\/\/www.gaveanews.com\/index.php\/2021\/06\/24\/conmebol-pune-arao-e-atleta-vira-desfalque-para-flamengo\/#primaryimage"},"thumbnailUrl":"https:\/\/www.gaveanews.com\/wp-content\/uploads\/Arao-em-acao-pelo-Flamengo-durante-o-jogo-contra-o-Velez-na-Copa-Libertadores-da-America-de-2021.webp","datePublished":"2021-06-24T17:31:44+00:00","dateModified":"2021-06-24T17:32:37+00:00","author":{"@id":"https:\/\/www.gaveanews.com\/#\/schema\/person\/2ec14f73fb96be2caf28f91afb14749d"},"breadcrumb":{"@id":"https:\/\/www.gaveanews.com\/index.php\/2021\/06\/24\/conmebol-pune-arao-e-atleta-vira-desfalque-para-flamengo\/#breadcrumb"},"inLanguage":"pt-BR","potentialAction":[{"@type":"ReadAction","target":["https:\/\/www.gaveanews.com\/index.php\/2021\/06\/24\/conmebol-pune-arao-e-atleta-vira-desfalque-para-flamengo\/"]}]},{"@type":"ImageObject","inLanguage":"pt-BR","@id":"https:\/\/www.gaveanews.com\/index.php\/2021\/06\/24\/conmebol-pune-arao-e-atleta-vira-desfalque-para-flamengo\/#primaryimage","url":"https:\/\/www.gaveanews.com\/wp-content\/uploads\/Arao-em-acao-pelo-Flamengo-durante-o-jogo-contra-o-Velez-na-Copa-Libertadores-da-America-de-2021.webp","contentUrl":"https:\/\/www.gaveanews.com\/wp-content\/uploads\/Arao-em-acao-pelo-Flamengo-durante-o-jogo-contra-o-Velez-na-Copa-Libertadores-da-America-de-2021.webp","width":800,"height":532,"caption":"Ar\u00e3o em a\u00e7\u00e3o pelo Flamengo durante o jogo contra o Velez na Copa Libertadores da Am\u00e9rica de 2021 (Foto: Marcelo Cortes\/Flamengo)"},{"@type":"BreadcrumbList","@id":"https:\/\/www.gaveanews.com\/index.php\/2021\/06\/24\/conmebol-pune-arao-e-atleta-vira-desfalque-para-flamengo\/#breadcrumb","itemListElement":[{"@type":"ListItem","position":1,"name":"Home","item":"https:\/\/www.gaveanews.com\/"},{"@type":"ListItem","position":2,"name":"Conmebol pune Ar\u00e3o e atleta vira desfalque no Flamengo"}]},{"@type":"WebSite","@id":"https:\/\/www.gaveanews.com\/#website","url":"https:\/\/www.gaveanews.com\/","name":"G\u00e1vea News","description":"Veja todas as not\u00edcias sobre o Flamengo: Contrata\u00e7\u00f5es, categorias de base, resultados das partidas, tabela de classifica\u00e7\u00e3o, pr\u00f3ximos jogos!","potentialAction":[{"@type":"SearchAction","target":{"@type":"EntryPoint","urlTemplate":"https:\/\/www.gaveanews.com\/?s={search_term_string}"},"query-input":{"@type":"PropertyValueSpecification","valueRequired":true,"valueName":"search_term_string"}}],"inLanguage":"pt-BR"},{"@type":"Person","@id":"https:\/\/www.gaveanews.com\/#\/schema\/person\/2ec14f73fb96be2caf28f91afb14749d","name":"Equipe G\u00e1vea News","image":{"@type":"ImageObject","inLanguage":"pt-BR","@id":"https:\/\/www.gaveanews.com\/#\/schema\/person\/image\/","url":"https:\/\/secure.gravatar.com\/avatar\/1e1956f1facbffd3f8fa53a326721950116b3b9dc9bd44939c01180fd4a745a9?s=96&d=mm&r=g","contentUrl":"https:\/\/secure.gravatar.com\/avatar\/1e1956f1facbffd3f8fa53a326721950116b3b9dc9bd44939c01180fd4a745a9?s=96&d=mm&r=g","caption":"Equipe G\u00e1vea News"}}]}},"_links":{"self":[{"href":"https:\/\/www.gaveanews.com\/index.php\/wp-json\/wp\/v2\/posts\/63521","targetHints":{"allow":["GET"]}}],"collection":[{"href":"https:\/\/www.gaveanews.com\/index.php\/wp-json\/wp\/v2\/posts"}],"about":[{"href":"https:\/\/www.gaveanews.com\/index.php\/wp-json\/wp\/v2\/types\/post"}],"author":[{"embeddable":true,"href":"https:\/\/www.gaveanews.com\/index.php\/wp-json\/wp\/v2\/users\/1"}],"replies":[{"embeddable":true,"href":"https:\/\/www.gaveanews.com\/index.php\/wp-json\/wp\/v2\/comments?post=63521"}],"version-history":[{"count":0,"href":"https:\/\/www.gaveanews.com\/index.php\/wp-json\/wp\/v2\/posts\/63521\/revisions"}],"wp:featuredmedia":[{"embeddable":true,"href":"https:\/\/www.gaveanews.com\/index.php\/wp-json\/wp\/v2\/media\/59670"}],"wp:attachment":[{"href":"https:\/\/www.gaveanews.com\/index.php\/wp-json\/wp\/v2\/media?parent=63521"}],"wp:term":[{"taxonomy":"category","embeddable":true,"href":"https:\/\/www.gaveanews.com\/index.php\/wp-json\/wp\/v2\/categories?post=63521"},{"taxonomy":"post_tag","embeddable":true,"href":"https:\/\/www.gaveanews.com\/index.php\/wp-json\/wp\/v2\/tags?post=63521"}],"curies":[{"name":"wp","href":"https:\/\/api.w.org\/{rel}","templated":true}]}}