{"id":63528,"date":"2021-06-24T16:13:49","date_gmt":"2021-06-24T19:13:49","guid":{"rendered":"https:\/\/www.gaveanews.com\/?p=63528"},"modified":"2021-08-12T00:49:33","modified_gmt":"2021-08-12T03:49:33","slug":"em-seu-aniversario-diego-alves-e-lembrado-por-torneios-internacionais","status":"publish","type":"post","link":"https:\/\/www.gaveanews.com\/index.php\/2021\/06\/24\/em-seu-aniversario-diego-alves-e-lembrado-por-torneios-internacionais\/","title":{"rendered":"Em seu anivers\u00e1rio, Diego Alves \u00e9 lembrado por torneios internacionais"},"content":{"rendered":"\n<p>Nesta quinta-feira (24), um dos principais respons\u00e1veis pelos t\u00edtulos do Flamengo nos \u00faltimos anos faz anivers\u00e1rio. O experiente goleiro Diego Alves completa 36 anos de vida e muita compet\u00eancia. Em comemora\u00e7\u00e3o \u00e0 data, as redes sociais dos torneios internacionais nos quais o arqueiro participou publicaram mensagens com suas respectivas felicita\u00e7\u00f5es ao camisa 1 rubro-negro. <\/p>\n\n\n\n<p>Em sua carreira, Diego teve passagens pelos clubes: Botafogo-SP, Atl\u00e9tico-MG, Almer\u00eda e Val\u00eancia (os dois \u00faltimos da Espanha). Desta forma, a La Liga, principal competi\u00e7\u00e3o espanhola e os perfis da Conmebol (principal e Libertadores) parabenizaram o goleiro.<\/p>\n\n\n\n<p>Em suas respectivas publica\u00e7\u00f5es, as competi\u00e7\u00f5es lembraram dos principais momentos do arqueiro nos torneios e desejaram felicita\u00e7\u00f5es ao experiente atleta. Mas estes n\u00e3o foram os \u00fanicos a lembrarem do anivers\u00e1rio do goleiro.<\/p>\n\n\n\n<p>O Flamengo tamb\u00e9m preparou um v\u00eddeo com parte das atua\u00e7\u00f5es de Diego vestindo o Manto Sagrado e lembraram dos nove t\u00edtulos conquistados por ele no Mais Querido, pelo qual o arqueiro joga desde 2017.<\/p>\n\n\n\n<h2 class=\"wp-block-heading\" id=\"h-veja-as-publica-es\">Veja as publica\u00e7\u00f5es:<\/h2>\n\n\n\n<figure class=\"wp-block-embed is-type-rich is-provider-twitter wp-block-embed-twitter\"><div class=\"wp-block-embed__wrapper\">\n<blockquote class=\"twitter-tweet\" data-width=\"550\" data-dnt=\"true\"><p lang=\"pt\" dir=\"ltr\">Um pared\u00e3o que passou pela <a href=\"https:\/\/twitter.com\/hashtag\/LaLigaSantander?src=hash&amp;ref_src=twsrc%5Etfw\">#LaLigaSantander<\/a> faz anivers\u00e1rio hoje&#8230; \ud83e\udd73<br><br>\ud83c\udf82 Parab\u00e9ns, <a href=\"https:\/\/twitter.com\/diegoalvesgol?ref_src=twsrc%5Etfw\">@diegoalvesgol<\/a>! \ud83c\udf82 <a href=\"https:\/\/t.co\/AprqhWPFAN\">pic.twitter.com\/AprqhWPFAN<\/a><\/p>&mdash; LALIGA (@LaLigaBRA) <a href=\"https:\/\/twitter.com\/LaLigaBRA\/status\/1408062605369958400?ref_src=twsrc%5Etfw\">June 24, 2021<\/a><\/blockquote><script async src=\"https:\/\/platform.twitter.com\/widgets.js\" charset=\"utf-8\"><\/script>\n<\/div><\/figure>\n\n\n\n<figure class=\"wp-block-embed is-type-rich is-provider-twitter wp-block-embed-twitter\"><div class=\"wp-block-embed__wrapper\">\n<blockquote class=\"twitter-tweet\" data-width=\"550\" data-dnt=\"true\"><p lang=\"es\" dir=\"ltr\">Parab\u00e9ns Diego Alves Carreira! \ud83c\udf82 \ud83c\udde7\ud83c\uddf7<br><br>\u2b50 Campe\u00f3n de la CONMEBOL <a href=\"https:\/\/twitter.com\/Libertadores?ref_src=twsrc%5Etfw\">@Libertadores<\/a> 2\ufe0f\u20e30\ufe0f\u20e31\ufe0f\u20e39\ufe0f\u20e3 y la <a href=\"https:\/\/twitter.com\/ConmebolRecopa?ref_src=twsrc%5Etfw\">@ConmebolRecopa<\/a> 2\ufe0f\u20e30\ufe0f\u20e32\ufe0f\u20e30\ufe0f\u20e3 con <a href=\"https:\/\/twitter.com\/Flamengo?ref_src=twsrc%5Etfw\">@Flamengo<\/a>  \ud83d\udd34\u26ab<br><br>\u00a1Felices 3\ufe0f\u20e36\ufe0f\u20e3 a\u00f1os <a href=\"https:\/\/twitter.com\/diegoalvesgol?ref_src=twsrc%5Etfw\">@diegoalvesgol<\/a>! \ud83c\udf89 \ud83e\udde4 <a href=\"https:\/\/t.co\/zGnhfoVM2a\">pic.twitter.com\/zGnhfoVM2a<\/a><\/p>&mdash; CONMEBOL.com (@CONMEBOL) <a href=\"https:\/\/twitter.com\/CONMEBOL\/status\/1408070760892035085?ref_src=twsrc%5Etfw\">June 24, 2021<\/a><\/blockquote><script async src=\"https:\/\/platform.twitter.com\/widgets.js\" charset=\"utf-8\"><\/script>\n<\/div><\/figure>\n\n\n\n<figure class=\"wp-block-embed is-type-rich is-provider-twitter wp-block-embed-twitter\"><div class=\"wp-block-embed__wrapper\">\n<blockquote class=\"twitter-tweet\" data-width=\"550\" data-dnt=\"true\"><p lang=\"pt\" dir=\"ltr\">\ud83c\udf82\ud83d\udd34\u26ab\ufe0f Parab\u00e9ns, <a href=\"https:\/\/twitter.com\/diegoalvesgol?ref_src=twsrc%5Etfw\">@diegoalvesgol<\/a>! Campe\u00e3o da CONMEBOL <a href=\"https:\/\/twitter.com\/hashtag\/Libertadores?src=hash&amp;ref_src=twsrc%5Etfw\">#Libertadores<\/a> pelo <a href=\"https:\/\/twitter.com\/Flamengo?ref_src=twsrc%5Etfw\">@Flamengo<\/a> em 2019, o goleiro festeja 3\u20e36\u20e3 anos nesta quinta.<br><br>\ud83c\udfc6 Felicidades e <a href=\"https:\/\/twitter.com\/hashtag\/GloriaEterna?src=hash&amp;ref_src=twsrc%5Etfw\">#GloriaEterna<\/a>! <a href=\"https:\/\/t.co\/1reirwUNt0\">pic.twitter.com\/1reirwUNt0<\/a><\/p>&mdash; CONMEBOL Libertadores (@LibertadoresBR) <a href=\"https:\/\/twitter.com\/LibertadoresBR\/status\/1407896266441363457?ref_src=twsrc%5Etfw\">June 24, 2021<\/a><\/blockquote><script async src=\"https:\/\/platform.twitter.com\/widgets.js\" charset=\"utf-8\"><\/script>\n<\/div><\/figure>\n\n\n\n<figure class=\"wp-block-embed is-type-rich is-provider-twitter wp-block-embed-twitter\"><div class=\"wp-block-embed__wrapper\">\n<blockquote class=\"twitter-tweet\" data-width=\"550\" data-dnt=\"true\"><p lang=\"pt\" dir=\"ltr\">\ud83c\udfb5 <a href=\"https:\/\/twitter.com\/diegoalvesgol?ref_src=twsrc%5Etfw\">@diegoalvesgol<\/a> \u00e9 nota 10, Diego Alves \u00e9 nota 1000 \ud83c\udfb5<br><br>Hoje \u00e9 anivers\u00e1rio do nosso Pared\u00e3o, multicampe\u00e3o com o Manto Sagrado: Campeonato Carioca (2019, 2020, 2021), Campeonato Brasileiro (2019, 2020), Libertadores (2019), Supercopa (2020, 2021) e Recopa (2020). <a href=\"https:\/\/t.co\/G3lNghluKI\">pic.twitter.com\/G3lNghluKI<\/a><\/p>&mdash; Flamengo (@Flamengo) <a href=\"https:\/\/twitter.com\/Flamengo\/status\/1408054161531314182?ref_src=twsrc%5Etfw\">June 24, 2021<\/a><\/blockquote><script async src=\"https:\/\/platform.twitter.com\/widgets.js\" charset=\"utf-8\"><\/script>\n<\/div><\/figure>\n\n\n\n<p><\/p>\n","protected":false},"excerpt":{"rendered":"<p>Nesta quinta-feira (24), um dos principais respons\u00e1veis pelos t\u00edtulos do Flamengo nos \u00faltimos anos faz anivers\u00e1rio. O experiente goleiro Diego Alves completa 36 anos de vida e muita compet\u00eancia. Em comemora\u00e7\u00e3o \u00e0 data, as redes sociais dos torneios internacionais nos quais o arqueiro participou publicaram mensagens com suas respectivas felicita\u00e7\u00f5es ao camisa 1 rubro-negro. Em [&hellip;]<\/p>\n","protected":false},"author":4,"featured_media":57672,"comment_status":"open","ping_status":"closed","sticky":false,"template":"","format":"standard","meta":{"footnotes":""},"categories":[1],"tags":[],"class_list":["post-63528","post","type-post","status-publish","format-standard","has-post-thumbnail","hentry","category-flamengo"],"yoast_head":"<!-- This site is optimized with the Yoast SEO Premium plugin v24.2 (Yoast SEO v26.9) - https:\/\/yoast.com\/product\/yoast-seo-premium-wordpress\/ -->\n<title>Em seu anivers\u00e1rio, Diego Alves \u00e9 lembrado por torneios internacionais<\/title>\n<meta name=\"robots\" content=\"index, follow, max-snippet:-1, max-image-preview:large, max-video-preview:-1\" \/>\n<link rel=\"canonical\" href=\"https:\/\/www.gaveanews.com\/index.php\/2021\/06\/24\/em-seu-aniversario-diego-alves-e-lembrado-por-torneios-internacionais\/\" \/>\n<meta property=\"og:locale\" content=\"pt_BR\" \/>\n<meta property=\"og:type\" content=\"article\" \/>\n<meta property=\"og:title\" content=\"Em seu anivers\u00e1rio, Diego Alves \u00e9 lembrado por torneios internacionais\" \/>\n<meta property=\"og:description\" content=\"Nesta quinta-feira (24), um dos principais respons\u00e1veis pelos t\u00edtulos do Flamengo nos \u00faltimos anos faz anivers\u00e1rio. O experiente goleiro Diego Alves completa 36 anos de vida e muita compet\u00eancia. Em comemora\u00e7\u00e3o \u00e0 data, as redes sociais dos torneios internacionais nos quais o arqueiro participou publicaram mensagens com suas respectivas felicita\u00e7\u00f5es ao camisa 1 rubro-negro. Em [&hellip;]\" \/>\n<meta property=\"og:url\" content=\"https:\/\/www.gaveanews.com\/index.php\/2021\/06\/24\/em-seu-aniversario-diego-alves-e-lembrado-por-torneios-internacionais\/\" \/>\n<meta property=\"og:site_name\" content=\"G\u00e1vea News\" \/>\n<meta property=\"article:publisher\" content=\"https:\/\/facebook.com\/gaveaNews\/\" \/>\n<meta property=\"article:published_time\" content=\"2021-06-24T19:13:49+00:00\" \/>\n<meta property=\"article:modified_time\" content=\"2021-08-12T03:49:33+00:00\" \/>\n<meta property=\"og:image\" content=\"https:\/\/www.gaveanews.com\/wp-content\/uploads\/Diego-Alves-em-treino-no-Ninho-do-Urubu.webp\" \/>\n\t<meta property=\"og:image:width\" content=\"640\" \/>\n\t<meta property=\"og:image:height\" content=\"400\" \/>\n\t<meta property=\"og:image:type\" content=\"image\/jpeg\" \/>\n<meta name=\"author\" content=\"Let\u00edcia Gerheim\" \/>\n<meta name=\"twitter:card\" content=\"summary_large_image\" \/>\n<meta name=\"twitter:label1\" content=\"Escrito por\" \/>\n\t<meta name=\"twitter:data1\" content=\"Let\u00edcia Gerheim\" \/>\n\t<meta name=\"twitter:label2\" content=\"Est. tempo de leitura\" \/>\n\t<meta name=\"twitter:data2\" content=\"1 minuto\" \/>\n<script type=\"application\/ld+json\" class=\"yoast-schema-graph\">{\"@context\":\"https:\/\/schema.org\",\"@graph\":[{\"@type\":\"NewsArticle\",\"@id\":\"https:\/\/www.gaveanews.com\/index.php\/2021\/06\/24\/em-seu-aniversario-diego-alves-e-lembrado-por-torneios-internacionais\/#article\",\"isPartOf\":{\"@id\":\"https:\/\/www.gaveanews.com\/index.php\/2021\/06\/24\/em-seu-aniversario-diego-alves-e-lembrado-por-torneios-internacionais\/\"},\"author\":{\"name\":\"Let\u00edcia Gerheim\",\"@id\":\"https:\/\/www.gaveanews.com\/#\/schema\/person\/714c67050b836198af2450ba1c142a67\"},\"headline\":\"Em seu anivers\u00e1rio, Diego Alves \u00e9 lembrado por torneios internacionais\",\"datePublished\":\"2021-06-24T19:13:49+00:00\",\"dateModified\":\"2021-08-12T03:49:33+00:00\",\"mainEntityOfPage\":{\"@id\":\"https:\/\/www.gaveanews.com\/index.php\/2021\/06\/24\/em-seu-aniversario-diego-alves-e-lembrado-por-torneios-internacionais\/\"},\"wordCount\":205,\"commentCount\":2,\"image\":{\"@id\":\"https:\/\/www.gaveanews.com\/index.php\/2021\/06\/24\/em-seu-aniversario-diego-alves-e-lembrado-por-torneios-internacionais\/#primaryimage\"},\"thumbnailUrl\":\"https:\/\/www.gaveanews.com\/wp-content\/uploads\/Diego-Alves-em-treino-no-Ninho-do-Urubu.webp\",\"articleSection\":[\"Flamengo\"],\"inLanguage\":\"pt-BR\",\"potentialAction\":[{\"@type\":\"CommentAction\",\"name\":\"Comment\",\"target\":[\"https:\/\/www.gaveanews.com\/index.php\/2021\/06\/24\/em-seu-aniversario-diego-alves-e-lembrado-por-torneios-internacionais\/#respond\"]}],\"copyrightYear\":\"2021\",\"copyrightHolder\":{\"@id\":\"https:\/\/www.gaveanews.com\/#organization\"}},{\"@type\":\"WebPage\",\"@id\":\"https:\/\/www.gaveanews.com\/index.php\/2021\/06\/24\/em-seu-aniversario-diego-alves-e-lembrado-por-torneios-internacionais\/\",\"url\":\"https:\/\/www.gaveanews.com\/index.php\/2021\/06\/24\/em-seu-aniversario-diego-alves-e-lembrado-por-torneios-internacionais\/\",\"name\":\"Em seu anivers\u00e1rio, Diego Alves \u00e9 lembrado por torneios internacionais\",\"isPartOf\":{\"@id\":\"https:\/\/www.gaveanews.com\/#website\"},\"primaryImageOfPage\":{\"@id\":\"https:\/\/www.gaveanews.com\/index.php\/2021\/06\/24\/em-seu-aniversario-diego-alves-e-lembrado-por-torneios-internacionais\/#primaryimage\"},\"image\":{\"@id\":\"https:\/\/www.gaveanews.com\/index.php\/2021\/06\/24\/em-seu-aniversario-diego-alves-e-lembrado-por-torneios-internacionais\/#primaryimage\"},\"thumbnailUrl\":\"https:\/\/www.gaveanews.com\/wp-content\/uploads\/Diego-Alves-em-treino-no-Ninho-do-Urubu.webp\",\"datePublished\":\"2021-06-24T19:13:49+00:00\",\"dateModified\":\"2021-08-12T03:49:33+00:00\",\"author\":{\"@id\":\"https:\/\/www.gaveanews.com\/#\/schema\/person\/714c67050b836198af2450ba1c142a67\"},\"breadcrumb\":{\"@id\":\"https:\/\/www.gaveanews.com\/index.php\/2021\/06\/24\/em-seu-aniversario-diego-alves-e-lembrado-por-torneios-internacionais\/#breadcrumb\"},\"inLanguage\":\"pt-BR\",\"potentialAction\":[{\"@type\":\"ReadAction\",\"target\":[\"https:\/\/www.gaveanews.com\/index.php\/2021\/06\/24\/em-seu-aniversario-diego-alves-e-lembrado-por-torneios-internacionais\/\"]}]},{\"@type\":\"ImageObject\",\"inLanguage\":\"pt-BR\",\"@id\":\"https:\/\/www.gaveanews.com\/index.php\/2021\/06\/24\/em-seu-aniversario-diego-alves-e-lembrado-por-torneios-internacionais\/#primaryimage\",\"url\":\"https:\/\/www.gaveanews.com\/wp-content\/uploads\/Diego-Alves-em-treino-no-Ninho-do-Urubu.webp\",\"contentUrl\":\"https:\/\/www.gaveanews.com\/wp-content\/uploads\/Diego-Alves-em-treino-no-Ninho-do-Urubu.webp\",\"width\":640,\"height\":400,\"caption\":\"Diego Alves em treino no Ninho do Urubu (Foto: Alexandre Vidal\/Flamengo)\"},{\"@type\":\"BreadcrumbList\",\"@id\":\"https:\/\/www.gaveanews.com\/index.php\/2021\/06\/24\/em-seu-aniversario-diego-alves-e-lembrado-por-torneios-internacionais\/#breadcrumb\",\"itemListElement\":[{\"@type\":\"ListItem\",\"position\":1,\"name\":\"Home\",\"item\":\"https:\/\/www.gaveanews.com\/\"},{\"@type\":\"ListItem\",\"position\":2,\"name\":\"Em seu anivers\u00e1rio, Diego Alves \u00e9 lembrado por torneios internacionais\"}]},{\"@type\":\"WebSite\",\"@id\":\"https:\/\/www.gaveanews.com\/#website\",\"url\":\"https:\/\/www.gaveanews.com\/\",\"name\":\"G\u00e1vea News\",\"description\":\"Veja todas as not\u00edcias sobre o Flamengo: Contrata\u00e7\u00f5es, categorias de base, resultados das partidas, tabela de classifica\u00e7\u00e3o, pr\u00f3ximos jogos!\",\"potentialAction\":[{\"@type\":\"SearchAction\",\"target\":{\"@type\":\"EntryPoint\",\"urlTemplate\":\"https:\/\/www.gaveanews.com\/?s={search_term_string}\"},\"query-input\":{\"@type\":\"PropertyValueSpecification\",\"valueRequired\":true,\"valueName\":\"search_term_string\"}}],\"inLanguage\":\"pt-BR\"},{\"@type\":\"Person\",\"@id\":\"https:\/\/www.gaveanews.com\/#\/schema\/person\/714c67050b836198af2450ba1c142a67\",\"name\":\"Let\u00edcia Gerheim\",\"image\":{\"@type\":\"ImageObject\",\"inLanguage\":\"pt-BR\",\"@id\":\"https:\/\/www.gaveanews.com\/#\/schema\/person\/image\/\",\"url\":\"https:\/\/secure.gravatar.com\/avatar\/60734739c50fcebfbac509e2a826ccd0ff405c019bc73aab9354f19ecad1dcb4?s=96&d=mm&r=g\",\"contentUrl\":\"https:\/\/secure.gravatar.com\/avatar\/60734739c50fcebfbac509e2a826ccd0ff405c019bc73aab9354f19ecad1dcb4?s=96&d=mm&r=g\",\"caption\":\"Let\u00edcia Gerheim\"}}]}<\/script>\n<!-- \/ Yoast SEO Premium plugin. -->","yoast_head_json":{"title":"Em seu anivers\u00e1rio, Diego Alves \u00e9 lembrado por torneios internacionais","robots":{"index":"index","follow":"follow","max-snippet":"max-snippet:-1","max-image-preview":"max-image-preview:large","max-video-preview":"max-video-preview:-1"},"canonical":"https:\/\/www.gaveanews.com\/index.php\/2021\/06\/24\/em-seu-aniversario-diego-alves-e-lembrado-por-torneios-internacionais\/","og_locale":"pt_BR","og_type":"article","og_title":"Em seu anivers\u00e1rio, Diego Alves \u00e9 lembrado por torneios internacionais","og_description":"Nesta quinta-feira (24), um dos principais respons\u00e1veis pelos t\u00edtulos do Flamengo nos \u00faltimos anos faz anivers\u00e1rio. O experiente goleiro Diego Alves completa 36 anos de vida e muita compet\u00eancia. Em comemora\u00e7\u00e3o \u00e0 data, as redes sociais dos torneios internacionais nos quais o arqueiro participou publicaram mensagens com suas respectivas felicita\u00e7\u00f5es ao camisa 1 rubro-negro. Em [&hellip;]","og_url":"https:\/\/www.gaveanews.com\/index.php\/2021\/06\/24\/em-seu-aniversario-diego-alves-e-lembrado-por-torneios-internacionais\/","og_site_name":"G\u00e1vea News","article_publisher":"https:\/\/facebook.com\/gaveaNews\/","article_published_time":"2021-06-24T19:13:49+00:00","article_modified_time":"2021-08-12T03:49:33+00:00","og_image":[{"width":640,"height":400,"url":"https:\/\/www.gaveanews.com\/wp-content\/uploads\/Diego-Alves-em-treino-no-Ninho-do-Urubu.webp","type":"image\/jpeg"}],"author":"Let\u00edcia Gerheim","twitter_card":"summary_large_image","twitter_misc":{"Escrito por":"Let\u00edcia Gerheim","Est. tempo de leitura":"1 minuto"},"schema":{"@context":"https:\/\/schema.org","@graph":[{"@type":"NewsArticle","@id":"https:\/\/www.gaveanews.com\/index.php\/2021\/06\/24\/em-seu-aniversario-diego-alves-e-lembrado-por-torneios-internacionais\/#article","isPartOf":{"@id":"https:\/\/www.gaveanews.com\/index.php\/2021\/06\/24\/em-seu-aniversario-diego-alves-e-lembrado-por-torneios-internacionais\/"},"author":{"name":"Let\u00edcia Gerheim","@id":"https:\/\/www.gaveanews.com\/#\/schema\/person\/714c67050b836198af2450ba1c142a67"},"headline":"Em seu anivers\u00e1rio, Diego Alves \u00e9 lembrado por torneios internacionais","datePublished":"2021-06-24T19:13:49+00:00","dateModified":"2021-08-12T03:49:33+00:00","mainEntityOfPage":{"@id":"https:\/\/www.gaveanews.com\/index.php\/2021\/06\/24\/em-seu-aniversario-diego-alves-e-lembrado-por-torneios-internacionais\/"},"wordCount":205,"commentCount":2,"image":{"@id":"https:\/\/www.gaveanews.com\/index.php\/2021\/06\/24\/em-seu-aniversario-diego-alves-e-lembrado-por-torneios-internacionais\/#primaryimage"},"thumbnailUrl":"https:\/\/www.gaveanews.com\/wp-content\/uploads\/Diego-Alves-em-treino-no-Ninho-do-Urubu.webp","articleSection":["Flamengo"],"inLanguage":"pt-BR","potentialAction":[{"@type":"CommentAction","name":"Comment","target":["https:\/\/www.gaveanews.com\/index.php\/2021\/06\/24\/em-seu-aniversario-diego-alves-e-lembrado-por-torneios-internacionais\/#respond"]}],"copyrightYear":"2021","copyrightHolder":{"@id":"https:\/\/www.gaveanews.com\/#organization"}},{"@type":"WebPage","@id":"https:\/\/www.gaveanews.com\/index.php\/2021\/06\/24\/em-seu-aniversario-diego-alves-e-lembrado-por-torneios-internacionais\/","url":"https:\/\/www.gaveanews.com\/index.php\/2021\/06\/24\/em-seu-aniversario-diego-alves-e-lembrado-por-torneios-internacionais\/","name":"Em seu anivers\u00e1rio, Diego Alves \u00e9 lembrado por torneios internacionais","isPartOf":{"@id":"https:\/\/www.gaveanews.com\/#website"},"primaryImageOfPage":{"@id":"https:\/\/www.gaveanews.com\/index.php\/2021\/06\/24\/em-seu-aniversario-diego-alves-e-lembrado-por-torneios-internacionais\/#primaryimage"},"image":{"@id":"https:\/\/www.gaveanews.com\/index.php\/2021\/06\/24\/em-seu-aniversario-diego-alves-e-lembrado-por-torneios-internacionais\/#primaryimage"},"thumbnailUrl":"https:\/\/www.gaveanews.com\/wp-content\/uploads\/Diego-Alves-em-treino-no-Ninho-do-Urubu.webp","datePublished":"2021-06-24T19:13:49+00:00","dateModified":"2021-08-12T03:49:33+00:00","author":{"@id":"https:\/\/www.gaveanews.com\/#\/schema\/person\/714c67050b836198af2450ba1c142a67"},"breadcrumb":{"@id":"https:\/\/www.gaveanews.com\/index.php\/2021\/06\/24\/em-seu-aniversario-diego-alves-e-lembrado-por-torneios-internacionais\/#breadcrumb"},"inLanguage":"pt-BR","potentialAction":[{"@type":"ReadAction","target":["https:\/\/www.gaveanews.com\/index.php\/2021\/06\/24\/em-seu-aniversario-diego-alves-e-lembrado-por-torneios-internacionais\/"]}]},{"@type":"ImageObject","inLanguage":"pt-BR","@id":"https:\/\/www.gaveanews.com\/index.php\/2021\/06\/24\/em-seu-aniversario-diego-alves-e-lembrado-por-torneios-internacionais\/#primaryimage","url":"https:\/\/www.gaveanews.com\/wp-content\/uploads\/Diego-Alves-em-treino-no-Ninho-do-Urubu.webp","contentUrl":"https:\/\/www.gaveanews.com\/wp-content\/uploads\/Diego-Alves-em-treino-no-Ninho-do-Urubu.webp","width":640,"height":400,"caption":"Diego Alves em treino no Ninho do Urubu (Foto: Alexandre Vidal\/Flamengo)"},{"@type":"BreadcrumbList","@id":"https:\/\/www.gaveanews.com\/index.php\/2021\/06\/24\/em-seu-aniversario-diego-alves-e-lembrado-por-torneios-internacionais\/#breadcrumb","itemListElement":[{"@type":"ListItem","position":1,"name":"Home","item":"https:\/\/www.gaveanews.com\/"},{"@type":"ListItem","position":2,"name":"Em seu anivers\u00e1rio, Diego Alves \u00e9 lembrado por torneios internacionais"}]},{"@type":"WebSite","@id":"https:\/\/www.gaveanews.com\/#website","url":"https:\/\/www.gaveanews.com\/","name":"G\u00e1vea News","description":"Veja todas as not\u00edcias sobre o Flamengo: Contrata\u00e7\u00f5es, categorias de base, resultados das partidas, tabela de classifica\u00e7\u00e3o, pr\u00f3ximos jogos!","potentialAction":[{"@type":"SearchAction","target":{"@type":"EntryPoint","urlTemplate":"https:\/\/www.gaveanews.com\/?s={search_term_string}"},"query-input":{"@type":"PropertyValueSpecification","valueRequired":true,"valueName":"search_term_string"}}],"inLanguage":"pt-BR"},{"@type":"Person","@id":"https:\/\/www.gaveanews.com\/#\/schema\/person\/714c67050b836198af2450ba1c142a67","name":"Let\u00edcia Gerheim","image":{"@type":"ImageObject","inLanguage":"pt-BR","@id":"https:\/\/www.gaveanews.com\/#\/schema\/person\/image\/","url":"https:\/\/secure.gravatar.com\/avatar\/60734739c50fcebfbac509e2a826ccd0ff405c019bc73aab9354f19ecad1dcb4?s=96&d=mm&r=g","contentUrl":"https:\/\/secure.gravatar.com\/avatar\/60734739c50fcebfbac509e2a826ccd0ff405c019bc73aab9354f19ecad1dcb4?s=96&d=mm&r=g","caption":"Let\u00edcia Gerheim"}}]}},"_links":{"self":[{"href":"https:\/\/www.gaveanews.com\/index.php\/wp-json\/wp\/v2\/posts\/63528","targetHints":{"allow":["GET"]}}],"collection":[{"href":"https:\/\/www.gaveanews.com\/index.php\/wp-json\/wp\/v2\/posts"}],"about":[{"href":"https:\/\/www.gaveanews.com\/index.php\/wp-json\/wp\/v2\/types\/post"}],"author":[{"embeddable":true,"href":"https:\/\/www.gaveanews.com\/index.php\/wp-json\/wp\/v2\/users\/4"}],"replies":[{"embeddable":true,"href":"https:\/\/www.gaveanews.com\/index.php\/wp-json\/wp\/v2\/comments?post=63528"}],"version-history":[{"count":0,"href":"https:\/\/www.gaveanews.com\/index.php\/wp-json\/wp\/v2\/posts\/63528\/revisions"}],"wp:featuredmedia":[{"embeddable":true,"href":"https:\/\/www.gaveanews.com\/index.php\/wp-json\/wp\/v2\/media\/57672"}],"wp:attachment":[{"href":"https:\/\/www.gaveanews.com\/index.php\/wp-json\/wp\/v2\/media?parent=63528"}],"wp:term":[{"taxonomy":"category","embeddable":true,"href":"https:\/\/www.gaveanews.com\/index.php\/wp-json\/wp\/v2\/categories?post=63528"},{"taxonomy":"post_tag","embeddable":true,"href":"https:\/\/www.gaveanews.com\/index.php\/wp-json\/wp\/v2\/tags?post=63528"}],"curies":[{"name":"wp","href":"https:\/\/api.w.org\/{rel}","templated":true}]}}