{"id":63531,"date":"2021-06-24T15:47:49","date_gmt":"2021-06-24T18:47:49","guid":{"rendered":"https:\/\/www.gaveanews.com\/?p=63531"},"modified":"2021-06-24T15:47:51","modified_gmt":"2021-06-24T18:47:51","slug":"torcida-do-flamengo-comenta-atitude-de-pedro-e-critica-de-rogerio-ceni","status":"publish","type":"post","link":"https:\/\/www.gaveanews.com\/index.php\/2021\/06\/24\/torcida-do-flamengo-comenta-atitude-de-pedro-e-critica-de-rogerio-ceni\/","title":{"rendered":"Torcida do Flamengo comenta atitude de Pedro e cr\u00edtica de Rog\u00e9rio Ceni"},"content":{"rendered":"\n<p>A atitude do atacante Pedro na noite desta quarta-feira, saiu irritado ao ser substitu\u00eddo no segundo tempo da vit\u00f3ria do Flamengo sobre o Fortaleza, por 2 a 1, esbravejando e chutando objetos, repercutiu nas redes sociais. Na coletiva de Rog\u00e9rio Ceni, o treinador criticou o comportamento do jogador, colocando mais lenha na fogueira:<\/p>\n\n\n\n<p><strong><em>\u2014 Fico triste. Desrespeitoso n\u00e3o s\u00f3 comigo, mas com o atleta que entrou e com o clube. E n\u00e3o \u00e9 muito da caracter\u00edstica do Pedro. Ele \u00e9 bom garoto<\/em><\/strong>, disse Ceni, afirmando que a pol\u00eamica envolvendo a sua ida ou n\u00e3o para os Jogos de T\u00f3quio, j\u00e1 que h\u00e1 uma queda de bra\u00e7o do Flamengo com o CBF pode estar tirando a tranquilidade do jogador.<\/p>\n\n\n\n<p><strong><em>\u2014 Esse neg\u00f3cio de Sele\u00e7\u00e3o e da convoca\u00e7\u00e3o mexe com a cabe\u00e7a do jogador. Mas \u00e9 uma cena lament\u00e1vel. N\u00e3o \u00e9 correta, acho feio<\/em><\/strong>, disse Ceni.<\/p>\n\n\n\n<p>Entre os internautas as opini\u00f5es foram as de que tanto Pedro, pela atitude, quanto Ceni, por expor o jogador. cometeram erros. <strong>Veja algumas opini\u00f5es<\/strong>:<\/p>\n\n\n\n<figure class=\"wp-block-embed is-type-rich is-provider-twitter wp-block-embed-twitter\"><div class=\"wp-block-embed__wrapper\">\n<blockquote class=\"twitter-tweet\" data-width=\"550\" data-dnt=\"true\"><p lang=\"pt\" dir=\"ltr\">Sobre o problema Pedro x Rog\u00e9rio Ceni de ontem:<br><br>Pedro vacilou, n precisava dar aquele showzinho. Ele at\u00e9 outro dia estava com COVID e subs ele n era loucura<br><br>Rog\u00e9rio n\u00e3o precisava falar o q falou na entrevista. Poderia dizer q ia resolver internamente<br><br>Flamengo precisa ficar \ud83d\udc40<\/p>&mdash; Paolo (@resumorn) <a href=\"https:\/\/twitter.com\/resumorn\/status\/1408058383148617728?ref_src=twsrc%5Etfw\">June 24, 2021<\/a><\/blockquote><script async src=\"https:\/\/platform.twitter.com\/widgets.js\" charset=\"utf-8\"><\/script>\n<\/div><\/figure>\n\n\n\n<figure class=\"wp-block-embed is-type-rich is-provider-twitter wp-block-embed-twitter\"><div class=\"wp-block-embed__wrapper\">\n<blockquote class=\"twitter-tweet\" data-width=\"550\" data-dnt=\"true\"><p lang=\"pt\" dir=\"ltr\">Pedro : oque foi ? <br><br>Tot\u00f3 : \u201c N\u00e3o quero conversa  &#8230;. parada feia vc fez hoje no jogo \u201c <a href=\"https:\/\/t.co\/2v3JwYWSgi\">pic.twitter.com\/2v3JwYWSgi<\/a><\/p>&mdash; LeodofLA (@euLeodofLA) <a href=\"https:\/\/twitter.com\/euLeodofLA\/status\/1407905729470730243?ref_src=twsrc%5Etfw\">June 24, 2021<\/a><\/blockquote><script async src=\"https:\/\/platform.twitter.com\/widgets.js\" charset=\"utf-8\"><\/script>\n<\/div><\/figure>\n\n\n\n<figure class=\"wp-block-embed is-type-rich is-provider-twitter wp-block-embed-twitter\"><div class=\"wp-block-embed__wrapper\">\n<blockquote class=\"twitter-tweet\" data-width=\"550\" data-dnt=\"true\"><p lang=\"pt\" dir=\"ltr\">Ceni contra o Pedro \/ Ceni contra o Gabigol <a href=\"https:\/\/t.co\/3zznHBBt5p\">pic.twitter.com\/3zznHBBt5p<\/a><\/p>&mdash; andrebuck (@AndreBuck) <a href=\"https:\/\/twitter.com\/AndreBuck\/status\/1407889366127722496?ref_src=twsrc%5Etfw\">June 24, 2021<\/a><\/blockquote><script async src=\"https:\/\/platform.twitter.com\/widgets.js\" charset=\"utf-8\"><\/script>\n<\/div><\/figure>\n\n\n\n<figure class=\"wp-block-embed is-type-rich is-provider-twitter wp-block-embed-twitter\"><div class=\"wp-block-embed__wrapper\">\n<blockquote class=\"twitter-tweet\" data-width=\"550\" data-dnt=\"true\"><p lang=\"pt\" dir=\"ltr\">Sobre Pedro e Rog\u00e9rio Ceni, acho q faltou maturidade a ambos, o certo era fazer o q eu sempre fa\u00e7o q \u00e9 culpar o Michael msm sem o coitado ter culpa alguma, mas pelo menos t\u00e1 resolvido<\/p>&mdash; Poetas (@PoetasFla) <a href=\"https:\/\/twitter.com\/PoetasFla\/status\/1408018161165815812?ref_src=twsrc%5Etfw\">June 24, 2021<\/a><\/blockquote><script async src=\"https:\/\/platform.twitter.com\/widgets.js\" charset=\"utf-8\"><\/script>\n<\/div><\/figure>\n\n\n\n<figure class=\"wp-block-embed is-provider-twitter wp-block-embed-twitter\"><div class=\"wp-block-embed__wrapper\">\n<blockquote class=\"twitter-tweet\" data-width=\"550\" data-dnt=\"true\"><p lang=\"pt\" dir=\"ltr\">Sobre Pedro e Rog\u00e9rio Ceni, acho q faltou maturidade a ambos, o certo era fazer o q eu sempre fa\u00e7o q \u00e9 culpar o Michael msm sem o coitado ter culpa alguma, mas pelo menos t\u00e1 resolvido<\/p>&mdash; Poetas (@PoetasFla) <a href=\"https:\/\/twitter.com\/PoetasFla\/status\/1408018161165815812?ref_src=twsrc%5Etfw\">June 24, 2021<\/a><\/blockquote><script async src=\"https:\/\/platform.twitter.com\/widgets.js\" charset=\"utf-8\"><\/script>\n<\/div><\/figure>\n\n\n\n<figure class=\"wp-block-embed is-type-rich is-provider-twitter wp-block-embed-twitter\"><div class=\"wp-block-embed__wrapper\">\nhttps:\/\/twitter.com\/SalvadorJaime07\/status\/1408031150719836160\n<\/div><\/figure>\n\n\n\n<figure class=\"wp-block-embed is-type-rich is-provider-twitter wp-block-embed-twitter\"><div class=\"wp-block-embed__wrapper\">\n<blockquote class=\"twitter-tweet\" data-width=\"550\" data-dnt=\"true\"><p lang=\"pt\" dir=\"ltr\">O Pedro d\u00e1 um xilique publico, nervosinho porque saiu em um jogo  que nem tocou na boa direito &#8211; normal pq voltou agora. Ceni deu dura nele publicamente pq sentiu desrespeitado pelo que ele fez dentro do campo. \u00c9 do jogo. Quem fez toda exposi\u00e7\u00e3o foi o jogador.<\/p>&mdash; BastidoresCRF (@BastidoresFla) <a href=\"https:\/\/twitter.com\/BastidoresFla\/status\/1407876365458739202?ref_src=twsrc%5Etfw\">June 24, 2021<\/a><\/blockquote><script async src=\"https:\/\/platform.twitter.com\/widgets.js\" charset=\"utf-8\"><\/script>\n<\/div><\/figure>\n\n\n\n<figure class=\"wp-block-embed is-type-rich is-provider-twitter wp-block-embed-twitter\"><div class=\"wp-block-embed__wrapper\">\n<blockquote class=\"twitter-tweet\" data-width=\"550\" data-dnt=\"true\"><p lang=\"pt\" dir=\"ltr\">Achei desnecess\u00e1ria a forma como Rog\u00e9rio Ceni se referiu a atitude de Pedro. N\u00e3o foi o primeiro a reclamar de ser substitu\u00eddo, mas foi o primeiro a ser exposto desta forma pelo treinador.<\/p>&mdash; Raisa Simplicio (@simpraisa) <a href=\"https:\/\/twitter.com\/simpraisa\/status\/1407885825728299009?ref_src=twsrc%5Etfw\">June 24, 2021<\/a><\/blockquote><script async src=\"https:\/\/platform.twitter.com\/widgets.js\" charset=\"utf-8\"><\/script>\n<\/div><\/figure>\n\n\n\n<p>Retirado de: Jogada 10<\/p>\n","protected":false},"excerpt":{"rendered":"<p>A atitude do atacante Pedro na noite desta quarta-feira, saiu irritado ao ser substitu\u00eddo no segundo tempo da vit\u00f3ria do Flamengo sobre o Fortaleza, por 2 a 1, esbravejando e chutando objetos, repercutiu nas redes sociais. Na coletiva de Rog\u00e9rio Ceni, o treinador criticou o comportamento do jogador, colocando mais lenha na fogueira: \u2014 Fico [&hellip;]<\/p>\n","protected":false},"author":1,"featured_media":63489,"comment_status":"open","ping_status":"closed","sticky":false,"template":"","format":"standard","meta":{"footnotes":""},"categories":[1],"tags":[],"class_list":["post-63531","post","type-post","status-publish","format-standard","has-post-thumbnail","hentry","category-flamengo"],"yoast_head":"<!-- This site is optimized with the Yoast SEO Premium plugin v24.2 (Yoast SEO v26.9) - https:\/\/yoast.com\/product\/yoast-seo-premium-wordpress\/ -->\n<title>Torcida do Flamengo comenta atitude de Pedro e cr\u00edtica de Rog\u00e9rio Ceni<\/title>\n<meta name=\"robots\" content=\"index, follow, max-snippet:-1, max-image-preview:large, max-video-preview:-1\" \/>\n<link rel=\"canonical\" href=\"https:\/\/www.gaveanews.com\/index.php\/2021\/06\/24\/torcida-do-flamengo-comenta-atitude-de-pedro-e-critica-de-rogerio-ceni\/\" \/>\n<meta property=\"og:locale\" content=\"pt_BR\" \/>\n<meta property=\"og:type\" content=\"article\" \/>\n<meta property=\"og:title\" content=\"Torcida do Flamengo comenta atitude de Pedro e cr\u00edtica de Rog\u00e9rio Ceni\" \/>\n<meta property=\"og:description\" content=\"A atitude do atacante Pedro na noite desta quarta-feira, saiu irritado ao ser substitu\u00eddo no segundo tempo da vit\u00f3ria do Flamengo sobre o Fortaleza, por 2 a 1, esbravejando e chutando objetos, repercutiu nas redes sociais. Na coletiva de Rog\u00e9rio Ceni, o treinador criticou o comportamento do jogador, colocando mais lenha na fogueira: \u2014 Fico [&hellip;]\" \/>\n<meta property=\"og:url\" content=\"https:\/\/www.gaveanews.com\/index.php\/2021\/06\/24\/torcida-do-flamengo-comenta-atitude-de-pedro-e-critica-de-rogerio-ceni\/\" \/>\n<meta property=\"og:site_name\" content=\"G\u00e1vea News\" \/>\n<meta property=\"article:publisher\" content=\"https:\/\/facebook.com\/gaveaNews\/\" \/>\n<meta property=\"article:published_time\" content=\"2021-06-24T18:47:49+00:00\" \/>\n<meta property=\"article:modified_time\" content=\"2021-06-24T18:47:51+00:00\" \/>\n<meta property=\"og:image\" content=\"https:\/\/www.gaveanews.com\/wp-content\/uploads\/Ceni-durante-coletiva-de-imprensa-no-estadio-do-Maracana.webp\" \/>\n\t<meta property=\"og:image:width\" content=\"799\" \/>\n\t<meta property=\"og:image:height\" content=\"532\" \/>\n\t<meta property=\"og:image:type\" content=\"image\/jpeg\" \/>\n<meta name=\"author\" content=\"Equipe G\u00e1vea News\" \/>\n<meta name=\"twitter:card\" content=\"summary_large_image\" \/>\n<meta name=\"twitter:label1\" content=\"Escrito por\" \/>\n\t<meta name=\"twitter:data1\" content=\"Equipe G\u00e1vea News\" \/>\n\t<meta name=\"twitter:label2\" content=\"Est. tempo de leitura\" \/>\n\t<meta name=\"twitter:data2\" content=\"1 minuto\" \/>\n<script type=\"application\/ld+json\" class=\"yoast-schema-graph\">{\"@context\":\"https:\/\/schema.org\",\"@graph\":[{\"@type\":\"NewsArticle\",\"@id\":\"https:\/\/www.gaveanews.com\/index.php\/2021\/06\/24\/torcida-do-flamengo-comenta-atitude-de-pedro-e-critica-de-rogerio-ceni\/#article\",\"isPartOf\":{\"@id\":\"https:\/\/www.gaveanews.com\/index.php\/2021\/06\/24\/torcida-do-flamengo-comenta-atitude-de-pedro-e-critica-de-rogerio-ceni\/\"},\"author\":{\"name\":\"Equipe G\u00e1vea News\",\"@id\":\"https:\/\/www.gaveanews.com\/#\/schema\/person\/2ec14f73fb96be2caf28f91afb14749d\"},\"headline\":\"Torcida do Flamengo comenta atitude de Pedro e cr\u00edtica de Rog\u00e9rio Ceni\",\"datePublished\":\"2021-06-24T18:47:49+00:00\",\"dateModified\":\"2021-06-24T18:47:51+00:00\",\"mainEntityOfPage\":{\"@id\":\"https:\/\/www.gaveanews.com\/index.php\/2021\/06\/24\/torcida-do-flamengo-comenta-atitude-de-pedro-e-critica-de-rogerio-ceni\/\"},\"wordCount\":236,\"commentCount\":35,\"image\":{\"@id\":\"https:\/\/www.gaveanews.com\/index.php\/2021\/06\/24\/torcida-do-flamengo-comenta-atitude-de-pedro-e-critica-de-rogerio-ceni\/#primaryimage\"},\"thumbnailUrl\":\"https:\/\/www.gaveanews.com\/wp-content\/uploads\/Ceni-durante-coletiva-de-imprensa-no-estadio-do-Maracana.webp\",\"articleSection\":[\"Flamengo\"],\"inLanguage\":\"pt-BR\",\"potentialAction\":[{\"@type\":\"CommentAction\",\"name\":\"Comment\",\"target\":[\"https:\/\/www.gaveanews.com\/index.php\/2021\/06\/24\/torcida-do-flamengo-comenta-atitude-de-pedro-e-critica-de-rogerio-ceni\/#respond\"]}],\"copyrightYear\":\"2021\",\"copyrightHolder\":{\"@id\":\"https:\/\/www.gaveanews.com\/#organization\"}},{\"@type\":\"WebPage\",\"@id\":\"https:\/\/www.gaveanews.com\/index.php\/2021\/06\/24\/torcida-do-flamengo-comenta-atitude-de-pedro-e-critica-de-rogerio-ceni\/\",\"url\":\"https:\/\/www.gaveanews.com\/index.php\/2021\/06\/24\/torcida-do-flamengo-comenta-atitude-de-pedro-e-critica-de-rogerio-ceni\/\",\"name\":\"Torcida do Flamengo comenta atitude de Pedro e cr\u00edtica de Rog\u00e9rio Ceni\",\"isPartOf\":{\"@id\":\"https:\/\/www.gaveanews.com\/#website\"},\"primaryImageOfPage\":{\"@id\":\"https:\/\/www.gaveanews.com\/index.php\/2021\/06\/24\/torcida-do-flamengo-comenta-atitude-de-pedro-e-critica-de-rogerio-ceni\/#primaryimage\"},\"image\":{\"@id\":\"https:\/\/www.gaveanews.com\/index.php\/2021\/06\/24\/torcida-do-flamengo-comenta-atitude-de-pedro-e-critica-de-rogerio-ceni\/#primaryimage\"},\"thumbnailUrl\":\"https:\/\/www.gaveanews.com\/wp-content\/uploads\/Ceni-durante-coletiva-de-imprensa-no-estadio-do-Maracana.webp\",\"datePublished\":\"2021-06-24T18:47:49+00:00\",\"dateModified\":\"2021-06-24T18:47:51+00:00\",\"author\":{\"@id\":\"https:\/\/www.gaveanews.com\/#\/schema\/person\/2ec14f73fb96be2caf28f91afb14749d\"},\"breadcrumb\":{\"@id\":\"https:\/\/www.gaveanews.com\/index.php\/2021\/06\/24\/torcida-do-flamengo-comenta-atitude-de-pedro-e-critica-de-rogerio-ceni\/#breadcrumb\"},\"inLanguage\":\"pt-BR\",\"potentialAction\":[{\"@type\":\"ReadAction\",\"target\":[\"https:\/\/www.gaveanews.com\/index.php\/2021\/06\/24\/torcida-do-flamengo-comenta-atitude-de-pedro-e-critica-de-rogerio-ceni\/\"]}]},{\"@type\":\"ImageObject\",\"inLanguage\":\"pt-BR\",\"@id\":\"https:\/\/www.gaveanews.com\/index.php\/2021\/06\/24\/torcida-do-flamengo-comenta-atitude-de-pedro-e-critica-de-rogerio-ceni\/#primaryimage\",\"url\":\"https:\/\/www.gaveanews.com\/wp-content\/uploads\/Ceni-durante-coletiva-de-imprensa-no-estadio-do-Maracana.webp\",\"contentUrl\":\"https:\/\/www.gaveanews.com\/wp-content\/uploads\/Ceni-durante-coletiva-de-imprensa-no-estadio-do-Maracana.webp\",\"width\":799,\"height\":532,\"caption\":\"Ceni durante coletiva de imprensa no est\u00e1dio do Maracan\u00e3 (Foto: Alexandre Vidal\/Flamengo)\"},{\"@type\":\"BreadcrumbList\",\"@id\":\"https:\/\/www.gaveanews.com\/index.php\/2021\/06\/24\/torcida-do-flamengo-comenta-atitude-de-pedro-e-critica-de-rogerio-ceni\/#breadcrumb\",\"itemListElement\":[{\"@type\":\"ListItem\",\"position\":1,\"name\":\"Home\",\"item\":\"https:\/\/www.gaveanews.com\/\"},{\"@type\":\"ListItem\",\"position\":2,\"name\":\"Torcida do Flamengo comenta atitude de Pedro e cr\u00edtica de Rog\u00e9rio Ceni\"}]},{\"@type\":\"WebSite\",\"@id\":\"https:\/\/www.gaveanews.com\/#website\",\"url\":\"https:\/\/www.gaveanews.com\/\",\"name\":\"G\u00e1vea News\",\"description\":\"Veja todas as not\u00edcias sobre o Flamengo: Contrata\u00e7\u00f5es, categorias de base, resultados das partidas, tabela de classifica\u00e7\u00e3o, pr\u00f3ximos jogos!\",\"potentialAction\":[{\"@type\":\"SearchAction\",\"target\":{\"@type\":\"EntryPoint\",\"urlTemplate\":\"https:\/\/www.gaveanews.com\/?s={search_term_string}\"},\"query-input\":{\"@type\":\"PropertyValueSpecification\",\"valueRequired\":true,\"valueName\":\"search_term_string\"}}],\"inLanguage\":\"pt-BR\"},{\"@type\":\"Person\",\"@id\":\"https:\/\/www.gaveanews.com\/#\/schema\/person\/2ec14f73fb96be2caf28f91afb14749d\",\"name\":\"Equipe G\u00e1vea News\",\"image\":{\"@type\":\"ImageObject\",\"inLanguage\":\"pt-BR\",\"@id\":\"https:\/\/www.gaveanews.com\/#\/schema\/person\/image\/\",\"url\":\"https:\/\/secure.gravatar.com\/avatar\/1e1956f1facbffd3f8fa53a326721950116b3b9dc9bd44939c01180fd4a745a9?s=96&d=mm&r=g\",\"contentUrl\":\"https:\/\/secure.gravatar.com\/avatar\/1e1956f1facbffd3f8fa53a326721950116b3b9dc9bd44939c01180fd4a745a9?s=96&d=mm&r=g\",\"caption\":\"Equipe G\u00e1vea News\"}}]}<\/script>\n<!-- \/ Yoast SEO Premium plugin. -->","yoast_head_json":{"title":"Torcida do Flamengo comenta atitude de Pedro e cr\u00edtica de Rog\u00e9rio Ceni","robots":{"index":"index","follow":"follow","max-snippet":"max-snippet:-1","max-image-preview":"max-image-preview:large","max-video-preview":"max-video-preview:-1"},"canonical":"https:\/\/www.gaveanews.com\/index.php\/2021\/06\/24\/torcida-do-flamengo-comenta-atitude-de-pedro-e-critica-de-rogerio-ceni\/","og_locale":"pt_BR","og_type":"article","og_title":"Torcida do Flamengo comenta atitude de Pedro e cr\u00edtica de Rog\u00e9rio Ceni","og_description":"A atitude do atacante Pedro na noite desta quarta-feira, saiu irritado ao ser substitu\u00eddo no segundo tempo da vit\u00f3ria do Flamengo sobre o Fortaleza, por 2 a 1, esbravejando e chutando objetos, repercutiu nas redes sociais. Na coletiva de Rog\u00e9rio Ceni, o treinador criticou o comportamento do jogador, colocando mais lenha na fogueira: \u2014 Fico [&hellip;]","og_url":"https:\/\/www.gaveanews.com\/index.php\/2021\/06\/24\/torcida-do-flamengo-comenta-atitude-de-pedro-e-critica-de-rogerio-ceni\/","og_site_name":"G\u00e1vea News","article_publisher":"https:\/\/facebook.com\/gaveaNews\/","article_published_time":"2021-06-24T18:47:49+00:00","article_modified_time":"2021-06-24T18:47:51+00:00","og_image":[{"width":799,"height":532,"url":"https:\/\/www.gaveanews.com\/wp-content\/uploads\/Ceni-durante-coletiva-de-imprensa-no-estadio-do-Maracana.webp","type":"image\/jpeg"}],"author":"Equipe G\u00e1vea News","twitter_card":"summary_large_image","twitter_misc":{"Escrito por":"Equipe G\u00e1vea News","Est. tempo de leitura":"1 minuto"},"schema":{"@context":"https:\/\/schema.org","@graph":[{"@type":"NewsArticle","@id":"https:\/\/www.gaveanews.com\/index.php\/2021\/06\/24\/torcida-do-flamengo-comenta-atitude-de-pedro-e-critica-de-rogerio-ceni\/#article","isPartOf":{"@id":"https:\/\/www.gaveanews.com\/index.php\/2021\/06\/24\/torcida-do-flamengo-comenta-atitude-de-pedro-e-critica-de-rogerio-ceni\/"},"author":{"name":"Equipe G\u00e1vea News","@id":"https:\/\/www.gaveanews.com\/#\/schema\/person\/2ec14f73fb96be2caf28f91afb14749d"},"headline":"Torcida do Flamengo comenta atitude de Pedro e cr\u00edtica de Rog\u00e9rio Ceni","datePublished":"2021-06-24T18:47:49+00:00","dateModified":"2021-06-24T18:47:51+00:00","mainEntityOfPage":{"@id":"https:\/\/www.gaveanews.com\/index.php\/2021\/06\/24\/torcida-do-flamengo-comenta-atitude-de-pedro-e-critica-de-rogerio-ceni\/"},"wordCount":236,"commentCount":35,"image":{"@id":"https:\/\/www.gaveanews.com\/index.php\/2021\/06\/24\/torcida-do-flamengo-comenta-atitude-de-pedro-e-critica-de-rogerio-ceni\/#primaryimage"},"thumbnailUrl":"https:\/\/www.gaveanews.com\/wp-content\/uploads\/Ceni-durante-coletiva-de-imprensa-no-estadio-do-Maracana.webp","articleSection":["Flamengo"],"inLanguage":"pt-BR","potentialAction":[{"@type":"CommentAction","name":"Comment","target":["https:\/\/www.gaveanews.com\/index.php\/2021\/06\/24\/torcida-do-flamengo-comenta-atitude-de-pedro-e-critica-de-rogerio-ceni\/#respond"]}],"copyrightYear":"2021","copyrightHolder":{"@id":"https:\/\/www.gaveanews.com\/#organization"}},{"@type":"WebPage","@id":"https:\/\/www.gaveanews.com\/index.php\/2021\/06\/24\/torcida-do-flamengo-comenta-atitude-de-pedro-e-critica-de-rogerio-ceni\/","url":"https:\/\/www.gaveanews.com\/index.php\/2021\/06\/24\/torcida-do-flamengo-comenta-atitude-de-pedro-e-critica-de-rogerio-ceni\/","name":"Torcida do Flamengo comenta atitude de Pedro e cr\u00edtica de Rog\u00e9rio Ceni","isPartOf":{"@id":"https:\/\/www.gaveanews.com\/#website"},"primaryImageOfPage":{"@id":"https:\/\/www.gaveanews.com\/index.php\/2021\/06\/24\/torcida-do-flamengo-comenta-atitude-de-pedro-e-critica-de-rogerio-ceni\/#primaryimage"},"image":{"@id":"https:\/\/www.gaveanews.com\/index.php\/2021\/06\/24\/torcida-do-flamengo-comenta-atitude-de-pedro-e-critica-de-rogerio-ceni\/#primaryimage"},"thumbnailUrl":"https:\/\/www.gaveanews.com\/wp-content\/uploads\/Ceni-durante-coletiva-de-imprensa-no-estadio-do-Maracana.webp","datePublished":"2021-06-24T18:47:49+00:00","dateModified":"2021-06-24T18:47:51+00:00","author":{"@id":"https:\/\/www.gaveanews.com\/#\/schema\/person\/2ec14f73fb96be2caf28f91afb14749d"},"breadcrumb":{"@id":"https:\/\/www.gaveanews.com\/index.php\/2021\/06\/24\/torcida-do-flamengo-comenta-atitude-de-pedro-e-critica-de-rogerio-ceni\/#breadcrumb"},"inLanguage":"pt-BR","potentialAction":[{"@type":"ReadAction","target":["https:\/\/www.gaveanews.com\/index.php\/2021\/06\/24\/torcida-do-flamengo-comenta-atitude-de-pedro-e-critica-de-rogerio-ceni\/"]}]},{"@type":"ImageObject","inLanguage":"pt-BR","@id":"https:\/\/www.gaveanews.com\/index.php\/2021\/06\/24\/torcida-do-flamengo-comenta-atitude-de-pedro-e-critica-de-rogerio-ceni\/#primaryimage","url":"https:\/\/www.gaveanews.com\/wp-content\/uploads\/Ceni-durante-coletiva-de-imprensa-no-estadio-do-Maracana.webp","contentUrl":"https:\/\/www.gaveanews.com\/wp-content\/uploads\/Ceni-durante-coletiva-de-imprensa-no-estadio-do-Maracana.webp","width":799,"height":532,"caption":"Ceni durante coletiva de imprensa no est\u00e1dio do Maracan\u00e3 (Foto: Alexandre Vidal\/Flamengo)"},{"@type":"BreadcrumbList","@id":"https:\/\/www.gaveanews.com\/index.php\/2021\/06\/24\/torcida-do-flamengo-comenta-atitude-de-pedro-e-critica-de-rogerio-ceni\/#breadcrumb","itemListElement":[{"@type":"ListItem","position":1,"name":"Home","item":"https:\/\/www.gaveanews.com\/"},{"@type":"ListItem","position":2,"name":"Torcida do Flamengo comenta atitude de Pedro e cr\u00edtica de Rog\u00e9rio Ceni"}]},{"@type":"WebSite","@id":"https:\/\/www.gaveanews.com\/#website","url":"https:\/\/www.gaveanews.com\/","name":"G\u00e1vea News","description":"Veja todas as not\u00edcias sobre o Flamengo: Contrata\u00e7\u00f5es, categorias de base, resultados das partidas, tabela de classifica\u00e7\u00e3o, pr\u00f3ximos jogos!","potentialAction":[{"@type":"SearchAction","target":{"@type":"EntryPoint","urlTemplate":"https:\/\/www.gaveanews.com\/?s={search_term_string}"},"query-input":{"@type":"PropertyValueSpecification","valueRequired":true,"valueName":"search_term_string"}}],"inLanguage":"pt-BR"},{"@type":"Person","@id":"https:\/\/www.gaveanews.com\/#\/schema\/person\/2ec14f73fb96be2caf28f91afb14749d","name":"Equipe G\u00e1vea News","image":{"@type":"ImageObject","inLanguage":"pt-BR","@id":"https:\/\/www.gaveanews.com\/#\/schema\/person\/image\/","url":"https:\/\/secure.gravatar.com\/avatar\/1e1956f1facbffd3f8fa53a326721950116b3b9dc9bd44939c01180fd4a745a9?s=96&d=mm&r=g","contentUrl":"https:\/\/secure.gravatar.com\/avatar\/1e1956f1facbffd3f8fa53a326721950116b3b9dc9bd44939c01180fd4a745a9?s=96&d=mm&r=g","caption":"Equipe G\u00e1vea News"}}]}},"_links":{"self":[{"href":"https:\/\/www.gaveanews.com\/index.php\/wp-json\/wp\/v2\/posts\/63531","targetHints":{"allow":["GET"]}}],"collection":[{"href":"https:\/\/www.gaveanews.com\/index.php\/wp-json\/wp\/v2\/posts"}],"about":[{"href":"https:\/\/www.gaveanews.com\/index.php\/wp-json\/wp\/v2\/types\/post"}],"author":[{"embeddable":true,"href":"https:\/\/www.gaveanews.com\/index.php\/wp-json\/wp\/v2\/users\/1"}],"replies":[{"embeddable":true,"href":"https:\/\/www.gaveanews.com\/index.php\/wp-json\/wp\/v2\/comments?post=63531"}],"version-history":[{"count":0,"href":"https:\/\/www.gaveanews.com\/index.php\/wp-json\/wp\/v2\/posts\/63531\/revisions"}],"wp:featuredmedia":[{"embeddable":true,"href":"https:\/\/www.gaveanews.com\/index.php\/wp-json\/wp\/v2\/media\/63489"}],"wp:attachment":[{"href":"https:\/\/www.gaveanews.com\/index.php\/wp-json\/wp\/v2\/media?parent=63531"}],"wp:term":[{"taxonomy":"category","embeddable":true,"href":"https:\/\/www.gaveanews.com\/index.php\/wp-json\/wp\/v2\/categories?post=63531"},{"taxonomy":"post_tag","embeddable":true,"href":"https:\/\/www.gaveanews.com\/index.php\/wp-json\/wp\/v2\/tags?post=63531"}],"curies":[{"name":"wp","href":"https:\/\/api.w.org\/{rel}","templated":true}]}}