{"id":63533,"date":"2021-06-24T17:52:48","date_gmt":"2021-06-24T20:52:48","guid":{"rendered":"https:\/\/www.gaveanews.com\/?p=63533"},"modified":"2021-08-12T00:49:32","modified_gmt":"2021-08-12T03:49:32","slug":"jornalista-critica-postura-de-pedro-apos-substituicao-e-cobra-punicao-do-fla","status":"publish","type":"post","link":"https:\/\/www.gaveanews.com\/index.php\/2021\/06\/24\/jornalista-critica-postura-de-pedro-apos-substituicao-e-cobra-punicao-do-fla\/","title":{"rendered":"Jornalista critica postura de Pedro ap\u00f3s substitui\u00e7\u00e3o e cobra puni\u00e7\u00e3o do Fla"},"content":{"rendered":"\n<p>Na \u00faltima quarta-feira (23), <a href=\"https:\/\/www.gaveanews.com\/index.php\/2021\/06\/23\/assista-os-gols-do-jogo-entre-flamengo-x-fortaleza\/\">o Flamengo venceu o Fortaleza <\/a>na despedida de Gerson do clube. O rubro-negro, por\u00e9m n\u00e3o virou assunto somente por sua vit\u00f3ria ou pela <a href=\"https:\/\/www.gaveanews.com\/index.php\/2021\/06\/23\/com-a-minha-venda-eu-pude-ajudar-o-flamengo-diz-gerson-apos-jogo-de-despedida\/\">emocionada sa\u00edda do volante<\/a>. <\/p>\n\n\n\n<p>Aos 20 minutos do segundo tempo, Rog\u00e9rio Ceni optou por substituir Pedro por Muniz. O camisa 21 n\u00e3o gostou de ter de sair de campo e foi esbravejando para o banco de reservas. O jogador chegou a jogar copo de \u00e1gua pelo caminho e socou a cobertura do banco. <a href=\"https:\/\/www.gaveanews.com\/index.php\/2021\/06\/23\/rogerio-ceni-demonstra-insatisfacao-com-atitude-de-pedro\/\">A atitude foi criticada por Ceni ap\u00f3s o jogo<\/a>.<\/p>\n\n\n\n<p>A cena foi transmitida na TV e chamou aten\u00e7\u00e3o da equipe de comentaristas do duelo, que reprovaram a atitude. Mas a situa\u00e7\u00e3o continuou repercutindo e foi comentada nesta quinta (24) por Gian Oddi, do Grupo Disney.<\/p>\n\n\n\n<p><em><strong>\u2014 N\u00e3o \u00e9 uma rea\u00e7\u00e3o legal. \u00c9 uma rea\u00e7\u00e3o ainda mais nociva com um treinador que \u00e9 indiscut\u00edvel, que a torcida ama, mas isso n\u00e3o \u00e9 o caso do Rog\u00e9rio Ceni. Ent\u00e3o, eu acho que precisa ter uma interven\u00e7\u00e3o da diretoria com o elenco, para deixar claro que esse tipo de atitude n\u00e3o ser\u00e1 mais tolerada. O que a diretoria vai fazer eu n\u00e3o sei, mas se n\u00e3o houver a\u00e7\u00e3o, daqui a pouco vai ser o Muniz a reclamar por ser substitu\u00eddo.<\/strong><\/em><\/p>\n\n\n\n<p>Vale salientar que, na opini\u00e3o do comentarista, a dire\u00e7\u00e3o do Flamengo pode estar perdendo o controle de seus jogadores, j\u00e1 que esta n\u00e3o \u00e9 a primeira vez que um atleta do elenco atual tem este tipo de rea\u00e7\u00e3o com Ceni. Uma cena parecida aconteceu h\u00e1 alguns meses com Gabigol, que saiu de campo revoltado por ter sido substitu\u00eddo pelo t\u00e9cnico.<\/p>\n\n\n\n<p>Com mais esta quest\u00e3o a ser sanada, o rubro-negro se prepara para enfrentar o Juventude neste fim de semana. A partida, v\u00e1lida pela 7\u00aa rodada do Brasileir\u00e3o, ocorrer\u00e1 no domingo (27), \u00e0s 11h (hor\u00e1rio de Bras\u00edlia). O confronto ser\u00e1 transmitido pelo Premiere.<\/p>\n","protected":false},"excerpt":{"rendered":"<p>Na \u00faltima quarta-feira (23), o Flamengo venceu o Fortaleza na despedida de Gerson do clube. O rubro-negro, por\u00e9m n\u00e3o virou assunto somente por sua vit\u00f3ria ou pela emocionada sa\u00edda do volante. Aos 20 minutos do segundo tempo, Rog\u00e9rio Ceni optou por substituir Pedro por Muniz. O camisa 21 n\u00e3o gostou de ter de sair de [&hellip;]<\/p>\n","protected":false},"author":4,"featured_media":63534,"comment_status":"open","ping_status":"closed","sticky":false,"template":"","format":"standard","meta":{"footnotes":""},"categories":[1],"tags":[],"class_list":["post-63533","post","type-post","status-publish","format-standard","has-post-thumbnail","hentry","category-flamengo"],"yoast_head":"<!-- This site is optimized with the Yoast SEO Premium plugin v24.2 (Yoast SEO v26.9) - https:\/\/yoast.com\/product\/yoast-seo-premium-wordpress\/ -->\n<title>Jornalista critica postura de Pedro ap\u00f3s substitui\u00e7\u00e3o e cobra puni\u00e7\u00e3o<\/title>\n<meta name=\"robots\" content=\"index, follow, max-snippet:-1, max-image-preview:large, max-video-preview:-1\" \/>\n<link rel=\"canonical\" href=\"https:\/\/www.gaveanews.com\/index.php\/2021\/06\/24\/jornalista-critica-postura-de-pedro-apos-substituicao-e-cobra-punicao-do-fla\/\" \/>\n<meta property=\"og:locale\" content=\"pt_BR\" \/>\n<meta property=\"og:type\" content=\"article\" \/>\n<meta property=\"og:title\" content=\"Jornalista critica postura de Pedro ap\u00f3s substitui\u00e7\u00e3o e cobra puni\u00e7\u00e3o do Fla\" \/>\n<meta property=\"og:description\" content=\"Na \u00faltima quarta-feira (23), o Flamengo venceu o Fortaleza na despedida de Gerson do clube. O rubro-negro, por\u00e9m n\u00e3o virou assunto somente por sua vit\u00f3ria ou pela emocionada sa\u00edda do volante. Aos 20 minutos do segundo tempo, Rog\u00e9rio Ceni optou por substituir Pedro por Muniz. O camisa 21 n\u00e3o gostou de ter de sair de [&hellip;]\" \/>\n<meta property=\"og:url\" content=\"https:\/\/www.gaveanews.com\/index.php\/2021\/06\/24\/jornalista-critica-postura-de-pedro-apos-substituicao-e-cobra-punicao-do-fla\/\" \/>\n<meta property=\"og:site_name\" content=\"G\u00e1vea News\" \/>\n<meta property=\"article:publisher\" content=\"https:\/\/facebook.com\/gaveaNews\/\" \/>\n<meta property=\"article:published_time\" content=\"2021-06-24T20:52:48+00:00\" \/>\n<meta property=\"article:modified_time\" content=\"2021-08-12T03:49:32+00:00\" \/>\n<meta property=\"og:image\" content=\"https:\/\/www.gaveanews.com\/wp-content\/uploads\/Pedro-apos-ser-substituido-pelo-Flamengo-contra-o-Fortaleza.webp\" \/>\n\t<meta property=\"og:image:width\" content=\"640\" \/>\n\t<meta property=\"og:image:height\" content=\"400\" \/>\n\t<meta property=\"og:image:type\" content=\"image\/png\" \/>\n<meta name=\"author\" content=\"Let\u00edcia Gerheim\" \/>\n<meta name=\"twitter:card\" content=\"summary_large_image\" \/>\n<meta name=\"twitter:label1\" content=\"Escrito por\" \/>\n\t<meta name=\"twitter:data1\" content=\"Let\u00edcia Gerheim\" \/>\n\t<meta name=\"twitter:label2\" content=\"Est. tempo de leitura\" \/>\n\t<meta name=\"twitter:data2\" content=\"2 minutos\" \/>\n<script type=\"application\/ld+json\" class=\"yoast-schema-graph\">{\"@context\":\"https:\/\/schema.org\",\"@graph\":[{\"@type\":\"NewsArticle\",\"@id\":\"https:\/\/www.gaveanews.com\/index.php\/2021\/06\/24\/jornalista-critica-postura-de-pedro-apos-substituicao-e-cobra-punicao-do-fla\/#article\",\"isPartOf\":{\"@id\":\"https:\/\/www.gaveanews.com\/index.php\/2021\/06\/24\/jornalista-critica-postura-de-pedro-apos-substituicao-e-cobra-punicao-do-fla\/\"},\"author\":{\"name\":\"Let\u00edcia Gerheim\",\"@id\":\"https:\/\/www.gaveanews.com\/#\/schema\/person\/714c67050b836198af2450ba1c142a67\"},\"headline\":\"Jornalista critica postura de Pedro ap\u00f3s substitui\u00e7\u00e3o e cobra puni\u00e7\u00e3o do Fla\",\"datePublished\":\"2021-06-24T20:52:48+00:00\",\"dateModified\":\"2021-08-12T03:49:32+00:00\",\"mainEntityOfPage\":{\"@id\":\"https:\/\/www.gaveanews.com\/index.php\/2021\/06\/24\/jornalista-critica-postura-de-pedro-apos-substituicao-e-cobra-punicao-do-fla\/\"},\"wordCount\":345,\"commentCount\":26,\"image\":{\"@id\":\"https:\/\/www.gaveanews.com\/index.php\/2021\/06\/24\/jornalista-critica-postura-de-pedro-apos-substituicao-e-cobra-punicao-do-fla\/#primaryimage\"},\"thumbnailUrl\":\"https:\/\/www.gaveanews.com\/wp-content\/uploads\/Pedro-apos-ser-substituido-pelo-Flamengo-contra-o-Fortaleza.webp\",\"articleSection\":[\"Flamengo\"],\"inLanguage\":\"pt-BR\",\"potentialAction\":[{\"@type\":\"CommentAction\",\"name\":\"Comment\",\"target\":[\"https:\/\/www.gaveanews.com\/index.php\/2021\/06\/24\/jornalista-critica-postura-de-pedro-apos-substituicao-e-cobra-punicao-do-fla\/#respond\"]}],\"copyrightYear\":\"2021\",\"copyrightHolder\":{\"@id\":\"https:\/\/www.gaveanews.com\/#organization\"}},{\"@type\":\"WebPage\",\"@id\":\"https:\/\/www.gaveanews.com\/index.php\/2021\/06\/24\/jornalista-critica-postura-de-pedro-apos-substituicao-e-cobra-punicao-do-fla\/\",\"url\":\"https:\/\/www.gaveanews.com\/index.php\/2021\/06\/24\/jornalista-critica-postura-de-pedro-apos-substituicao-e-cobra-punicao-do-fla\/\",\"name\":\"Jornalista critica postura de Pedro ap\u00f3s substitui\u00e7\u00e3o e cobra puni\u00e7\u00e3o\",\"isPartOf\":{\"@id\":\"https:\/\/www.gaveanews.com\/#website\"},\"primaryImageOfPage\":{\"@id\":\"https:\/\/www.gaveanews.com\/index.php\/2021\/06\/24\/jornalista-critica-postura-de-pedro-apos-substituicao-e-cobra-punicao-do-fla\/#primaryimage\"},\"image\":{\"@id\":\"https:\/\/www.gaveanews.com\/index.php\/2021\/06\/24\/jornalista-critica-postura-de-pedro-apos-substituicao-e-cobra-punicao-do-fla\/#primaryimage\"},\"thumbnailUrl\":\"https:\/\/www.gaveanews.com\/wp-content\/uploads\/Pedro-apos-ser-substituido-pelo-Flamengo-contra-o-Fortaleza.webp\",\"datePublished\":\"2021-06-24T20:52:48+00:00\",\"dateModified\":\"2021-08-12T03:49:32+00:00\",\"author\":{\"@id\":\"https:\/\/www.gaveanews.com\/#\/schema\/person\/714c67050b836198af2450ba1c142a67\"},\"breadcrumb\":{\"@id\":\"https:\/\/www.gaveanews.com\/index.php\/2021\/06\/24\/jornalista-critica-postura-de-pedro-apos-substituicao-e-cobra-punicao-do-fla\/#breadcrumb\"},\"inLanguage\":\"pt-BR\",\"potentialAction\":[{\"@type\":\"ReadAction\",\"target\":[\"https:\/\/www.gaveanews.com\/index.php\/2021\/06\/24\/jornalista-critica-postura-de-pedro-apos-substituicao-e-cobra-punicao-do-fla\/\"]}]},{\"@type\":\"ImageObject\",\"inLanguage\":\"pt-BR\",\"@id\":\"https:\/\/www.gaveanews.com\/index.php\/2021\/06\/24\/jornalista-critica-postura-de-pedro-apos-substituicao-e-cobra-punicao-do-fla\/#primaryimage\",\"url\":\"https:\/\/www.gaveanews.com\/wp-content\/uploads\/Pedro-apos-ser-substituido-pelo-Flamengo-contra-o-Fortaleza.webp\",\"contentUrl\":\"https:\/\/www.gaveanews.com\/wp-content\/uploads\/Pedro-apos-ser-substituido-pelo-Flamengo-contra-o-Fortaleza.webp\",\"width\":640,\"height\":400,\"caption\":\"Pedro ap\u00f3s ser substitu\u00eddo pelo Flamengo contra o Fortaleza (Foto: Alexandre Vidal\/Flamengo)\"},{\"@type\":\"BreadcrumbList\",\"@id\":\"https:\/\/www.gaveanews.com\/index.php\/2021\/06\/24\/jornalista-critica-postura-de-pedro-apos-substituicao-e-cobra-punicao-do-fla\/#breadcrumb\",\"itemListElement\":[{\"@type\":\"ListItem\",\"position\":1,\"name\":\"Home\",\"item\":\"https:\/\/www.gaveanews.com\/\"},{\"@type\":\"ListItem\",\"position\":2,\"name\":\"Jornalista critica postura de Pedro ap\u00f3s substitui\u00e7\u00e3o e cobra puni\u00e7\u00e3o do Fla\"}]},{\"@type\":\"WebSite\",\"@id\":\"https:\/\/www.gaveanews.com\/#website\",\"url\":\"https:\/\/www.gaveanews.com\/\",\"name\":\"G\u00e1vea News\",\"description\":\"Veja todas as not\u00edcias sobre o Flamengo: Contrata\u00e7\u00f5es, categorias de base, resultados das partidas, tabela de classifica\u00e7\u00e3o, pr\u00f3ximos jogos!\",\"potentialAction\":[{\"@type\":\"SearchAction\",\"target\":{\"@type\":\"EntryPoint\",\"urlTemplate\":\"https:\/\/www.gaveanews.com\/?s={search_term_string}\"},\"query-input\":{\"@type\":\"PropertyValueSpecification\",\"valueRequired\":true,\"valueName\":\"search_term_string\"}}],\"inLanguage\":\"pt-BR\"},{\"@type\":\"Person\",\"@id\":\"https:\/\/www.gaveanews.com\/#\/schema\/person\/714c67050b836198af2450ba1c142a67\",\"name\":\"Let\u00edcia Gerheim\",\"image\":{\"@type\":\"ImageObject\",\"inLanguage\":\"pt-BR\",\"@id\":\"https:\/\/www.gaveanews.com\/#\/schema\/person\/image\/\",\"url\":\"https:\/\/secure.gravatar.com\/avatar\/60734739c50fcebfbac509e2a826ccd0ff405c019bc73aab9354f19ecad1dcb4?s=96&d=mm&r=g\",\"contentUrl\":\"https:\/\/secure.gravatar.com\/avatar\/60734739c50fcebfbac509e2a826ccd0ff405c019bc73aab9354f19ecad1dcb4?s=96&d=mm&r=g\",\"caption\":\"Let\u00edcia Gerheim\"}}]}<\/script>\n<!-- \/ Yoast SEO Premium plugin. -->","yoast_head_json":{"title":"Jornalista critica postura de Pedro ap\u00f3s substitui\u00e7\u00e3o e cobra puni\u00e7\u00e3o","robots":{"index":"index","follow":"follow","max-snippet":"max-snippet:-1","max-image-preview":"max-image-preview:large","max-video-preview":"max-video-preview:-1"},"canonical":"https:\/\/www.gaveanews.com\/index.php\/2021\/06\/24\/jornalista-critica-postura-de-pedro-apos-substituicao-e-cobra-punicao-do-fla\/","og_locale":"pt_BR","og_type":"article","og_title":"Jornalista critica postura de Pedro ap\u00f3s substitui\u00e7\u00e3o e cobra puni\u00e7\u00e3o do Fla","og_description":"Na \u00faltima quarta-feira (23), o Flamengo venceu o Fortaleza na despedida de Gerson do clube. O rubro-negro, por\u00e9m n\u00e3o virou assunto somente por sua vit\u00f3ria ou pela emocionada sa\u00edda do volante. Aos 20 minutos do segundo tempo, Rog\u00e9rio Ceni optou por substituir Pedro por Muniz. O camisa 21 n\u00e3o gostou de ter de sair de [&hellip;]","og_url":"https:\/\/www.gaveanews.com\/index.php\/2021\/06\/24\/jornalista-critica-postura-de-pedro-apos-substituicao-e-cobra-punicao-do-fla\/","og_site_name":"G\u00e1vea News","article_publisher":"https:\/\/facebook.com\/gaveaNews\/","article_published_time":"2021-06-24T20:52:48+00:00","article_modified_time":"2021-08-12T03:49:32+00:00","og_image":[{"width":640,"height":400,"url":"https:\/\/www.gaveanews.com\/wp-content\/uploads\/Pedro-apos-ser-substituido-pelo-Flamengo-contra-o-Fortaleza.webp","type":"image\/png"}],"author":"Let\u00edcia Gerheim","twitter_card":"summary_large_image","twitter_misc":{"Escrito por":"Let\u00edcia Gerheim","Est. tempo de leitura":"2 minutos"},"schema":{"@context":"https:\/\/schema.org","@graph":[{"@type":"NewsArticle","@id":"https:\/\/www.gaveanews.com\/index.php\/2021\/06\/24\/jornalista-critica-postura-de-pedro-apos-substituicao-e-cobra-punicao-do-fla\/#article","isPartOf":{"@id":"https:\/\/www.gaveanews.com\/index.php\/2021\/06\/24\/jornalista-critica-postura-de-pedro-apos-substituicao-e-cobra-punicao-do-fla\/"},"author":{"name":"Let\u00edcia Gerheim","@id":"https:\/\/www.gaveanews.com\/#\/schema\/person\/714c67050b836198af2450ba1c142a67"},"headline":"Jornalista critica postura de Pedro ap\u00f3s substitui\u00e7\u00e3o e cobra puni\u00e7\u00e3o do Fla","datePublished":"2021-06-24T20:52:48+00:00","dateModified":"2021-08-12T03:49:32+00:00","mainEntityOfPage":{"@id":"https:\/\/www.gaveanews.com\/index.php\/2021\/06\/24\/jornalista-critica-postura-de-pedro-apos-substituicao-e-cobra-punicao-do-fla\/"},"wordCount":345,"commentCount":26,"image":{"@id":"https:\/\/www.gaveanews.com\/index.php\/2021\/06\/24\/jornalista-critica-postura-de-pedro-apos-substituicao-e-cobra-punicao-do-fla\/#primaryimage"},"thumbnailUrl":"https:\/\/www.gaveanews.com\/wp-content\/uploads\/Pedro-apos-ser-substituido-pelo-Flamengo-contra-o-Fortaleza.webp","articleSection":["Flamengo"],"inLanguage":"pt-BR","potentialAction":[{"@type":"CommentAction","name":"Comment","target":["https:\/\/www.gaveanews.com\/index.php\/2021\/06\/24\/jornalista-critica-postura-de-pedro-apos-substituicao-e-cobra-punicao-do-fla\/#respond"]}],"copyrightYear":"2021","copyrightHolder":{"@id":"https:\/\/www.gaveanews.com\/#organization"}},{"@type":"WebPage","@id":"https:\/\/www.gaveanews.com\/index.php\/2021\/06\/24\/jornalista-critica-postura-de-pedro-apos-substituicao-e-cobra-punicao-do-fla\/","url":"https:\/\/www.gaveanews.com\/index.php\/2021\/06\/24\/jornalista-critica-postura-de-pedro-apos-substituicao-e-cobra-punicao-do-fla\/","name":"Jornalista critica postura de Pedro ap\u00f3s substitui\u00e7\u00e3o e cobra puni\u00e7\u00e3o","isPartOf":{"@id":"https:\/\/www.gaveanews.com\/#website"},"primaryImageOfPage":{"@id":"https:\/\/www.gaveanews.com\/index.php\/2021\/06\/24\/jornalista-critica-postura-de-pedro-apos-substituicao-e-cobra-punicao-do-fla\/#primaryimage"},"image":{"@id":"https:\/\/www.gaveanews.com\/index.php\/2021\/06\/24\/jornalista-critica-postura-de-pedro-apos-substituicao-e-cobra-punicao-do-fla\/#primaryimage"},"thumbnailUrl":"https:\/\/www.gaveanews.com\/wp-content\/uploads\/Pedro-apos-ser-substituido-pelo-Flamengo-contra-o-Fortaleza.webp","datePublished":"2021-06-24T20:52:48+00:00","dateModified":"2021-08-12T03:49:32+00:00","author":{"@id":"https:\/\/www.gaveanews.com\/#\/schema\/person\/714c67050b836198af2450ba1c142a67"},"breadcrumb":{"@id":"https:\/\/www.gaveanews.com\/index.php\/2021\/06\/24\/jornalista-critica-postura-de-pedro-apos-substituicao-e-cobra-punicao-do-fla\/#breadcrumb"},"inLanguage":"pt-BR","potentialAction":[{"@type":"ReadAction","target":["https:\/\/www.gaveanews.com\/index.php\/2021\/06\/24\/jornalista-critica-postura-de-pedro-apos-substituicao-e-cobra-punicao-do-fla\/"]}]},{"@type":"ImageObject","inLanguage":"pt-BR","@id":"https:\/\/www.gaveanews.com\/index.php\/2021\/06\/24\/jornalista-critica-postura-de-pedro-apos-substituicao-e-cobra-punicao-do-fla\/#primaryimage","url":"https:\/\/www.gaveanews.com\/wp-content\/uploads\/Pedro-apos-ser-substituido-pelo-Flamengo-contra-o-Fortaleza.webp","contentUrl":"https:\/\/www.gaveanews.com\/wp-content\/uploads\/Pedro-apos-ser-substituido-pelo-Flamengo-contra-o-Fortaleza.webp","width":640,"height":400,"caption":"Pedro ap\u00f3s ser substitu\u00eddo pelo Flamengo contra o Fortaleza (Foto: Alexandre Vidal\/Flamengo)"},{"@type":"BreadcrumbList","@id":"https:\/\/www.gaveanews.com\/index.php\/2021\/06\/24\/jornalista-critica-postura-de-pedro-apos-substituicao-e-cobra-punicao-do-fla\/#breadcrumb","itemListElement":[{"@type":"ListItem","position":1,"name":"Home","item":"https:\/\/www.gaveanews.com\/"},{"@type":"ListItem","position":2,"name":"Jornalista critica postura de Pedro ap\u00f3s substitui\u00e7\u00e3o e cobra puni\u00e7\u00e3o do Fla"}]},{"@type":"WebSite","@id":"https:\/\/www.gaveanews.com\/#website","url":"https:\/\/www.gaveanews.com\/","name":"G\u00e1vea News","description":"Veja todas as not\u00edcias sobre o Flamengo: Contrata\u00e7\u00f5es, categorias de base, resultados das partidas, tabela de classifica\u00e7\u00e3o, pr\u00f3ximos jogos!","potentialAction":[{"@type":"SearchAction","target":{"@type":"EntryPoint","urlTemplate":"https:\/\/www.gaveanews.com\/?s={search_term_string}"},"query-input":{"@type":"PropertyValueSpecification","valueRequired":true,"valueName":"search_term_string"}}],"inLanguage":"pt-BR"},{"@type":"Person","@id":"https:\/\/www.gaveanews.com\/#\/schema\/person\/714c67050b836198af2450ba1c142a67","name":"Let\u00edcia Gerheim","image":{"@type":"ImageObject","inLanguage":"pt-BR","@id":"https:\/\/www.gaveanews.com\/#\/schema\/person\/image\/","url":"https:\/\/secure.gravatar.com\/avatar\/60734739c50fcebfbac509e2a826ccd0ff405c019bc73aab9354f19ecad1dcb4?s=96&d=mm&r=g","contentUrl":"https:\/\/secure.gravatar.com\/avatar\/60734739c50fcebfbac509e2a826ccd0ff405c019bc73aab9354f19ecad1dcb4?s=96&d=mm&r=g","caption":"Let\u00edcia Gerheim"}}]}},"_links":{"self":[{"href":"https:\/\/www.gaveanews.com\/index.php\/wp-json\/wp\/v2\/posts\/63533","targetHints":{"allow":["GET"]}}],"collection":[{"href":"https:\/\/www.gaveanews.com\/index.php\/wp-json\/wp\/v2\/posts"}],"about":[{"href":"https:\/\/www.gaveanews.com\/index.php\/wp-json\/wp\/v2\/types\/post"}],"author":[{"embeddable":true,"href":"https:\/\/www.gaveanews.com\/index.php\/wp-json\/wp\/v2\/users\/4"}],"replies":[{"embeddable":true,"href":"https:\/\/www.gaveanews.com\/index.php\/wp-json\/wp\/v2\/comments?post=63533"}],"version-history":[{"count":0,"href":"https:\/\/www.gaveanews.com\/index.php\/wp-json\/wp\/v2\/posts\/63533\/revisions"}],"wp:featuredmedia":[{"embeddable":true,"href":"https:\/\/www.gaveanews.com\/index.php\/wp-json\/wp\/v2\/media\/63534"}],"wp:attachment":[{"href":"https:\/\/www.gaveanews.com\/index.php\/wp-json\/wp\/v2\/media?parent=63533"}],"wp:term":[{"taxonomy":"category","embeddable":true,"href":"https:\/\/www.gaveanews.com\/index.php\/wp-json\/wp\/v2\/categories?post=63533"},{"taxonomy":"post_tag","embeddable":true,"href":"https:\/\/www.gaveanews.com\/index.php\/wp-json\/wp\/v2\/tags?post=63533"}],"curies":[{"name":"wp","href":"https:\/\/api.w.org\/{rel}","templated":true}]}}