{"id":63540,"date":"2021-06-26T17:42:49","date_gmt":"2021-06-26T20:42:49","guid":{"rendered":"https:\/\/www.gaveanews.com\/?p=63540"},"modified":"2021-08-12T00:49:25","modified_gmt":"2021-08-12T03:49:25","slug":"veja-a-provavel-escalacao-do-flamengo-contra-o-juventude","status":"publish","type":"post","link":"https:\/\/www.gaveanews.com\/index.php\/2021\/06\/26\/veja-a-provavel-escalacao-do-flamengo-contra-o-juventude\/","title":{"rendered":"Veja a prov\u00e1vel escala\u00e7\u00e3o do Flamengo contra o Juventude"},"content":{"rendered":"\n<p>Depois de <a href=\"https:\/\/www.gaveanews.com\/index.php\/2021\/06\/23\/assista-os-gols-do-jogo-entre-flamengo-x-fortaleza\/\">superar o Fortaleza por 2 a 1 em noite inspirada de Bruno Henrique<\/a>, o Flamengo enfrentar\u00e1 o Juventude neste domingo (27) pela s\u00e9tima rodada do Brasileir\u00e3o. A bola rolar\u00e1 \u00e0s 11h (hor\u00e1rio de Bras\u00edlia), no Est\u00e1dio Alfredo Jaconi. O evento ser\u00e1 transmitido pelo Premiere.<\/p>\n\n\n\n<p>Com apenas uma derrota e nenhum empate no campeonato, o Mais Querido busca garantir mais tr\u00eas pontos para ganhar posi\u00e7\u00f5es na tabela. Vale lembrar que os jogos sobre clubes menos expressivos podem fazer toda a diferen\u00e7a na decis\u00e3o da competi\u00e7\u00e3o.<\/p>\n\n\n\n<p>Tendo isto em mente, o rubro-negro trabalhou nos \u00faltimos dias para realizar mudan\u00e7as pontuais no time. Primeiramente, Ceni testou a possibilidade de <a href=\"https:\/\/www.gaveanews.com\/index.php\/2021\/06\/24\/rogerio-ceni-testa-thiago-maia-em-nova-posicao-no-flamengo\/\">utilizar um meia no ataque<\/a>, j\u00e1 que o elenco possui poucas op\u00e7\u00f5es de substitui\u00e7\u00f5es no setor.<\/p>\n\n\n\n<p>Al\u00e9m disso, o treinador estudou suas op\u00e7\u00f5es no meio-de-campo para preencher a vaga na equipe titular deixada por Gerson, que j\u00e1 viajou para a Fran\u00e7a neste fim de semana. Como Jo\u00e3o Gomes j\u00e1 havia sido utilizado na posi\u00e7\u00e3o, a tend\u00eancia \u00e9 de que o jovem volante seja escalado para o confronto.<\/p>\n\n\n\n<p>Neste contexto, o comandante do time n\u00e3o dever\u00e1 alterar muito a forma\u00e7\u00e3o que venceu o Fortaleza, deixando apenas a d\u00favida entre Pedro e Muniz para come\u00e7ar a partida em campo.<a href=\"https:\/\/www.gaveanews.com\/index.php\/2021\/06\/23\/rogerio-ceni-demonstra-insatisfacao-com-atitude-de-pedro\/\"> Vale lembrar que o camisa 21 teve postura muito criticada na \u00faltimo compromisso,<\/a> que que poder\u00e1 pesar na escolha de Ceni para a manh\u00e3 de domingo.<\/p>\n\n\n\n<h2 class=\"wp-block-heading\" id=\"h-escala-o-prov-vel\">Escala\u00e7\u00e3o prov\u00e1vel:<\/h2>\n\n\n\n<p>Diego Alves, Matheuzinho, Ar\u00e3o, Gustavo Henrique, Filipe Lu\u00eds; Jo\u00e3o Gomes, Diego, Vitinho, Michael; Bruno Henrique e Pedro (Muniz).<\/p>\n","protected":false},"excerpt":{"rendered":"<p>Depois de superar o Fortaleza por 2 a 1 em noite inspirada de Bruno Henrique, o Flamengo enfrentar\u00e1 o Juventude neste domingo (27) pela s\u00e9tima rodada do Brasileir\u00e3o. A bola rolar\u00e1 \u00e0s 11h (hor\u00e1rio de Bras\u00edlia), no Est\u00e1dio Alfredo Jaconi. O evento ser\u00e1 transmitido pelo Premiere. Com apenas uma derrota e nenhum empate no campeonato, [&hellip;]<\/p>\n","protected":false},"author":4,"featured_media":63467,"comment_status":"open","ping_status":"closed","sticky":false,"template":"","format":"standard","meta":{"footnotes":""},"categories":[1],"tags":[],"class_list":["post-63540","post","type-post","status-publish","format-standard","has-post-thumbnail","hentry","category-flamengo"],"yoast_head":"<!-- This site is optimized with the Yoast SEO Premium plugin v24.2 (Yoast SEO v26.9) - https:\/\/yoast.com\/product\/yoast-seo-premium-wordpress\/ -->\n<title>Veja a prov\u00e1vel escala\u00e7\u00e3o do Flamengo contra o Juventude<\/title>\n<meta name=\"robots\" content=\"index, follow, max-snippet:-1, max-image-preview:large, max-video-preview:-1\" \/>\n<link rel=\"canonical\" href=\"https:\/\/www.gaveanews.com\/index.php\/2021\/06\/26\/veja-a-provavel-escalacao-do-flamengo-contra-o-juventude\/\" \/>\n<meta property=\"og:locale\" content=\"pt_BR\" \/>\n<meta property=\"og:type\" content=\"article\" \/>\n<meta property=\"og:title\" content=\"Veja a prov\u00e1vel escala\u00e7\u00e3o do Flamengo contra o Juventude\" \/>\n<meta property=\"og:description\" content=\"Depois de superar o Fortaleza por 2 a 1 em noite inspirada de Bruno Henrique, o Flamengo enfrentar\u00e1 o Juventude neste domingo (27) pela s\u00e9tima rodada do Brasileir\u00e3o. A bola rolar\u00e1 \u00e0s 11h (hor\u00e1rio de Bras\u00edlia), no Est\u00e1dio Alfredo Jaconi. O evento ser\u00e1 transmitido pelo Premiere. Com apenas uma derrota e nenhum empate no campeonato, [&hellip;]\" \/>\n<meta property=\"og:url\" content=\"https:\/\/www.gaveanews.com\/index.php\/2021\/06\/26\/veja-a-provavel-escalacao-do-flamengo-contra-o-juventude\/\" \/>\n<meta property=\"og:site_name\" content=\"G\u00e1vea News\" \/>\n<meta property=\"article:publisher\" content=\"https:\/\/facebook.com\/gaveaNews\/\" \/>\n<meta property=\"article:published_time\" content=\"2021-06-26T20:42:49+00:00\" \/>\n<meta property=\"article:modified_time\" content=\"2021-08-12T03:49:25+00:00\" \/>\n<meta property=\"og:image\" content=\"https:\/\/www.gaveanews.com\/wp-content\/uploads\/Bruno-Henrique-corre-para-comemorar-um-de-seus-gols-diante-da-equipe-do-Fortaleza-pelo-Campeonato-Brasileiro-da-temporada-de-2021.webp\" \/>\n\t<meta property=\"og:image:width\" content=\"800\" \/>\n\t<meta property=\"og:image:height\" content=\"533\" \/>\n\t<meta property=\"og:image:type\" content=\"image\/jpeg\" \/>\n<meta name=\"author\" content=\"Let\u00edcia Gerheim\" \/>\n<meta name=\"twitter:card\" content=\"summary_large_image\" \/>\n<meta name=\"twitter:label1\" content=\"Escrito por\" \/>\n\t<meta name=\"twitter:data1\" content=\"Let\u00edcia Gerheim\" \/>\n\t<meta name=\"twitter:label2\" content=\"Est. tempo de leitura\" \/>\n\t<meta name=\"twitter:data2\" content=\"2 minutos\" \/>\n<script type=\"application\/ld+json\" class=\"yoast-schema-graph\">{\"@context\":\"https:\/\/schema.org\",\"@graph\":[{\"@type\":\"NewsArticle\",\"@id\":\"https:\/\/www.gaveanews.com\/index.php\/2021\/06\/26\/veja-a-provavel-escalacao-do-flamengo-contra-o-juventude\/#article\",\"isPartOf\":{\"@id\":\"https:\/\/www.gaveanews.com\/index.php\/2021\/06\/26\/veja-a-provavel-escalacao-do-flamengo-contra-o-juventude\/\"},\"author\":{\"name\":\"Let\u00edcia Gerheim\",\"@id\":\"https:\/\/www.gaveanews.com\/#\/schema\/person\/714c67050b836198af2450ba1c142a67\"},\"headline\":\"Veja a prov\u00e1vel escala\u00e7\u00e3o do Flamengo contra o Juventude\",\"datePublished\":\"2021-06-26T20:42:49+00:00\",\"dateModified\":\"2021-08-12T03:49:25+00:00\",\"mainEntityOfPage\":{\"@id\":\"https:\/\/www.gaveanews.com\/index.php\/2021\/06\/26\/veja-a-provavel-escalacao-do-flamengo-contra-o-juventude\/\"},\"wordCount\":285,\"commentCount\":18,\"image\":{\"@id\":\"https:\/\/www.gaveanews.com\/index.php\/2021\/06\/26\/veja-a-provavel-escalacao-do-flamengo-contra-o-juventude\/#primaryimage\"},\"thumbnailUrl\":\"https:\/\/www.gaveanews.com\/wp-content\/uploads\/Bruno-Henrique-corre-para-comemorar-um-de-seus-gols-diante-da-equipe-do-Fortaleza-pelo-Campeonato-Brasileiro-da-temporada-de-2021.webp\",\"articleSection\":[\"Flamengo\"],\"inLanguage\":\"pt-BR\",\"potentialAction\":[{\"@type\":\"CommentAction\",\"name\":\"Comment\",\"target\":[\"https:\/\/www.gaveanews.com\/index.php\/2021\/06\/26\/veja-a-provavel-escalacao-do-flamengo-contra-o-juventude\/#respond\"]}],\"copyrightYear\":\"2021\",\"copyrightHolder\":{\"@id\":\"https:\/\/www.gaveanews.com\/#organization\"}},{\"@type\":\"WebPage\",\"@id\":\"https:\/\/www.gaveanews.com\/index.php\/2021\/06\/26\/veja-a-provavel-escalacao-do-flamengo-contra-o-juventude\/\",\"url\":\"https:\/\/www.gaveanews.com\/index.php\/2021\/06\/26\/veja-a-provavel-escalacao-do-flamengo-contra-o-juventude\/\",\"name\":\"Veja a prov\u00e1vel escala\u00e7\u00e3o do Flamengo contra o Juventude\",\"isPartOf\":{\"@id\":\"https:\/\/www.gaveanews.com\/#website\"},\"primaryImageOfPage\":{\"@id\":\"https:\/\/www.gaveanews.com\/index.php\/2021\/06\/26\/veja-a-provavel-escalacao-do-flamengo-contra-o-juventude\/#primaryimage\"},\"image\":{\"@id\":\"https:\/\/www.gaveanews.com\/index.php\/2021\/06\/26\/veja-a-provavel-escalacao-do-flamengo-contra-o-juventude\/#primaryimage\"},\"thumbnailUrl\":\"https:\/\/www.gaveanews.com\/wp-content\/uploads\/Bruno-Henrique-corre-para-comemorar-um-de-seus-gols-diante-da-equipe-do-Fortaleza-pelo-Campeonato-Brasileiro-da-temporada-de-2021.webp\",\"datePublished\":\"2021-06-26T20:42:49+00:00\",\"dateModified\":\"2021-08-12T03:49:25+00:00\",\"author\":{\"@id\":\"https:\/\/www.gaveanews.com\/#\/schema\/person\/714c67050b836198af2450ba1c142a67\"},\"breadcrumb\":{\"@id\":\"https:\/\/www.gaveanews.com\/index.php\/2021\/06\/26\/veja-a-provavel-escalacao-do-flamengo-contra-o-juventude\/#breadcrumb\"},\"inLanguage\":\"pt-BR\",\"potentialAction\":[{\"@type\":\"ReadAction\",\"target\":[\"https:\/\/www.gaveanews.com\/index.php\/2021\/06\/26\/veja-a-provavel-escalacao-do-flamengo-contra-o-juventude\/\"]}]},{\"@type\":\"ImageObject\",\"inLanguage\":\"pt-BR\",\"@id\":\"https:\/\/www.gaveanews.com\/index.php\/2021\/06\/26\/veja-a-provavel-escalacao-do-flamengo-contra-o-juventude\/#primaryimage\",\"url\":\"https:\/\/www.gaveanews.com\/wp-content\/uploads\/Bruno-Henrique-corre-para-comemorar-um-de-seus-gols-diante-da-equipe-do-Fortaleza-pelo-Campeonato-Brasileiro-da-temporada-de-2021.webp\",\"contentUrl\":\"https:\/\/www.gaveanews.com\/wp-content\/uploads\/Bruno-Henrique-corre-para-comemorar-um-de-seus-gols-diante-da-equipe-do-Fortaleza-pelo-Campeonato-Brasileiro-da-temporada-de-2021.webp\",\"width\":800,\"height\":533,\"caption\":\"Bruno Henrique corre para comemorar um de seus gols diante da equipe do Fortaleza pelo Campeonato Brasileiro da temporada de 2021 (Foto: Alexandre Vidal\/Flamengo)\"},{\"@type\":\"BreadcrumbList\",\"@id\":\"https:\/\/www.gaveanews.com\/index.php\/2021\/06\/26\/veja-a-provavel-escalacao-do-flamengo-contra-o-juventude\/#breadcrumb\",\"itemListElement\":[{\"@type\":\"ListItem\",\"position\":1,\"name\":\"Home\",\"item\":\"https:\/\/www.gaveanews.com\/\"},{\"@type\":\"ListItem\",\"position\":2,\"name\":\"Veja a prov\u00e1vel escala\u00e7\u00e3o do Flamengo contra o Juventude\"}]},{\"@type\":\"WebSite\",\"@id\":\"https:\/\/www.gaveanews.com\/#website\",\"url\":\"https:\/\/www.gaveanews.com\/\",\"name\":\"G\u00e1vea News\",\"description\":\"Veja todas as not\u00edcias sobre o Flamengo: Contrata\u00e7\u00f5es, categorias de base, resultados das partidas, tabela de classifica\u00e7\u00e3o, pr\u00f3ximos jogos!\",\"potentialAction\":[{\"@type\":\"SearchAction\",\"target\":{\"@type\":\"EntryPoint\",\"urlTemplate\":\"https:\/\/www.gaveanews.com\/?s={search_term_string}\"},\"query-input\":{\"@type\":\"PropertyValueSpecification\",\"valueRequired\":true,\"valueName\":\"search_term_string\"}}],\"inLanguage\":\"pt-BR\"},{\"@type\":\"Person\",\"@id\":\"https:\/\/www.gaveanews.com\/#\/schema\/person\/714c67050b836198af2450ba1c142a67\",\"name\":\"Let\u00edcia Gerheim\",\"image\":{\"@type\":\"ImageObject\",\"inLanguage\":\"pt-BR\",\"@id\":\"https:\/\/www.gaveanews.com\/#\/schema\/person\/image\/\",\"url\":\"https:\/\/secure.gravatar.com\/avatar\/60734739c50fcebfbac509e2a826ccd0ff405c019bc73aab9354f19ecad1dcb4?s=96&d=mm&r=g\",\"contentUrl\":\"https:\/\/secure.gravatar.com\/avatar\/60734739c50fcebfbac509e2a826ccd0ff405c019bc73aab9354f19ecad1dcb4?s=96&d=mm&r=g\",\"caption\":\"Let\u00edcia Gerheim\"}}]}<\/script>\n<!-- \/ Yoast SEO Premium plugin. -->","yoast_head_json":{"title":"Veja a prov\u00e1vel escala\u00e7\u00e3o do Flamengo contra o Juventude","robots":{"index":"index","follow":"follow","max-snippet":"max-snippet:-1","max-image-preview":"max-image-preview:large","max-video-preview":"max-video-preview:-1"},"canonical":"https:\/\/www.gaveanews.com\/index.php\/2021\/06\/26\/veja-a-provavel-escalacao-do-flamengo-contra-o-juventude\/","og_locale":"pt_BR","og_type":"article","og_title":"Veja a prov\u00e1vel escala\u00e7\u00e3o do Flamengo contra o Juventude","og_description":"Depois de superar o Fortaleza por 2 a 1 em noite inspirada de Bruno Henrique, o Flamengo enfrentar\u00e1 o Juventude neste domingo (27) pela s\u00e9tima rodada do Brasileir\u00e3o. A bola rolar\u00e1 \u00e0s 11h (hor\u00e1rio de Bras\u00edlia), no Est\u00e1dio Alfredo Jaconi. O evento ser\u00e1 transmitido pelo Premiere. Com apenas uma derrota e nenhum empate no campeonato, [&hellip;]","og_url":"https:\/\/www.gaveanews.com\/index.php\/2021\/06\/26\/veja-a-provavel-escalacao-do-flamengo-contra-o-juventude\/","og_site_name":"G\u00e1vea News","article_publisher":"https:\/\/facebook.com\/gaveaNews\/","article_published_time":"2021-06-26T20:42:49+00:00","article_modified_time":"2021-08-12T03:49:25+00:00","og_image":[{"width":800,"height":533,"url":"https:\/\/www.gaveanews.com\/wp-content\/uploads\/Bruno-Henrique-corre-para-comemorar-um-de-seus-gols-diante-da-equipe-do-Fortaleza-pelo-Campeonato-Brasileiro-da-temporada-de-2021.webp","type":"image\/jpeg"}],"author":"Let\u00edcia Gerheim","twitter_card":"summary_large_image","twitter_misc":{"Escrito por":"Let\u00edcia Gerheim","Est. tempo de leitura":"2 minutos"},"schema":{"@context":"https:\/\/schema.org","@graph":[{"@type":"NewsArticle","@id":"https:\/\/www.gaveanews.com\/index.php\/2021\/06\/26\/veja-a-provavel-escalacao-do-flamengo-contra-o-juventude\/#article","isPartOf":{"@id":"https:\/\/www.gaveanews.com\/index.php\/2021\/06\/26\/veja-a-provavel-escalacao-do-flamengo-contra-o-juventude\/"},"author":{"name":"Let\u00edcia Gerheim","@id":"https:\/\/www.gaveanews.com\/#\/schema\/person\/714c67050b836198af2450ba1c142a67"},"headline":"Veja a prov\u00e1vel escala\u00e7\u00e3o do Flamengo contra o Juventude","datePublished":"2021-06-26T20:42:49+00:00","dateModified":"2021-08-12T03:49:25+00:00","mainEntityOfPage":{"@id":"https:\/\/www.gaveanews.com\/index.php\/2021\/06\/26\/veja-a-provavel-escalacao-do-flamengo-contra-o-juventude\/"},"wordCount":285,"commentCount":18,"image":{"@id":"https:\/\/www.gaveanews.com\/index.php\/2021\/06\/26\/veja-a-provavel-escalacao-do-flamengo-contra-o-juventude\/#primaryimage"},"thumbnailUrl":"https:\/\/www.gaveanews.com\/wp-content\/uploads\/Bruno-Henrique-corre-para-comemorar-um-de-seus-gols-diante-da-equipe-do-Fortaleza-pelo-Campeonato-Brasileiro-da-temporada-de-2021.webp","articleSection":["Flamengo"],"inLanguage":"pt-BR","potentialAction":[{"@type":"CommentAction","name":"Comment","target":["https:\/\/www.gaveanews.com\/index.php\/2021\/06\/26\/veja-a-provavel-escalacao-do-flamengo-contra-o-juventude\/#respond"]}],"copyrightYear":"2021","copyrightHolder":{"@id":"https:\/\/www.gaveanews.com\/#organization"}},{"@type":"WebPage","@id":"https:\/\/www.gaveanews.com\/index.php\/2021\/06\/26\/veja-a-provavel-escalacao-do-flamengo-contra-o-juventude\/","url":"https:\/\/www.gaveanews.com\/index.php\/2021\/06\/26\/veja-a-provavel-escalacao-do-flamengo-contra-o-juventude\/","name":"Veja a prov\u00e1vel escala\u00e7\u00e3o do Flamengo contra o Juventude","isPartOf":{"@id":"https:\/\/www.gaveanews.com\/#website"},"primaryImageOfPage":{"@id":"https:\/\/www.gaveanews.com\/index.php\/2021\/06\/26\/veja-a-provavel-escalacao-do-flamengo-contra-o-juventude\/#primaryimage"},"image":{"@id":"https:\/\/www.gaveanews.com\/index.php\/2021\/06\/26\/veja-a-provavel-escalacao-do-flamengo-contra-o-juventude\/#primaryimage"},"thumbnailUrl":"https:\/\/www.gaveanews.com\/wp-content\/uploads\/Bruno-Henrique-corre-para-comemorar-um-de-seus-gols-diante-da-equipe-do-Fortaleza-pelo-Campeonato-Brasileiro-da-temporada-de-2021.webp","datePublished":"2021-06-26T20:42:49+00:00","dateModified":"2021-08-12T03:49:25+00:00","author":{"@id":"https:\/\/www.gaveanews.com\/#\/schema\/person\/714c67050b836198af2450ba1c142a67"},"breadcrumb":{"@id":"https:\/\/www.gaveanews.com\/index.php\/2021\/06\/26\/veja-a-provavel-escalacao-do-flamengo-contra-o-juventude\/#breadcrumb"},"inLanguage":"pt-BR","potentialAction":[{"@type":"ReadAction","target":["https:\/\/www.gaveanews.com\/index.php\/2021\/06\/26\/veja-a-provavel-escalacao-do-flamengo-contra-o-juventude\/"]}]},{"@type":"ImageObject","inLanguage":"pt-BR","@id":"https:\/\/www.gaveanews.com\/index.php\/2021\/06\/26\/veja-a-provavel-escalacao-do-flamengo-contra-o-juventude\/#primaryimage","url":"https:\/\/www.gaveanews.com\/wp-content\/uploads\/Bruno-Henrique-corre-para-comemorar-um-de-seus-gols-diante-da-equipe-do-Fortaleza-pelo-Campeonato-Brasileiro-da-temporada-de-2021.webp","contentUrl":"https:\/\/www.gaveanews.com\/wp-content\/uploads\/Bruno-Henrique-corre-para-comemorar-um-de-seus-gols-diante-da-equipe-do-Fortaleza-pelo-Campeonato-Brasileiro-da-temporada-de-2021.webp","width":800,"height":533,"caption":"Bruno Henrique corre para comemorar um de seus gols diante da equipe do Fortaleza pelo Campeonato Brasileiro da temporada de 2021 (Foto: Alexandre Vidal\/Flamengo)"},{"@type":"BreadcrumbList","@id":"https:\/\/www.gaveanews.com\/index.php\/2021\/06\/26\/veja-a-provavel-escalacao-do-flamengo-contra-o-juventude\/#breadcrumb","itemListElement":[{"@type":"ListItem","position":1,"name":"Home","item":"https:\/\/www.gaveanews.com\/"},{"@type":"ListItem","position":2,"name":"Veja a prov\u00e1vel escala\u00e7\u00e3o do Flamengo contra o Juventude"}]},{"@type":"WebSite","@id":"https:\/\/www.gaveanews.com\/#website","url":"https:\/\/www.gaveanews.com\/","name":"G\u00e1vea News","description":"Veja todas as not\u00edcias sobre o Flamengo: Contrata\u00e7\u00f5es, categorias de base, resultados das partidas, tabela de classifica\u00e7\u00e3o, pr\u00f3ximos jogos!","potentialAction":[{"@type":"SearchAction","target":{"@type":"EntryPoint","urlTemplate":"https:\/\/www.gaveanews.com\/?s={search_term_string}"},"query-input":{"@type":"PropertyValueSpecification","valueRequired":true,"valueName":"search_term_string"}}],"inLanguage":"pt-BR"},{"@type":"Person","@id":"https:\/\/www.gaveanews.com\/#\/schema\/person\/714c67050b836198af2450ba1c142a67","name":"Let\u00edcia Gerheim","image":{"@type":"ImageObject","inLanguage":"pt-BR","@id":"https:\/\/www.gaveanews.com\/#\/schema\/person\/image\/","url":"https:\/\/secure.gravatar.com\/avatar\/60734739c50fcebfbac509e2a826ccd0ff405c019bc73aab9354f19ecad1dcb4?s=96&d=mm&r=g","contentUrl":"https:\/\/secure.gravatar.com\/avatar\/60734739c50fcebfbac509e2a826ccd0ff405c019bc73aab9354f19ecad1dcb4?s=96&d=mm&r=g","caption":"Let\u00edcia Gerheim"}}]}},"_links":{"self":[{"href":"https:\/\/www.gaveanews.com\/index.php\/wp-json\/wp\/v2\/posts\/63540","targetHints":{"allow":["GET"]}}],"collection":[{"href":"https:\/\/www.gaveanews.com\/index.php\/wp-json\/wp\/v2\/posts"}],"about":[{"href":"https:\/\/www.gaveanews.com\/index.php\/wp-json\/wp\/v2\/types\/post"}],"author":[{"embeddable":true,"href":"https:\/\/www.gaveanews.com\/index.php\/wp-json\/wp\/v2\/users\/4"}],"replies":[{"embeddable":true,"href":"https:\/\/www.gaveanews.com\/index.php\/wp-json\/wp\/v2\/comments?post=63540"}],"version-history":[{"count":0,"href":"https:\/\/www.gaveanews.com\/index.php\/wp-json\/wp\/v2\/posts\/63540\/revisions"}],"wp:featuredmedia":[{"embeddable":true,"href":"https:\/\/www.gaveanews.com\/index.php\/wp-json\/wp\/v2\/media\/63467"}],"wp:attachment":[{"href":"https:\/\/www.gaveanews.com\/index.php\/wp-json\/wp\/v2\/media?parent=63540"}],"wp:term":[{"taxonomy":"category","embeddable":true,"href":"https:\/\/www.gaveanews.com\/index.php\/wp-json\/wp\/v2\/categories?post=63540"},{"taxonomy":"post_tag","embeddable":true,"href":"https:\/\/www.gaveanews.com\/index.php\/wp-json\/wp\/v2\/tags?post=63540"}],"curies":[{"name":"wp","href":"https:\/\/api.w.org\/{rel}","templated":true}]}}