{"id":63570,"date":"2021-06-25T07:28:23","date_gmt":"2021-06-25T10:28:23","guid":{"rendered":"https:\/\/www.gaveanews.com\/?p=63570"},"modified":"2021-06-25T07:28:25","modified_gmt":"2021-06-25T10:28:25","slug":"thiago-maia-ainda-precisara-de-paciencia-para-retornar","status":"publish","type":"post","link":"https:\/\/www.gaveanews.com\/index.php\/2021\/06\/25\/thiago-maia-ainda-precisara-de-paciencia-para-retornar\/","title":{"rendered":"Thiago Maia ainda precisar\u00e1 de paci\u00eancia para retornar"},"content":{"rendered":"\n<p>N\u00e3o \u00e9 novidade que o Flamengo est\u00e1 com o radar ligado para o mercado, sobretudo o nacional, para refor\u00e7ar o elenco neste segundo semestre. Tamb\u00e9m n\u00e3o \u00e9 um assunto novo o fato de, no per\u00edodo da Copa Am\u00e9rica, o clube estar tendo um banco de reservas sem jogadores expressivos. Ao menos Thiago Maia est\u00e1 retornando e, envolto de cautela, pode at\u00e9 surgir at\u00e9 como uma op\u00e7\u00e3o ofensiva em meio a quatro desfalques por conta do torneio de sele\u00e7\u00f5es.<\/p>\n\n\n\n<p>Rog\u00e9rio Ceni avisou que tem treinado com Thiago Maia, o novo camisa 8 com a sa\u00edda de Gerson, no setor direito do ataque, em fun\u00e7\u00e3o similar \u00e0 realizada por Everton Ribeiro e Vitinho &#8211; atualmente no time titular.<\/p>\n\n\n\n<p><strong><em>\u2014 Trouxe todo mundo que eu tinha dispon\u00edvel para o jogo. Acho que n\u00e3o ficou ningu\u00e9m fora. Tem tr\u00eas jogadores de frente nas sele\u00e7\u00f5es. Tinha o Max, que \u00e9 uma op\u00e7\u00e3o e vem entrando nessa posi\u00e7\u00e3o, tenho treinado o Thiago Maia para jogar no lado direito, mas trouxe todos dispon\u00edveis para o jogo de hoje<\/em><\/strong> &#8211; comentou Ceni, explicando a composi\u00e7\u00e3o do banco no jogo contra o Fortaleza, vencido por 2 a 1, na quarta passada.<\/p>\n\n\n\n<p>Ceni tamb\u00e9m falou que, por possuir outras caracter\u00edsticas, n\u00e3o v\u00ea Thiago Maia atuando na mesma fun\u00e7\u00e3o de Gerson. Emprestado pelo Lille-FRA, o antigo camisa 33 pode seguir agregando em outros aspectos, como nas bolas roubadas e passes longos &#8211; ou at\u00e9 mais \u00e0 frente, j\u00e1 que o t\u00e9cnico tem testado nos treinos.<\/p>\n\n\n\n<h2 class=\"wp-block-heading\" id=\"h-paci-ncia-necess-ria\">Paci\u00eancia necess\u00e1ria<\/h2>\n\n\n\n<p>Para voltar a jogar, Thiago Maia sabe da paci\u00eancia necess\u00e1ria nesse processo gradual. A maior preocupa\u00e7\u00e3o do departamento m\u00e9dico \u00e9 a fadiga, que pode culminar num &#8220;desequil\u00edbrio&#8221; no local. M\u00e1rcio Tannure, chefe do DM do Fla, explicou as condi\u00e7\u00f5es a serem encaradas pelo volante de agora em diante:<\/p>\n\n\n\n<p>\u2014 <strong><em>Nessa volta gradual normalmente a gente come\u00e7a com poucos minutos no primeiro jogo. No jogo seguinte, a gente tenta conseguir colocar mais minutos para esse jogador para que ele chegue em uma condi\u00e7\u00e3o f\u00edsica, t\u00e9cnica e t\u00e1tica de jogar 90 minutos. \u00d3bvio que uma les\u00e3o desse n\u00edvel de gravidade, a gente tem que voltar em uma maneira gradual. Pode ser que ele tenha fadiga, isso gera um desequil\u00edbrio\u2026 Vamos poup\u00e1-lo de alguns jogos para que a gente possa ir reequilibrando. Esse feedback a gente s\u00f3 vai conseguir ter quando ele estiver jogando realmente. \u00c9 muito importante que, quando a gente colocar essa carga de jogo, entenda como o joelho dele est\u00e1 respondendo a isso.<\/em><\/strong><\/p>\n\n\n\n<p><strong><em>\u2014 \u00d3bvio que se ele est\u00e1 sendo relacionado para um jogo \u00e9 porque ele j\u00e1 cumpriu todas as etapas no nosso treinamento, o que nos d\u00e1 a seguran\u00e7a para que ele inicie esta nova etapa, de maneira gradual, sempre acompanhando o controle de carga dele e como ele est\u00e1 se recuperando de um jogo para outro. Da mesma maneira que a gente faz com outros jogadores, ser\u00e1 feito com o Thiago Maia: no momento que tiver um risco ou desgaste maior, a gente vai poupar e continuar o trabalho at\u00e9 que ele esteja 100% reintegrado ao grupo<\/em><\/strong> &#8211; completou.<\/p>\n\n\n\n<p>M\u00e1rcio Tannure tamb\u00e9m lembrou que Thiago Maia retornou \u00e0s atividades antes do prazo inicial, mas que &#8220;ainda existem algumas etapas at\u00e9 ele estar 100% pronto para o retorno&#8221;. E salientou o seguinte sobre o atleta que operou o joelho esquerdo depois de uma grave les\u00e3o no canto posterolateral:<\/p>\n\n\n\n<p><strong><em>\u2014 \u00c9 \u00f3bvio que um atleta que fica sete meses parado precisa iniciar gradualmente para ir se condicionando, para a gente ir colocando essas a\u00e7\u00f5es de jogo e para que ele v\u00e1 se adaptando. A musculatura, a articula\u00e7\u00e3o e o joelho dele v\u00e3o se adaptando a essa demanda do jogo, que \u00e9 diferente de uma demanda f\u00edsica do treinamento.<\/em><\/strong><\/p>\n\n\n\n<p>Agora com o n\u00famero 8 \u00e0s costas, Thiago Maia vai para o pr\u00f3ximo jogo com a expectativa de sair do banco e jogar os seus primeiros minutos ap\u00f3s a volta. O desafio da vez do Flamengo ser\u00e1 contra o Juventude, \u00e0s 11h (de Bras\u00edlia), no Alferdo Jaconi, pela 7\u00aa rodada do Campeonato Brasileiro.<\/p>\n\n\n\n<p>Retirado de: Lance<\/p>\n","protected":false},"excerpt":{"rendered":"<p>N\u00e3o \u00e9 novidade que o Flamengo est\u00e1 com o radar ligado para o mercado, sobretudo o nacional, para refor\u00e7ar o elenco neste segundo semestre. Tamb\u00e9m n\u00e3o \u00e9 um assunto novo o fato de, no per\u00edodo da Copa Am\u00e9rica, o clube estar tendo um banco de reservas sem jogadores expressivos. Ao menos Thiago Maia est\u00e1 retornando [&hellip;]<\/p>\n","protected":false},"author":1,"featured_media":63525,"comment_status":"open","ping_status":"closed","sticky":false,"template":"","format":"standard","meta":{"footnotes":""},"categories":[1],"tags":[],"class_list":["post-63570","post","type-post","status-publish","format-standard","has-post-thumbnail","hentry","category-flamengo"],"yoast_head":"<!-- This site is optimized with the Yoast SEO Premium plugin v24.2 (Yoast SEO v26.9) - https:\/\/yoast.com\/product\/yoast-seo-premium-wordpress\/ -->\n<title>Thiago Maia ainda precisar\u00e1 de paci\u00eancia para retornar<\/title>\n<meta name=\"robots\" content=\"index, follow, max-snippet:-1, max-image-preview:large, max-video-preview:-1\" \/>\n<link rel=\"canonical\" href=\"https:\/\/www.gaveanews.com\/index.php\/2021\/06\/25\/thiago-maia-ainda-precisara-de-paciencia-para-retornar\/\" \/>\n<meta property=\"og:locale\" content=\"pt_BR\" \/>\n<meta property=\"og:type\" content=\"article\" \/>\n<meta property=\"og:title\" content=\"Thiago Maia ainda precisar\u00e1 de paci\u00eancia para retornar\" \/>\n<meta property=\"og:description\" content=\"N\u00e3o \u00e9 novidade que o Flamengo est\u00e1 com o radar ligado para o mercado, sobretudo o nacional, para refor\u00e7ar o elenco neste segundo semestre. Tamb\u00e9m n\u00e3o \u00e9 um assunto novo o fato de, no per\u00edodo da Copa Am\u00e9rica, o clube estar tendo um banco de reservas sem jogadores expressivos. Ao menos Thiago Maia est\u00e1 retornando [&hellip;]\" \/>\n<meta property=\"og:url\" content=\"https:\/\/www.gaveanews.com\/index.php\/2021\/06\/25\/thiago-maia-ainda-precisara-de-paciencia-para-retornar\/\" \/>\n<meta property=\"og:site_name\" content=\"G\u00e1vea News\" \/>\n<meta property=\"article:publisher\" content=\"https:\/\/facebook.com\/gaveaNews\/\" \/>\n<meta property=\"article:published_time\" content=\"2021-06-25T10:28:23+00:00\" \/>\n<meta property=\"article:modified_time\" content=\"2021-06-25T10:28:25+00:00\" \/>\n<meta property=\"og:image\" content=\"https:\/\/www.gaveanews.com\/wp-content\/uploads\/Thiago-Maia-em-treinamento-no-Ninho-do-Urubu.webp\" \/>\n\t<meta property=\"og:image:width\" content=\"800\" \/>\n\t<meta property=\"og:image:height\" content=\"533\" \/>\n\t<meta property=\"og:image:type\" content=\"image\/jpeg\" \/>\n<meta name=\"author\" content=\"Equipe G\u00e1vea News\" \/>\n<meta name=\"twitter:card\" content=\"summary_large_image\" \/>\n<meta name=\"twitter:label1\" content=\"Escrito por\" \/>\n\t<meta name=\"twitter:data1\" content=\"Equipe G\u00e1vea News\" \/>\n\t<meta name=\"twitter:label2\" content=\"Est. tempo de leitura\" \/>\n\t<meta name=\"twitter:data2\" content=\"3 minutos\" \/>\n<script type=\"application\/ld+json\" class=\"yoast-schema-graph\">{\"@context\":\"https:\/\/schema.org\",\"@graph\":[{\"@type\":\"NewsArticle\",\"@id\":\"https:\/\/www.gaveanews.com\/index.php\/2021\/06\/25\/thiago-maia-ainda-precisara-de-paciencia-para-retornar\/#article\",\"isPartOf\":{\"@id\":\"https:\/\/www.gaveanews.com\/index.php\/2021\/06\/25\/thiago-maia-ainda-precisara-de-paciencia-para-retornar\/\"},\"author\":{\"name\":\"Equipe G\u00e1vea News\",\"@id\":\"https:\/\/www.gaveanews.com\/#\/schema\/person\/2ec14f73fb96be2caf28f91afb14749d\"},\"headline\":\"Thiago Maia ainda precisar\u00e1 de paci\u00eancia para retornar\",\"datePublished\":\"2021-06-25T10:28:23+00:00\",\"dateModified\":\"2021-06-25T10:28:25+00:00\",\"mainEntityOfPage\":{\"@id\":\"https:\/\/www.gaveanews.com\/index.php\/2021\/06\/25\/thiago-maia-ainda-precisara-de-paciencia-para-retornar\/\"},\"wordCount\":712,\"commentCount\":3,\"image\":{\"@id\":\"https:\/\/www.gaveanews.com\/index.php\/2021\/06\/25\/thiago-maia-ainda-precisara-de-paciencia-para-retornar\/#primaryimage\"},\"thumbnailUrl\":\"https:\/\/www.gaveanews.com\/wp-content\/uploads\/Thiago-Maia-em-treinamento-no-Ninho-do-Urubu.webp\",\"articleSection\":[\"Flamengo\"],\"inLanguage\":\"pt-BR\",\"potentialAction\":[{\"@type\":\"CommentAction\",\"name\":\"Comment\",\"target\":[\"https:\/\/www.gaveanews.com\/index.php\/2021\/06\/25\/thiago-maia-ainda-precisara-de-paciencia-para-retornar\/#respond\"]}],\"copyrightYear\":\"2021\",\"copyrightHolder\":{\"@id\":\"https:\/\/www.gaveanews.com\/#organization\"}},{\"@type\":\"WebPage\",\"@id\":\"https:\/\/www.gaveanews.com\/index.php\/2021\/06\/25\/thiago-maia-ainda-precisara-de-paciencia-para-retornar\/\",\"url\":\"https:\/\/www.gaveanews.com\/index.php\/2021\/06\/25\/thiago-maia-ainda-precisara-de-paciencia-para-retornar\/\",\"name\":\"Thiago Maia ainda precisar\u00e1 de paci\u00eancia para retornar\",\"isPartOf\":{\"@id\":\"https:\/\/www.gaveanews.com\/#website\"},\"primaryImageOfPage\":{\"@id\":\"https:\/\/www.gaveanews.com\/index.php\/2021\/06\/25\/thiago-maia-ainda-precisara-de-paciencia-para-retornar\/#primaryimage\"},\"image\":{\"@id\":\"https:\/\/www.gaveanews.com\/index.php\/2021\/06\/25\/thiago-maia-ainda-precisara-de-paciencia-para-retornar\/#primaryimage\"},\"thumbnailUrl\":\"https:\/\/www.gaveanews.com\/wp-content\/uploads\/Thiago-Maia-em-treinamento-no-Ninho-do-Urubu.webp\",\"datePublished\":\"2021-06-25T10:28:23+00:00\",\"dateModified\":\"2021-06-25T10:28:25+00:00\",\"author\":{\"@id\":\"https:\/\/www.gaveanews.com\/#\/schema\/person\/2ec14f73fb96be2caf28f91afb14749d\"},\"breadcrumb\":{\"@id\":\"https:\/\/www.gaveanews.com\/index.php\/2021\/06\/25\/thiago-maia-ainda-precisara-de-paciencia-para-retornar\/#breadcrumb\"},\"inLanguage\":\"pt-BR\",\"potentialAction\":[{\"@type\":\"ReadAction\",\"target\":[\"https:\/\/www.gaveanews.com\/index.php\/2021\/06\/25\/thiago-maia-ainda-precisara-de-paciencia-para-retornar\/\"]}]},{\"@type\":\"ImageObject\",\"inLanguage\":\"pt-BR\",\"@id\":\"https:\/\/www.gaveanews.com\/index.php\/2021\/06\/25\/thiago-maia-ainda-precisara-de-paciencia-para-retornar\/#primaryimage\",\"url\":\"https:\/\/www.gaveanews.com\/wp-content\/uploads\/Thiago-Maia-em-treinamento-no-Ninho-do-Urubu.webp\",\"contentUrl\":\"https:\/\/www.gaveanews.com\/wp-content\/uploads\/Thiago-Maia-em-treinamento-no-Ninho-do-Urubu.webp\",\"width\":800,\"height\":533,\"caption\":\"Thiago Maia em treinamento no Ninho do Urubu (Foto: Alexandre Vidal\/Flamengo)\"},{\"@type\":\"BreadcrumbList\",\"@id\":\"https:\/\/www.gaveanews.com\/index.php\/2021\/06\/25\/thiago-maia-ainda-precisara-de-paciencia-para-retornar\/#breadcrumb\",\"itemListElement\":[{\"@type\":\"ListItem\",\"position\":1,\"name\":\"Home\",\"item\":\"https:\/\/www.gaveanews.com\/\"},{\"@type\":\"ListItem\",\"position\":2,\"name\":\"Thiago Maia ainda precisar\u00e1 de paci\u00eancia para retornar\"}]},{\"@type\":\"WebSite\",\"@id\":\"https:\/\/www.gaveanews.com\/#website\",\"url\":\"https:\/\/www.gaveanews.com\/\",\"name\":\"G\u00e1vea News\",\"description\":\"Veja todas as not\u00edcias sobre o Flamengo: Contrata\u00e7\u00f5es, categorias de base, resultados das partidas, tabela de classifica\u00e7\u00e3o, pr\u00f3ximos jogos!\",\"potentialAction\":[{\"@type\":\"SearchAction\",\"target\":{\"@type\":\"EntryPoint\",\"urlTemplate\":\"https:\/\/www.gaveanews.com\/?s={search_term_string}\"},\"query-input\":{\"@type\":\"PropertyValueSpecification\",\"valueRequired\":true,\"valueName\":\"search_term_string\"}}],\"inLanguage\":\"pt-BR\"},{\"@type\":\"Person\",\"@id\":\"https:\/\/www.gaveanews.com\/#\/schema\/person\/2ec14f73fb96be2caf28f91afb14749d\",\"name\":\"Equipe G\u00e1vea News\",\"image\":{\"@type\":\"ImageObject\",\"inLanguage\":\"pt-BR\",\"@id\":\"https:\/\/www.gaveanews.com\/#\/schema\/person\/image\/\",\"url\":\"https:\/\/secure.gravatar.com\/avatar\/1e1956f1facbffd3f8fa53a326721950116b3b9dc9bd44939c01180fd4a745a9?s=96&d=mm&r=g\",\"contentUrl\":\"https:\/\/secure.gravatar.com\/avatar\/1e1956f1facbffd3f8fa53a326721950116b3b9dc9bd44939c01180fd4a745a9?s=96&d=mm&r=g\",\"caption\":\"Equipe G\u00e1vea News\"}}]}<\/script>\n<!-- \/ Yoast SEO Premium plugin. -->","yoast_head_json":{"title":"Thiago Maia ainda precisar\u00e1 de paci\u00eancia para retornar","robots":{"index":"index","follow":"follow","max-snippet":"max-snippet:-1","max-image-preview":"max-image-preview:large","max-video-preview":"max-video-preview:-1"},"canonical":"https:\/\/www.gaveanews.com\/index.php\/2021\/06\/25\/thiago-maia-ainda-precisara-de-paciencia-para-retornar\/","og_locale":"pt_BR","og_type":"article","og_title":"Thiago Maia ainda precisar\u00e1 de paci\u00eancia para retornar","og_description":"N\u00e3o \u00e9 novidade que o Flamengo est\u00e1 com o radar ligado para o mercado, sobretudo o nacional, para refor\u00e7ar o elenco neste segundo semestre. Tamb\u00e9m n\u00e3o \u00e9 um assunto novo o fato de, no per\u00edodo da Copa Am\u00e9rica, o clube estar tendo um banco de reservas sem jogadores expressivos. Ao menos Thiago Maia est\u00e1 retornando [&hellip;]","og_url":"https:\/\/www.gaveanews.com\/index.php\/2021\/06\/25\/thiago-maia-ainda-precisara-de-paciencia-para-retornar\/","og_site_name":"G\u00e1vea News","article_publisher":"https:\/\/facebook.com\/gaveaNews\/","article_published_time":"2021-06-25T10:28:23+00:00","article_modified_time":"2021-06-25T10:28:25+00:00","og_image":[{"width":800,"height":533,"url":"https:\/\/www.gaveanews.com\/wp-content\/uploads\/Thiago-Maia-em-treinamento-no-Ninho-do-Urubu.webp","type":"image\/jpeg"}],"author":"Equipe G\u00e1vea News","twitter_card":"summary_large_image","twitter_misc":{"Escrito por":"Equipe G\u00e1vea News","Est. tempo de leitura":"3 minutos"},"schema":{"@context":"https:\/\/schema.org","@graph":[{"@type":"NewsArticle","@id":"https:\/\/www.gaveanews.com\/index.php\/2021\/06\/25\/thiago-maia-ainda-precisara-de-paciencia-para-retornar\/#article","isPartOf":{"@id":"https:\/\/www.gaveanews.com\/index.php\/2021\/06\/25\/thiago-maia-ainda-precisara-de-paciencia-para-retornar\/"},"author":{"name":"Equipe G\u00e1vea News","@id":"https:\/\/www.gaveanews.com\/#\/schema\/person\/2ec14f73fb96be2caf28f91afb14749d"},"headline":"Thiago Maia ainda precisar\u00e1 de paci\u00eancia para retornar","datePublished":"2021-06-25T10:28:23+00:00","dateModified":"2021-06-25T10:28:25+00:00","mainEntityOfPage":{"@id":"https:\/\/www.gaveanews.com\/index.php\/2021\/06\/25\/thiago-maia-ainda-precisara-de-paciencia-para-retornar\/"},"wordCount":712,"commentCount":3,"image":{"@id":"https:\/\/www.gaveanews.com\/index.php\/2021\/06\/25\/thiago-maia-ainda-precisara-de-paciencia-para-retornar\/#primaryimage"},"thumbnailUrl":"https:\/\/www.gaveanews.com\/wp-content\/uploads\/Thiago-Maia-em-treinamento-no-Ninho-do-Urubu.webp","articleSection":["Flamengo"],"inLanguage":"pt-BR","potentialAction":[{"@type":"CommentAction","name":"Comment","target":["https:\/\/www.gaveanews.com\/index.php\/2021\/06\/25\/thiago-maia-ainda-precisara-de-paciencia-para-retornar\/#respond"]}],"copyrightYear":"2021","copyrightHolder":{"@id":"https:\/\/www.gaveanews.com\/#organization"}},{"@type":"WebPage","@id":"https:\/\/www.gaveanews.com\/index.php\/2021\/06\/25\/thiago-maia-ainda-precisara-de-paciencia-para-retornar\/","url":"https:\/\/www.gaveanews.com\/index.php\/2021\/06\/25\/thiago-maia-ainda-precisara-de-paciencia-para-retornar\/","name":"Thiago Maia ainda precisar\u00e1 de paci\u00eancia para retornar","isPartOf":{"@id":"https:\/\/www.gaveanews.com\/#website"},"primaryImageOfPage":{"@id":"https:\/\/www.gaveanews.com\/index.php\/2021\/06\/25\/thiago-maia-ainda-precisara-de-paciencia-para-retornar\/#primaryimage"},"image":{"@id":"https:\/\/www.gaveanews.com\/index.php\/2021\/06\/25\/thiago-maia-ainda-precisara-de-paciencia-para-retornar\/#primaryimage"},"thumbnailUrl":"https:\/\/www.gaveanews.com\/wp-content\/uploads\/Thiago-Maia-em-treinamento-no-Ninho-do-Urubu.webp","datePublished":"2021-06-25T10:28:23+00:00","dateModified":"2021-06-25T10:28:25+00:00","author":{"@id":"https:\/\/www.gaveanews.com\/#\/schema\/person\/2ec14f73fb96be2caf28f91afb14749d"},"breadcrumb":{"@id":"https:\/\/www.gaveanews.com\/index.php\/2021\/06\/25\/thiago-maia-ainda-precisara-de-paciencia-para-retornar\/#breadcrumb"},"inLanguage":"pt-BR","potentialAction":[{"@type":"ReadAction","target":["https:\/\/www.gaveanews.com\/index.php\/2021\/06\/25\/thiago-maia-ainda-precisara-de-paciencia-para-retornar\/"]}]},{"@type":"ImageObject","inLanguage":"pt-BR","@id":"https:\/\/www.gaveanews.com\/index.php\/2021\/06\/25\/thiago-maia-ainda-precisara-de-paciencia-para-retornar\/#primaryimage","url":"https:\/\/www.gaveanews.com\/wp-content\/uploads\/Thiago-Maia-em-treinamento-no-Ninho-do-Urubu.webp","contentUrl":"https:\/\/www.gaveanews.com\/wp-content\/uploads\/Thiago-Maia-em-treinamento-no-Ninho-do-Urubu.webp","width":800,"height":533,"caption":"Thiago Maia em treinamento no Ninho do Urubu (Foto: Alexandre Vidal\/Flamengo)"},{"@type":"BreadcrumbList","@id":"https:\/\/www.gaveanews.com\/index.php\/2021\/06\/25\/thiago-maia-ainda-precisara-de-paciencia-para-retornar\/#breadcrumb","itemListElement":[{"@type":"ListItem","position":1,"name":"Home","item":"https:\/\/www.gaveanews.com\/"},{"@type":"ListItem","position":2,"name":"Thiago Maia ainda precisar\u00e1 de paci\u00eancia para retornar"}]},{"@type":"WebSite","@id":"https:\/\/www.gaveanews.com\/#website","url":"https:\/\/www.gaveanews.com\/","name":"G\u00e1vea News","description":"Veja todas as not\u00edcias sobre o Flamengo: Contrata\u00e7\u00f5es, categorias de base, resultados das partidas, tabela de classifica\u00e7\u00e3o, pr\u00f3ximos jogos!","potentialAction":[{"@type":"SearchAction","target":{"@type":"EntryPoint","urlTemplate":"https:\/\/www.gaveanews.com\/?s={search_term_string}"},"query-input":{"@type":"PropertyValueSpecification","valueRequired":true,"valueName":"search_term_string"}}],"inLanguage":"pt-BR"},{"@type":"Person","@id":"https:\/\/www.gaveanews.com\/#\/schema\/person\/2ec14f73fb96be2caf28f91afb14749d","name":"Equipe G\u00e1vea News","image":{"@type":"ImageObject","inLanguage":"pt-BR","@id":"https:\/\/www.gaveanews.com\/#\/schema\/person\/image\/","url":"https:\/\/secure.gravatar.com\/avatar\/1e1956f1facbffd3f8fa53a326721950116b3b9dc9bd44939c01180fd4a745a9?s=96&d=mm&r=g","contentUrl":"https:\/\/secure.gravatar.com\/avatar\/1e1956f1facbffd3f8fa53a326721950116b3b9dc9bd44939c01180fd4a745a9?s=96&d=mm&r=g","caption":"Equipe G\u00e1vea News"}}]}},"_links":{"self":[{"href":"https:\/\/www.gaveanews.com\/index.php\/wp-json\/wp\/v2\/posts\/63570","targetHints":{"allow":["GET"]}}],"collection":[{"href":"https:\/\/www.gaveanews.com\/index.php\/wp-json\/wp\/v2\/posts"}],"about":[{"href":"https:\/\/www.gaveanews.com\/index.php\/wp-json\/wp\/v2\/types\/post"}],"author":[{"embeddable":true,"href":"https:\/\/www.gaveanews.com\/index.php\/wp-json\/wp\/v2\/users\/1"}],"replies":[{"embeddable":true,"href":"https:\/\/www.gaveanews.com\/index.php\/wp-json\/wp\/v2\/comments?post=63570"}],"version-history":[{"count":0,"href":"https:\/\/www.gaveanews.com\/index.php\/wp-json\/wp\/v2\/posts\/63570\/revisions"}],"wp:featuredmedia":[{"embeddable":true,"href":"https:\/\/www.gaveanews.com\/index.php\/wp-json\/wp\/v2\/media\/63525"}],"wp:attachment":[{"href":"https:\/\/www.gaveanews.com\/index.php\/wp-json\/wp\/v2\/media?parent=63570"}],"wp:term":[{"taxonomy":"category","embeddable":true,"href":"https:\/\/www.gaveanews.com\/index.php\/wp-json\/wp\/v2\/categories?post=63570"},{"taxonomy":"post_tag","embeddable":true,"href":"https:\/\/www.gaveanews.com\/index.php\/wp-json\/wp\/v2\/tags?post=63570"}],"curies":[{"name":"wp","href":"https:\/\/api.w.org\/{rel}","templated":true}]}}