{"id":63579,"date":"2021-06-25T14:36:26","date_gmt":"2021-06-25T17:36:26","guid":{"rendered":"https:\/\/www.gaveanews.com\/?p=63579"},"modified":"2021-08-12T00:49:30","modified_gmt":"2021-08-12T03:49:30","slug":"preparador-fisico-anima-vestiario-do-flamengo-em-despedida-de-gerson","status":"publish","type":"post","link":"https:\/\/www.gaveanews.com\/index.php\/2021\/06\/25\/preparador-fisico-anima-vestiario-do-flamengo-em-despedida-de-gerson\/","title":{"rendered":"Preparador f\u00edsico anima vesti\u00e1rio do Flamengo em despedida de Gerson"},"content":{"rendered":"\n<p>Na \u00faltima quarta-feira (23), Gerson realizou seu jogo de despedida do Flamengo. A vit\u00f3ria sobre o Fortaleza fechou a passagem do Coringa no Fla, uma vez que neste s\u00e1bado (26), o volante j\u00e1 viaja rumo \u00e0 Fran\u00e7a para se apresentar ao Olympique de Marseille.<\/p>\n\n\n\n<p>Depois do confronto, a FlaTV divulgou os bastidores da partida, incluindo diversas homenagens feitas ao jogador. Um deles foi Danilo Augusto, preparador f\u00edsico da equipe.<\/p>\n\n\n\n<p><em><strong>\u2014 Bom, hoje eu estou aqui s\u00f3 para agradecer, de verdade. Queria agradecer pela oportunidade de ter te conhecido, trabalhado com voc\u00ea. Espero que voc\u00ea continue sendo essa pessoa que inspira os outros e que voc\u00eas possam fazer o seu melhor hoje. Como homenagem, eu vou falar com a m\u00e1scara do Coringa (antes de colocar o objeto no rosto).<\/strong><\/em><\/p>\n\n\n\n<p>As palavras do preparador agitou todo o elenco, que foi a campo com uma energia a mais para se despedir do volante. O incentivo teve resultado positivo, j\u00e1 que o Mais Querido saiu vitorioso do confronto.<\/p>\n\n\n\n<h2 class=\"wp-block-heading\" id=\"h-veja-o-v-deo\">Veja o v\u00eddeo:<\/h2>\n\n\n\n<figure class=\"wp-block-embed is-type-rich is-provider-twitter wp-block-embed-twitter\"><div class=\"wp-block-embed__wrapper\">\n<blockquote class=\"twitter-tweet\" data-width=\"550\" data-dnt=\"true\"><p lang=\"pt\" dir=\"ltr\">Mais uma do Mago. \ud83e\uddd9\u200d\u2642\ufe0f<br><br>Desta vez ele homenageou o Coringa! <br><br>Confira os bastidores da despedida do craque Gerson na FlaTV: <a href=\"https:\/\/t.co\/ie0EqtC9KM\">https:\/\/t.co\/ie0EqtC9KM<\/a><a href=\"https:\/\/twitter.com\/hashtag\/CRF?src=hash&amp;ref_src=twsrc%5Etfw\">#CRF<\/a> <a href=\"https:\/\/twitter.com\/hashtag\/ValeuCoringa?src=hash&amp;ref_src=twsrc%5Etfw\">#ValeuCoringa<\/a> <a href=\"https:\/\/t.co\/XQ1rRT891P\">pic.twitter.com\/XQ1rRT891P<\/a><\/p>&mdash; Flamengo (@Flamengo) <a href=\"https:\/\/twitter.com\/Flamengo\/status\/1408257582221905921?ref_src=twsrc%5Etfw\">June 25, 2021<\/a><\/blockquote><script async src=\"https:\/\/platform.twitter.com\/widgets.js\" charset=\"utf-8\"><\/script>\n<\/div><\/figure>\n\n\n\n<p>Ainda realizando testes para descobrir quem ocupar\u00e1 a vaga deixara por Gerson no time titular, o Flamengo se prepara para visitar o Juventude no domingo (27). O jogo ocorrer\u00e1 \u00e0s 11h (hor\u00e1rio de Bras\u00edlia) e ser\u00e1 transmitido pelo Premiere.<\/p>\n","protected":false},"excerpt":{"rendered":"<p>Na \u00faltima quarta-feira (23), Gerson realizou seu jogo de despedida do Flamengo. A vit\u00f3ria sobre o Fortaleza fechou a passagem do Coringa no Fla, uma vez que neste s\u00e1bado (26), o volante j\u00e1 viaja rumo \u00e0 Fran\u00e7a para se apresentar ao Olympique de Marseille. Depois do confronto, a FlaTV divulgou os bastidores da partida, incluindo [&hellip;]<\/p>\n","protected":false},"author":4,"featured_media":62912,"comment_status":"open","ping_status":"closed","sticky":false,"template":"","format":"standard","meta":{"footnotes":""},"categories":[40],"tags":[],"class_list":["post-63579","post","type-post","status-publish","format-standard","has-post-thumbnail","hentry","category-video"],"yoast_head":"<!-- This site is optimized with the Yoast SEO Premium plugin v24.2 (Yoast SEO v26.9) - https:\/\/yoast.com\/product\/yoast-seo-premium-wordpress\/ -->\n<title>Preparador f\u00edsico anima vesti\u00e1rio do Flamengo em despedida de Gerson<\/title>\n<meta name=\"robots\" content=\"index, follow, max-snippet:-1, max-image-preview:large, max-video-preview:-1\" \/>\n<link rel=\"canonical\" href=\"https:\/\/www.gaveanews.com\/index.php\/2021\/06\/25\/preparador-fisico-anima-vestiario-do-flamengo-em-despedida-de-gerson\/\" \/>\n<meta property=\"og:locale\" content=\"pt_BR\" \/>\n<meta property=\"og:type\" content=\"article\" \/>\n<meta property=\"og:title\" content=\"Preparador f\u00edsico anima vesti\u00e1rio do Flamengo em despedida de Gerson\" \/>\n<meta property=\"og:description\" content=\"Na \u00faltima quarta-feira (23), Gerson realizou seu jogo de despedida do Flamengo. A vit\u00f3ria sobre o Fortaleza fechou a passagem do Coringa no Fla, uma vez que neste s\u00e1bado (26), o volante j\u00e1 viaja rumo \u00e0 Fran\u00e7a para se apresentar ao Olympique de Marseille. Depois do confronto, a FlaTV divulgou os bastidores da partida, incluindo [&hellip;]\" \/>\n<meta property=\"og:url\" content=\"https:\/\/www.gaveanews.com\/index.php\/2021\/06\/25\/preparador-fisico-anima-vestiario-do-flamengo-em-despedida-de-gerson\/\" \/>\n<meta property=\"og:site_name\" content=\"G\u00e1vea News\" \/>\n<meta property=\"article:publisher\" content=\"https:\/\/facebook.com\/gaveaNews\/\" \/>\n<meta property=\"article:published_time\" content=\"2021-06-25T17:36:26+00:00\" \/>\n<meta property=\"article:modified_time\" content=\"2021-08-12T03:49:30+00:00\" \/>\n<meta property=\"og:image\" content=\"https:\/\/www.gaveanews.com\/wp-content\/uploads\/Gerson-do-Flamengo-durante-o-duelo-com-o-America-MG-pelo-Campeonato-Brasileiro-de-2021.webp\" \/>\n\t<meta property=\"og:image:width\" content=\"799\" \/>\n\t<meta property=\"og:image:height\" content=\"533\" \/>\n\t<meta property=\"og:image:type\" content=\"image\/jpeg\" \/>\n<meta name=\"author\" content=\"Let\u00edcia Gerheim\" \/>\n<meta name=\"twitter:card\" content=\"summary_large_image\" \/>\n<meta name=\"twitter:label1\" content=\"Escrito por\" \/>\n\t<meta name=\"twitter:data1\" content=\"Let\u00edcia Gerheim\" \/>\n\t<meta name=\"twitter:label2\" content=\"Est. tempo de leitura\" \/>\n\t<meta name=\"twitter:data2\" content=\"1 minuto\" \/>\n<script type=\"application\/ld+json\" class=\"yoast-schema-graph\">{\"@context\":\"https:\/\/schema.org\",\"@graph\":[{\"@type\":\"NewsArticle\",\"@id\":\"https:\/\/www.gaveanews.com\/index.php\/2021\/06\/25\/preparador-fisico-anima-vestiario-do-flamengo-em-despedida-de-gerson\/#article\",\"isPartOf\":{\"@id\":\"https:\/\/www.gaveanews.com\/index.php\/2021\/06\/25\/preparador-fisico-anima-vestiario-do-flamengo-em-despedida-de-gerson\/\"},\"author\":{\"name\":\"Let\u00edcia Gerheim\",\"@id\":\"https:\/\/www.gaveanews.com\/#\/schema\/person\/714c67050b836198af2450ba1c142a67\"},\"headline\":\"Preparador f\u00edsico anima vesti\u00e1rio do Flamengo em despedida de Gerson\",\"datePublished\":\"2021-06-25T17:36:26+00:00\",\"dateModified\":\"2021-08-12T03:49:30+00:00\",\"mainEntityOfPage\":{\"@id\":\"https:\/\/www.gaveanews.com\/index.php\/2021\/06\/25\/preparador-fisico-anima-vestiario-do-flamengo-em-despedida-de-gerson\/\"},\"wordCount\":228,\"commentCount\":1,\"image\":{\"@id\":\"https:\/\/www.gaveanews.com\/index.php\/2021\/06\/25\/preparador-fisico-anima-vestiario-do-flamengo-em-despedida-de-gerson\/#primaryimage\"},\"thumbnailUrl\":\"https:\/\/www.gaveanews.com\/wp-content\/uploads\/Gerson-do-Flamengo-durante-o-duelo-com-o-America-MG-pelo-Campeonato-Brasileiro-de-2021.webp\",\"articleSection\":[\"V\u00eddeos\"],\"inLanguage\":\"pt-BR\",\"potentialAction\":[{\"@type\":\"CommentAction\",\"name\":\"Comment\",\"target\":[\"https:\/\/www.gaveanews.com\/index.php\/2021\/06\/25\/preparador-fisico-anima-vestiario-do-flamengo-em-despedida-de-gerson\/#respond\"]}],\"copyrightYear\":\"2021\",\"copyrightHolder\":{\"@id\":\"https:\/\/www.gaveanews.com\/#organization\"}},{\"@type\":\"WebPage\",\"@id\":\"https:\/\/www.gaveanews.com\/index.php\/2021\/06\/25\/preparador-fisico-anima-vestiario-do-flamengo-em-despedida-de-gerson\/\",\"url\":\"https:\/\/www.gaveanews.com\/index.php\/2021\/06\/25\/preparador-fisico-anima-vestiario-do-flamengo-em-despedida-de-gerson\/\",\"name\":\"Preparador f\u00edsico anima vesti\u00e1rio do Flamengo em despedida de Gerson\",\"isPartOf\":{\"@id\":\"https:\/\/www.gaveanews.com\/#website\"},\"primaryImageOfPage\":{\"@id\":\"https:\/\/www.gaveanews.com\/index.php\/2021\/06\/25\/preparador-fisico-anima-vestiario-do-flamengo-em-despedida-de-gerson\/#primaryimage\"},\"image\":{\"@id\":\"https:\/\/www.gaveanews.com\/index.php\/2021\/06\/25\/preparador-fisico-anima-vestiario-do-flamengo-em-despedida-de-gerson\/#primaryimage\"},\"thumbnailUrl\":\"https:\/\/www.gaveanews.com\/wp-content\/uploads\/Gerson-do-Flamengo-durante-o-duelo-com-o-America-MG-pelo-Campeonato-Brasileiro-de-2021.webp\",\"datePublished\":\"2021-06-25T17:36:26+00:00\",\"dateModified\":\"2021-08-12T03:49:30+00:00\",\"author\":{\"@id\":\"https:\/\/www.gaveanews.com\/#\/schema\/person\/714c67050b836198af2450ba1c142a67\"},\"breadcrumb\":{\"@id\":\"https:\/\/www.gaveanews.com\/index.php\/2021\/06\/25\/preparador-fisico-anima-vestiario-do-flamengo-em-despedida-de-gerson\/#breadcrumb\"},\"inLanguage\":\"pt-BR\",\"potentialAction\":[{\"@type\":\"ReadAction\",\"target\":[\"https:\/\/www.gaveanews.com\/index.php\/2021\/06\/25\/preparador-fisico-anima-vestiario-do-flamengo-em-despedida-de-gerson\/\"]}]},{\"@type\":\"ImageObject\",\"inLanguage\":\"pt-BR\",\"@id\":\"https:\/\/www.gaveanews.com\/index.php\/2021\/06\/25\/preparador-fisico-anima-vestiario-do-flamengo-em-despedida-de-gerson\/#primaryimage\",\"url\":\"https:\/\/www.gaveanews.com\/wp-content\/uploads\/Gerson-do-Flamengo-durante-o-duelo-com-o-America-MG-pelo-Campeonato-Brasileiro-de-2021.webp\",\"contentUrl\":\"https:\/\/www.gaveanews.com\/wp-content\/uploads\/Gerson-do-Flamengo-durante-o-duelo-com-o-America-MG-pelo-Campeonato-Brasileiro-de-2021.webp\",\"width\":799,\"height\":533,\"caption\":\"Gerson, do Flamengo, durante o duelo com o Am\u00e9rica-MG, pelo Campeonato Brasileiro de 2021 (Foto: Alexandre Vidal\/Flamengo)\"},{\"@type\":\"BreadcrumbList\",\"@id\":\"https:\/\/www.gaveanews.com\/index.php\/2021\/06\/25\/preparador-fisico-anima-vestiario-do-flamengo-em-despedida-de-gerson\/#breadcrumb\",\"itemListElement\":[{\"@type\":\"ListItem\",\"position\":1,\"name\":\"Home\",\"item\":\"https:\/\/www.gaveanews.com\/\"},{\"@type\":\"ListItem\",\"position\":2,\"name\":\"Preparador f\u00edsico anima vesti\u00e1rio do Flamengo em despedida de Gerson\"}]},{\"@type\":\"WebSite\",\"@id\":\"https:\/\/www.gaveanews.com\/#website\",\"url\":\"https:\/\/www.gaveanews.com\/\",\"name\":\"G\u00e1vea News\",\"description\":\"Veja todas as not\u00edcias sobre o Flamengo: Contrata\u00e7\u00f5es, categorias de base, resultados das partidas, tabela de classifica\u00e7\u00e3o, pr\u00f3ximos jogos!\",\"potentialAction\":[{\"@type\":\"SearchAction\",\"target\":{\"@type\":\"EntryPoint\",\"urlTemplate\":\"https:\/\/www.gaveanews.com\/?s={search_term_string}\"},\"query-input\":{\"@type\":\"PropertyValueSpecification\",\"valueRequired\":true,\"valueName\":\"search_term_string\"}}],\"inLanguage\":\"pt-BR\"},{\"@type\":\"Person\",\"@id\":\"https:\/\/www.gaveanews.com\/#\/schema\/person\/714c67050b836198af2450ba1c142a67\",\"name\":\"Let\u00edcia Gerheim\",\"image\":{\"@type\":\"ImageObject\",\"inLanguage\":\"pt-BR\",\"@id\":\"https:\/\/www.gaveanews.com\/#\/schema\/person\/image\/\",\"url\":\"https:\/\/secure.gravatar.com\/avatar\/60734739c50fcebfbac509e2a826ccd0ff405c019bc73aab9354f19ecad1dcb4?s=96&d=mm&r=g\",\"contentUrl\":\"https:\/\/secure.gravatar.com\/avatar\/60734739c50fcebfbac509e2a826ccd0ff405c019bc73aab9354f19ecad1dcb4?s=96&d=mm&r=g\",\"caption\":\"Let\u00edcia Gerheim\"}}]}<\/script>\n<!-- \/ Yoast SEO Premium plugin. -->","yoast_head_json":{"title":"Preparador f\u00edsico anima vesti\u00e1rio do Flamengo em despedida de Gerson","robots":{"index":"index","follow":"follow","max-snippet":"max-snippet:-1","max-image-preview":"max-image-preview:large","max-video-preview":"max-video-preview:-1"},"canonical":"https:\/\/www.gaveanews.com\/index.php\/2021\/06\/25\/preparador-fisico-anima-vestiario-do-flamengo-em-despedida-de-gerson\/","og_locale":"pt_BR","og_type":"article","og_title":"Preparador f\u00edsico anima vesti\u00e1rio do Flamengo em despedida de Gerson","og_description":"Na \u00faltima quarta-feira (23), Gerson realizou seu jogo de despedida do Flamengo. A vit\u00f3ria sobre o Fortaleza fechou a passagem do Coringa no Fla, uma vez que neste s\u00e1bado (26), o volante j\u00e1 viaja rumo \u00e0 Fran\u00e7a para se apresentar ao Olympique de Marseille. Depois do confronto, a FlaTV divulgou os bastidores da partida, incluindo [&hellip;]","og_url":"https:\/\/www.gaveanews.com\/index.php\/2021\/06\/25\/preparador-fisico-anima-vestiario-do-flamengo-em-despedida-de-gerson\/","og_site_name":"G\u00e1vea News","article_publisher":"https:\/\/facebook.com\/gaveaNews\/","article_published_time":"2021-06-25T17:36:26+00:00","article_modified_time":"2021-08-12T03:49:30+00:00","og_image":[{"width":799,"height":533,"url":"https:\/\/www.gaveanews.com\/wp-content\/uploads\/Gerson-do-Flamengo-durante-o-duelo-com-o-America-MG-pelo-Campeonato-Brasileiro-de-2021.webp","type":"image\/jpeg"}],"author":"Let\u00edcia Gerheim","twitter_card":"summary_large_image","twitter_misc":{"Escrito por":"Let\u00edcia Gerheim","Est. tempo de leitura":"1 minuto"},"schema":{"@context":"https:\/\/schema.org","@graph":[{"@type":"NewsArticle","@id":"https:\/\/www.gaveanews.com\/index.php\/2021\/06\/25\/preparador-fisico-anima-vestiario-do-flamengo-em-despedida-de-gerson\/#article","isPartOf":{"@id":"https:\/\/www.gaveanews.com\/index.php\/2021\/06\/25\/preparador-fisico-anima-vestiario-do-flamengo-em-despedida-de-gerson\/"},"author":{"name":"Let\u00edcia Gerheim","@id":"https:\/\/www.gaveanews.com\/#\/schema\/person\/714c67050b836198af2450ba1c142a67"},"headline":"Preparador f\u00edsico anima vesti\u00e1rio do Flamengo em despedida de Gerson","datePublished":"2021-06-25T17:36:26+00:00","dateModified":"2021-08-12T03:49:30+00:00","mainEntityOfPage":{"@id":"https:\/\/www.gaveanews.com\/index.php\/2021\/06\/25\/preparador-fisico-anima-vestiario-do-flamengo-em-despedida-de-gerson\/"},"wordCount":228,"commentCount":1,"image":{"@id":"https:\/\/www.gaveanews.com\/index.php\/2021\/06\/25\/preparador-fisico-anima-vestiario-do-flamengo-em-despedida-de-gerson\/#primaryimage"},"thumbnailUrl":"https:\/\/www.gaveanews.com\/wp-content\/uploads\/Gerson-do-Flamengo-durante-o-duelo-com-o-America-MG-pelo-Campeonato-Brasileiro-de-2021.webp","articleSection":["V\u00eddeos"],"inLanguage":"pt-BR","potentialAction":[{"@type":"CommentAction","name":"Comment","target":["https:\/\/www.gaveanews.com\/index.php\/2021\/06\/25\/preparador-fisico-anima-vestiario-do-flamengo-em-despedida-de-gerson\/#respond"]}],"copyrightYear":"2021","copyrightHolder":{"@id":"https:\/\/www.gaveanews.com\/#organization"}},{"@type":"WebPage","@id":"https:\/\/www.gaveanews.com\/index.php\/2021\/06\/25\/preparador-fisico-anima-vestiario-do-flamengo-em-despedida-de-gerson\/","url":"https:\/\/www.gaveanews.com\/index.php\/2021\/06\/25\/preparador-fisico-anima-vestiario-do-flamengo-em-despedida-de-gerson\/","name":"Preparador f\u00edsico anima vesti\u00e1rio do Flamengo em despedida de Gerson","isPartOf":{"@id":"https:\/\/www.gaveanews.com\/#website"},"primaryImageOfPage":{"@id":"https:\/\/www.gaveanews.com\/index.php\/2021\/06\/25\/preparador-fisico-anima-vestiario-do-flamengo-em-despedida-de-gerson\/#primaryimage"},"image":{"@id":"https:\/\/www.gaveanews.com\/index.php\/2021\/06\/25\/preparador-fisico-anima-vestiario-do-flamengo-em-despedida-de-gerson\/#primaryimage"},"thumbnailUrl":"https:\/\/www.gaveanews.com\/wp-content\/uploads\/Gerson-do-Flamengo-durante-o-duelo-com-o-America-MG-pelo-Campeonato-Brasileiro-de-2021.webp","datePublished":"2021-06-25T17:36:26+00:00","dateModified":"2021-08-12T03:49:30+00:00","author":{"@id":"https:\/\/www.gaveanews.com\/#\/schema\/person\/714c67050b836198af2450ba1c142a67"},"breadcrumb":{"@id":"https:\/\/www.gaveanews.com\/index.php\/2021\/06\/25\/preparador-fisico-anima-vestiario-do-flamengo-em-despedida-de-gerson\/#breadcrumb"},"inLanguage":"pt-BR","potentialAction":[{"@type":"ReadAction","target":["https:\/\/www.gaveanews.com\/index.php\/2021\/06\/25\/preparador-fisico-anima-vestiario-do-flamengo-em-despedida-de-gerson\/"]}]},{"@type":"ImageObject","inLanguage":"pt-BR","@id":"https:\/\/www.gaveanews.com\/index.php\/2021\/06\/25\/preparador-fisico-anima-vestiario-do-flamengo-em-despedida-de-gerson\/#primaryimage","url":"https:\/\/www.gaveanews.com\/wp-content\/uploads\/Gerson-do-Flamengo-durante-o-duelo-com-o-America-MG-pelo-Campeonato-Brasileiro-de-2021.webp","contentUrl":"https:\/\/www.gaveanews.com\/wp-content\/uploads\/Gerson-do-Flamengo-durante-o-duelo-com-o-America-MG-pelo-Campeonato-Brasileiro-de-2021.webp","width":799,"height":533,"caption":"Gerson, do Flamengo, durante o duelo com o Am\u00e9rica-MG, pelo Campeonato Brasileiro de 2021 (Foto: Alexandre Vidal\/Flamengo)"},{"@type":"BreadcrumbList","@id":"https:\/\/www.gaveanews.com\/index.php\/2021\/06\/25\/preparador-fisico-anima-vestiario-do-flamengo-em-despedida-de-gerson\/#breadcrumb","itemListElement":[{"@type":"ListItem","position":1,"name":"Home","item":"https:\/\/www.gaveanews.com\/"},{"@type":"ListItem","position":2,"name":"Preparador f\u00edsico anima vesti\u00e1rio do Flamengo em despedida de Gerson"}]},{"@type":"WebSite","@id":"https:\/\/www.gaveanews.com\/#website","url":"https:\/\/www.gaveanews.com\/","name":"G\u00e1vea News","description":"Veja todas as not\u00edcias sobre o Flamengo: Contrata\u00e7\u00f5es, categorias de base, resultados das partidas, tabela de classifica\u00e7\u00e3o, pr\u00f3ximos jogos!","potentialAction":[{"@type":"SearchAction","target":{"@type":"EntryPoint","urlTemplate":"https:\/\/www.gaveanews.com\/?s={search_term_string}"},"query-input":{"@type":"PropertyValueSpecification","valueRequired":true,"valueName":"search_term_string"}}],"inLanguage":"pt-BR"},{"@type":"Person","@id":"https:\/\/www.gaveanews.com\/#\/schema\/person\/714c67050b836198af2450ba1c142a67","name":"Let\u00edcia Gerheim","image":{"@type":"ImageObject","inLanguage":"pt-BR","@id":"https:\/\/www.gaveanews.com\/#\/schema\/person\/image\/","url":"https:\/\/secure.gravatar.com\/avatar\/60734739c50fcebfbac509e2a826ccd0ff405c019bc73aab9354f19ecad1dcb4?s=96&d=mm&r=g","contentUrl":"https:\/\/secure.gravatar.com\/avatar\/60734739c50fcebfbac509e2a826ccd0ff405c019bc73aab9354f19ecad1dcb4?s=96&d=mm&r=g","caption":"Let\u00edcia Gerheim"}}]}},"_links":{"self":[{"href":"https:\/\/www.gaveanews.com\/index.php\/wp-json\/wp\/v2\/posts\/63579","targetHints":{"allow":["GET"]}}],"collection":[{"href":"https:\/\/www.gaveanews.com\/index.php\/wp-json\/wp\/v2\/posts"}],"about":[{"href":"https:\/\/www.gaveanews.com\/index.php\/wp-json\/wp\/v2\/types\/post"}],"author":[{"embeddable":true,"href":"https:\/\/www.gaveanews.com\/index.php\/wp-json\/wp\/v2\/users\/4"}],"replies":[{"embeddable":true,"href":"https:\/\/www.gaveanews.com\/index.php\/wp-json\/wp\/v2\/comments?post=63579"}],"version-history":[{"count":0,"href":"https:\/\/www.gaveanews.com\/index.php\/wp-json\/wp\/v2\/posts\/63579\/revisions"}],"wp:featuredmedia":[{"embeddable":true,"href":"https:\/\/www.gaveanews.com\/index.php\/wp-json\/wp\/v2\/media\/62912"}],"wp:attachment":[{"href":"https:\/\/www.gaveanews.com\/index.php\/wp-json\/wp\/v2\/media?parent=63579"}],"wp:term":[{"taxonomy":"category","embeddable":true,"href":"https:\/\/www.gaveanews.com\/index.php\/wp-json\/wp\/v2\/categories?post=63579"},{"taxonomy":"post_tag","embeddable":true,"href":"https:\/\/www.gaveanews.com\/index.php\/wp-json\/wp\/v2\/tags?post=63579"}],"curies":[{"name":"wp","href":"https:\/\/api.w.org\/{rel}","templated":true}]}}