{"id":63581,"date":"2021-06-25T15:35:24","date_gmt":"2021-06-25T18:35:24","guid":{"rendered":"https:\/\/www.gaveanews.com\/?p=63581"},"modified":"2021-08-12T00:49:29","modified_gmt":"2021-08-12T03:49:29","slug":"flamengo-monitora-facundo-torres-companheiro-de-arrasca-na-selecao","status":"publish","type":"post","link":"https:\/\/www.gaveanews.com\/index.php\/2021\/06\/25\/flamengo-monitora-facundo-torres-companheiro-de-arrasca-na-selecao\/","title":{"rendered":"Flamengo monitora Facundo Torres, companheiro de Arrasca na Sele\u00e7\u00e3o"},"content":{"rendered":"\n<p>Sabendo da necessidade de contratar um jogador para manter o alto n\u00edvel de seu elenco, o Flamengo busca no mercado por um nome que possa suprir sua necessidade. Um dos nomes ventilados no rubro-negro \u00e9 de Facundo Torres.<\/p>\n\n\n\n<p>De acordo com a reportagem do <em>Coluna do Fla<\/em>, o Mais Querido j\u00e1 chegou a demonstrar interesse pelo jovem. O clube da G\u00e1vea se une ao Gr\u00eamio, que tamb\u00e9m deseja possuir Facundo em seu plantel. A informa\u00e7\u00e3o foi confirmada por dirigentes do Pe\u00f1arol.<\/p>\n\n\n\n<p><em><strong>\u2014 Alguns clubes brasileiros est\u00e3o monitorando o Facundo. Tem o Flamengo, o Gr\u00eamio e v\u00e1rios. O fato de jogar a Copa Am\u00e9rica ai no Brasil faz com que ele esteja no centro e os clubes possam olhar mais para ele. \u00c9 um jogador que tem um valor muito alto, n\u00e3o sei se poder\u00e1 passar pelo Brasil ou se vai diretamente para Europa, mas fizeram contato por ele sim.<\/strong><\/em><\/p>\n\n\n\n<p>O atleta de 21 anos atualmente joga pelo Pe\u00f1arol como ponta-esquerda, podendo atuar tamb\u00e9m como ponta-direita e atacante. No momento, o jogador est\u00e1 a servi\u00e7o da Sele\u00e7\u00e3o Uruguaia, assim como Arrascaeta, onde tenta melhorar o aproveitamento da equipe na Copa Am\u00e9rica.<\/p>\n\n\n\n<p>Ao que os dirigentes indicaram, a maior barreira para o Flamengo pode ser o montante que dever\u00e1 ser desembolsado pela negocia\u00e7\u00e3o. Atualmente, o Facundo est\u00e1 avaliado no mercado em 5 milh\u00f5es de euros (cerca de R$ 29,5 milh\u00f5es), valor que poder\u00e1 ser determinante na decis\u00e3o do Fla em rela\u00e7\u00e3o \u00e0 contrata\u00e7\u00e3o.<\/p>\n\n\n\n<p>Enquanto avalia suas op\u00e7\u00f5es no mercado, o rubro-negro se prepara para enfrentar o Juventude no domingo (27), pela 7\u00aa rodada do Campeonato Brasileiro. O confronto ocorrer\u00e1 \u00e0s 11h (hor\u00e1rio de Bras\u00edlia) e contar\u00e1 com a transmiss\u00e3o do Premiere.<\/p>\n","protected":false},"excerpt":{"rendered":"<p>Sabendo da necessidade de contratar um jogador para manter o alto n\u00edvel de seu elenco, o Flamengo busca no mercado por um nome que possa suprir sua necessidade. Um dos nomes ventilados no rubro-negro \u00e9 de Facundo Torres. De acordo com a reportagem do Coluna do Fla, o Mais Querido j\u00e1 chegou a demonstrar interesse [&hellip;]<\/p>\n","protected":false},"author":4,"featured_media":63582,"comment_status":"open","ping_status":"closed","sticky":false,"template":"","format":"standard","meta":{"footnotes":""},"categories":[1],"tags":[],"class_list":["post-63581","post","type-post","status-publish","format-standard","has-post-thumbnail","hentry","category-flamengo"],"yoast_head":"<!-- This site is optimized with the Yoast SEO Premium plugin v24.2 (Yoast SEO v26.9) - https:\/\/yoast.com\/product\/yoast-seo-premium-wordpress\/ -->\n<title>Flamengo monitora Facundo Torres, companheiro de Arrasca na Sele\u00e7\u00e3o<\/title>\n<meta name=\"robots\" content=\"index, follow, max-snippet:-1, max-image-preview:large, max-video-preview:-1\" \/>\n<link rel=\"canonical\" href=\"https:\/\/www.gaveanews.com\/index.php\/2021\/06\/25\/flamengo-monitora-facundo-torres-companheiro-de-arrasca-na-selecao\/\" \/>\n<meta property=\"og:locale\" content=\"pt_BR\" \/>\n<meta property=\"og:type\" content=\"article\" \/>\n<meta property=\"og:title\" content=\"Flamengo monitora Facundo Torres, companheiro de Arrasca na Sele\u00e7\u00e3o\" \/>\n<meta property=\"og:description\" content=\"Sabendo da necessidade de contratar um jogador para manter o alto n\u00edvel de seu elenco, o Flamengo busca no mercado por um nome que possa suprir sua necessidade. Um dos nomes ventilados no rubro-negro \u00e9 de Facundo Torres. De acordo com a reportagem do Coluna do Fla, o Mais Querido j\u00e1 chegou a demonstrar interesse [&hellip;]\" \/>\n<meta property=\"og:url\" content=\"https:\/\/www.gaveanews.com\/index.php\/2021\/06\/25\/flamengo-monitora-facundo-torres-companheiro-de-arrasca-na-selecao\/\" \/>\n<meta property=\"og:site_name\" content=\"G\u00e1vea News\" \/>\n<meta property=\"article:publisher\" content=\"https:\/\/facebook.com\/gaveaNews\/\" \/>\n<meta property=\"article:published_time\" content=\"2021-06-25T18:35:24+00:00\" \/>\n<meta property=\"article:modified_time\" content=\"2021-08-12T03:49:29+00:00\" \/>\n<meta property=\"og:image\" content=\"https:\/\/www.gaveanews.com\/wp-content\/uploads\/Facundo-Torres-em-atuacao-pelo-Penarol.webp\" \/>\n\t<meta property=\"og:image:width\" content=\"700\" \/>\n\t<meta property=\"og:image:height\" content=\"466\" \/>\n\t<meta property=\"og:image:type\" content=\"image\/jpeg\" \/>\n<meta name=\"author\" content=\"Let\u00edcia Gerheim\" \/>\n<meta name=\"twitter:card\" content=\"summary_large_image\" \/>\n<meta name=\"twitter:label1\" content=\"Escrito por\" \/>\n\t<meta name=\"twitter:data1\" content=\"Let\u00edcia Gerheim\" \/>\n\t<meta name=\"twitter:label2\" content=\"Est. tempo de leitura\" \/>\n\t<meta name=\"twitter:data2\" content=\"2 minutos\" \/>\n<script type=\"application\/ld+json\" class=\"yoast-schema-graph\">{\"@context\":\"https:\/\/schema.org\",\"@graph\":[{\"@type\":\"NewsArticle\",\"@id\":\"https:\/\/www.gaveanews.com\/index.php\/2021\/06\/25\/flamengo-monitora-facundo-torres-companheiro-de-arrasca-na-selecao\/#article\",\"isPartOf\":{\"@id\":\"https:\/\/www.gaveanews.com\/index.php\/2021\/06\/25\/flamengo-monitora-facundo-torres-companheiro-de-arrasca-na-selecao\/\"},\"author\":{\"name\":\"Let\u00edcia Gerheim\",\"@id\":\"https:\/\/www.gaveanews.com\/#\/schema\/person\/714c67050b836198af2450ba1c142a67\"},\"headline\":\"Flamengo monitora Facundo Torres, companheiro de Arrasca na Sele\u00e7\u00e3o\",\"datePublished\":\"2021-06-25T18:35:24+00:00\",\"dateModified\":\"2021-08-12T03:49:29+00:00\",\"mainEntityOfPage\":{\"@id\":\"https:\/\/www.gaveanews.com\/index.php\/2021\/06\/25\/flamengo-monitora-facundo-torres-companheiro-de-arrasca-na-selecao\/\"},\"wordCount\":306,\"commentCount\":5,\"image\":{\"@id\":\"https:\/\/www.gaveanews.com\/index.php\/2021\/06\/25\/flamengo-monitora-facundo-torres-companheiro-de-arrasca-na-selecao\/#primaryimage\"},\"thumbnailUrl\":\"https:\/\/www.gaveanews.com\/wp-content\/uploads\/Facundo-Torres-em-atuacao-pelo-Penarol.webp\",\"articleSection\":[\"Flamengo\"],\"inLanguage\":\"pt-BR\",\"potentialAction\":[{\"@type\":\"CommentAction\",\"name\":\"Comment\",\"target\":[\"https:\/\/www.gaveanews.com\/index.php\/2021\/06\/25\/flamengo-monitora-facundo-torres-companheiro-de-arrasca-na-selecao\/#respond\"]}],\"copyrightYear\":\"2021\",\"copyrightHolder\":{\"@id\":\"https:\/\/www.gaveanews.com\/#organization\"}},{\"@type\":\"WebPage\",\"@id\":\"https:\/\/www.gaveanews.com\/index.php\/2021\/06\/25\/flamengo-monitora-facundo-torres-companheiro-de-arrasca-na-selecao\/\",\"url\":\"https:\/\/www.gaveanews.com\/index.php\/2021\/06\/25\/flamengo-monitora-facundo-torres-companheiro-de-arrasca-na-selecao\/\",\"name\":\"Flamengo monitora Facundo Torres, companheiro de Arrasca na Sele\u00e7\u00e3o\",\"isPartOf\":{\"@id\":\"https:\/\/www.gaveanews.com\/#website\"},\"primaryImageOfPage\":{\"@id\":\"https:\/\/www.gaveanews.com\/index.php\/2021\/06\/25\/flamengo-monitora-facundo-torres-companheiro-de-arrasca-na-selecao\/#primaryimage\"},\"image\":{\"@id\":\"https:\/\/www.gaveanews.com\/index.php\/2021\/06\/25\/flamengo-monitora-facundo-torres-companheiro-de-arrasca-na-selecao\/#primaryimage\"},\"thumbnailUrl\":\"https:\/\/www.gaveanews.com\/wp-content\/uploads\/Facundo-Torres-em-atuacao-pelo-Penarol.webp\",\"datePublished\":\"2021-06-25T18:35:24+00:00\",\"dateModified\":\"2021-08-12T03:49:29+00:00\",\"author\":{\"@id\":\"https:\/\/www.gaveanews.com\/#\/schema\/person\/714c67050b836198af2450ba1c142a67\"},\"breadcrumb\":{\"@id\":\"https:\/\/www.gaveanews.com\/index.php\/2021\/06\/25\/flamengo-monitora-facundo-torres-companheiro-de-arrasca-na-selecao\/#breadcrumb\"},\"inLanguage\":\"pt-BR\",\"potentialAction\":[{\"@type\":\"ReadAction\",\"target\":[\"https:\/\/www.gaveanews.com\/index.php\/2021\/06\/25\/flamengo-monitora-facundo-torres-companheiro-de-arrasca-na-selecao\/\"]}]},{\"@type\":\"ImageObject\",\"inLanguage\":\"pt-BR\",\"@id\":\"https:\/\/www.gaveanews.com\/index.php\/2021\/06\/25\/flamengo-monitora-facundo-torres-companheiro-de-arrasca-na-selecao\/#primaryimage\",\"url\":\"https:\/\/www.gaveanews.com\/wp-content\/uploads\/Facundo-Torres-em-atuacao-pelo-Penarol.webp\",\"contentUrl\":\"https:\/\/www.gaveanews.com\/wp-content\/uploads\/Facundo-Torres-em-atuacao-pelo-Penarol.webp\",\"width\":700,\"height\":466,\"caption\":\"Facundo Torres em atua\u00e7\u00e3o pelo Pe\u00f1arol (Foto: Alexandre Schneider\/AFP)\"},{\"@type\":\"BreadcrumbList\",\"@id\":\"https:\/\/www.gaveanews.com\/index.php\/2021\/06\/25\/flamengo-monitora-facundo-torres-companheiro-de-arrasca-na-selecao\/#breadcrumb\",\"itemListElement\":[{\"@type\":\"ListItem\",\"position\":1,\"name\":\"Home\",\"item\":\"https:\/\/www.gaveanews.com\/\"},{\"@type\":\"ListItem\",\"position\":2,\"name\":\"Flamengo monitora Facundo Torres, companheiro de Arrasca na Sele\u00e7\u00e3o\"}]},{\"@type\":\"WebSite\",\"@id\":\"https:\/\/www.gaveanews.com\/#website\",\"url\":\"https:\/\/www.gaveanews.com\/\",\"name\":\"G\u00e1vea News\",\"description\":\"Veja todas as not\u00edcias sobre o Flamengo: Contrata\u00e7\u00f5es, categorias de base, resultados das partidas, tabela de classifica\u00e7\u00e3o, pr\u00f3ximos jogos!\",\"potentialAction\":[{\"@type\":\"SearchAction\",\"target\":{\"@type\":\"EntryPoint\",\"urlTemplate\":\"https:\/\/www.gaveanews.com\/?s={search_term_string}\"},\"query-input\":{\"@type\":\"PropertyValueSpecification\",\"valueRequired\":true,\"valueName\":\"search_term_string\"}}],\"inLanguage\":\"pt-BR\"},{\"@type\":\"Person\",\"@id\":\"https:\/\/www.gaveanews.com\/#\/schema\/person\/714c67050b836198af2450ba1c142a67\",\"name\":\"Let\u00edcia Gerheim\",\"image\":{\"@type\":\"ImageObject\",\"inLanguage\":\"pt-BR\",\"@id\":\"https:\/\/www.gaveanews.com\/#\/schema\/person\/image\/\",\"url\":\"https:\/\/secure.gravatar.com\/avatar\/60734739c50fcebfbac509e2a826ccd0ff405c019bc73aab9354f19ecad1dcb4?s=96&d=mm&r=g\",\"contentUrl\":\"https:\/\/secure.gravatar.com\/avatar\/60734739c50fcebfbac509e2a826ccd0ff405c019bc73aab9354f19ecad1dcb4?s=96&d=mm&r=g\",\"caption\":\"Let\u00edcia Gerheim\"}}]}<\/script>\n<!-- \/ Yoast SEO Premium plugin. -->","yoast_head_json":{"title":"Flamengo monitora Facundo Torres, companheiro de Arrasca na Sele\u00e7\u00e3o","robots":{"index":"index","follow":"follow","max-snippet":"max-snippet:-1","max-image-preview":"max-image-preview:large","max-video-preview":"max-video-preview:-1"},"canonical":"https:\/\/www.gaveanews.com\/index.php\/2021\/06\/25\/flamengo-monitora-facundo-torres-companheiro-de-arrasca-na-selecao\/","og_locale":"pt_BR","og_type":"article","og_title":"Flamengo monitora Facundo Torres, companheiro de Arrasca na Sele\u00e7\u00e3o","og_description":"Sabendo da necessidade de contratar um jogador para manter o alto n\u00edvel de seu elenco, o Flamengo busca no mercado por um nome que possa suprir sua necessidade. Um dos nomes ventilados no rubro-negro \u00e9 de Facundo Torres. De acordo com a reportagem do Coluna do Fla, o Mais Querido j\u00e1 chegou a demonstrar interesse [&hellip;]","og_url":"https:\/\/www.gaveanews.com\/index.php\/2021\/06\/25\/flamengo-monitora-facundo-torres-companheiro-de-arrasca-na-selecao\/","og_site_name":"G\u00e1vea News","article_publisher":"https:\/\/facebook.com\/gaveaNews\/","article_published_time":"2021-06-25T18:35:24+00:00","article_modified_time":"2021-08-12T03:49:29+00:00","og_image":[{"width":700,"height":466,"url":"https:\/\/www.gaveanews.com\/wp-content\/uploads\/Facundo-Torres-em-atuacao-pelo-Penarol.webp","type":"image\/jpeg"}],"author":"Let\u00edcia Gerheim","twitter_card":"summary_large_image","twitter_misc":{"Escrito por":"Let\u00edcia Gerheim","Est. tempo de leitura":"2 minutos"},"schema":{"@context":"https:\/\/schema.org","@graph":[{"@type":"NewsArticle","@id":"https:\/\/www.gaveanews.com\/index.php\/2021\/06\/25\/flamengo-monitora-facundo-torres-companheiro-de-arrasca-na-selecao\/#article","isPartOf":{"@id":"https:\/\/www.gaveanews.com\/index.php\/2021\/06\/25\/flamengo-monitora-facundo-torres-companheiro-de-arrasca-na-selecao\/"},"author":{"name":"Let\u00edcia Gerheim","@id":"https:\/\/www.gaveanews.com\/#\/schema\/person\/714c67050b836198af2450ba1c142a67"},"headline":"Flamengo monitora Facundo Torres, companheiro de Arrasca na Sele\u00e7\u00e3o","datePublished":"2021-06-25T18:35:24+00:00","dateModified":"2021-08-12T03:49:29+00:00","mainEntityOfPage":{"@id":"https:\/\/www.gaveanews.com\/index.php\/2021\/06\/25\/flamengo-monitora-facundo-torres-companheiro-de-arrasca-na-selecao\/"},"wordCount":306,"commentCount":5,"image":{"@id":"https:\/\/www.gaveanews.com\/index.php\/2021\/06\/25\/flamengo-monitora-facundo-torres-companheiro-de-arrasca-na-selecao\/#primaryimage"},"thumbnailUrl":"https:\/\/www.gaveanews.com\/wp-content\/uploads\/Facundo-Torres-em-atuacao-pelo-Penarol.webp","articleSection":["Flamengo"],"inLanguage":"pt-BR","potentialAction":[{"@type":"CommentAction","name":"Comment","target":["https:\/\/www.gaveanews.com\/index.php\/2021\/06\/25\/flamengo-monitora-facundo-torres-companheiro-de-arrasca-na-selecao\/#respond"]}],"copyrightYear":"2021","copyrightHolder":{"@id":"https:\/\/www.gaveanews.com\/#organization"}},{"@type":"WebPage","@id":"https:\/\/www.gaveanews.com\/index.php\/2021\/06\/25\/flamengo-monitora-facundo-torres-companheiro-de-arrasca-na-selecao\/","url":"https:\/\/www.gaveanews.com\/index.php\/2021\/06\/25\/flamengo-monitora-facundo-torres-companheiro-de-arrasca-na-selecao\/","name":"Flamengo monitora Facundo Torres, companheiro de Arrasca na Sele\u00e7\u00e3o","isPartOf":{"@id":"https:\/\/www.gaveanews.com\/#website"},"primaryImageOfPage":{"@id":"https:\/\/www.gaveanews.com\/index.php\/2021\/06\/25\/flamengo-monitora-facundo-torres-companheiro-de-arrasca-na-selecao\/#primaryimage"},"image":{"@id":"https:\/\/www.gaveanews.com\/index.php\/2021\/06\/25\/flamengo-monitora-facundo-torres-companheiro-de-arrasca-na-selecao\/#primaryimage"},"thumbnailUrl":"https:\/\/www.gaveanews.com\/wp-content\/uploads\/Facundo-Torres-em-atuacao-pelo-Penarol.webp","datePublished":"2021-06-25T18:35:24+00:00","dateModified":"2021-08-12T03:49:29+00:00","author":{"@id":"https:\/\/www.gaveanews.com\/#\/schema\/person\/714c67050b836198af2450ba1c142a67"},"breadcrumb":{"@id":"https:\/\/www.gaveanews.com\/index.php\/2021\/06\/25\/flamengo-monitora-facundo-torres-companheiro-de-arrasca-na-selecao\/#breadcrumb"},"inLanguage":"pt-BR","potentialAction":[{"@type":"ReadAction","target":["https:\/\/www.gaveanews.com\/index.php\/2021\/06\/25\/flamengo-monitora-facundo-torres-companheiro-de-arrasca-na-selecao\/"]}]},{"@type":"ImageObject","inLanguage":"pt-BR","@id":"https:\/\/www.gaveanews.com\/index.php\/2021\/06\/25\/flamengo-monitora-facundo-torres-companheiro-de-arrasca-na-selecao\/#primaryimage","url":"https:\/\/www.gaveanews.com\/wp-content\/uploads\/Facundo-Torres-em-atuacao-pelo-Penarol.webp","contentUrl":"https:\/\/www.gaveanews.com\/wp-content\/uploads\/Facundo-Torres-em-atuacao-pelo-Penarol.webp","width":700,"height":466,"caption":"Facundo Torres em atua\u00e7\u00e3o pelo Pe\u00f1arol (Foto: Alexandre Schneider\/AFP)"},{"@type":"BreadcrumbList","@id":"https:\/\/www.gaveanews.com\/index.php\/2021\/06\/25\/flamengo-monitora-facundo-torres-companheiro-de-arrasca-na-selecao\/#breadcrumb","itemListElement":[{"@type":"ListItem","position":1,"name":"Home","item":"https:\/\/www.gaveanews.com\/"},{"@type":"ListItem","position":2,"name":"Flamengo monitora Facundo Torres, companheiro de Arrasca na Sele\u00e7\u00e3o"}]},{"@type":"WebSite","@id":"https:\/\/www.gaveanews.com\/#website","url":"https:\/\/www.gaveanews.com\/","name":"G\u00e1vea News","description":"Veja todas as not\u00edcias sobre o Flamengo: Contrata\u00e7\u00f5es, categorias de base, resultados das partidas, tabela de classifica\u00e7\u00e3o, pr\u00f3ximos jogos!","potentialAction":[{"@type":"SearchAction","target":{"@type":"EntryPoint","urlTemplate":"https:\/\/www.gaveanews.com\/?s={search_term_string}"},"query-input":{"@type":"PropertyValueSpecification","valueRequired":true,"valueName":"search_term_string"}}],"inLanguage":"pt-BR"},{"@type":"Person","@id":"https:\/\/www.gaveanews.com\/#\/schema\/person\/714c67050b836198af2450ba1c142a67","name":"Let\u00edcia Gerheim","image":{"@type":"ImageObject","inLanguage":"pt-BR","@id":"https:\/\/www.gaveanews.com\/#\/schema\/person\/image\/","url":"https:\/\/secure.gravatar.com\/avatar\/60734739c50fcebfbac509e2a826ccd0ff405c019bc73aab9354f19ecad1dcb4?s=96&d=mm&r=g","contentUrl":"https:\/\/secure.gravatar.com\/avatar\/60734739c50fcebfbac509e2a826ccd0ff405c019bc73aab9354f19ecad1dcb4?s=96&d=mm&r=g","caption":"Let\u00edcia Gerheim"}}]}},"_links":{"self":[{"href":"https:\/\/www.gaveanews.com\/index.php\/wp-json\/wp\/v2\/posts\/63581","targetHints":{"allow":["GET"]}}],"collection":[{"href":"https:\/\/www.gaveanews.com\/index.php\/wp-json\/wp\/v2\/posts"}],"about":[{"href":"https:\/\/www.gaveanews.com\/index.php\/wp-json\/wp\/v2\/types\/post"}],"author":[{"embeddable":true,"href":"https:\/\/www.gaveanews.com\/index.php\/wp-json\/wp\/v2\/users\/4"}],"replies":[{"embeddable":true,"href":"https:\/\/www.gaveanews.com\/index.php\/wp-json\/wp\/v2\/comments?post=63581"}],"version-history":[{"count":0,"href":"https:\/\/www.gaveanews.com\/index.php\/wp-json\/wp\/v2\/posts\/63581\/revisions"}],"wp:featuredmedia":[{"embeddable":true,"href":"https:\/\/www.gaveanews.com\/index.php\/wp-json\/wp\/v2\/media\/63582"}],"wp:attachment":[{"href":"https:\/\/www.gaveanews.com\/index.php\/wp-json\/wp\/v2\/media?parent=63581"}],"wp:term":[{"taxonomy":"category","embeddable":true,"href":"https:\/\/www.gaveanews.com\/index.php\/wp-json\/wp\/v2\/categories?post=63581"},{"taxonomy":"post_tag","embeddable":true,"href":"https:\/\/www.gaveanews.com\/index.php\/wp-json\/wp\/v2\/tags?post=63581"}],"curies":[{"name":"wp","href":"https:\/\/api.w.org\/{rel}","templated":true}]}}