{"id":63602,"date":"2021-06-26T19:17:03","date_gmt":"2021-06-26T22:17:03","guid":{"rendered":"https:\/\/www.gaveanews.com\/?p=63602"},"modified":"2021-06-26T19:21:58","modified_gmt":"2021-06-26T22:21:58","slug":"meu-filho-vai-ser-flamenguista-com-certeza-diz-rodrigo-caio","status":"publish","type":"post","link":"https:\/\/www.gaveanews.com\/index.php\/2021\/06\/26\/meu-filho-vai-ser-flamenguista-com-certeza-diz-rodrigo-caio\/","title":{"rendered":"&#8220;Meu filho vai ser flamenguista, com certeza\u201d, diz Rodrigo Caio"},"content":{"rendered":"\n<p>Destaque o Flamengo nas \u00faltimas temporadas, o zagueiro Rodrigo Caio participou na \u00faltima quinta-feira do programa \u2018Coisa de Crente\u2019, da \u2018Net F\u00e9\u2019, servi\u00e7o de streaming voltado para o p\u00fablico crist\u00e3o. Durante a participa\u00e7\u00e3o, o defensor relembrou um atrito com um ex-treinador do S\u00e3o Paulo e tamb\u00e9m falou sobre o time do cora\u00e7\u00e3o do filho Bernardo, nascido no in\u00edcio do ano.<\/p>\n\n\n\n<p><strong><em>\u2014 Era muito jovem quando estreei no S\u00e3o Paulo, tinha 17 anos. Infelizmente, n\u00e3o tive a oportunidade de ganhar t\u00edtulos \u2013 que \u00e9 o que marca. Em 2018 eu tive uma les\u00e3o, duas semanas antes da Copa do Mundo. Estava na disputa com o Geromel e acabei n\u00e3o conseguindo ir, acredito muito pela quest\u00e3o da minha les\u00e3o<\/em><\/strong>, disse Rodrigo Caio, antes de complementar:<\/p>\n\n\n\n<p><strong><em>\u2014 Depois desse momento eu acabei perdendo espa\u00e7o no S\u00e3o Paulo, chegou um treinador que na minha vis\u00e3o n\u00e3o foi leal comigo da forma que eu gosto de ser com as pessoas. E ali foi o primeiro momento que eu senti que era hora de eu sair do S\u00e3o Paulo, sen\u00e3o eu acabaria com a minha carreira. N\u00e3o era mais feliz e n\u00e3o estava me sentido bem. Comecei a ouvir propostas e a proposta do Flamengo me encheu os olhos<\/em><\/strong>, completou.<\/p>\n\n\n\n<p>Rodrigo Caio passou grande parte da carreira no S\u00e3o Paulo, de 2011 at\u00e9 2019. Desde que chegou ao Flamengo, o zagueiro j\u00e1 acumulou nove t\u00edtulos, e soma 105 t\u00edtulos, com cinco gols anotados. Ao pastor Juninho, que apresentava o programa, o zagueiro tamb\u00e9m falou sobre a escolha de posi\u00e7\u00e3o na carreira.<\/p>\n\n\n\n<p><strong><em>\u2014 Sempre fui apaixonado por futebol. Eu torcia para o S\u00e3o Paulo, mas aprendi no futebol que depois que vira um atleta profissional voc\u00ea deixa isso de lado e perde essa quest\u00e3o de time, pois \u00e9 sua profiss\u00e3o e voc\u00ea deixa de pensar com o cora\u00e7\u00e3o. Meu filho vai ser flamenguista, com certeza<\/em><\/strong>, disse o zagueiro, que completou:<\/p>\n\n\n\n<p><strong><em>\u2014 Jogava de volante, mas meu pai me disse: \u2018Sempre quando a gente est\u00e1 em uma peneira tem muito jogador de frente, e zagueiro nunca tem. A partir de hoje voc\u00ea vai virar zagueiro, al\u00e9m de voc\u00ea ser bom na posi\u00e7\u00e3o, voc\u00ea vai ter mais facilidade de atingir os objetivos que voc\u00ea quer<\/em><\/strong>, encerrou Rodrigo Caio.<\/p>\n\n\n\n<p>Retirado de: Di\u00e1rio do Fla<\/p>\n","protected":false},"excerpt":{"rendered":"<p>Destaque o Flamengo nas \u00faltimas temporadas, o zagueiro Rodrigo Caio participou na \u00faltima quinta-feira do programa \u2018Coisa de Crente\u2019, da \u2018Net F\u00e9\u2019, servi\u00e7o de streaming voltado para o p\u00fablico crist\u00e3o. Durante a participa\u00e7\u00e3o, o defensor relembrou um atrito com um ex-treinador do S\u00e3o Paulo e tamb\u00e9m falou sobre o time do cora\u00e7\u00e3o do filho Bernardo, [&hellip;]<\/p>\n","protected":false},"author":1,"featured_media":59259,"comment_status":"open","ping_status":"closed","sticky":false,"template":"","format":"standard","meta":{"footnotes":""},"categories":[1],"tags":[],"class_list":["post-63602","post","type-post","status-publish","format-standard","has-post-thumbnail","hentry","category-flamengo"],"yoast_head":"<!-- This site is optimized with the Yoast SEO Premium plugin v24.2 (Yoast SEO v26.9) - https:\/\/yoast.com\/product\/yoast-seo-premium-wordpress\/ -->\n<title>&quot;Meu filho vai ser flamenguista, com certeza\u201d, diz Rodrigo Caio<\/title>\n<meta name=\"robots\" content=\"index, follow, max-snippet:-1, max-image-preview:large, max-video-preview:-1\" \/>\n<link rel=\"canonical\" href=\"https:\/\/www.gaveanews.com\/index.php\/2021\/06\/26\/meu-filho-vai-ser-flamenguista-com-certeza-diz-rodrigo-caio\/\" \/>\n<meta property=\"og:locale\" content=\"pt_BR\" \/>\n<meta property=\"og:type\" content=\"article\" \/>\n<meta property=\"og:title\" content=\"&quot;Meu filho vai ser flamenguista, com certeza\u201d, diz Rodrigo Caio\" \/>\n<meta property=\"og:description\" content=\"Destaque o Flamengo nas \u00faltimas temporadas, o zagueiro Rodrigo Caio participou na \u00faltima quinta-feira do programa \u2018Coisa de Crente\u2019, da \u2018Net F\u00e9\u2019, servi\u00e7o de streaming voltado para o p\u00fablico crist\u00e3o. Durante a participa\u00e7\u00e3o, o defensor relembrou um atrito com um ex-treinador do S\u00e3o Paulo e tamb\u00e9m falou sobre o time do cora\u00e7\u00e3o do filho Bernardo, [&hellip;]\" \/>\n<meta property=\"og:url\" content=\"https:\/\/www.gaveanews.com\/index.php\/2021\/06\/26\/meu-filho-vai-ser-flamenguista-com-certeza-diz-rodrigo-caio\/\" \/>\n<meta property=\"og:site_name\" content=\"G\u00e1vea News\" \/>\n<meta property=\"article:publisher\" content=\"https:\/\/facebook.com\/gaveaNews\/\" \/>\n<meta property=\"article:published_time\" content=\"2021-06-26T22:17:03+00:00\" \/>\n<meta property=\"article:modified_time\" content=\"2021-06-26T22:21:58+00:00\" \/>\n<meta property=\"og:image\" content=\"https:\/\/www.gaveanews.com\/wp-content\/uploads\/Rodrigo-Caio-erguendo-a-taca-da-Supercopa-de-2021.webp\" \/>\n\t<meta property=\"og:image:width\" content=\"799\" \/>\n\t<meta property=\"og:image:height\" content=\"532\" \/>\n\t<meta property=\"og:image:type\" content=\"image\/jpeg\" \/>\n<meta name=\"author\" content=\"Equipe G\u00e1vea News\" \/>\n<meta name=\"twitter:card\" content=\"summary_large_image\" \/>\n<meta name=\"twitter:label1\" content=\"Escrito por\" \/>\n\t<meta name=\"twitter:data1\" content=\"Equipe G\u00e1vea News\" \/>\n\t<meta name=\"twitter:label2\" content=\"Est. tempo de leitura\" \/>\n\t<meta name=\"twitter:data2\" content=\"2 minutos\" \/>\n<script type=\"application\/ld+json\" class=\"yoast-schema-graph\">{\"@context\":\"https:\/\/schema.org\",\"@graph\":[{\"@type\":\"NewsArticle\",\"@id\":\"https:\/\/www.gaveanews.com\/index.php\/2021\/06\/26\/meu-filho-vai-ser-flamenguista-com-certeza-diz-rodrigo-caio\/#article\",\"isPartOf\":{\"@id\":\"https:\/\/www.gaveanews.com\/index.php\/2021\/06\/26\/meu-filho-vai-ser-flamenguista-com-certeza-diz-rodrigo-caio\/\"},\"author\":{\"name\":\"Equipe G\u00e1vea News\",\"@id\":\"https:\/\/www.gaveanews.com\/#\/schema\/person\/2ec14f73fb96be2caf28f91afb14749d\"},\"headline\":\"&#8220;Meu filho vai ser flamenguista, com certeza\u201d, diz Rodrigo Caio\",\"datePublished\":\"2021-06-26T22:17:03+00:00\",\"dateModified\":\"2021-06-26T22:21:58+00:00\",\"mainEntityOfPage\":{\"@id\":\"https:\/\/www.gaveanews.com\/index.php\/2021\/06\/26\/meu-filho-vai-ser-flamenguista-com-certeza-diz-rodrigo-caio\/\"},\"wordCount\":407,\"commentCount\":9,\"image\":{\"@id\":\"https:\/\/www.gaveanews.com\/index.php\/2021\/06\/26\/meu-filho-vai-ser-flamenguista-com-certeza-diz-rodrigo-caio\/#primaryimage\"},\"thumbnailUrl\":\"https:\/\/www.gaveanews.com\/wp-content\/uploads\/Rodrigo-Caio-erguendo-a-taca-da-Supercopa-de-2021.webp\",\"articleSection\":[\"Flamengo\"],\"inLanguage\":\"pt-BR\",\"potentialAction\":[{\"@type\":\"CommentAction\",\"name\":\"Comment\",\"target\":[\"https:\/\/www.gaveanews.com\/index.php\/2021\/06\/26\/meu-filho-vai-ser-flamenguista-com-certeza-diz-rodrigo-caio\/#respond\"]}],\"copyrightYear\":\"2021\",\"copyrightHolder\":{\"@id\":\"https:\/\/www.gaveanews.com\/#organization\"}},{\"@type\":\"WebPage\",\"@id\":\"https:\/\/www.gaveanews.com\/index.php\/2021\/06\/26\/meu-filho-vai-ser-flamenguista-com-certeza-diz-rodrigo-caio\/\",\"url\":\"https:\/\/www.gaveanews.com\/index.php\/2021\/06\/26\/meu-filho-vai-ser-flamenguista-com-certeza-diz-rodrigo-caio\/\",\"name\":\"\\\"Meu filho vai ser flamenguista, com certeza\u201d, diz Rodrigo Caio\",\"isPartOf\":{\"@id\":\"https:\/\/www.gaveanews.com\/#website\"},\"primaryImageOfPage\":{\"@id\":\"https:\/\/www.gaveanews.com\/index.php\/2021\/06\/26\/meu-filho-vai-ser-flamenguista-com-certeza-diz-rodrigo-caio\/#primaryimage\"},\"image\":{\"@id\":\"https:\/\/www.gaveanews.com\/index.php\/2021\/06\/26\/meu-filho-vai-ser-flamenguista-com-certeza-diz-rodrigo-caio\/#primaryimage\"},\"thumbnailUrl\":\"https:\/\/www.gaveanews.com\/wp-content\/uploads\/Rodrigo-Caio-erguendo-a-taca-da-Supercopa-de-2021.webp\",\"datePublished\":\"2021-06-26T22:17:03+00:00\",\"dateModified\":\"2021-06-26T22:21:58+00:00\",\"author\":{\"@id\":\"https:\/\/www.gaveanews.com\/#\/schema\/person\/2ec14f73fb96be2caf28f91afb14749d\"},\"breadcrumb\":{\"@id\":\"https:\/\/www.gaveanews.com\/index.php\/2021\/06\/26\/meu-filho-vai-ser-flamenguista-com-certeza-diz-rodrigo-caio\/#breadcrumb\"},\"inLanguage\":\"pt-BR\",\"potentialAction\":[{\"@type\":\"ReadAction\",\"target\":[\"https:\/\/www.gaveanews.com\/index.php\/2021\/06\/26\/meu-filho-vai-ser-flamenguista-com-certeza-diz-rodrigo-caio\/\"]}]},{\"@type\":\"ImageObject\",\"inLanguage\":\"pt-BR\",\"@id\":\"https:\/\/www.gaveanews.com\/index.php\/2021\/06\/26\/meu-filho-vai-ser-flamenguista-com-certeza-diz-rodrigo-caio\/#primaryimage\",\"url\":\"https:\/\/www.gaveanews.com\/wp-content\/uploads\/Rodrigo-Caio-erguendo-a-taca-da-Supercopa-de-2021.webp\",\"contentUrl\":\"https:\/\/www.gaveanews.com\/wp-content\/uploads\/Rodrigo-Caio-erguendo-a-taca-da-Supercopa-de-2021.webp\",\"width\":799,\"height\":532,\"caption\":\"Rodrigo Caio erguendo a ta\u00e7a da Supercopa de 2021 (Foto: Alexandre Vidal\/Flamengo)\"},{\"@type\":\"BreadcrumbList\",\"@id\":\"https:\/\/www.gaveanews.com\/index.php\/2021\/06\/26\/meu-filho-vai-ser-flamenguista-com-certeza-diz-rodrigo-caio\/#breadcrumb\",\"itemListElement\":[{\"@type\":\"ListItem\",\"position\":1,\"name\":\"Home\",\"item\":\"https:\/\/www.gaveanews.com\/\"},{\"@type\":\"ListItem\",\"position\":2,\"name\":\"&#8220;Meu filho vai ser flamenguista, com certeza\u201d, diz Rodrigo Caio\"}]},{\"@type\":\"WebSite\",\"@id\":\"https:\/\/www.gaveanews.com\/#website\",\"url\":\"https:\/\/www.gaveanews.com\/\",\"name\":\"G\u00e1vea News\",\"description\":\"Veja todas as not\u00edcias sobre o Flamengo: Contrata\u00e7\u00f5es, categorias de base, resultados das partidas, tabela de classifica\u00e7\u00e3o, pr\u00f3ximos jogos!\",\"potentialAction\":[{\"@type\":\"SearchAction\",\"target\":{\"@type\":\"EntryPoint\",\"urlTemplate\":\"https:\/\/www.gaveanews.com\/?s={search_term_string}\"},\"query-input\":{\"@type\":\"PropertyValueSpecification\",\"valueRequired\":true,\"valueName\":\"search_term_string\"}}],\"inLanguage\":\"pt-BR\"},{\"@type\":\"Person\",\"@id\":\"https:\/\/www.gaveanews.com\/#\/schema\/person\/2ec14f73fb96be2caf28f91afb14749d\",\"name\":\"Equipe G\u00e1vea News\",\"image\":{\"@type\":\"ImageObject\",\"inLanguage\":\"pt-BR\",\"@id\":\"https:\/\/www.gaveanews.com\/#\/schema\/person\/image\/\",\"url\":\"https:\/\/secure.gravatar.com\/avatar\/1e1956f1facbffd3f8fa53a326721950116b3b9dc9bd44939c01180fd4a745a9?s=96&d=mm&r=g\",\"contentUrl\":\"https:\/\/secure.gravatar.com\/avatar\/1e1956f1facbffd3f8fa53a326721950116b3b9dc9bd44939c01180fd4a745a9?s=96&d=mm&r=g\",\"caption\":\"Equipe G\u00e1vea News\"}}]}<\/script>\n<!-- \/ Yoast SEO Premium plugin. -->","yoast_head_json":{"title":"\"Meu filho vai ser flamenguista, com certeza\u201d, diz Rodrigo Caio","robots":{"index":"index","follow":"follow","max-snippet":"max-snippet:-1","max-image-preview":"max-image-preview:large","max-video-preview":"max-video-preview:-1"},"canonical":"https:\/\/www.gaveanews.com\/index.php\/2021\/06\/26\/meu-filho-vai-ser-flamenguista-com-certeza-diz-rodrigo-caio\/","og_locale":"pt_BR","og_type":"article","og_title":"\"Meu filho vai ser flamenguista, com certeza\u201d, diz Rodrigo Caio","og_description":"Destaque o Flamengo nas \u00faltimas temporadas, o zagueiro Rodrigo Caio participou na \u00faltima quinta-feira do programa \u2018Coisa de Crente\u2019, da \u2018Net F\u00e9\u2019, servi\u00e7o de streaming voltado para o p\u00fablico crist\u00e3o. Durante a participa\u00e7\u00e3o, o defensor relembrou um atrito com um ex-treinador do S\u00e3o Paulo e tamb\u00e9m falou sobre o time do cora\u00e7\u00e3o do filho Bernardo, [&hellip;]","og_url":"https:\/\/www.gaveanews.com\/index.php\/2021\/06\/26\/meu-filho-vai-ser-flamenguista-com-certeza-diz-rodrigo-caio\/","og_site_name":"G\u00e1vea News","article_publisher":"https:\/\/facebook.com\/gaveaNews\/","article_published_time":"2021-06-26T22:17:03+00:00","article_modified_time":"2021-06-26T22:21:58+00:00","og_image":[{"width":799,"height":532,"url":"https:\/\/www.gaveanews.com\/wp-content\/uploads\/Rodrigo-Caio-erguendo-a-taca-da-Supercopa-de-2021.webp","type":"image\/jpeg"}],"author":"Equipe G\u00e1vea News","twitter_card":"summary_large_image","twitter_misc":{"Escrito por":"Equipe G\u00e1vea News","Est. tempo de leitura":"2 minutos"},"schema":{"@context":"https:\/\/schema.org","@graph":[{"@type":"NewsArticle","@id":"https:\/\/www.gaveanews.com\/index.php\/2021\/06\/26\/meu-filho-vai-ser-flamenguista-com-certeza-diz-rodrigo-caio\/#article","isPartOf":{"@id":"https:\/\/www.gaveanews.com\/index.php\/2021\/06\/26\/meu-filho-vai-ser-flamenguista-com-certeza-diz-rodrigo-caio\/"},"author":{"name":"Equipe G\u00e1vea News","@id":"https:\/\/www.gaveanews.com\/#\/schema\/person\/2ec14f73fb96be2caf28f91afb14749d"},"headline":"&#8220;Meu filho vai ser flamenguista, com certeza\u201d, diz Rodrigo Caio","datePublished":"2021-06-26T22:17:03+00:00","dateModified":"2021-06-26T22:21:58+00:00","mainEntityOfPage":{"@id":"https:\/\/www.gaveanews.com\/index.php\/2021\/06\/26\/meu-filho-vai-ser-flamenguista-com-certeza-diz-rodrigo-caio\/"},"wordCount":407,"commentCount":9,"image":{"@id":"https:\/\/www.gaveanews.com\/index.php\/2021\/06\/26\/meu-filho-vai-ser-flamenguista-com-certeza-diz-rodrigo-caio\/#primaryimage"},"thumbnailUrl":"https:\/\/www.gaveanews.com\/wp-content\/uploads\/Rodrigo-Caio-erguendo-a-taca-da-Supercopa-de-2021.webp","articleSection":["Flamengo"],"inLanguage":"pt-BR","potentialAction":[{"@type":"CommentAction","name":"Comment","target":["https:\/\/www.gaveanews.com\/index.php\/2021\/06\/26\/meu-filho-vai-ser-flamenguista-com-certeza-diz-rodrigo-caio\/#respond"]}],"copyrightYear":"2021","copyrightHolder":{"@id":"https:\/\/www.gaveanews.com\/#organization"}},{"@type":"WebPage","@id":"https:\/\/www.gaveanews.com\/index.php\/2021\/06\/26\/meu-filho-vai-ser-flamenguista-com-certeza-diz-rodrigo-caio\/","url":"https:\/\/www.gaveanews.com\/index.php\/2021\/06\/26\/meu-filho-vai-ser-flamenguista-com-certeza-diz-rodrigo-caio\/","name":"\"Meu filho vai ser flamenguista, com certeza\u201d, diz Rodrigo Caio","isPartOf":{"@id":"https:\/\/www.gaveanews.com\/#website"},"primaryImageOfPage":{"@id":"https:\/\/www.gaveanews.com\/index.php\/2021\/06\/26\/meu-filho-vai-ser-flamenguista-com-certeza-diz-rodrigo-caio\/#primaryimage"},"image":{"@id":"https:\/\/www.gaveanews.com\/index.php\/2021\/06\/26\/meu-filho-vai-ser-flamenguista-com-certeza-diz-rodrigo-caio\/#primaryimage"},"thumbnailUrl":"https:\/\/www.gaveanews.com\/wp-content\/uploads\/Rodrigo-Caio-erguendo-a-taca-da-Supercopa-de-2021.webp","datePublished":"2021-06-26T22:17:03+00:00","dateModified":"2021-06-26T22:21:58+00:00","author":{"@id":"https:\/\/www.gaveanews.com\/#\/schema\/person\/2ec14f73fb96be2caf28f91afb14749d"},"breadcrumb":{"@id":"https:\/\/www.gaveanews.com\/index.php\/2021\/06\/26\/meu-filho-vai-ser-flamenguista-com-certeza-diz-rodrigo-caio\/#breadcrumb"},"inLanguage":"pt-BR","potentialAction":[{"@type":"ReadAction","target":["https:\/\/www.gaveanews.com\/index.php\/2021\/06\/26\/meu-filho-vai-ser-flamenguista-com-certeza-diz-rodrigo-caio\/"]}]},{"@type":"ImageObject","inLanguage":"pt-BR","@id":"https:\/\/www.gaveanews.com\/index.php\/2021\/06\/26\/meu-filho-vai-ser-flamenguista-com-certeza-diz-rodrigo-caio\/#primaryimage","url":"https:\/\/www.gaveanews.com\/wp-content\/uploads\/Rodrigo-Caio-erguendo-a-taca-da-Supercopa-de-2021.webp","contentUrl":"https:\/\/www.gaveanews.com\/wp-content\/uploads\/Rodrigo-Caio-erguendo-a-taca-da-Supercopa-de-2021.webp","width":799,"height":532,"caption":"Rodrigo Caio erguendo a ta\u00e7a da Supercopa de 2021 (Foto: Alexandre Vidal\/Flamengo)"},{"@type":"BreadcrumbList","@id":"https:\/\/www.gaveanews.com\/index.php\/2021\/06\/26\/meu-filho-vai-ser-flamenguista-com-certeza-diz-rodrigo-caio\/#breadcrumb","itemListElement":[{"@type":"ListItem","position":1,"name":"Home","item":"https:\/\/www.gaveanews.com\/"},{"@type":"ListItem","position":2,"name":"&#8220;Meu filho vai ser flamenguista, com certeza\u201d, diz Rodrigo Caio"}]},{"@type":"WebSite","@id":"https:\/\/www.gaveanews.com\/#website","url":"https:\/\/www.gaveanews.com\/","name":"G\u00e1vea News","description":"Veja todas as not\u00edcias sobre o Flamengo: Contrata\u00e7\u00f5es, categorias de base, resultados das partidas, tabela de classifica\u00e7\u00e3o, pr\u00f3ximos jogos!","potentialAction":[{"@type":"SearchAction","target":{"@type":"EntryPoint","urlTemplate":"https:\/\/www.gaveanews.com\/?s={search_term_string}"},"query-input":{"@type":"PropertyValueSpecification","valueRequired":true,"valueName":"search_term_string"}}],"inLanguage":"pt-BR"},{"@type":"Person","@id":"https:\/\/www.gaveanews.com\/#\/schema\/person\/2ec14f73fb96be2caf28f91afb14749d","name":"Equipe G\u00e1vea News","image":{"@type":"ImageObject","inLanguage":"pt-BR","@id":"https:\/\/www.gaveanews.com\/#\/schema\/person\/image\/","url":"https:\/\/secure.gravatar.com\/avatar\/1e1956f1facbffd3f8fa53a326721950116b3b9dc9bd44939c01180fd4a745a9?s=96&d=mm&r=g","contentUrl":"https:\/\/secure.gravatar.com\/avatar\/1e1956f1facbffd3f8fa53a326721950116b3b9dc9bd44939c01180fd4a745a9?s=96&d=mm&r=g","caption":"Equipe G\u00e1vea News"}}]}},"_links":{"self":[{"href":"https:\/\/www.gaveanews.com\/index.php\/wp-json\/wp\/v2\/posts\/63602","targetHints":{"allow":["GET"]}}],"collection":[{"href":"https:\/\/www.gaveanews.com\/index.php\/wp-json\/wp\/v2\/posts"}],"about":[{"href":"https:\/\/www.gaveanews.com\/index.php\/wp-json\/wp\/v2\/types\/post"}],"author":[{"embeddable":true,"href":"https:\/\/www.gaveanews.com\/index.php\/wp-json\/wp\/v2\/users\/1"}],"replies":[{"embeddable":true,"href":"https:\/\/www.gaveanews.com\/index.php\/wp-json\/wp\/v2\/comments?post=63602"}],"version-history":[{"count":0,"href":"https:\/\/www.gaveanews.com\/index.php\/wp-json\/wp\/v2\/posts\/63602\/revisions"}],"wp:featuredmedia":[{"embeddable":true,"href":"https:\/\/www.gaveanews.com\/index.php\/wp-json\/wp\/v2\/media\/59259"}],"wp:attachment":[{"href":"https:\/\/www.gaveanews.com\/index.php\/wp-json\/wp\/v2\/media?parent=63602"}],"wp:term":[{"taxonomy":"category","embeddable":true,"href":"https:\/\/www.gaveanews.com\/index.php\/wp-json\/wp\/v2\/categories?post=63602"},{"taxonomy":"post_tag","embeddable":true,"href":"https:\/\/www.gaveanews.com\/index.php\/wp-json\/wp\/v2\/tags?post=63602"}],"curies":[{"name":"wp","href":"https:\/\/api.w.org\/{rel}","templated":true}]}}