{"id":63606,"date":"2021-06-26T19:56:58","date_gmt":"2021-06-26T22:56:58","guid":{"rendered":"https:\/\/www.gaveanews.com\/?p=63606"},"modified":"2021-06-26T19:57:01","modified_gmt":"2021-06-26T22:57:01","slug":"clubes-lideram-movimento-por-candidatura-de-rodolfo-landim-para-a-cbf","status":"publish","type":"post","link":"https:\/\/www.gaveanews.com\/index.php\/2021\/06\/26\/clubes-lideram-movimento-por-candidatura-de-rodolfo-landim-para-a-cbf\/","title":{"rendered":"Clubes lideram movimento por candidatura de Rodolfo Landim para a CBF"},"content":{"rendered":"\n<p>Antes de mais nada, dez presidentes de clubes no Nordeste, que disputam as S\u00e9ries A e B do Campeonato Brasileiro, formalizaram nesta semana apoio para que Rodolfo Landim, presidente do Flamengo, seja candidato \u00e0 pr\u00f3xima elei\u00e7\u00e3o na CBF.<\/p>\n\n\n\n<p>O site &#8216;Torcedores&#8217; apurou que o dirigente rubro-negro teve um encontro com alguns representantes da ala nordestina do futebol brasileiro. Na reuni\u00e3o, Rodolfo Landim ouviu deles o pedido para que concorra \u00e0 sucess\u00e3o de Rog\u00e9rio Langanke Caboblo.<\/p>\n\n\n\n<p>O atual presidente est\u00e1 afastado do cargo por ser alvo de investiga\u00e7\u00e3o de investiga\u00e7\u00e3o ap\u00f3s den\u00fancia de ass\u00e9dio sexual e moral a uma funcion\u00e1ria da CBF. Quem comanda interinamente a entidade \u00e9 o vice-presidente Ant\u00f4nio Carlos Nunes de Lima, o Coronel Nunes.<\/p>\n\n\n\n<p>A puni\u00e7\u00e3o a Rog\u00e9rio Caboclo chegou em boa hora para os principais clubes brasileiros. Afinal, os dirigentes lideram nos bastidores um movimento para a cria\u00e7\u00e3o de uma liga onde as equipes possam ter autonomia para tomar as pr\u00f3prias decis\u00f5es.<\/p>\n\n\n\n<p>Ainda segundo apurou a reportagem, a teleconfer\u00eancia foi viabilizada por um representante desse grupo de dirigentes do Nordeste. Rodolfo Landim recebeu o apoio dos participantes para que se candidate. Apesar de ter ficado reticente, o dirigente gostou do que ouviu.<\/p>\n\n\n\n<p>O presidente do Flamengo, contudo, reiterou que tem como prioridade no momento disputar o pleito do clube, que deve acontecer no fim do ano que vem. Landim assumiu a presid\u00eancia em 2019. Nesse \u00ednterim, venceu a Recopa Sul-Americana, a Copa Libertadores da Am\u00e9rica, Supercopa do Brasil, Campeonato Brasileiro e Campeonato Carioca.<\/p>\n\n\n\n<p>O objetivo dele \u00e9 se manter no clube por mais um mandato e ajudar o Flamengo se tornar uma pot\u00eancia econ\u00f4mica e esportiva na Am\u00e9rica Latina. Como principal concorrente, ele deve ter o Conselheiro Marco Aur\u00e9lio Assef.<\/p>\n\n\n\n<h3 class=\"wp-block-heading\" id=\"h-cen-rio-pol-tico-come-a-a-mudar-na-cbf\"><strong>Cen\u00e1rio pol\u00edtico come\u00e7a a mudar na CBF<\/strong><\/h3>\n\n\n\n<p>Dentro da Confedera\u00e7\u00e3o Brasileira de Futebol, o apoio dos dez clubes nordestinos representa um peso pol\u00edtico forte mostrando. Al\u00e9m disso, representa o esvaziamento de algumas federa\u00e7\u00f5es aliadas da entidade.<\/p>\n\n\n\n<p>Em 2017, s\u00f3 para exemplificar, a CBF alterou o estatuto e deu \u00e0s federa\u00e7\u00f5es mais poderes e peso tr\u00eas nas elei\u00e7\u00f5es para presidente. Por outro lado, os clubes da S\u00e9rie A do Campeonato Brasileiro t\u00eam peso dois e os da S\u00e9rie B, um.<\/p>\n\n\n\n<p>Retirado de: Torcedores<\/p>\n","protected":false},"excerpt":{"rendered":"<p>Antes de mais nada, dez presidentes de clubes no Nordeste, que disputam as S\u00e9ries A e B do Campeonato Brasileiro, formalizaram nesta semana apoio para que Rodolfo Landim, presidente do Flamengo, seja candidato \u00e0 pr\u00f3xima elei\u00e7\u00e3o na CBF. O site &#8216;Torcedores&#8217; apurou que o dirigente rubro-negro teve um encontro com alguns representantes da ala nordestina [&hellip;]<\/p>\n","protected":false},"author":1,"featured_media":15077,"comment_status":"open","ping_status":"closed","sticky":false,"template":"","format":"standard","meta":{"footnotes":""},"categories":[1],"tags":[],"class_list":["post-63606","post","type-post","status-publish","format-standard","has-post-thumbnail","hentry","category-flamengo"],"yoast_head":"<!-- This site is optimized with the Yoast SEO Premium plugin v24.2 (Yoast SEO v26.9) - https:\/\/yoast.com\/product\/yoast-seo-premium-wordpress\/ -->\n<title>Clubes lideram movimento por candidatura de Rodolfo Landim para a CBF<\/title>\n<meta name=\"robots\" content=\"index, follow, max-snippet:-1, max-image-preview:large, max-video-preview:-1\" \/>\n<link rel=\"canonical\" href=\"https:\/\/www.gaveanews.com\/index.php\/2021\/06\/26\/clubes-lideram-movimento-por-candidatura-de-rodolfo-landim-para-a-cbf\/\" \/>\n<meta property=\"og:locale\" content=\"pt_BR\" \/>\n<meta property=\"og:type\" content=\"article\" \/>\n<meta property=\"og:title\" content=\"Clubes lideram movimento por candidatura de Rodolfo Landim para a CBF\" \/>\n<meta property=\"og:description\" content=\"Antes de mais nada, dez presidentes de clubes no Nordeste, que disputam as S\u00e9ries A e B do Campeonato Brasileiro, formalizaram nesta semana apoio para que Rodolfo Landim, presidente do Flamengo, seja candidato \u00e0 pr\u00f3xima elei\u00e7\u00e3o na CBF. O site &#8216;Torcedores&#8217; apurou que o dirigente rubro-negro teve um encontro com alguns representantes da ala nordestina [&hellip;]\" \/>\n<meta property=\"og:url\" content=\"https:\/\/www.gaveanews.com\/index.php\/2021\/06\/26\/clubes-lideram-movimento-por-candidatura-de-rodolfo-landim-para-a-cbf\/\" \/>\n<meta property=\"og:site_name\" content=\"G\u00e1vea News\" \/>\n<meta property=\"article:publisher\" content=\"https:\/\/facebook.com\/gaveaNews\/\" \/>\n<meta property=\"article:published_time\" content=\"2021-06-26T22:56:58+00:00\" \/>\n<meta property=\"article:modified_time\" content=\"2021-06-26T22:57:01+00:00\" \/>\n<meta property=\"og:image\" content=\"https:\/\/www.gaveanews.com\/wp-content\/uploads\/2019\/03\/Rodolfo-Landim-durante-entrevista-coletiva-na-Gavea.webp\" \/>\n\t<meta property=\"og:image:width\" content=\"1\" \/>\n\t<meta property=\"og:image:height\" content=\"1\" \/>\n\t<meta property=\"og:image:type\" content=\"image\/jpeg\" \/>\n<meta name=\"author\" content=\"Equipe G\u00e1vea News\" \/>\n<meta name=\"twitter:card\" content=\"summary_large_image\" \/>\n<meta name=\"twitter:label1\" content=\"Escrito por\" \/>\n\t<meta name=\"twitter:data1\" content=\"Equipe G\u00e1vea News\" \/>\n\t<meta name=\"twitter:label2\" content=\"Est. tempo de leitura\" \/>\n\t<meta name=\"twitter:data2\" content=\"2 minutos\" \/>\n<script type=\"application\/ld+json\" class=\"yoast-schema-graph\">{\"@context\":\"https:\/\/schema.org\",\"@graph\":[{\"@type\":\"NewsArticle\",\"@id\":\"https:\/\/www.gaveanews.com\/index.php\/2021\/06\/26\/clubes-lideram-movimento-por-candidatura-de-rodolfo-landim-para-a-cbf\/#article\",\"isPartOf\":{\"@id\":\"https:\/\/www.gaveanews.com\/index.php\/2021\/06\/26\/clubes-lideram-movimento-por-candidatura-de-rodolfo-landim-para-a-cbf\/\"},\"author\":{\"name\":\"Equipe G\u00e1vea News\",\"@id\":\"https:\/\/www.gaveanews.com\/#\/schema\/person\/2ec14f73fb96be2caf28f91afb14749d\"},\"headline\":\"Clubes lideram movimento por candidatura de Rodolfo Landim para a CBF\",\"datePublished\":\"2021-06-26T22:56:58+00:00\",\"dateModified\":\"2021-06-26T22:57:01+00:00\",\"mainEntityOfPage\":{\"@id\":\"https:\/\/www.gaveanews.com\/index.php\/2021\/06\/26\/clubes-lideram-movimento-por-candidatura-de-rodolfo-landim-para-a-cbf\/\"},\"wordCount\":409,\"commentCount\":15,\"image\":{\"@id\":\"https:\/\/www.gaveanews.com\/index.php\/2021\/06\/26\/clubes-lideram-movimento-por-candidatura-de-rodolfo-landim-para-a-cbf\/#primaryimage\"},\"thumbnailUrl\":\"https:\/\/www.gaveanews.com\/wp-content\/uploads\/2019\/03\/Rodolfo-Landim-durante-entrevista-coletiva-na-Gavea.webp\",\"articleSection\":[\"Flamengo\"],\"inLanguage\":\"pt-BR\",\"potentialAction\":[{\"@type\":\"CommentAction\",\"name\":\"Comment\",\"target\":[\"https:\/\/www.gaveanews.com\/index.php\/2021\/06\/26\/clubes-lideram-movimento-por-candidatura-de-rodolfo-landim-para-a-cbf\/#respond\"]}],\"copyrightYear\":\"2021\",\"copyrightHolder\":{\"@id\":\"https:\/\/www.gaveanews.com\/#organization\"}},{\"@type\":\"WebPage\",\"@id\":\"https:\/\/www.gaveanews.com\/index.php\/2021\/06\/26\/clubes-lideram-movimento-por-candidatura-de-rodolfo-landim-para-a-cbf\/\",\"url\":\"https:\/\/www.gaveanews.com\/index.php\/2021\/06\/26\/clubes-lideram-movimento-por-candidatura-de-rodolfo-landim-para-a-cbf\/\",\"name\":\"Clubes lideram movimento por candidatura de Rodolfo Landim para a CBF\",\"isPartOf\":{\"@id\":\"https:\/\/www.gaveanews.com\/#website\"},\"primaryImageOfPage\":{\"@id\":\"https:\/\/www.gaveanews.com\/index.php\/2021\/06\/26\/clubes-lideram-movimento-por-candidatura-de-rodolfo-landim-para-a-cbf\/#primaryimage\"},\"image\":{\"@id\":\"https:\/\/www.gaveanews.com\/index.php\/2021\/06\/26\/clubes-lideram-movimento-por-candidatura-de-rodolfo-landim-para-a-cbf\/#primaryimage\"},\"thumbnailUrl\":\"https:\/\/www.gaveanews.com\/wp-content\/uploads\/2019\/03\/Rodolfo-Landim-durante-entrevista-coletiva-na-Gavea.webp\",\"datePublished\":\"2021-06-26T22:56:58+00:00\",\"dateModified\":\"2021-06-26T22:57:01+00:00\",\"author\":{\"@id\":\"https:\/\/www.gaveanews.com\/#\/schema\/person\/2ec14f73fb96be2caf28f91afb14749d\"},\"breadcrumb\":{\"@id\":\"https:\/\/www.gaveanews.com\/index.php\/2021\/06\/26\/clubes-lideram-movimento-por-candidatura-de-rodolfo-landim-para-a-cbf\/#breadcrumb\"},\"inLanguage\":\"pt-BR\",\"potentialAction\":[{\"@type\":\"ReadAction\",\"target\":[\"https:\/\/www.gaveanews.com\/index.php\/2021\/06\/26\/clubes-lideram-movimento-por-candidatura-de-rodolfo-landim-para-a-cbf\/\"]}]},{\"@type\":\"ImageObject\",\"inLanguage\":\"pt-BR\",\"@id\":\"https:\/\/www.gaveanews.com\/index.php\/2021\/06\/26\/clubes-lideram-movimento-por-candidatura-de-rodolfo-landim-para-a-cbf\/#primaryimage\",\"url\":\"https:\/\/www.gaveanews.com\/wp-content\/uploads\/2019\/03\/Rodolfo-Landim-durante-entrevista-coletiva-na-Gavea.webp\",\"contentUrl\":\"https:\/\/www.gaveanews.com\/wp-content\/uploads\/2019\/03\/Rodolfo-Landim-durante-entrevista-coletiva-na-Gavea.webp\",\"width\":900,\"height\":599,\"caption\":\"Rodolfo Landim durante entrevista coletiva na G\u00e1vea (Foto: Ag\u00eancia Foto BR)\"},{\"@type\":\"BreadcrumbList\",\"@id\":\"https:\/\/www.gaveanews.com\/index.php\/2021\/06\/26\/clubes-lideram-movimento-por-candidatura-de-rodolfo-landim-para-a-cbf\/#breadcrumb\",\"itemListElement\":[{\"@type\":\"ListItem\",\"position\":1,\"name\":\"Home\",\"item\":\"https:\/\/www.gaveanews.com\/\"},{\"@type\":\"ListItem\",\"position\":2,\"name\":\"Clubes lideram movimento por candidatura de Rodolfo Landim para a CBF\"}]},{\"@type\":\"WebSite\",\"@id\":\"https:\/\/www.gaveanews.com\/#website\",\"url\":\"https:\/\/www.gaveanews.com\/\",\"name\":\"G\u00e1vea News\",\"description\":\"Veja todas as not\u00edcias sobre o Flamengo: Contrata\u00e7\u00f5es, categorias de base, resultados das partidas, tabela de classifica\u00e7\u00e3o, pr\u00f3ximos jogos!\",\"potentialAction\":[{\"@type\":\"SearchAction\",\"target\":{\"@type\":\"EntryPoint\",\"urlTemplate\":\"https:\/\/www.gaveanews.com\/?s={search_term_string}\"},\"query-input\":{\"@type\":\"PropertyValueSpecification\",\"valueRequired\":true,\"valueName\":\"search_term_string\"}}],\"inLanguage\":\"pt-BR\"},{\"@type\":\"Person\",\"@id\":\"https:\/\/www.gaveanews.com\/#\/schema\/person\/2ec14f73fb96be2caf28f91afb14749d\",\"name\":\"Equipe G\u00e1vea News\",\"image\":{\"@type\":\"ImageObject\",\"inLanguage\":\"pt-BR\",\"@id\":\"https:\/\/www.gaveanews.com\/#\/schema\/person\/image\/\",\"url\":\"https:\/\/secure.gravatar.com\/avatar\/1e1956f1facbffd3f8fa53a326721950116b3b9dc9bd44939c01180fd4a745a9?s=96&d=mm&r=g\",\"contentUrl\":\"https:\/\/secure.gravatar.com\/avatar\/1e1956f1facbffd3f8fa53a326721950116b3b9dc9bd44939c01180fd4a745a9?s=96&d=mm&r=g\",\"caption\":\"Equipe G\u00e1vea News\"}}]}<\/script>\n<!-- \/ Yoast SEO Premium plugin. -->","yoast_head_json":{"title":"Clubes lideram movimento por candidatura de Rodolfo Landim para a CBF","robots":{"index":"index","follow":"follow","max-snippet":"max-snippet:-1","max-image-preview":"max-image-preview:large","max-video-preview":"max-video-preview:-1"},"canonical":"https:\/\/www.gaveanews.com\/index.php\/2021\/06\/26\/clubes-lideram-movimento-por-candidatura-de-rodolfo-landim-para-a-cbf\/","og_locale":"pt_BR","og_type":"article","og_title":"Clubes lideram movimento por candidatura de Rodolfo Landim para a CBF","og_description":"Antes de mais nada, dez presidentes de clubes no Nordeste, que disputam as S\u00e9ries A e B do Campeonato Brasileiro, formalizaram nesta semana apoio para que Rodolfo Landim, presidente do Flamengo, seja candidato \u00e0 pr\u00f3xima elei\u00e7\u00e3o na CBF. O site &#8216;Torcedores&#8217; apurou que o dirigente rubro-negro teve um encontro com alguns representantes da ala nordestina [&hellip;]","og_url":"https:\/\/www.gaveanews.com\/index.php\/2021\/06\/26\/clubes-lideram-movimento-por-candidatura-de-rodolfo-landim-para-a-cbf\/","og_site_name":"G\u00e1vea News","article_publisher":"https:\/\/facebook.com\/gaveaNews\/","article_published_time":"2021-06-26T22:56:58+00:00","article_modified_time":"2021-06-26T22:57:01+00:00","og_image":[{"url":"https:\/\/www.gaveanews.com\/wp-content\/uploads\/2019\/03\/Rodolfo-Landim-durante-entrevista-coletiva-na-Gavea.webp","width":1,"height":1,"type":"image\/jpeg"}],"author":"Equipe G\u00e1vea News","twitter_card":"summary_large_image","twitter_misc":{"Escrito por":"Equipe G\u00e1vea News","Est. tempo de leitura":"2 minutos"},"schema":{"@context":"https:\/\/schema.org","@graph":[{"@type":"NewsArticle","@id":"https:\/\/www.gaveanews.com\/index.php\/2021\/06\/26\/clubes-lideram-movimento-por-candidatura-de-rodolfo-landim-para-a-cbf\/#article","isPartOf":{"@id":"https:\/\/www.gaveanews.com\/index.php\/2021\/06\/26\/clubes-lideram-movimento-por-candidatura-de-rodolfo-landim-para-a-cbf\/"},"author":{"name":"Equipe G\u00e1vea News","@id":"https:\/\/www.gaveanews.com\/#\/schema\/person\/2ec14f73fb96be2caf28f91afb14749d"},"headline":"Clubes lideram movimento por candidatura de Rodolfo Landim para a CBF","datePublished":"2021-06-26T22:56:58+00:00","dateModified":"2021-06-26T22:57:01+00:00","mainEntityOfPage":{"@id":"https:\/\/www.gaveanews.com\/index.php\/2021\/06\/26\/clubes-lideram-movimento-por-candidatura-de-rodolfo-landim-para-a-cbf\/"},"wordCount":409,"commentCount":15,"image":{"@id":"https:\/\/www.gaveanews.com\/index.php\/2021\/06\/26\/clubes-lideram-movimento-por-candidatura-de-rodolfo-landim-para-a-cbf\/#primaryimage"},"thumbnailUrl":"https:\/\/www.gaveanews.com\/wp-content\/uploads\/2019\/03\/Rodolfo-Landim-durante-entrevista-coletiva-na-Gavea.webp","articleSection":["Flamengo"],"inLanguage":"pt-BR","potentialAction":[{"@type":"CommentAction","name":"Comment","target":["https:\/\/www.gaveanews.com\/index.php\/2021\/06\/26\/clubes-lideram-movimento-por-candidatura-de-rodolfo-landim-para-a-cbf\/#respond"]}],"copyrightYear":"2021","copyrightHolder":{"@id":"https:\/\/www.gaveanews.com\/#organization"}},{"@type":"WebPage","@id":"https:\/\/www.gaveanews.com\/index.php\/2021\/06\/26\/clubes-lideram-movimento-por-candidatura-de-rodolfo-landim-para-a-cbf\/","url":"https:\/\/www.gaveanews.com\/index.php\/2021\/06\/26\/clubes-lideram-movimento-por-candidatura-de-rodolfo-landim-para-a-cbf\/","name":"Clubes lideram movimento por candidatura de Rodolfo Landim para a CBF","isPartOf":{"@id":"https:\/\/www.gaveanews.com\/#website"},"primaryImageOfPage":{"@id":"https:\/\/www.gaveanews.com\/index.php\/2021\/06\/26\/clubes-lideram-movimento-por-candidatura-de-rodolfo-landim-para-a-cbf\/#primaryimage"},"image":{"@id":"https:\/\/www.gaveanews.com\/index.php\/2021\/06\/26\/clubes-lideram-movimento-por-candidatura-de-rodolfo-landim-para-a-cbf\/#primaryimage"},"thumbnailUrl":"https:\/\/www.gaveanews.com\/wp-content\/uploads\/2019\/03\/Rodolfo-Landim-durante-entrevista-coletiva-na-Gavea.webp","datePublished":"2021-06-26T22:56:58+00:00","dateModified":"2021-06-26T22:57:01+00:00","author":{"@id":"https:\/\/www.gaveanews.com\/#\/schema\/person\/2ec14f73fb96be2caf28f91afb14749d"},"breadcrumb":{"@id":"https:\/\/www.gaveanews.com\/index.php\/2021\/06\/26\/clubes-lideram-movimento-por-candidatura-de-rodolfo-landim-para-a-cbf\/#breadcrumb"},"inLanguage":"pt-BR","potentialAction":[{"@type":"ReadAction","target":["https:\/\/www.gaveanews.com\/index.php\/2021\/06\/26\/clubes-lideram-movimento-por-candidatura-de-rodolfo-landim-para-a-cbf\/"]}]},{"@type":"ImageObject","inLanguage":"pt-BR","@id":"https:\/\/www.gaveanews.com\/index.php\/2021\/06\/26\/clubes-lideram-movimento-por-candidatura-de-rodolfo-landim-para-a-cbf\/#primaryimage","url":"https:\/\/www.gaveanews.com\/wp-content\/uploads\/2019\/03\/Rodolfo-Landim-durante-entrevista-coletiva-na-Gavea.webp","contentUrl":"https:\/\/www.gaveanews.com\/wp-content\/uploads\/2019\/03\/Rodolfo-Landim-durante-entrevista-coletiva-na-Gavea.webp","width":900,"height":599,"caption":"Rodolfo Landim durante entrevista coletiva na G\u00e1vea (Foto: Ag\u00eancia Foto BR)"},{"@type":"BreadcrumbList","@id":"https:\/\/www.gaveanews.com\/index.php\/2021\/06\/26\/clubes-lideram-movimento-por-candidatura-de-rodolfo-landim-para-a-cbf\/#breadcrumb","itemListElement":[{"@type":"ListItem","position":1,"name":"Home","item":"https:\/\/www.gaveanews.com\/"},{"@type":"ListItem","position":2,"name":"Clubes lideram movimento por candidatura de Rodolfo Landim para a CBF"}]},{"@type":"WebSite","@id":"https:\/\/www.gaveanews.com\/#website","url":"https:\/\/www.gaveanews.com\/","name":"G\u00e1vea News","description":"Veja todas as not\u00edcias sobre o Flamengo: Contrata\u00e7\u00f5es, categorias de base, resultados das partidas, tabela de classifica\u00e7\u00e3o, pr\u00f3ximos jogos!","potentialAction":[{"@type":"SearchAction","target":{"@type":"EntryPoint","urlTemplate":"https:\/\/www.gaveanews.com\/?s={search_term_string}"},"query-input":{"@type":"PropertyValueSpecification","valueRequired":true,"valueName":"search_term_string"}}],"inLanguage":"pt-BR"},{"@type":"Person","@id":"https:\/\/www.gaveanews.com\/#\/schema\/person\/2ec14f73fb96be2caf28f91afb14749d","name":"Equipe G\u00e1vea News","image":{"@type":"ImageObject","inLanguage":"pt-BR","@id":"https:\/\/www.gaveanews.com\/#\/schema\/person\/image\/","url":"https:\/\/secure.gravatar.com\/avatar\/1e1956f1facbffd3f8fa53a326721950116b3b9dc9bd44939c01180fd4a745a9?s=96&d=mm&r=g","contentUrl":"https:\/\/secure.gravatar.com\/avatar\/1e1956f1facbffd3f8fa53a326721950116b3b9dc9bd44939c01180fd4a745a9?s=96&d=mm&r=g","caption":"Equipe G\u00e1vea News"}}]}},"_links":{"self":[{"href":"https:\/\/www.gaveanews.com\/index.php\/wp-json\/wp\/v2\/posts\/63606","targetHints":{"allow":["GET"]}}],"collection":[{"href":"https:\/\/www.gaveanews.com\/index.php\/wp-json\/wp\/v2\/posts"}],"about":[{"href":"https:\/\/www.gaveanews.com\/index.php\/wp-json\/wp\/v2\/types\/post"}],"author":[{"embeddable":true,"href":"https:\/\/www.gaveanews.com\/index.php\/wp-json\/wp\/v2\/users\/1"}],"replies":[{"embeddable":true,"href":"https:\/\/www.gaveanews.com\/index.php\/wp-json\/wp\/v2\/comments?post=63606"}],"version-history":[{"count":0,"href":"https:\/\/www.gaveanews.com\/index.php\/wp-json\/wp\/v2\/posts\/63606\/revisions"}],"wp:featuredmedia":[{"embeddable":true,"href":"https:\/\/www.gaveanews.com\/index.php\/wp-json\/wp\/v2\/media\/15077"}],"wp:attachment":[{"href":"https:\/\/www.gaveanews.com\/index.php\/wp-json\/wp\/v2\/media?parent=63606"}],"wp:term":[{"taxonomy":"category","embeddable":true,"href":"https:\/\/www.gaveanews.com\/index.php\/wp-json\/wp\/v2\/categories?post=63606"},{"taxonomy":"post_tag","embeddable":true,"href":"https:\/\/www.gaveanews.com\/index.php\/wp-json\/wp\/v2\/tags?post=63606"}],"curies":[{"name":"wp","href":"https:\/\/api.w.org\/{rel}","templated":true}]}}