{"id":63608,"date":"2021-06-26T21:24:54","date_gmt":"2021-06-27T00:24:54","guid":{"rendered":"https:\/\/www.gaveanews.com\/?p=63608"},"modified":"2021-06-26T21:24:56","modified_gmt":"2021-06-27T00:24:56","slug":"zupak-diz-que-flamengo-esta-muito-bem-no-brasileiro-em-meio-a-desfalques","status":"publish","type":"post","link":"https:\/\/www.gaveanews.com\/index.php\/2021\/06\/26\/zupak-diz-que-flamengo-esta-muito-bem-no-brasileiro-em-meio-a-desfalques\/","title":{"rendered":"Zupak diz que Flamengo est\u00e1 muito bem no Brasileiro em meio a desfalques"},"content":{"rendered":"\n<p>O Flamengo est\u00e1 sofrendo com desfalques no Campeonato Brasileiro devido a convoca\u00e7\u00f5es para a Copa Am\u00e9rica. Gabriel Barbosa, Everton Ribeiro, Isla e Arrascaeta ficar\u00e3o longe da equipe at\u00e9 o meio de julho. O assunto foi pauta nesta sexta-feira, na ESPN, e o jornalista Gustavo Zupak exaltou o elenco Rubro-Negro que perdeu uma \u00fanica partida no Brasileir\u00e3o mesmo sem os principais jogadores.<\/p>\n\n\n\n<p>\u201cSe a gente olhar o Flamengo, de 4 jogos venceu 3 e perdeu 1, ent\u00e3o em termos de pontos \u00e9 o melhor juntamente com o Athletico Paranaense. Essas equipes s\u00f3 tiveram uma derrota e no caso do Flamengo, venceu justamente o Palmeiras na primeira rodada, mas sem jogadores que s\u00e3o fundamentais. \u2018Ah o Palmeitas n\u00e3o tinha o Gustavo Gomes, nem o Vin\u00e3\u2019, mas estamos falando de Gabigol, Everton Ribeiro e Arrascaeta. Sem contar o Gerson que acabou de ser vendido, o Isla, n\u00e3o teve o Pedro que estava com a Sele\u00e7\u00e3o ol\u00edmpica, voltou, pegou o covid e voltou agora contra o Fortaleza no meio de semana e mesmo assim, conseguiu manter uma pontua\u00e7\u00e3o muito interessante\u201d, declarou o jornalista.<\/p>\n\n\n\n<p>Al\u00e9m de exaltar a for\u00e7a do grupo, Zupak elogiou as atua\u00e7\u00f5es do atacante Bruno Henrique com as aus\u00eancias:<\/p>\n\n\n\n<p>\u201cEu queria destacar tamb\u00e9m o Bruno Henrique. H\u00e1 tempos estamos esperando um Bruno Henrique \u2018naquele patamar\u2019 que ele mesmo emplacou essa frase em 2019. Ele n\u00e3o vem sendo brilhante, mas vem chamando uma responsabilidade em um momento em que o Flamengo est\u00e1 muito desfalcado. Pra mim, ele \u00e9 o principal nome deste in\u00edcio de campeonato\u201d, concluiu.<\/p>\n\n\n\n<p>Retirado de: Di\u00e1rio do Fa<\/p>\n","protected":false},"excerpt":{"rendered":"<p>O Flamengo est\u00e1 sofrendo com desfalques no Campeonato Brasileiro devido a convoca\u00e7\u00f5es para a Copa Am\u00e9rica. Gabriel Barbosa, Everton Ribeiro, Isla e Arrascaeta ficar\u00e3o longe da equipe at\u00e9 o meio de julho. O assunto foi pauta nesta sexta-feira, na ESPN, e o jornalista Gustavo Zupak exaltou o elenco Rubro-Negro que perdeu uma \u00fanica partida no [&hellip;]<\/p>\n","protected":false},"author":1,"featured_media":63467,"comment_status":"open","ping_status":"closed","sticky":false,"template":"","format":"standard","meta":{"footnotes":""},"categories":[1],"tags":[],"class_list":["post-63608","post","type-post","status-publish","format-standard","has-post-thumbnail","hentry","category-flamengo"],"yoast_head":"<!-- This site is optimized with the Yoast SEO Premium plugin v24.2 (Yoast SEO v26.9) - https:\/\/yoast.com\/product\/yoast-seo-premium-wordpress\/ -->\n<title>Zupak diz que Flamengo est\u00e1 muito bem no Brasileiro em meio a desfalques<\/title>\n<meta name=\"robots\" content=\"index, follow, max-snippet:-1, max-image-preview:large, max-video-preview:-1\" \/>\n<link rel=\"canonical\" href=\"https:\/\/www.gaveanews.com\/index.php\/2021\/06\/26\/zupak-diz-que-flamengo-esta-muito-bem-no-brasileiro-em-meio-a-desfalques\/\" \/>\n<meta property=\"og:locale\" content=\"pt_BR\" \/>\n<meta property=\"og:type\" content=\"article\" \/>\n<meta property=\"og:title\" content=\"Zupak diz que Flamengo est\u00e1 muito bem no Brasileiro em meio a desfalques\" \/>\n<meta property=\"og:description\" content=\"O Flamengo est\u00e1 sofrendo com desfalques no Campeonato Brasileiro devido a convoca\u00e7\u00f5es para a Copa Am\u00e9rica. Gabriel Barbosa, Everton Ribeiro, Isla e Arrascaeta ficar\u00e3o longe da equipe at\u00e9 o meio de julho. O assunto foi pauta nesta sexta-feira, na ESPN, e o jornalista Gustavo Zupak exaltou o elenco Rubro-Negro que perdeu uma \u00fanica partida no [&hellip;]\" \/>\n<meta property=\"og:url\" content=\"https:\/\/www.gaveanews.com\/index.php\/2021\/06\/26\/zupak-diz-que-flamengo-esta-muito-bem-no-brasileiro-em-meio-a-desfalques\/\" \/>\n<meta property=\"og:site_name\" content=\"G\u00e1vea News\" \/>\n<meta property=\"article:publisher\" content=\"https:\/\/facebook.com\/gaveaNews\/\" \/>\n<meta property=\"article:published_time\" content=\"2021-06-27T00:24:54+00:00\" \/>\n<meta property=\"article:modified_time\" content=\"2021-06-27T00:24:56+00:00\" \/>\n<meta property=\"og:image\" content=\"https:\/\/www.gaveanews.com\/wp-content\/uploads\/Bruno-Henrique-corre-para-comemorar-um-de-seus-gols-diante-da-equipe-do-Fortaleza-pelo-Campeonato-Brasileiro-da-temporada-de-2021.webp\" \/>\n\t<meta property=\"og:image:width\" content=\"800\" \/>\n\t<meta property=\"og:image:height\" content=\"533\" \/>\n\t<meta property=\"og:image:type\" content=\"image\/jpeg\" \/>\n<meta name=\"author\" content=\"Equipe G\u00e1vea News\" \/>\n<meta name=\"twitter:card\" content=\"summary_large_image\" \/>\n<meta name=\"twitter:label1\" content=\"Escrito por\" \/>\n\t<meta name=\"twitter:data1\" content=\"Equipe G\u00e1vea News\" \/>\n\t<meta name=\"twitter:label2\" content=\"Est. tempo de leitura\" \/>\n\t<meta name=\"twitter:data2\" content=\"2 minutos\" \/>\n<script type=\"application\/ld+json\" class=\"yoast-schema-graph\">{\"@context\":\"https:\/\/schema.org\",\"@graph\":[{\"@type\":\"NewsArticle\",\"@id\":\"https:\/\/www.gaveanews.com\/index.php\/2021\/06\/26\/zupak-diz-que-flamengo-esta-muito-bem-no-brasileiro-em-meio-a-desfalques\/#article\",\"isPartOf\":{\"@id\":\"https:\/\/www.gaveanews.com\/index.php\/2021\/06\/26\/zupak-diz-que-flamengo-esta-muito-bem-no-brasileiro-em-meio-a-desfalques\/\"},\"author\":{\"name\":\"Equipe G\u00e1vea News\",\"@id\":\"https:\/\/www.gaveanews.com\/#\/schema\/person\/2ec14f73fb96be2caf28f91afb14749d\"},\"headline\":\"Zupak diz que Flamengo est\u00e1 muito bem no Brasileiro em meio a desfalques\",\"datePublished\":\"2021-06-27T00:24:54+00:00\",\"dateModified\":\"2021-06-27T00:24:56+00:00\",\"mainEntityOfPage\":{\"@id\":\"https:\/\/www.gaveanews.com\/index.php\/2021\/06\/26\/zupak-diz-que-flamengo-esta-muito-bem-no-brasileiro-em-meio-a-desfalques\/\"},\"wordCount\":284,\"commentCount\":1,\"image\":{\"@id\":\"https:\/\/www.gaveanews.com\/index.php\/2021\/06\/26\/zupak-diz-que-flamengo-esta-muito-bem-no-brasileiro-em-meio-a-desfalques\/#primaryimage\"},\"thumbnailUrl\":\"https:\/\/www.gaveanews.com\/wp-content\/uploads\/Bruno-Henrique-corre-para-comemorar-um-de-seus-gols-diante-da-equipe-do-Fortaleza-pelo-Campeonato-Brasileiro-da-temporada-de-2021.webp\",\"articleSection\":[\"Flamengo\"],\"inLanguage\":\"pt-BR\",\"potentialAction\":[{\"@type\":\"CommentAction\",\"name\":\"Comment\",\"target\":[\"https:\/\/www.gaveanews.com\/index.php\/2021\/06\/26\/zupak-diz-que-flamengo-esta-muito-bem-no-brasileiro-em-meio-a-desfalques\/#respond\"]}],\"copyrightYear\":\"2021\",\"copyrightHolder\":{\"@id\":\"https:\/\/www.gaveanews.com\/#organization\"}},{\"@type\":\"WebPage\",\"@id\":\"https:\/\/www.gaveanews.com\/index.php\/2021\/06\/26\/zupak-diz-que-flamengo-esta-muito-bem-no-brasileiro-em-meio-a-desfalques\/\",\"url\":\"https:\/\/www.gaveanews.com\/index.php\/2021\/06\/26\/zupak-diz-que-flamengo-esta-muito-bem-no-brasileiro-em-meio-a-desfalques\/\",\"name\":\"Zupak diz que Flamengo est\u00e1 muito bem no Brasileiro em meio a desfalques\",\"isPartOf\":{\"@id\":\"https:\/\/www.gaveanews.com\/#website\"},\"primaryImageOfPage\":{\"@id\":\"https:\/\/www.gaveanews.com\/index.php\/2021\/06\/26\/zupak-diz-que-flamengo-esta-muito-bem-no-brasileiro-em-meio-a-desfalques\/#primaryimage\"},\"image\":{\"@id\":\"https:\/\/www.gaveanews.com\/index.php\/2021\/06\/26\/zupak-diz-que-flamengo-esta-muito-bem-no-brasileiro-em-meio-a-desfalques\/#primaryimage\"},\"thumbnailUrl\":\"https:\/\/www.gaveanews.com\/wp-content\/uploads\/Bruno-Henrique-corre-para-comemorar-um-de-seus-gols-diante-da-equipe-do-Fortaleza-pelo-Campeonato-Brasileiro-da-temporada-de-2021.webp\",\"datePublished\":\"2021-06-27T00:24:54+00:00\",\"dateModified\":\"2021-06-27T00:24:56+00:00\",\"author\":{\"@id\":\"https:\/\/www.gaveanews.com\/#\/schema\/person\/2ec14f73fb96be2caf28f91afb14749d\"},\"breadcrumb\":{\"@id\":\"https:\/\/www.gaveanews.com\/index.php\/2021\/06\/26\/zupak-diz-que-flamengo-esta-muito-bem-no-brasileiro-em-meio-a-desfalques\/#breadcrumb\"},\"inLanguage\":\"pt-BR\",\"potentialAction\":[{\"@type\":\"ReadAction\",\"target\":[\"https:\/\/www.gaveanews.com\/index.php\/2021\/06\/26\/zupak-diz-que-flamengo-esta-muito-bem-no-brasileiro-em-meio-a-desfalques\/\"]}]},{\"@type\":\"ImageObject\",\"inLanguage\":\"pt-BR\",\"@id\":\"https:\/\/www.gaveanews.com\/index.php\/2021\/06\/26\/zupak-diz-que-flamengo-esta-muito-bem-no-brasileiro-em-meio-a-desfalques\/#primaryimage\",\"url\":\"https:\/\/www.gaveanews.com\/wp-content\/uploads\/Bruno-Henrique-corre-para-comemorar-um-de-seus-gols-diante-da-equipe-do-Fortaleza-pelo-Campeonato-Brasileiro-da-temporada-de-2021.webp\",\"contentUrl\":\"https:\/\/www.gaveanews.com\/wp-content\/uploads\/Bruno-Henrique-corre-para-comemorar-um-de-seus-gols-diante-da-equipe-do-Fortaleza-pelo-Campeonato-Brasileiro-da-temporada-de-2021.webp\",\"width\":800,\"height\":533,\"caption\":\"Bruno Henrique corre para comemorar um de seus gols diante da equipe do Fortaleza pelo Campeonato Brasileiro da temporada de 2021 (Foto: Alexandre Vidal\/Flamengo)\"},{\"@type\":\"BreadcrumbList\",\"@id\":\"https:\/\/www.gaveanews.com\/index.php\/2021\/06\/26\/zupak-diz-que-flamengo-esta-muito-bem-no-brasileiro-em-meio-a-desfalques\/#breadcrumb\",\"itemListElement\":[{\"@type\":\"ListItem\",\"position\":1,\"name\":\"Home\",\"item\":\"https:\/\/www.gaveanews.com\/\"},{\"@type\":\"ListItem\",\"position\":2,\"name\":\"Zupak diz que Flamengo est\u00e1 muito bem no Brasileiro em meio a desfalques\"}]},{\"@type\":\"WebSite\",\"@id\":\"https:\/\/www.gaveanews.com\/#website\",\"url\":\"https:\/\/www.gaveanews.com\/\",\"name\":\"G\u00e1vea News\",\"description\":\"Veja todas as not\u00edcias sobre o Flamengo: Contrata\u00e7\u00f5es, categorias de base, resultados das partidas, tabela de classifica\u00e7\u00e3o, pr\u00f3ximos jogos!\",\"potentialAction\":[{\"@type\":\"SearchAction\",\"target\":{\"@type\":\"EntryPoint\",\"urlTemplate\":\"https:\/\/www.gaveanews.com\/?s={search_term_string}\"},\"query-input\":{\"@type\":\"PropertyValueSpecification\",\"valueRequired\":true,\"valueName\":\"search_term_string\"}}],\"inLanguage\":\"pt-BR\"},{\"@type\":\"Person\",\"@id\":\"https:\/\/www.gaveanews.com\/#\/schema\/person\/2ec14f73fb96be2caf28f91afb14749d\",\"name\":\"Equipe G\u00e1vea News\",\"image\":{\"@type\":\"ImageObject\",\"inLanguage\":\"pt-BR\",\"@id\":\"https:\/\/www.gaveanews.com\/#\/schema\/person\/image\/\",\"url\":\"https:\/\/secure.gravatar.com\/avatar\/1e1956f1facbffd3f8fa53a326721950116b3b9dc9bd44939c01180fd4a745a9?s=96&d=mm&r=g\",\"contentUrl\":\"https:\/\/secure.gravatar.com\/avatar\/1e1956f1facbffd3f8fa53a326721950116b3b9dc9bd44939c01180fd4a745a9?s=96&d=mm&r=g\",\"caption\":\"Equipe G\u00e1vea News\"}}]}<\/script>\n<!-- \/ Yoast SEO Premium plugin. -->","yoast_head_json":{"title":"Zupak diz que Flamengo est\u00e1 muito bem no Brasileiro em meio a desfalques","robots":{"index":"index","follow":"follow","max-snippet":"max-snippet:-1","max-image-preview":"max-image-preview:large","max-video-preview":"max-video-preview:-1"},"canonical":"https:\/\/www.gaveanews.com\/index.php\/2021\/06\/26\/zupak-diz-que-flamengo-esta-muito-bem-no-brasileiro-em-meio-a-desfalques\/","og_locale":"pt_BR","og_type":"article","og_title":"Zupak diz que Flamengo est\u00e1 muito bem no Brasileiro em meio a desfalques","og_description":"O Flamengo est\u00e1 sofrendo com desfalques no Campeonato Brasileiro devido a convoca\u00e7\u00f5es para a Copa Am\u00e9rica. Gabriel Barbosa, Everton Ribeiro, Isla e Arrascaeta ficar\u00e3o longe da equipe at\u00e9 o meio de julho. O assunto foi pauta nesta sexta-feira, na ESPN, e o jornalista Gustavo Zupak exaltou o elenco Rubro-Negro que perdeu uma \u00fanica partida no [&hellip;]","og_url":"https:\/\/www.gaveanews.com\/index.php\/2021\/06\/26\/zupak-diz-que-flamengo-esta-muito-bem-no-brasileiro-em-meio-a-desfalques\/","og_site_name":"G\u00e1vea News","article_publisher":"https:\/\/facebook.com\/gaveaNews\/","article_published_time":"2021-06-27T00:24:54+00:00","article_modified_time":"2021-06-27T00:24:56+00:00","og_image":[{"width":800,"height":533,"url":"https:\/\/www.gaveanews.com\/wp-content\/uploads\/Bruno-Henrique-corre-para-comemorar-um-de-seus-gols-diante-da-equipe-do-Fortaleza-pelo-Campeonato-Brasileiro-da-temporada-de-2021.webp","type":"image\/jpeg"}],"author":"Equipe G\u00e1vea News","twitter_card":"summary_large_image","twitter_misc":{"Escrito por":"Equipe G\u00e1vea News","Est. tempo de leitura":"2 minutos"},"schema":{"@context":"https:\/\/schema.org","@graph":[{"@type":"NewsArticle","@id":"https:\/\/www.gaveanews.com\/index.php\/2021\/06\/26\/zupak-diz-que-flamengo-esta-muito-bem-no-brasileiro-em-meio-a-desfalques\/#article","isPartOf":{"@id":"https:\/\/www.gaveanews.com\/index.php\/2021\/06\/26\/zupak-diz-que-flamengo-esta-muito-bem-no-brasileiro-em-meio-a-desfalques\/"},"author":{"name":"Equipe G\u00e1vea News","@id":"https:\/\/www.gaveanews.com\/#\/schema\/person\/2ec14f73fb96be2caf28f91afb14749d"},"headline":"Zupak diz que Flamengo est\u00e1 muito bem no Brasileiro em meio a desfalques","datePublished":"2021-06-27T00:24:54+00:00","dateModified":"2021-06-27T00:24:56+00:00","mainEntityOfPage":{"@id":"https:\/\/www.gaveanews.com\/index.php\/2021\/06\/26\/zupak-diz-que-flamengo-esta-muito-bem-no-brasileiro-em-meio-a-desfalques\/"},"wordCount":284,"commentCount":1,"image":{"@id":"https:\/\/www.gaveanews.com\/index.php\/2021\/06\/26\/zupak-diz-que-flamengo-esta-muito-bem-no-brasileiro-em-meio-a-desfalques\/#primaryimage"},"thumbnailUrl":"https:\/\/www.gaveanews.com\/wp-content\/uploads\/Bruno-Henrique-corre-para-comemorar-um-de-seus-gols-diante-da-equipe-do-Fortaleza-pelo-Campeonato-Brasileiro-da-temporada-de-2021.webp","articleSection":["Flamengo"],"inLanguage":"pt-BR","potentialAction":[{"@type":"CommentAction","name":"Comment","target":["https:\/\/www.gaveanews.com\/index.php\/2021\/06\/26\/zupak-diz-que-flamengo-esta-muito-bem-no-brasileiro-em-meio-a-desfalques\/#respond"]}],"copyrightYear":"2021","copyrightHolder":{"@id":"https:\/\/www.gaveanews.com\/#organization"}},{"@type":"WebPage","@id":"https:\/\/www.gaveanews.com\/index.php\/2021\/06\/26\/zupak-diz-que-flamengo-esta-muito-bem-no-brasileiro-em-meio-a-desfalques\/","url":"https:\/\/www.gaveanews.com\/index.php\/2021\/06\/26\/zupak-diz-que-flamengo-esta-muito-bem-no-brasileiro-em-meio-a-desfalques\/","name":"Zupak diz que Flamengo est\u00e1 muito bem no Brasileiro em meio a desfalques","isPartOf":{"@id":"https:\/\/www.gaveanews.com\/#website"},"primaryImageOfPage":{"@id":"https:\/\/www.gaveanews.com\/index.php\/2021\/06\/26\/zupak-diz-que-flamengo-esta-muito-bem-no-brasileiro-em-meio-a-desfalques\/#primaryimage"},"image":{"@id":"https:\/\/www.gaveanews.com\/index.php\/2021\/06\/26\/zupak-diz-que-flamengo-esta-muito-bem-no-brasileiro-em-meio-a-desfalques\/#primaryimage"},"thumbnailUrl":"https:\/\/www.gaveanews.com\/wp-content\/uploads\/Bruno-Henrique-corre-para-comemorar-um-de-seus-gols-diante-da-equipe-do-Fortaleza-pelo-Campeonato-Brasileiro-da-temporada-de-2021.webp","datePublished":"2021-06-27T00:24:54+00:00","dateModified":"2021-06-27T00:24:56+00:00","author":{"@id":"https:\/\/www.gaveanews.com\/#\/schema\/person\/2ec14f73fb96be2caf28f91afb14749d"},"breadcrumb":{"@id":"https:\/\/www.gaveanews.com\/index.php\/2021\/06\/26\/zupak-diz-que-flamengo-esta-muito-bem-no-brasileiro-em-meio-a-desfalques\/#breadcrumb"},"inLanguage":"pt-BR","potentialAction":[{"@type":"ReadAction","target":["https:\/\/www.gaveanews.com\/index.php\/2021\/06\/26\/zupak-diz-que-flamengo-esta-muito-bem-no-brasileiro-em-meio-a-desfalques\/"]}]},{"@type":"ImageObject","inLanguage":"pt-BR","@id":"https:\/\/www.gaveanews.com\/index.php\/2021\/06\/26\/zupak-diz-que-flamengo-esta-muito-bem-no-brasileiro-em-meio-a-desfalques\/#primaryimage","url":"https:\/\/www.gaveanews.com\/wp-content\/uploads\/Bruno-Henrique-corre-para-comemorar-um-de-seus-gols-diante-da-equipe-do-Fortaleza-pelo-Campeonato-Brasileiro-da-temporada-de-2021.webp","contentUrl":"https:\/\/www.gaveanews.com\/wp-content\/uploads\/Bruno-Henrique-corre-para-comemorar-um-de-seus-gols-diante-da-equipe-do-Fortaleza-pelo-Campeonato-Brasileiro-da-temporada-de-2021.webp","width":800,"height":533,"caption":"Bruno Henrique corre para comemorar um de seus gols diante da equipe do Fortaleza pelo Campeonato Brasileiro da temporada de 2021 (Foto: Alexandre Vidal\/Flamengo)"},{"@type":"BreadcrumbList","@id":"https:\/\/www.gaveanews.com\/index.php\/2021\/06\/26\/zupak-diz-que-flamengo-esta-muito-bem-no-brasileiro-em-meio-a-desfalques\/#breadcrumb","itemListElement":[{"@type":"ListItem","position":1,"name":"Home","item":"https:\/\/www.gaveanews.com\/"},{"@type":"ListItem","position":2,"name":"Zupak diz que Flamengo est\u00e1 muito bem no Brasileiro em meio a desfalques"}]},{"@type":"WebSite","@id":"https:\/\/www.gaveanews.com\/#website","url":"https:\/\/www.gaveanews.com\/","name":"G\u00e1vea News","description":"Veja todas as not\u00edcias sobre o Flamengo: Contrata\u00e7\u00f5es, categorias de base, resultados das partidas, tabela de classifica\u00e7\u00e3o, pr\u00f3ximos jogos!","potentialAction":[{"@type":"SearchAction","target":{"@type":"EntryPoint","urlTemplate":"https:\/\/www.gaveanews.com\/?s={search_term_string}"},"query-input":{"@type":"PropertyValueSpecification","valueRequired":true,"valueName":"search_term_string"}}],"inLanguage":"pt-BR"},{"@type":"Person","@id":"https:\/\/www.gaveanews.com\/#\/schema\/person\/2ec14f73fb96be2caf28f91afb14749d","name":"Equipe G\u00e1vea News","image":{"@type":"ImageObject","inLanguage":"pt-BR","@id":"https:\/\/www.gaveanews.com\/#\/schema\/person\/image\/","url":"https:\/\/secure.gravatar.com\/avatar\/1e1956f1facbffd3f8fa53a326721950116b3b9dc9bd44939c01180fd4a745a9?s=96&d=mm&r=g","contentUrl":"https:\/\/secure.gravatar.com\/avatar\/1e1956f1facbffd3f8fa53a326721950116b3b9dc9bd44939c01180fd4a745a9?s=96&d=mm&r=g","caption":"Equipe G\u00e1vea News"}}]}},"_links":{"self":[{"href":"https:\/\/www.gaveanews.com\/index.php\/wp-json\/wp\/v2\/posts\/63608","targetHints":{"allow":["GET"]}}],"collection":[{"href":"https:\/\/www.gaveanews.com\/index.php\/wp-json\/wp\/v2\/posts"}],"about":[{"href":"https:\/\/www.gaveanews.com\/index.php\/wp-json\/wp\/v2\/types\/post"}],"author":[{"embeddable":true,"href":"https:\/\/www.gaveanews.com\/index.php\/wp-json\/wp\/v2\/users\/1"}],"replies":[{"embeddable":true,"href":"https:\/\/www.gaveanews.com\/index.php\/wp-json\/wp\/v2\/comments?post=63608"}],"version-history":[{"count":0,"href":"https:\/\/www.gaveanews.com\/index.php\/wp-json\/wp\/v2\/posts\/63608\/revisions"}],"wp:featuredmedia":[{"embeddable":true,"href":"https:\/\/www.gaveanews.com\/index.php\/wp-json\/wp\/v2\/media\/63467"}],"wp:attachment":[{"href":"https:\/\/www.gaveanews.com\/index.php\/wp-json\/wp\/v2\/media?parent=63608"}],"wp:term":[{"taxonomy":"category","embeddable":true,"href":"https:\/\/www.gaveanews.com\/index.php\/wp-json\/wp\/v2\/categories?post=63608"},{"taxonomy":"post_tag","embeddable":true,"href":"https:\/\/www.gaveanews.com\/index.php\/wp-json\/wp\/v2\/tags?post=63608"}],"curies":[{"name":"wp","href":"https:\/\/api.w.org\/{rel}","templated":true}]}}