{"id":63610,"date":"2021-06-26T22:17:46","date_gmt":"2021-06-27T01:17:46","guid":{"rendered":"https:\/\/www.gaveanews.com\/?p=63610"},"modified":"2021-06-26T22:17:49","modified_gmt":"2021-06-27T01:17:49","slug":"flamengo-da-auxilio-as-selecoes-hospedadas-no-rio-de-janeiro","status":"publish","type":"post","link":"https:\/\/www.gaveanews.com\/index.php\/2021\/06\/26\/flamengo-da-auxilio-as-selecoes-hospedadas-no-rio-de-janeiro\/","title":{"rendered":"Flamengo d\u00e1 aux\u00edlio \u00e0s sele\u00e7\u00f5es hospedadas no Rio de Janeiro"},"content":{"rendered":"\n<p>O Flamengo tem dado aux\u00edlio \u00e0s sele\u00e7\u00f5es que se hospedam no Rio de Janeiro para a disputa dos jogos da Copa Am\u00e9rica. Depois de o Chile utilizar a G\u00e1vea para treino, o clube emprestou equipamentos de prepara\u00e7\u00e3o f\u00edsica e preven\u00e7\u00e3o de les\u00f5es para Col\u00f4mbia e Uruguai.<\/p>\n\n\n\n<figure class=\"wp-block-image size-large\"><img decoding=\"async\" src=\"https:\/\/s2.glbimg.com\/1WHnBMEzCw53dY378bRPSyLLEaA=\/0x0:1280x958\/984x0\/smart\/filters:strip_icc()\/i.s3.glbimg.com\/v1\/AUTH_bc8228b6673f488aa253bbcb03c80ec5\/internal_photos\/bs\/2021\/y\/x\/Bfl3OsSvS9KXaw5gDFHw\/academia-colombia-2.webp\" alt=\"\"\/><figcaption>Flamengo empresta equipamento para a Col\u00f4mbia (Foto: Arquivo pessoal)<\/figcaption><\/figure>\n\n\n\n<p>Com a sele\u00e7\u00e3o uruguaia, Arrascaeta foi o respons\u00e1vel pelo contato. O Flamengo emprestou aparelhos de fisioterapia e bioqu\u00edmica, que t\u00eam objetivo de ajudar nas avalia\u00e7\u00f5es dos atletas ap\u00f3s treinos, jogos e no controle de carga.<\/p>\n\n\n\n<p>Para a Col\u00f4mbia, o clube emprestou equipamentos para que fosse poss\u00edvel montar uma academia no hotel onde a delega\u00e7\u00e3o est\u00e1 hospedada. O Flamengo tem um bom relacionamento com o t\u00e9cnico Reinaldo Rueda e com o preparador f\u00edsico Eduardo Velasco, que j\u00e1 trabalharam no clube e entraram em contato com o Dr. M\u00e1rcio Tannure, chefe do Departamento de Sa\u00fade e Alto Rendimento, e com o preparador Roberto Oliveira.<\/p>\n\n\n\n<figure class=\"wp-block-image size-large\"><img decoding=\"async\" src=\"https:\/\/s2.glbimg.com\/nh2Zcf6hdSudF1HOnH-gBqFnOAA=\/0x0:1280x958\/984x0\/smart\/filters:strip_icc()\/i.s3.glbimg.com\/v1\/AUTH_bc8228b6673f488aa253bbcb03c80ec5\/internal_photos\/bs\/2021\/y\/5\/GqmRUrRZqvUuN7RraQJA\/academia-colombia.webp\" alt=\"\"\/><figcaption>Academia montada pela Col\u00f4mbia com equipamentos emprestados pelo Flamengo (Foto: Arquivo pessoal)<\/figcaption><\/figure>\n\n\n\n<p>Os equipamentos foram retirados do Ninho do Urubu por uma transportadora, ap\u00f3s serem esterilizados. O mesmo processo ser\u00e1 feito quando forem devolvidos.<\/p>\n\n\n\n<p>Os colombianos perderam para o Brasil no est\u00e1dio Nilton Santos na \u00faltima quarta-feira e folgam nesta rodada enquanto aguardam a defini\u00e7\u00e3o das quartas de final. J\u00e1 o Uruguai enfrenta o Paraguai nesta segunda-feira, no Nilton Santos.<\/p>\n\n\n\n<p>Retirado de: Globo Esporte<\/p>\n","protected":false},"excerpt":{"rendered":"<p>O Flamengo tem dado aux\u00edlio \u00e0s sele\u00e7\u00f5es que se hospedam no Rio de Janeiro para a disputa dos jogos da Copa Am\u00e9rica. Depois de o Chile utilizar a G\u00e1vea para treino, o clube emprestou equipamentos de prepara\u00e7\u00e3o f\u00edsica e preven\u00e7\u00e3o de les\u00f5es para Col\u00f4mbia e Uruguai. Com a sele\u00e7\u00e3o uruguaia, Arrascaeta foi o respons\u00e1vel pelo [&hellip;]<\/p>\n","protected":false},"author":1,"featured_media":15184,"comment_status":"open","ping_status":"closed","sticky":false,"template":"","format":"standard","meta":{"footnotes":""},"categories":[1],"tags":[],"class_list":["post-63610","post","type-post","status-publish","format-standard","has-post-thumbnail","hentry","category-flamengo"],"yoast_head":"<!-- This site is optimized with the Yoast SEO Premium plugin v24.2 (Yoast SEO v26.9) - https:\/\/yoast.com\/product\/yoast-seo-premium-wordpress\/ -->\n<title>Flamengo d\u00e1 aux\u00edlio \u00e0s sele\u00e7\u00f5es hospedadas no Rio de Janeiro<\/title>\n<meta name=\"robots\" content=\"index, follow, max-snippet:-1, max-image-preview:large, max-video-preview:-1\" \/>\n<link rel=\"canonical\" href=\"https:\/\/www.gaveanews.com\/index.php\/2021\/06\/26\/flamengo-da-auxilio-as-selecoes-hospedadas-no-rio-de-janeiro\/\" \/>\n<meta property=\"og:locale\" content=\"pt_BR\" \/>\n<meta property=\"og:type\" content=\"article\" \/>\n<meta property=\"og:title\" content=\"Flamengo d\u00e1 aux\u00edlio \u00e0s sele\u00e7\u00f5es hospedadas no Rio de Janeiro\" \/>\n<meta property=\"og:description\" content=\"O Flamengo tem dado aux\u00edlio \u00e0s sele\u00e7\u00f5es que se hospedam no Rio de Janeiro para a disputa dos jogos da Copa Am\u00e9rica. Depois de o Chile utilizar a G\u00e1vea para treino, o clube emprestou equipamentos de prepara\u00e7\u00e3o f\u00edsica e preven\u00e7\u00e3o de les\u00f5es para Col\u00f4mbia e Uruguai. Com a sele\u00e7\u00e3o uruguaia, Arrascaeta foi o respons\u00e1vel pelo [&hellip;]\" \/>\n<meta property=\"og:url\" content=\"https:\/\/www.gaveanews.com\/index.php\/2021\/06\/26\/flamengo-da-auxilio-as-selecoes-hospedadas-no-rio-de-janeiro\/\" \/>\n<meta property=\"og:site_name\" content=\"G\u00e1vea News\" \/>\n<meta property=\"article:publisher\" content=\"https:\/\/facebook.com\/gaveaNews\/\" \/>\n<meta property=\"article:published_time\" content=\"2021-06-27T01:17:46+00:00\" \/>\n<meta property=\"article:modified_time\" content=\"2021-06-27T01:17:49+00:00\" \/>\n<meta property=\"og:image\" content=\"https:\/\/www.gaveanews.com\/wp-content\/uploads\/2019\/03\/Entrada-do-Ninho-do-Urubu.webp\" \/>\n\t<meta property=\"og:image:width\" content=\"846\" \/>\n\t<meta property=\"og:image:height\" content=\"564\" \/>\n\t<meta property=\"og:image:type\" content=\"image\/jpeg\" \/>\n<meta name=\"author\" content=\"Equipe G\u00e1vea News\" \/>\n<meta name=\"twitter:card\" content=\"summary_large_image\" \/>\n<meta name=\"twitter:label1\" content=\"Escrito por\" \/>\n\t<meta name=\"twitter:data1\" content=\"Equipe G\u00e1vea News\" \/>\n\t<meta name=\"twitter:label2\" content=\"Est. tempo de leitura\" \/>\n\t<meta name=\"twitter:data2\" content=\"2 minutos\" \/>\n<script type=\"application\/ld+json\" class=\"yoast-schema-graph\">{\"@context\":\"https:\/\/schema.org\",\"@graph\":[{\"@type\":\"NewsArticle\",\"@id\":\"https:\/\/www.gaveanews.com\/index.php\/2021\/06\/26\/flamengo-da-auxilio-as-selecoes-hospedadas-no-rio-de-janeiro\/#article\",\"isPartOf\":{\"@id\":\"https:\/\/www.gaveanews.com\/index.php\/2021\/06\/26\/flamengo-da-auxilio-as-selecoes-hospedadas-no-rio-de-janeiro\/\"},\"author\":{\"name\":\"Equipe G\u00e1vea News\",\"@id\":\"https:\/\/www.gaveanews.com\/#\/schema\/person\/2ec14f73fb96be2caf28f91afb14749d\"},\"headline\":\"Flamengo d\u00e1 aux\u00edlio \u00e0s sele\u00e7\u00f5es hospedadas no Rio de Janeiro\",\"datePublished\":\"2021-06-27T01:17:46+00:00\",\"dateModified\":\"2021-06-27T01:17:49+00:00\",\"mainEntityOfPage\":{\"@id\":\"https:\/\/www.gaveanews.com\/index.php\/2021\/06\/26\/flamengo-da-auxilio-as-selecoes-hospedadas-no-rio-de-janeiro\/\"},\"wordCount\":270,\"commentCount\":5,\"image\":{\"@id\":\"https:\/\/www.gaveanews.com\/index.php\/2021\/06\/26\/flamengo-da-auxilio-as-selecoes-hospedadas-no-rio-de-janeiro\/#primaryimage\"},\"thumbnailUrl\":\"https:\/\/www.gaveanews.com\/wp-content\/uploads\/2019\/03\/Entrada-do-Ninho-do-Urubu.webp\",\"articleSection\":[\"Flamengo\"],\"inLanguage\":\"pt-BR\",\"potentialAction\":[{\"@type\":\"CommentAction\",\"name\":\"Comment\",\"target\":[\"https:\/\/www.gaveanews.com\/index.php\/2021\/06\/26\/flamengo-da-auxilio-as-selecoes-hospedadas-no-rio-de-janeiro\/#respond\"]}],\"copyrightYear\":\"2021\",\"copyrightHolder\":{\"@id\":\"https:\/\/www.gaveanews.com\/#organization\"}},{\"@type\":\"WebPage\",\"@id\":\"https:\/\/www.gaveanews.com\/index.php\/2021\/06\/26\/flamengo-da-auxilio-as-selecoes-hospedadas-no-rio-de-janeiro\/\",\"url\":\"https:\/\/www.gaveanews.com\/index.php\/2021\/06\/26\/flamengo-da-auxilio-as-selecoes-hospedadas-no-rio-de-janeiro\/\",\"name\":\"Flamengo d\u00e1 aux\u00edlio \u00e0s sele\u00e7\u00f5es hospedadas no Rio de Janeiro\",\"isPartOf\":{\"@id\":\"https:\/\/www.gaveanews.com\/#website\"},\"primaryImageOfPage\":{\"@id\":\"https:\/\/www.gaveanews.com\/index.php\/2021\/06\/26\/flamengo-da-auxilio-as-selecoes-hospedadas-no-rio-de-janeiro\/#primaryimage\"},\"image\":{\"@id\":\"https:\/\/www.gaveanews.com\/index.php\/2021\/06\/26\/flamengo-da-auxilio-as-selecoes-hospedadas-no-rio-de-janeiro\/#primaryimage\"},\"thumbnailUrl\":\"https:\/\/www.gaveanews.com\/wp-content\/uploads\/2019\/03\/Entrada-do-Ninho-do-Urubu.webp\",\"datePublished\":\"2021-06-27T01:17:46+00:00\",\"dateModified\":\"2021-06-27T01:17:49+00:00\",\"author\":{\"@id\":\"https:\/\/www.gaveanews.com\/#\/schema\/person\/2ec14f73fb96be2caf28f91afb14749d\"},\"breadcrumb\":{\"@id\":\"https:\/\/www.gaveanews.com\/index.php\/2021\/06\/26\/flamengo-da-auxilio-as-selecoes-hospedadas-no-rio-de-janeiro\/#breadcrumb\"},\"inLanguage\":\"pt-BR\",\"potentialAction\":[{\"@type\":\"ReadAction\",\"target\":[\"https:\/\/www.gaveanews.com\/index.php\/2021\/06\/26\/flamengo-da-auxilio-as-selecoes-hospedadas-no-rio-de-janeiro\/\"]}]},{\"@type\":\"ImageObject\",\"inLanguage\":\"pt-BR\",\"@id\":\"https:\/\/www.gaveanews.com\/index.php\/2021\/06\/26\/flamengo-da-auxilio-as-selecoes-hospedadas-no-rio-de-janeiro\/#primaryimage\",\"url\":\"https:\/\/www.gaveanews.com\/wp-content\/uploads\/2019\/03\/Entrada-do-Ninho-do-Urubu.webp\",\"contentUrl\":\"https:\/\/www.gaveanews.com\/wp-content\/uploads\/2019\/03\/Entrada-do-Ninho-do-Urubu.webp\",\"width\":846,\"height\":564,\"caption\":\"Entrada do Ninho do Urubu (Foto: Gilvan de Souza\/Flamengo)\"},{\"@type\":\"BreadcrumbList\",\"@id\":\"https:\/\/www.gaveanews.com\/index.php\/2021\/06\/26\/flamengo-da-auxilio-as-selecoes-hospedadas-no-rio-de-janeiro\/#breadcrumb\",\"itemListElement\":[{\"@type\":\"ListItem\",\"position\":1,\"name\":\"Home\",\"item\":\"https:\/\/www.gaveanews.com\/\"},{\"@type\":\"ListItem\",\"position\":2,\"name\":\"Flamengo d\u00e1 aux\u00edlio \u00e0s sele\u00e7\u00f5es hospedadas no Rio de Janeiro\"}]},{\"@type\":\"WebSite\",\"@id\":\"https:\/\/www.gaveanews.com\/#website\",\"url\":\"https:\/\/www.gaveanews.com\/\",\"name\":\"G\u00e1vea News\",\"description\":\"Veja todas as not\u00edcias sobre o Flamengo: Contrata\u00e7\u00f5es, categorias de base, resultados das partidas, tabela de classifica\u00e7\u00e3o, pr\u00f3ximos jogos!\",\"potentialAction\":[{\"@type\":\"SearchAction\",\"target\":{\"@type\":\"EntryPoint\",\"urlTemplate\":\"https:\/\/www.gaveanews.com\/?s={search_term_string}\"},\"query-input\":{\"@type\":\"PropertyValueSpecification\",\"valueRequired\":true,\"valueName\":\"search_term_string\"}}],\"inLanguage\":\"pt-BR\"},{\"@type\":\"Person\",\"@id\":\"https:\/\/www.gaveanews.com\/#\/schema\/person\/2ec14f73fb96be2caf28f91afb14749d\",\"name\":\"Equipe G\u00e1vea News\",\"image\":{\"@type\":\"ImageObject\",\"inLanguage\":\"pt-BR\",\"@id\":\"https:\/\/www.gaveanews.com\/#\/schema\/person\/image\/\",\"url\":\"https:\/\/secure.gravatar.com\/avatar\/1e1956f1facbffd3f8fa53a326721950116b3b9dc9bd44939c01180fd4a745a9?s=96&d=mm&r=g\",\"contentUrl\":\"https:\/\/secure.gravatar.com\/avatar\/1e1956f1facbffd3f8fa53a326721950116b3b9dc9bd44939c01180fd4a745a9?s=96&d=mm&r=g\",\"caption\":\"Equipe G\u00e1vea News\"}}]}<\/script>\n<!-- \/ Yoast SEO Premium plugin. -->","yoast_head_json":{"title":"Flamengo d\u00e1 aux\u00edlio \u00e0s sele\u00e7\u00f5es hospedadas no Rio de Janeiro","robots":{"index":"index","follow":"follow","max-snippet":"max-snippet:-1","max-image-preview":"max-image-preview:large","max-video-preview":"max-video-preview:-1"},"canonical":"https:\/\/www.gaveanews.com\/index.php\/2021\/06\/26\/flamengo-da-auxilio-as-selecoes-hospedadas-no-rio-de-janeiro\/","og_locale":"pt_BR","og_type":"article","og_title":"Flamengo d\u00e1 aux\u00edlio \u00e0s sele\u00e7\u00f5es hospedadas no Rio de Janeiro","og_description":"O Flamengo tem dado aux\u00edlio \u00e0s sele\u00e7\u00f5es que se hospedam no Rio de Janeiro para a disputa dos jogos da Copa Am\u00e9rica. Depois de o Chile utilizar a G\u00e1vea para treino, o clube emprestou equipamentos de prepara\u00e7\u00e3o f\u00edsica e preven\u00e7\u00e3o de les\u00f5es para Col\u00f4mbia e Uruguai. Com a sele\u00e7\u00e3o uruguaia, Arrascaeta foi o respons\u00e1vel pelo [&hellip;]","og_url":"https:\/\/www.gaveanews.com\/index.php\/2021\/06\/26\/flamengo-da-auxilio-as-selecoes-hospedadas-no-rio-de-janeiro\/","og_site_name":"G\u00e1vea News","article_publisher":"https:\/\/facebook.com\/gaveaNews\/","article_published_time":"2021-06-27T01:17:46+00:00","article_modified_time":"2021-06-27T01:17:49+00:00","og_image":[{"width":846,"height":564,"url":"https:\/\/www.gaveanews.com\/wp-content\/uploads\/2019\/03\/Entrada-do-Ninho-do-Urubu.webp","type":"image\/jpeg"}],"author":"Equipe G\u00e1vea News","twitter_card":"summary_large_image","twitter_misc":{"Escrito por":"Equipe G\u00e1vea News","Est. tempo de leitura":"2 minutos"},"schema":{"@context":"https:\/\/schema.org","@graph":[{"@type":"NewsArticle","@id":"https:\/\/www.gaveanews.com\/index.php\/2021\/06\/26\/flamengo-da-auxilio-as-selecoes-hospedadas-no-rio-de-janeiro\/#article","isPartOf":{"@id":"https:\/\/www.gaveanews.com\/index.php\/2021\/06\/26\/flamengo-da-auxilio-as-selecoes-hospedadas-no-rio-de-janeiro\/"},"author":{"name":"Equipe G\u00e1vea News","@id":"https:\/\/www.gaveanews.com\/#\/schema\/person\/2ec14f73fb96be2caf28f91afb14749d"},"headline":"Flamengo d\u00e1 aux\u00edlio \u00e0s sele\u00e7\u00f5es hospedadas no Rio de Janeiro","datePublished":"2021-06-27T01:17:46+00:00","dateModified":"2021-06-27T01:17:49+00:00","mainEntityOfPage":{"@id":"https:\/\/www.gaveanews.com\/index.php\/2021\/06\/26\/flamengo-da-auxilio-as-selecoes-hospedadas-no-rio-de-janeiro\/"},"wordCount":270,"commentCount":5,"image":{"@id":"https:\/\/www.gaveanews.com\/index.php\/2021\/06\/26\/flamengo-da-auxilio-as-selecoes-hospedadas-no-rio-de-janeiro\/#primaryimage"},"thumbnailUrl":"https:\/\/www.gaveanews.com\/wp-content\/uploads\/2019\/03\/Entrada-do-Ninho-do-Urubu.webp","articleSection":["Flamengo"],"inLanguage":"pt-BR","potentialAction":[{"@type":"CommentAction","name":"Comment","target":["https:\/\/www.gaveanews.com\/index.php\/2021\/06\/26\/flamengo-da-auxilio-as-selecoes-hospedadas-no-rio-de-janeiro\/#respond"]}],"copyrightYear":"2021","copyrightHolder":{"@id":"https:\/\/www.gaveanews.com\/#organization"}},{"@type":"WebPage","@id":"https:\/\/www.gaveanews.com\/index.php\/2021\/06\/26\/flamengo-da-auxilio-as-selecoes-hospedadas-no-rio-de-janeiro\/","url":"https:\/\/www.gaveanews.com\/index.php\/2021\/06\/26\/flamengo-da-auxilio-as-selecoes-hospedadas-no-rio-de-janeiro\/","name":"Flamengo d\u00e1 aux\u00edlio \u00e0s sele\u00e7\u00f5es hospedadas no Rio de Janeiro","isPartOf":{"@id":"https:\/\/www.gaveanews.com\/#website"},"primaryImageOfPage":{"@id":"https:\/\/www.gaveanews.com\/index.php\/2021\/06\/26\/flamengo-da-auxilio-as-selecoes-hospedadas-no-rio-de-janeiro\/#primaryimage"},"image":{"@id":"https:\/\/www.gaveanews.com\/index.php\/2021\/06\/26\/flamengo-da-auxilio-as-selecoes-hospedadas-no-rio-de-janeiro\/#primaryimage"},"thumbnailUrl":"https:\/\/www.gaveanews.com\/wp-content\/uploads\/2019\/03\/Entrada-do-Ninho-do-Urubu.webp","datePublished":"2021-06-27T01:17:46+00:00","dateModified":"2021-06-27T01:17:49+00:00","author":{"@id":"https:\/\/www.gaveanews.com\/#\/schema\/person\/2ec14f73fb96be2caf28f91afb14749d"},"breadcrumb":{"@id":"https:\/\/www.gaveanews.com\/index.php\/2021\/06\/26\/flamengo-da-auxilio-as-selecoes-hospedadas-no-rio-de-janeiro\/#breadcrumb"},"inLanguage":"pt-BR","potentialAction":[{"@type":"ReadAction","target":["https:\/\/www.gaveanews.com\/index.php\/2021\/06\/26\/flamengo-da-auxilio-as-selecoes-hospedadas-no-rio-de-janeiro\/"]}]},{"@type":"ImageObject","inLanguage":"pt-BR","@id":"https:\/\/www.gaveanews.com\/index.php\/2021\/06\/26\/flamengo-da-auxilio-as-selecoes-hospedadas-no-rio-de-janeiro\/#primaryimage","url":"https:\/\/www.gaveanews.com\/wp-content\/uploads\/2019\/03\/Entrada-do-Ninho-do-Urubu.webp","contentUrl":"https:\/\/www.gaveanews.com\/wp-content\/uploads\/2019\/03\/Entrada-do-Ninho-do-Urubu.webp","width":846,"height":564,"caption":"Entrada do Ninho do Urubu (Foto: Gilvan de Souza\/Flamengo)"},{"@type":"BreadcrumbList","@id":"https:\/\/www.gaveanews.com\/index.php\/2021\/06\/26\/flamengo-da-auxilio-as-selecoes-hospedadas-no-rio-de-janeiro\/#breadcrumb","itemListElement":[{"@type":"ListItem","position":1,"name":"Home","item":"https:\/\/www.gaveanews.com\/"},{"@type":"ListItem","position":2,"name":"Flamengo d\u00e1 aux\u00edlio \u00e0s sele\u00e7\u00f5es hospedadas no Rio de Janeiro"}]},{"@type":"WebSite","@id":"https:\/\/www.gaveanews.com\/#website","url":"https:\/\/www.gaveanews.com\/","name":"G\u00e1vea News","description":"Veja todas as not\u00edcias sobre o Flamengo: Contrata\u00e7\u00f5es, categorias de base, resultados das partidas, tabela de classifica\u00e7\u00e3o, pr\u00f3ximos jogos!","potentialAction":[{"@type":"SearchAction","target":{"@type":"EntryPoint","urlTemplate":"https:\/\/www.gaveanews.com\/?s={search_term_string}"},"query-input":{"@type":"PropertyValueSpecification","valueRequired":true,"valueName":"search_term_string"}}],"inLanguage":"pt-BR"},{"@type":"Person","@id":"https:\/\/www.gaveanews.com\/#\/schema\/person\/2ec14f73fb96be2caf28f91afb14749d","name":"Equipe G\u00e1vea News","image":{"@type":"ImageObject","inLanguage":"pt-BR","@id":"https:\/\/www.gaveanews.com\/#\/schema\/person\/image\/","url":"https:\/\/secure.gravatar.com\/avatar\/1e1956f1facbffd3f8fa53a326721950116b3b9dc9bd44939c01180fd4a745a9?s=96&d=mm&r=g","contentUrl":"https:\/\/secure.gravatar.com\/avatar\/1e1956f1facbffd3f8fa53a326721950116b3b9dc9bd44939c01180fd4a745a9?s=96&d=mm&r=g","caption":"Equipe G\u00e1vea News"}}]}},"_links":{"self":[{"href":"https:\/\/www.gaveanews.com\/index.php\/wp-json\/wp\/v2\/posts\/63610","targetHints":{"allow":["GET"]}}],"collection":[{"href":"https:\/\/www.gaveanews.com\/index.php\/wp-json\/wp\/v2\/posts"}],"about":[{"href":"https:\/\/www.gaveanews.com\/index.php\/wp-json\/wp\/v2\/types\/post"}],"author":[{"embeddable":true,"href":"https:\/\/www.gaveanews.com\/index.php\/wp-json\/wp\/v2\/users\/1"}],"replies":[{"embeddable":true,"href":"https:\/\/www.gaveanews.com\/index.php\/wp-json\/wp\/v2\/comments?post=63610"}],"version-history":[{"count":0,"href":"https:\/\/www.gaveanews.com\/index.php\/wp-json\/wp\/v2\/posts\/63610\/revisions"}],"wp:featuredmedia":[{"embeddable":true,"href":"https:\/\/www.gaveanews.com\/index.php\/wp-json\/wp\/v2\/media\/15184"}],"wp:attachment":[{"href":"https:\/\/www.gaveanews.com\/index.php\/wp-json\/wp\/v2\/media?parent=63610"}],"wp:term":[{"taxonomy":"category","embeddable":true,"href":"https:\/\/www.gaveanews.com\/index.php\/wp-json\/wp\/v2\/categories?post=63610"},{"taxonomy":"post_tag","embeddable":true,"href":"https:\/\/www.gaveanews.com\/index.php\/wp-json\/wp\/v2\/tags?post=63610"}],"curies":[{"name":"wp","href":"https:\/\/api.w.org\/{rel}","templated":true}]}}