{"id":63614,"date":"2021-06-26T23:34:26","date_gmt":"2021-06-27T02:34:26","guid":{"rendered":"https:\/\/www.gaveanews.com\/?p=63614"},"modified":"2021-06-26T23:34:28","modified_gmt":"2021-06-27T02:34:28","slug":"com-flamengo-de-olho-em-quantia-milionaria-vinicius-souza-troca-de-clube-na-europa","status":"publish","type":"post","link":"https:\/\/www.gaveanews.com\/index.php\/2021\/06\/26\/com-flamengo-de-olho-em-quantia-milionaria-vinicius-souza-troca-de-clube-na-europa\/","title":{"rendered":"Com Flamengo de olho em quantia milion\u00e1ria, Vinicius Souza troca de clube na Europa"},"content":{"rendered":"\n<p>Revelado pelo Flamengo, Vin\u00edcius Souza est\u00e1 de casa nova na B\u00e9lgica. Depois de se descatar pelo Lommel SK, da segunda divis\u00e3o, o volante, que pertence ao Grupo City, foi emprestado por um ano ao KV Mechelen para ganhar experi\u00eancia na elite do futebol local.<\/p>\n\n\n\n<p>Na \u00faltima temporada, Vinicius Souza foi candidato ao pr\u00eamio de melhor jogador da Segundona belga, mas com a perman\u00eancia do Lommel na divis\u00e3o de acesso, os staff do jogador e o Grupo City acharam importante o empr\u00e9stimo para o desenvolvimento profissional.<\/p>\n\n\n\n<p>A transfer\u00eancia ocorre com apenas oito meses da chegada de Vinicius Souza na B\u00e9lgica. Anteriormente, a ideia era realizar qualquer transfer\u00eancia apenas ap\u00f3s um ano completo na Europa, mas as boas atua\u00e7\u00f5es chamaram a aten\u00e7\u00e3o de clubes da elite.<\/p>\n\n\n\n<p><strong><em>\u2014 As expectativas s\u00e3o as melhores. O grupo todo e o staff me receberam bem. Existe a expectativa de t\u00edtulo, porque fizeram uma grande campanha na \u00faltima temporada. Ent\u00e3o, est\u00e3o trazendo novos jogadores e consertando os erros para que essa temporada possa alcan\u00e7ar o t\u00edtulo, vaga na Liga dos Campe\u00f5es ou na Liga Europa<\/em><\/strong> &#8211; disse Vinicius Souza.<\/p>\n\n\n\n<p>Vale lembrar que o jovem ainda pode render R$ 10 milh\u00f5es para o Flamengo at\u00e9 o fim de julho. Este \u00e9 o para que o Grupo City compre 20% dos direitos econ\u00f4micos pertencentes ao clube rubro-negro estipulado em contrato.<\/p>\n\n\n\n<p>Retirado de: Lance<\/p>\n","protected":false},"excerpt":{"rendered":"<p>Revelado pelo Flamengo, Vin\u00edcius Souza est\u00e1 de casa nova na B\u00e9lgica. Depois de se descatar pelo Lommel SK, da segunda divis\u00e3o, o volante, que pertence ao Grupo City, foi emprestado por um ano ao KV Mechelen para ganhar experi\u00eancia na elite do futebol local. Na \u00faltima temporada, Vinicius Souza foi candidato ao pr\u00eamio de melhor [&hellip;]<\/p>\n","protected":false},"author":1,"featured_media":19906,"comment_status":"open","ping_status":"closed","sticky":false,"template":"","format":"standard","meta":{"footnotes":""},"categories":[1],"tags":[],"class_list":["post-63614","post","type-post","status-publish","format-standard","has-post-thumbnail","hentry","category-flamengo"],"yoast_head":"<!-- This site is optimized with the Yoast SEO Premium plugin v24.2 (Yoast SEO v26.9) - https:\/\/yoast.com\/product\/yoast-seo-premium-wordpress\/ -->\n<title>Com Flamengo de olho em quantia milion\u00e1ria, Vinicius Souza troca de clube na Europa<\/title>\n<meta name=\"robots\" content=\"index, follow, max-snippet:-1, max-image-preview:large, max-video-preview:-1\" \/>\n<link rel=\"canonical\" href=\"https:\/\/www.gaveanews.com\/index.php\/2021\/06\/26\/com-flamengo-de-olho-em-quantia-milionaria-vinicius-souza-troca-de-clube-na-europa\/\" \/>\n<meta property=\"og:locale\" content=\"pt_BR\" \/>\n<meta property=\"og:type\" content=\"article\" \/>\n<meta property=\"og:title\" content=\"Com Flamengo de olho em quantia milion\u00e1ria, Vinicius Souza troca de clube na Europa\" \/>\n<meta property=\"og:description\" content=\"Revelado pelo Flamengo, Vin\u00edcius Souza est\u00e1 de casa nova na B\u00e9lgica. Depois de se descatar pelo Lommel SK, da segunda divis\u00e3o, o volante, que pertence ao Grupo City, foi emprestado por um ano ao KV Mechelen para ganhar experi\u00eancia na elite do futebol local. Na \u00faltima temporada, Vinicius Souza foi candidato ao pr\u00eamio de melhor [&hellip;]\" \/>\n<meta property=\"og:url\" content=\"https:\/\/www.gaveanews.com\/index.php\/2021\/06\/26\/com-flamengo-de-olho-em-quantia-milionaria-vinicius-souza-troca-de-clube-na-europa\/\" \/>\n<meta property=\"og:site_name\" content=\"G\u00e1vea News\" \/>\n<meta property=\"article:publisher\" content=\"https:\/\/facebook.com\/gaveaNews\/\" \/>\n<meta property=\"article:published_time\" content=\"2021-06-27T02:34:26+00:00\" \/>\n<meta property=\"article:modified_time\" content=\"2021-06-27T02:34:28+00:00\" \/>\n<meta property=\"og:image\" content=\"https:\/\/www.gaveanews.com\/wp-content\/uploads\/2019\/05\/Cuellar-e-Vinicius-Souza-durante-treinamento-no-Ninho-do-Urubu.webp\" \/>\n\t<meta property=\"og:image:width\" content=\"855\" \/>\n\t<meta property=\"og:image:height\" content=\"570\" \/>\n\t<meta property=\"og:image:type\" content=\"image\/jpeg\" \/>\n<meta name=\"author\" content=\"Equipe G\u00e1vea News\" \/>\n<meta name=\"twitter:card\" content=\"summary_large_image\" \/>\n<meta name=\"twitter:label1\" content=\"Escrito por\" \/>\n\t<meta name=\"twitter:data1\" content=\"Equipe G\u00e1vea News\" \/>\n\t<meta name=\"twitter:label2\" content=\"Est. tempo de leitura\" \/>\n\t<meta name=\"twitter:data2\" content=\"1 minuto\" \/>\n<script type=\"application\/ld+json\" class=\"yoast-schema-graph\">{\"@context\":\"https:\/\/schema.org\",\"@graph\":[{\"@type\":\"NewsArticle\",\"@id\":\"https:\/\/www.gaveanews.com\/index.php\/2021\/06\/26\/com-flamengo-de-olho-em-quantia-milionaria-vinicius-souza-troca-de-clube-na-europa\/#article\",\"isPartOf\":{\"@id\":\"https:\/\/www.gaveanews.com\/index.php\/2021\/06\/26\/com-flamengo-de-olho-em-quantia-milionaria-vinicius-souza-troca-de-clube-na-europa\/\"},\"author\":{\"name\":\"Equipe G\u00e1vea News\",\"@id\":\"https:\/\/www.gaveanews.com\/#\/schema\/person\/2ec14f73fb96be2caf28f91afb14749d\"},\"headline\":\"Com Flamengo de olho em quantia milion\u00e1ria, Vinicius Souza troca de clube na Europa\",\"datePublished\":\"2021-06-27T02:34:26+00:00\",\"dateModified\":\"2021-06-27T02:34:28+00:00\",\"mainEntityOfPage\":{\"@id\":\"https:\/\/www.gaveanews.com\/index.php\/2021\/06\/26\/com-flamengo-de-olho-em-quantia-milionaria-vinicius-souza-troca-de-clube-na-europa\/\"},\"wordCount\":258,\"commentCount\":12,\"image\":{\"@id\":\"https:\/\/www.gaveanews.com\/index.php\/2021\/06\/26\/com-flamengo-de-olho-em-quantia-milionaria-vinicius-souza-troca-de-clube-na-europa\/#primaryimage\"},\"thumbnailUrl\":\"https:\/\/www.gaveanews.com\/wp-content\/uploads\/2019\/05\/Cuellar-e-Vinicius-Souza-durante-treinamento-no-Ninho-do-Urubu.webp\",\"articleSection\":[\"Flamengo\"],\"inLanguage\":\"pt-BR\",\"potentialAction\":[{\"@type\":\"CommentAction\",\"name\":\"Comment\",\"target\":[\"https:\/\/www.gaveanews.com\/index.php\/2021\/06\/26\/com-flamengo-de-olho-em-quantia-milionaria-vinicius-souza-troca-de-clube-na-europa\/#respond\"]}],\"copyrightYear\":\"2021\",\"copyrightHolder\":{\"@id\":\"https:\/\/www.gaveanews.com\/#organization\"}},{\"@type\":\"WebPage\",\"@id\":\"https:\/\/www.gaveanews.com\/index.php\/2021\/06\/26\/com-flamengo-de-olho-em-quantia-milionaria-vinicius-souza-troca-de-clube-na-europa\/\",\"url\":\"https:\/\/www.gaveanews.com\/index.php\/2021\/06\/26\/com-flamengo-de-olho-em-quantia-milionaria-vinicius-souza-troca-de-clube-na-europa\/\",\"name\":\"Com Flamengo de olho em quantia milion\u00e1ria, Vinicius Souza troca de clube na Europa\",\"isPartOf\":{\"@id\":\"https:\/\/www.gaveanews.com\/#website\"},\"primaryImageOfPage\":{\"@id\":\"https:\/\/www.gaveanews.com\/index.php\/2021\/06\/26\/com-flamengo-de-olho-em-quantia-milionaria-vinicius-souza-troca-de-clube-na-europa\/#primaryimage\"},\"image\":{\"@id\":\"https:\/\/www.gaveanews.com\/index.php\/2021\/06\/26\/com-flamengo-de-olho-em-quantia-milionaria-vinicius-souza-troca-de-clube-na-europa\/#primaryimage\"},\"thumbnailUrl\":\"https:\/\/www.gaveanews.com\/wp-content\/uploads\/2019\/05\/Cuellar-e-Vinicius-Souza-durante-treinamento-no-Ninho-do-Urubu.webp\",\"datePublished\":\"2021-06-27T02:34:26+00:00\",\"dateModified\":\"2021-06-27T02:34:28+00:00\",\"author\":{\"@id\":\"https:\/\/www.gaveanews.com\/#\/schema\/person\/2ec14f73fb96be2caf28f91afb14749d\"},\"breadcrumb\":{\"@id\":\"https:\/\/www.gaveanews.com\/index.php\/2021\/06\/26\/com-flamengo-de-olho-em-quantia-milionaria-vinicius-souza-troca-de-clube-na-europa\/#breadcrumb\"},\"inLanguage\":\"pt-BR\",\"potentialAction\":[{\"@type\":\"ReadAction\",\"target\":[\"https:\/\/www.gaveanews.com\/index.php\/2021\/06\/26\/com-flamengo-de-olho-em-quantia-milionaria-vinicius-souza-troca-de-clube-na-europa\/\"]}]},{\"@type\":\"ImageObject\",\"inLanguage\":\"pt-BR\",\"@id\":\"https:\/\/www.gaveanews.com\/index.php\/2021\/06\/26\/com-flamengo-de-olho-em-quantia-milionaria-vinicius-souza-troca-de-clube-na-europa\/#primaryimage\",\"url\":\"https:\/\/www.gaveanews.com\/wp-content\/uploads\/2019\/05\/Cuellar-e-Vinicius-Souza-durante-treinamento-no-Ninho-do-Urubu.webp\",\"contentUrl\":\"https:\/\/www.gaveanews.com\/wp-content\/uploads\/2019\/05\/Cuellar-e-Vinicius-Souza-durante-treinamento-no-Ninho-do-Urubu.webp\",\"width\":855,\"height\":570,\"caption\":\"Cuellar e Vinicius Souza durante treinamento no Ninho do Urubu (Foto: Reprodu\u00e7\u00e3o\/Twitter)\"},{\"@type\":\"BreadcrumbList\",\"@id\":\"https:\/\/www.gaveanews.com\/index.php\/2021\/06\/26\/com-flamengo-de-olho-em-quantia-milionaria-vinicius-souza-troca-de-clube-na-europa\/#breadcrumb\",\"itemListElement\":[{\"@type\":\"ListItem\",\"position\":1,\"name\":\"Home\",\"item\":\"https:\/\/www.gaveanews.com\/\"},{\"@type\":\"ListItem\",\"position\":2,\"name\":\"Com Flamengo de olho em quantia milion\u00e1ria, Vinicius Souza troca de clube na Europa\"}]},{\"@type\":\"WebSite\",\"@id\":\"https:\/\/www.gaveanews.com\/#website\",\"url\":\"https:\/\/www.gaveanews.com\/\",\"name\":\"G\u00e1vea News\",\"description\":\"Veja todas as not\u00edcias sobre o Flamengo: Contrata\u00e7\u00f5es, categorias de base, resultados das partidas, tabela de classifica\u00e7\u00e3o, pr\u00f3ximos jogos!\",\"potentialAction\":[{\"@type\":\"SearchAction\",\"target\":{\"@type\":\"EntryPoint\",\"urlTemplate\":\"https:\/\/www.gaveanews.com\/?s={search_term_string}\"},\"query-input\":{\"@type\":\"PropertyValueSpecification\",\"valueRequired\":true,\"valueName\":\"search_term_string\"}}],\"inLanguage\":\"pt-BR\"},{\"@type\":\"Person\",\"@id\":\"https:\/\/www.gaveanews.com\/#\/schema\/person\/2ec14f73fb96be2caf28f91afb14749d\",\"name\":\"Equipe G\u00e1vea News\",\"image\":{\"@type\":\"ImageObject\",\"inLanguage\":\"pt-BR\",\"@id\":\"https:\/\/www.gaveanews.com\/#\/schema\/person\/image\/\",\"url\":\"https:\/\/secure.gravatar.com\/avatar\/1e1956f1facbffd3f8fa53a326721950116b3b9dc9bd44939c01180fd4a745a9?s=96&d=mm&r=g\",\"contentUrl\":\"https:\/\/secure.gravatar.com\/avatar\/1e1956f1facbffd3f8fa53a326721950116b3b9dc9bd44939c01180fd4a745a9?s=96&d=mm&r=g\",\"caption\":\"Equipe G\u00e1vea News\"}}]}<\/script>\n<!-- \/ Yoast SEO Premium plugin. -->","yoast_head_json":{"title":"Com Flamengo de olho em quantia milion\u00e1ria, Vinicius Souza troca de clube na Europa","robots":{"index":"index","follow":"follow","max-snippet":"max-snippet:-1","max-image-preview":"max-image-preview:large","max-video-preview":"max-video-preview:-1"},"canonical":"https:\/\/www.gaveanews.com\/index.php\/2021\/06\/26\/com-flamengo-de-olho-em-quantia-milionaria-vinicius-souza-troca-de-clube-na-europa\/","og_locale":"pt_BR","og_type":"article","og_title":"Com Flamengo de olho em quantia milion\u00e1ria, Vinicius Souza troca de clube na Europa","og_description":"Revelado pelo Flamengo, Vin\u00edcius Souza est\u00e1 de casa nova na B\u00e9lgica. Depois de se descatar pelo Lommel SK, da segunda divis\u00e3o, o volante, que pertence ao Grupo City, foi emprestado por um ano ao KV Mechelen para ganhar experi\u00eancia na elite do futebol local. Na \u00faltima temporada, Vinicius Souza foi candidato ao pr\u00eamio de melhor [&hellip;]","og_url":"https:\/\/www.gaveanews.com\/index.php\/2021\/06\/26\/com-flamengo-de-olho-em-quantia-milionaria-vinicius-souza-troca-de-clube-na-europa\/","og_site_name":"G\u00e1vea News","article_publisher":"https:\/\/facebook.com\/gaveaNews\/","article_published_time":"2021-06-27T02:34:26+00:00","article_modified_time":"2021-06-27T02:34:28+00:00","og_image":[{"width":855,"height":570,"url":"https:\/\/www.gaveanews.com\/wp-content\/uploads\/2019\/05\/Cuellar-e-Vinicius-Souza-durante-treinamento-no-Ninho-do-Urubu.webp","type":"image\/jpeg"}],"author":"Equipe G\u00e1vea News","twitter_card":"summary_large_image","twitter_misc":{"Escrito por":"Equipe G\u00e1vea News","Est. tempo de leitura":"1 minuto"},"schema":{"@context":"https:\/\/schema.org","@graph":[{"@type":"NewsArticle","@id":"https:\/\/www.gaveanews.com\/index.php\/2021\/06\/26\/com-flamengo-de-olho-em-quantia-milionaria-vinicius-souza-troca-de-clube-na-europa\/#article","isPartOf":{"@id":"https:\/\/www.gaveanews.com\/index.php\/2021\/06\/26\/com-flamengo-de-olho-em-quantia-milionaria-vinicius-souza-troca-de-clube-na-europa\/"},"author":{"name":"Equipe G\u00e1vea News","@id":"https:\/\/www.gaveanews.com\/#\/schema\/person\/2ec14f73fb96be2caf28f91afb14749d"},"headline":"Com Flamengo de olho em quantia milion\u00e1ria, Vinicius Souza troca de clube na Europa","datePublished":"2021-06-27T02:34:26+00:00","dateModified":"2021-06-27T02:34:28+00:00","mainEntityOfPage":{"@id":"https:\/\/www.gaveanews.com\/index.php\/2021\/06\/26\/com-flamengo-de-olho-em-quantia-milionaria-vinicius-souza-troca-de-clube-na-europa\/"},"wordCount":258,"commentCount":12,"image":{"@id":"https:\/\/www.gaveanews.com\/index.php\/2021\/06\/26\/com-flamengo-de-olho-em-quantia-milionaria-vinicius-souza-troca-de-clube-na-europa\/#primaryimage"},"thumbnailUrl":"https:\/\/www.gaveanews.com\/wp-content\/uploads\/2019\/05\/Cuellar-e-Vinicius-Souza-durante-treinamento-no-Ninho-do-Urubu.webp","articleSection":["Flamengo"],"inLanguage":"pt-BR","potentialAction":[{"@type":"CommentAction","name":"Comment","target":["https:\/\/www.gaveanews.com\/index.php\/2021\/06\/26\/com-flamengo-de-olho-em-quantia-milionaria-vinicius-souza-troca-de-clube-na-europa\/#respond"]}],"copyrightYear":"2021","copyrightHolder":{"@id":"https:\/\/www.gaveanews.com\/#organization"}},{"@type":"WebPage","@id":"https:\/\/www.gaveanews.com\/index.php\/2021\/06\/26\/com-flamengo-de-olho-em-quantia-milionaria-vinicius-souza-troca-de-clube-na-europa\/","url":"https:\/\/www.gaveanews.com\/index.php\/2021\/06\/26\/com-flamengo-de-olho-em-quantia-milionaria-vinicius-souza-troca-de-clube-na-europa\/","name":"Com Flamengo de olho em quantia milion\u00e1ria, Vinicius Souza troca de clube na Europa","isPartOf":{"@id":"https:\/\/www.gaveanews.com\/#website"},"primaryImageOfPage":{"@id":"https:\/\/www.gaveanews.com\/index.php\/2021\/06\/26\/com-flamengo-de-olho-em-quantia-milionaria-vinicius-souza-troca-de-clube-na-europa\/#primaryimage"},"image":{"@id":"https:\/\/www.gaveanews.com\/index.php\/2021\/06\/26\/com-flamengo-de-olho-em-quantia-milionaria-vinicius-souza-troca-de-clube-na-europa\/#primaryimage"},"thumbnailUrl":"https:\/\/www.gaveanews.com\/wp-content\/uploads\/2019\/05\/Cuellar-e-Vinicius-Souza-durante-treinamento-no-Ninho-do-Urubu.webp","datePublished":"2021-06-27T02:34:26+00:00","dateModified":"2021-06-27T02:34:28+00:00","author":{"@id":"https:\/\/www.gaveanews.com\/#\/schema\/person\/2ec14f73fb96be2caf28f91afb14749d"},"breadcrumb":{"@id":"https:\/\/www.gaveanews.com\/index.php\/2021\/06\/26\/com-flamengo-de-olho-em-quantia-milionaria-vinicius-souza-troca-de-clube-na-europa\/#breadcrumb"},"inLanguage":"pt-BR","potentialAction":[{"@type":"ReadAction","target":["https:\/\/www.gaveanews.com\/index.php\/2021\/06\/26\/com-flamengo-de-olho-em-quantia-milionaria-vinicius-souza-troca-de-clube-na-europa\/"]}]},{"@type":"ImageObject","inLanguage":"pt-BR","@id":"https:\/\/www.gaveanews.com\/index.php\/2021\/06\/26\/com-flamengo-de-olho-em-quantia-milionaria-vinicius-souza-troca-de-clube-na-europa\/#primaryimage","url":"https:\/\/www.gaveanews.com\/wp-content\/uploads\/2019\/05\/Cuellar-e-Vinicius-Souza-durante-treinamento-no-Ninho-do-Urubu.webp","contentUrl":"https:\/\/www.gaveanews.com\/wp-content\/uploads\/2019\/05\/Cuellar-e-Vinicius-Souza-durante-treinamento-no-Ninho-do-Urubu.webp","width":855,"height":570,"caption":"Cuellar e Vinicius Souza durante treinamento no Ninho do Urubu (Foto: Reprodu\u00e7\u00e3o\/Twitter)"},{"@type":"BreadcrumbList","@id":"https:\/\/www.gaveanews.com\/index.php\/2021\/06\/26\/com-flamengo-de-olho-em-quantia-milionaria-vinicius-souza-troca-de-clube-na-europa\/#breadcrumb","itemListElement":[{"@type":"ListItem","position":1,"name":"Home","item":"https:\/\/www.gaveanews.com\/"},{"@type":"ListItem","position":2,"name":"Com Flamengo de olho em quantia milion\u00e1ria, Vinicius Souza troca de clube na Europa"}]},{"@type":"WebSite","@id":"https:\/\/www.gaveanews.com\/#website","url":"https:\/\/www.gaveanews.com\/","name":"G\u00e1vea News","description":"Veja todas as not\u00edcias sobre o Flamengo: Contrata\u00e7\u00f5es, categorias de base, resultados das partidas, tabela de classifica\u00e7\u00e3o, pr\u00f3ximos jogos!","potentialAction":[{"@type":"SearchAction","target":{"@type":"EntryPoint","urlTemplate":"https:\/\/www.gaveanews.com\/?s={search_term_string}"},"query-input":{"@type":"PropertyValueSpecification","valueRequired":true,"valueName":"search_term_string"}}],"inLanguage":"pt-BR"},{"@type":"Person","@id":"https:\/\/www.gaveanews.com\/#\/schema\/person\/2ec14f73fb96be2caf28f91afb14749d","name":"Equipe G\u00e1vea News","image":{"@type":"ImageObject","inLanguage":"pt-BR","@id":"https:\/\/www.gaveanews.com\/#\/schema\/person\/image\/","url":"https:\/\/secure.gravatar.com\/avatar\/1e1956f1facbffd3f8fa53a326721950116b3b9dc9bd44939c01180fd4a745a9?s=96&d=mm&r=g","contentUrl":"https:\/\/secure.gravatar.com\/avatar\/1e1956f1facbffd3f8fa53a326721950116b3b9dc9bd44939c01180fd4a745a9?s=96&d=mm&r=g","caption":"Equipe G\u00e1vea News"}}]}},"_links":{"self":[{"href":"https:\/\/www.gaveanews.com\/index.php\/wp-json\/wp\/v2\/posts\/63614","targetHints":{"allow":["GET"]}}],"collection":[{"href":"https:\/\/www.gaveanews.com\/index.php\/wp-json\/wp\/v2\/posts"}],"about":[{"href":"https:\/\/www.gaveanews.com\/index.php\/wp-json\/wp\/v2\/types\/post"}],"author":[{"embeddable":true,"href":"https:\/\/www.gaveanews.com\/index.php\/wp-json\/wp\/v2\/users\/1"}],"replies":[{"embeddable":true,"href":"https:\/\/www.gaveanews.com\/index.php\/wp-json\/wp\/v2\/comments?post=63614"}],"version-history":[{"count":0,"href":"https:\/\/www.gaveanews.com\/index.php\/wp-json\/wp\/v2\/posts\/63614\/revisions"}],"wp:featuredmedia":[{"embeddable":true,"href":"https:\/\/www.gaveanews.com\/index.php\/wp-json\/wp\/v2\/media\/19906"}],"wp:attachment":[{"href":"https:\/\/www.gaveanews.com\/index.php\/wp-json\/wp\/v2\/media?parent=63614"}],"wp:term":[{"taxonomy":"category","embeddable":true,"href":"https:\/\/www.gaveanews.com\/index.php\/wp-json\/wp\/v2\/categories?post=63614"},{"taxonomy":"post_tag","embeddable":true,"href":"https:\/\/www.gaveanews.com\/index.php\/wp-json\/wp\/v2\/tags?post=63614"}],"curies":[{"name":"wp","href":"https:\/\/api.w.org\/{rel}","templated":true}]}}