{"id":63616,"date":"2021-06-26T23:59:29","date_gmt":"2021-06-27T02:59:29","guid":{"rendered":"https:\/\/www.gaveanews.com\/?p=63616"},"modified":"2021-06-26T23:59:31","modified_gmt":"2021-06-27T02:59:31","slug":"pedro-e-ceni-se-reunem-e-braz-avisa-vida-que-segue","status":"publish","type":"post","link":"https:\/\/www.gaveanews.com\/index.php\/2021\/06\/26\/pedro-e-ceni-se-reunem-e-braz-avisa-vida-que-segue\/","title":{"rendered":"Pedro e Ceni se re\u00fanem, e Braz avisa: \u2018Vida que segue\u2019"},"content":{"rendered":"\n<p>Ao que tudo indica, o atacante Pedro e o treinador Rog\u00e9rio Ceni fizeram as pazes ap\u00f3s se desentenderem na \u00faltima quarta-feira (23), na vit\u00f3ria por 2 a 1 sobre o Juventude. Em uma rede social, Marcos Braz, vice-presidente de futebol do Flamengo, avisou: \u2018Vida que segue. Resolvido\u2019.<\/p>\n\n\n\n<p>Horas antes, de acordo com o &#8216;Globo Esporte&#8217;, o t\u00e9cnico e o camisa 21 tiveram uma reuni\u00e3o conciliadora e agora focam na partida contra o Juventude, no pr\u00f3ximo domingo (27), em Caxias do Sul, em jogo v\u00e1lido pela s\u00e9tima rodada do Campeonato Brasileiro. O Rubro-Negro est\u00e1 em oitavo lugar, com nove pontos ap\u00f3s quatro jogos.<\/p>\n\n\n\n<p>Na partida contra o Fortaleza, Ceni substituiu Pedro por Muniz aos 25 do segundo tempo. O camisa 21 n\u00e3o gostou, chutou baldes e nem cumprimentou o jovem de 20 anos. Na entrevista coletiva p\u00f3s-jogo, o treinador falou que a atitude do centroavante foi \u201clament\u00e1vel\u201d.<\/p>\n\n\n\n<p>Retirado de: Jogada 10<\/p>\n","protected":false},"excerpt":{"rendered":"<p>Ao que tudo indica, o atacante Pedro e o treinador Rog\u00e9rio Ceni fizeram as pazes ap\u00f3s se desentenderem na \u00faltima quarta-feira (23), na vit\u00f3ria por 2 a 1 sobre o Juventude. Em uma rede social, Marcos Braz, vice-presidente de futebol do Flamengo, avisou: \u2018Vida que segue. Resolvido\u2019. Horas antes, de acordo com o &#8216;Globo Esporte&#8217;, [&hellip;]<\/p>\n","protected":false},"author":1,"featured_media":63534,"comment_status":"open","ping_status":"closed","sticky":false,"template":"","format":"standard","meta":{"footnotes":""},"categories":[1],"tags":[],"class_list":["post-63616","post","type-post","status-publish","format-standard","has-post-thumbnail","hentry","category-flamengo"],"yoast_head":"<!-- This site is optimized with the Yoast SEO Premium plugin v24.2 (Yoast SEO v26.9) - https:\/\/yoast.com\/product\/yoast-seo-premium-wordpress\/ -->\n<title>Pedro e Ceni se re\u00fanem, e Braz avisa: \u2018Vida que segue\u2019<\/title>\n<meta name=\"robots\" content=\"index, follow, max-snippet:-1, max-image-preview:large, max-video-preview:-1\" \/>\n<link rel=\"canonical\" href=\"https:\/\/www.gaveanews.com\/index.php\/2021\/06\/26\/pedro-e-ceni-se-reunem-e-braz-avisa-vida-que-segue\/\" \/>\n<meta property=\"og:locale\" content=\"pt_BR\" \/>\n<meta property=\"og:type\" content=\"article\" \/>\n<meta property=\"og:title\" content=\"Pedro e Ceni se re\u00fanem, e Braz avisa: \u2018Vida que segue\u2019\" \/>\n<meta property=\"og:description\" content=\"Ao que tudo indica, o atacante Pedro e o treinador Rog\u00e9rio Ceni fizeram as pazes ap\u00f3s se desentenderem na \u00faltima quarta-feira (23), na vit\u00f3ria por 2 a 1 sobre o Juventude. Em uma rede social, Marcos Braz, vice-presidente de futebol do Flamengo, avisou: \u2018Vida que segue. Resolvido\u2019. Horas antes, de acordo com o &#8216;Globo Esporte&#8217;, [&hellip;]\" \/>\n<meta property=\"og:url\" content=\"https:\/\/www.gaveanews.com\/index.php\/2021\/06\/26\/pedro-e-ceni-se-reunem-e-braz-avisa-vida-que-segue\/\" \/>\n<meta property=\"og:site_name\" content=\"G\u00e1vea News\" \/>\n<meta property=\"article:publisher\" content=\"https:\/\/facebook.com\/gaveaNews\/\" \/>\n<meta property=\"article:published_time\" content=\"2021-06-27T02:59:29+00:00\" \/>\n<meta property=\"article:modified_time\" content=\"2021-06-27T02:59:31+00:00\" \/>\n<meta property=\"og:image\" content=\"https:\/\/www.gaveanews.com\/wp-content\/uploads\/Pedro-apos-ser-substituido-pelo-Flamengo-contra-o-Fortaleza.webp\" \/>\n\t<meta property=\"og:image:width\" content=\"640\" \/>\n\t<meta property=\"og:image:height\" content=\"400\" \/>\n\t<meta property=\"og:image:type\" content=\"image\/png\" \/>\n<meta name=\"author\" content=\"Equipe G\u00e1vea News\" \/>\n<meta name=\"twitter:card\" content=\"summary_large_image\" \/>\n<meta name=\"twitter:label1\" content=\"Escrito por\" \/>\n\t<meta name=\"twitter:data1\" content=\"Equipe G\u00e1vea News\" \/>\n\t<meta name=\"twitter:label2\" content=\"Est. tempo de leitura\" \/>\n\t<meta name=\"twitter:data2\" content=\"1 minuto\" \/>\n<script type=\"application\/ld+json\" class=\"yoast-schema-graph\">{\"@context\":\"https:\/\/schema.org\",\"@graph\":[{\"@type\":\"NewsArticle\",\"@id\":\"https:\/\/www.gaveanews.com\/index.php\/2021\/06\/26\/pedro-e-ceni-se-reunem-e-braz-avisa-vida-que-segue\/#article\",\"isPartOf\":{\"@id\":\"https:\/\/www.gaveanews.com\/index.php\/2021\/06\/26\/pedro-e-ceni-se-reunem-e-braz-avisa-vida-que-segue\/\"},\"author\":{\"name\":\"Equipe G\u00e1vea News\",\"@id\":\"https:\/\/www.gaveanews.com\/#\/schema\/person\/2ec14f73fb96be2caf28f91afb14749d\"},\"headline\":\"Pedro e Ceni se re\u00fanem, e Braz avisa: \u2018Vida que segue\u2019\",\"datePublished\":\"2021-06-27T02:59:29+00:00\",\"dateModified\":\"2021-06-27T02:59:31+00:00\",\"mainEntityOfPage\":{\"@id\":\"https:\/\/www.gaveanews.com\/index.php\/2021\/06\/26\/pedro-e-ceni-se-reunem-e-braz-avisa-vida-que-segue\/\"},\"wordCount\":165,\"commentCount\":7,\"image\":{\"@id\":\"https:\/\/www.gaveanews.com\/index.php\/2021\/06\/26\/pedro-e-ceni-se-reunem-e-braz-avisa-vida-que-segue\/#primaryimage\"},\"thumbnailUrl\":\"https:\/\/www.gaveanews.com\/wp-content\/uploads\/Pedro-apos-ser-substituido-pelo-Flamengo-contra-o-Fortaleza.webp\",\"articleSection\":[\"Flamengo\"],\"inLanguage\":\"pt-BR\",\"potentialAction\":[{\"@type\":\"CommentAction\",\"name\":\"Comment\",\"target\":[\"https:\/\/www.gaveanews.com\/index.php\/2021\/06\/26\/pedro-e-ceni-se-reunem-e-braz-avisa-vida-que-segue\/#respond\"]}],\"copyrightYear\":\"2021\",\"copyrightHolder\":{\"@id\":\"https:\/\/www.gaveanews.com\/#organization\"}},{\"@type\":\"WebPage\",\"@id\":\"https:\/\/www.gaveanews.com\/index.php\/2021\/06\/26\/pedro-e-ceni-se-reunem-e-braz-avisa-vida-que-segue\/\",\"url\":\"https:\/\/www.gaveanews.com\/index.php\/2021\/06\/26\/pedro-e-ceni-se-reunem-e-braz-avisa-vida-que-segue\/\",\"name\":\"Pedro e Ceni se re\u00fanem, e Braz avisa: \u2018Vida que segue\u2019\",\"isPartOf\":{\"@id\":\"https:\/\/www.gaveanews.com\/#website\"},\"primaryImageOfPage\":{\"@id\":\"https:\/\/www.gaveanews.com\/index.php\/2021\/06\/26\/pedro-e-ceni-se-reunem-e-braz-avisa-vida-que-segue\/#primaryimage\"},\"image\":{\"@id\":\"https:\/\/www.gaveanews.com\/index.php\/2021\/06\/26\/pedro-e-ceni-se-reunem-e-braz-avisa-vida-que-segue\/#primaryimage\"},\"thumbnailUrl\":\"https:\/\/www.gaveanews.com\/wp-content\/uploads\/Pedro-apos-ser-substituido-pelo-Flamengo-contra-o-Fortaleza.webp\",\"datePublished\":\"2021-06-27T02:59:29+00:00\",\"dateModified\":\"2021-06-27T02:59:31+00:00\",\"author\":{\"@id\":\"https:\/\/www.gaveanews.com\/#\/schema\/person\/2ec14f73fb96be2caf28f91afb14749d\"},\"breadcrumb\":{\"@id\":\"https:\/\/www.gaveanews.com\/index.php\/2021\/06\/26\/pedro-e-ceni-se-reunem-e-braz-avisa-vida-que-segue\/#breadcrumb\"},\"inLanguage\":\"pt-BR\",\"potentialAction\":[{\"@type\":\"ReadAction\",\"target\":[\"https:\/\/www.gaveanews.com\/index.php\/2021\/06\/26\/pedro-e-ceni-se-reunem-e-braz-avisa-vida-que-segue\/\"]}]},{\"@type\":\"ImageObject\",\"inLanguage\":\"pt-BR\",\"@id\":\"https:\/\/www.gaveanews.com\/index.php\/2021\/06\/26\/pedro-e-ceni-se-reunem-e-braz-avisa-vida-que-segue\/#primaryimage\",\"url\":\"https:\/\/www.gaveanews.com\/wp-content\/uploads\/Pedro-apos-ser-substituido-pelo-Flamengo-contra-o-Fortaleza.webp\",\"contentUrl\":\"https:\/\/www.gaveanews.com\/wp-content\/uploads\/Pedro-apos-ser-substituido-pelo-Flamengo-contra-o-Fortaleza.webp\",\"width\":640,\"height\":400,\"caption\":\"Pedro ap\u00f3s ser substitu\u00eddo pelo Flamengo contra o Fortaleza (Foto: Alexandre Vidal\/Flamengo)\"},{\"@type\":\"BreadcrumbList\",\"@id\":\"https:\/\/www.gaveanews.com\/index.php\/2021\/06\/26\/pedro-e-ceni-se-reunem-e-braz-avisa-vida-que-segue\/#breadcrumb\",\"itemListElement\":[{\"@type\":\"ListItem\",\"position\":1,\"name\":\"Home\",\"item\":\"https:\/\/www.gaveanews.com\/\"},{\"@type\":\"ListItem\",\"position\":2,\"name\":\"Pedro e Ceni se re\u00fanem, e Braz avisa: \u2018Vida que segue\u2019\"}]},{\"@type\":\"WebSite\",\"@id\":\"https:\/\/www.gaveanews.com\/#website\",\"url\":\"https:\/\/www.gaveanews.com\/\",\"name\":\"G\u00e1vea News\",\"description\":\"Veja todas as not\u00edcias sobre o Flamengo: Contrata\u00e7\u00f5es, categorias de base, resultados das partidas, tabela de classifica\u00e7\u00e3o, pr\u00f3ximos jogos!\",\"potentialAction\":[{\"@type\":\"SearchAction\",\"target\":{\"@type\":\"EntryPoint\",\"urlTemplate\":\"https:\/\/www.gaveanews.com\/?s={search_term_string}\"},\"query-input\":{\"@type\":\"PropertyValueSpecification\",\"valueRequired\":true,\"valueName\":\"search_term_string\"}}],\"inLanguage\":\"pt-BR\"},{\"@type\":\"Person\",\"@id\":\"https:\/\/www.gaveanews.com\/#\/schema\/person\/2ec14f73fb96be2caf28f91afb14749d\",\"name\":\"Equipe G\u00e1vea News\",\"image\":{\"@type\":\"ImageObject\",\"inLanguage\":\"pt-BR\",\"@id\":\"https:\/\/www.gaveanews.com\/#\/schema\/person\/image\/\",\"url\":\"https:\/\/secure.gravatar.com\/avatar\/1e1956f1facbffd3f8fa53a326721950116b3b9dc9bd44939c01180fd4a745a9?s=96&d=mm&r=g\",\"contentUrl\":\"https:\/\/secure.gravatar.com\/avatar\/1e1956f1facbffd3f8fa53a326721950116b3b9dc9bd44939c01180fd4a745a9?s=96&d=mm&r=g\",\"caption\":\"Equipe G\u00e1vea News\"}}]}<\/script>\n<!-- \/ Yoast SEO Premium plugin. -->","yoast_head_json":{"title":"Pedro e Ceni se re\u00fanem, e Braz avisa: \u2018Vida que segue\u2019","robots":{"index":"index","follow":"follow","max-snippet":"max-snippet:-1","max-image-preview":"max-image-preview:large","max-video-preview":"max-video-preview:-1"},"canonical":"https:\/\/www.gaveanews.com\/index.php\/2021\/06\/26\/pedro-e-ceni-se-reunem-e-braz-avisa-vida-que-segue\/","og_locale":"pt_BR","og_type":"article","og_title":"Pedro e Ceni se re\u00fanem, e Braz avisa: \u2018Vida que segue\u2019","og_description":"Ao que tudo indica, o atacante Pedro e o treinador Rog\u00e9rio Ceni fizeram as pazes ap\u00f3s se desentenderem na \u00faltima quarta-feira (23), na vit\u00f3ria por 2 a 1 sobre o Juventude. Em uma rede social, Marcos Braz, vice-presidente de futebol do Flamengo, avisou: \u2018Vida que segue. Resolvido\u2019. Horas antes, de acordo com o &#8216;Globo Esporte&#8217;, [&hellip;]","og_url":"https:\/\/www.gaveanews.com\/index.php\/2021\/06\/26\/pedro-e-ceni-se-reunem-e-braz-avisa-vida-que-segue\/","og_site_name":"G\u00e1vea News","article_publisher":"https:\/\/facebook.com\/gaveaNews\/","article_published_time":"2021-06-27T02:59:29+00:00","article_modified_time":"2021-06-27T02:59:31+00:00","og_image":[{"width":640,"height":400,"url":"https:\/\/www.gaveanews.com\/wp-content\/uploads\/Pedro-apos-ser-substituido-pelo-Flamengo-contra-o-Fortaleza.webp","type":"image\/png"}],"author":"Equipe G\u00e1vea News","twitter_card":"summary_large_image","twitter_misc":{"Escrito por":"Equipe G\u00e1vea News","Est. tempo de leitura":"1 minuto"},"schema":{"@context":"https:\/\/schema.org","@graph":[{"@type":"NewsArticle","@id":"https:\/\/www.gaveanews.com\/index.php\/2021\/06\/26\/pedro-e-ceni-se-reunem-e-braz-avisa-vida-que-segue\/#article","isPartOf":{"@id":"https:\/\/www.gaveanews.com\/index.php\/2021\/06\/26\/pedro-e-ceni-se-reunem-e-braz-avisa-vida-que-segue\/"},"author":{"name":"Equipe G\u00e1vea News","@id":"https:\/\/www.gaveanews.com\/#\/schema\/person\/2ec14f73fb96be2caf28f91afb14749d"},"headline":"Pedro e Ceni se re\u00fanem, e Braz avisa: \u2018Vida que segue\u2019","datePublished":"2021-06-27T02:59:29+00:00","dateModified":"2021-06-27T02:59:31+00:00","mainEntityOfPage":{"@id":"https:\/\/www.gaveanews.com\/index.php\/2021\/06\/26\/pedro-e-ceni-se-reunem-e-braz-avisa-vida-que-segue\/"},"wordCount":165,"commentCount":7,"image":{"@id":"https:\/\/www.gaveanews.com\/index.php\/2021\/06\/26\/pedro-e-ceni-se-reunem-e-braz-avisa-vida-que-segue\/#primaryimage"},"thumbnailUrl":"https:\/\/www.gaveanews.com\/wp-content\/uploads\/Pedro-apos-ser-substituido-pelo-Flamengo-contra-o-Fortaleza.webp","articleSection":["Flamengo"],"inLanguage":"pt-BR","potentialAction":[{"@type":"CommentAction","name":"Comment","target":["https:\/\/www.gaveanews.com\/index.php\/2021\/06\/26\/pedro-e-ceni-se-reunem-e-braz-avisa-vida-que-segue\/#respond"]}],"copyrightYear":"2021","copyrightHolder":{"@id":"https:\/\/www.gaveanews.com\/#organization"}},{"@type":"WebPage","@id":"https:\/\/www.gaveanews.com\/index.php\/2021\/06\/26\/pedro-e-ceni-se-reunem-e-braz-avisa-vida-que-segue\/","url":"https:\/\/www.gaveanews.com\/index.php\/2021\/06\/26\/pedro-e-ceni-se-reunem-e-braz-avisa-vida-que-segue\/","name":"Pedro e Ceni se re\u00fanem, e Braz avisa: \u2018Vida que segue\u2019","isPartOf":{"@id":"https:\/\/www.gaveanews.com\/#website"},"primaryImageOfPage":{"@id":"https:\/\/www.gaveanews.com\/index.php\/2021\/06\/26\/pedro-e-ceni-se-reunem-e-braz-avisa-vida-que-segue\/#primaryimage"},"image":{"@id":"https:\/\/www.gaveanews.com\/index.php\/2021\/06\/26\/pedro-e-ceni-se-reunem-e-braz-avisa-vida-que-segue\/#primaryimage"},"thumbnailUrl":"https:\/\/www.gaveanews.com\/wp-content\/uploads\/Pedro-apos-ser-substituido-pelo-Flamengo-contra-o-Fortaleza.webp","datePublished":"2021-06-27T02:59:29+00:00","dateModified":"2021-06-27T02:59:31+00:00","author":{"@id":"https:\/\/www.gaveanews.com\/#\/schema\/person\/2ec14f73fb96be2caf28f91afb14749d"},"breadcrumb":{"@id":"https:\/\/www.gaveanews.com\/index.php\/2021\/06\/26\/pedro-e-ceni-se-reunem-e-braz-avisa-vida-que-segue\/#breadcrumb"},"inLanguage":"pt-BR","potentialAction":[{"@type":"ReadAction","target":["https:\/\/www.gaveanews.com\/index.php\/2021\/06\/26\/pedro-e-ceni-se-reunem-e-braz-avisa-vida-que-segue\/"]}]},{"@type":"ImageObject","inLanguage":"pt-BR","@id":"https:\/\/www.gaveanews.com\/index.php\/2021\/06\/26\/pedro-e-ceni-se-reunem-e-braz-avisa-vida-que-segue\/#primaryimage","url":"https:\/\/www.gaveanews.com\/wp-content\/uploads\/Pedro-apos-ser-substituido-pelo-Flamengo-contra-o-Fortaleza.webp","contentUrl":"https:\/\/www.gaveanews.com\/wp-content\/uploads\/Pedro-apos-ser-substituido-pelo-Flamengo-contra-o-Fortaleza.webp","width":640,"height":400,"caption":"Pedro ap\u00f3s ser substitu\u00eddo pelo Flamengo contra o Fortaleza (Foto: Alexandre Vidal\/Flamengo)"},{"@type":"BreadcrumbList","@id":"https:\/\/www.gaveanews.com\/index.php\/2021\/06\/26\/pedro-e-ceni-se-reunem-e-braz-avisa-vida-que-segue\/#breadcrumb","itemListElement":[{"@type":"ListItem","position":1,"name":"Home","item":"https:\/\/www.gaveanews.com\/"},{"@type":"ListItem","position":2,"name":"Pedro e Ceni se re\u00fanem, e Braz avisa: \u2018Vida que segue\u2019"}]},{"@type":"WebSite","@id":"https:\/\/www.gaveanews.com\/#website","url":"https:\/\/www.gaveanews.com\/","name":"G\u00e1vea News","description":"Veja todas as not\u00edcias sobre o Flamengo: Contrata\u00e7\u00f5es, categorias de base, resultados das partidas, tabela de classifica\u00e7\u00e3o, pr\u00f3ximos jogos!","potentialAction":[{"@type":"SearchAction","target":{"@type":"EntryPoint","urlTemplate":"https:\/\/www.gaveanews.com\/?s={search_term_string}"},"query-input":{"@type":"PropertyValueSpecification","valueRequired":true,"valueName":"search_term_string"}}],"inLanguage":"pt-BR"},{"@type":"Person","@id":"https:\/\/www.gaveanews.com\/#\/schema\/person\/2ec14f73fb96be2caf28f91afb14749d","name":"Equipe G\u00e1vea News","image":{"@type":"ImageObject","inLanguage":"pt-BR","@id":"https:\/\/www.gaveanews.com\/#\/schema\/person\/image\/","url":"https:\/\/secure.gravatar.com\/avatar\/1e1956f1facbffd3f8fa53a326721950116b3b9dc9bd44939c01180fd4a745a9?s=96&d=mm&r=g","contentUrl":"https:\/\/secure.gravatar.com\/avatar\/1e1956f1facbffd3f8fa53a326721950116b3b9dc9bd44939c01180fd4a745a9?s=96&d=mm&r=g","caption":"Equipe G\u00e1vea News"}}]}},"_links":{"self":[{"href":"https:\/\/www.gaveanews.com\/index.php\/wp-json\/wp\/v2\/posts\/63616","targetHints":{"allow":["GET"]}}],"collection":[{"href":"https:\/\/www.gaveanews.com\/index.php\/wp-json\/wp\/v2\/posts"}],"about":[{"href":"https:\/\/www.gaveanews.com\/index.php\/wp-json\/wp\/v2\/types\/post"}],"author":[{"embeddable":true,"href":"https:\/\/www.gaveanews.com\/index.php\/wp-json\/wp\/v2\/users\/1"}],"replies":[{"embeddable":true,"href":"https:\/\/www.gaveanews.com\/index.php\/wp-json\/wp\/v2\/comments?post=63616"}],"version-history":[{"count":0,"href":"https:\/\/www.gaveanews.com\/index.php\/wp-json\/wp\/v2\/posts\/63616\/revisions"}],"wp:featuredmedia":[{"embeddable":true,"href":"https:\/\/www.gaveanews.com\/index.php\/wp-json\/wp\/v2\/media\/63534"}],"wp:attachment":[{"href":"https:\/\/www.gaveanews.com\/index.php\/wp-json\/wp\/v2\/media?parent=63616"}],"wp:term":[{"taxonomy":"category","embeddable":true,"href":"https:\/\/www.gaveanews.com\/index.php\/wp-json\/wp\/v2\/categories?post=63616"},{"taxonomy":"post_tag","embeddable":true,"href":"https:\/\/www.gaveanews.com\/index.php\/wp-json\/wp\/v2\/tags?post=63616"}],"curies":[{"name":"wp","href":"https:\/\/api.w.org\/{rel}","templated":true}]}}