{"id":63618,"date":"2021-06-27T00:38:15","date_gmt":"2021-06-27T03:38:15","guid":{"rendered":"https:\/\/www.gaveanews.com\/?p=63618"},"modified":"2021-06-27T00:38:17","modified_gmt":"2021-06-27T03:38:17","slug":"3-jogadores-do-flamengo-poderao-assinar-pre-contratos-com-outras-equipes-no-fim-de-junho","status":"publish","type":"post","link":"https:\/\/www.gaveanews.com\/index.php\/2021\/06\/27\/3-jogadores-do-flamengo-poderao-assinar-pre-contratos-com-outras-equipes-no-fim-de-junho\/","title":{"rendered":"3 jogadores do Flamengo poder\u00e3o assinar pr\u00e9-contratos com outras equipes no fim de junho"},"content":{"rendered":"\n<p>Titular absoluto no gol rubro-negro, Diego Alves completou 36 anos na \u00faltima quinta-feira (24). Ele, Diego Ribas e Fillipe Luis formam a chamada \u201cGera\u00e7\u00e3o 85\u201d do Flamengo, que, dentro de uma semana, estar\u00e3o livres para assinar pr\u00e9-contrato com qualquer equipe.<\/p>\n\n\n\n<p>Um dia ap\u00f3s a despedida de Gerson, na vit\u00f3ria sobre o Fortaleza por 2 a 1, Diego Alves completou 36 anos de idade. Apesar da idade avan\u00e7ada, n\u00e3o h\u00e1 d\u00favidas de que ele \u00e9 o dono absoluto da posi\u00e7\u00e3o de goleiro do Flamengo. Seu companheiro de equipe e da chamada \u201cGera\u00e7\u00e3o 85\u201d, Fillipe Luis, postou um v\u00eddeo nas redes sociais parabenizando o goleiro.<\/p>\n\n\n\n<p>Apesar das comemora\u00e7\u00f5es, um fato pode preocupar a torcida rubro-negra. Diego Alves, Diego Ribas e o pr\u00f3prio Fillipe Luis est\u00e3o na reta final de contrato com o Flamengo, podendo assinar um pr\u00e9-contrato com qualquer equipe dentro de uma semana. A partir do dia 30 de junho, o trio estar\u00e1 legalmente livre para acertar com outro clube, j\u00e1 que seus contratos chegam ao fim no dia 31 de dezembro.<\/p>\n\n\n\n<p>Apesar de nenhum deles dar pistas de que deseja sair do clube, o goleiro j\u00e1 viveu situa\u00e7\u00e3o parecida no come\u00e7o do ano, quando, depois de muita especula\u00e7\u00e3o e negocia\u00e7\u00e3o, renovou seu contrato at\u00e9 o fim de 2021. Agora, entrando nos \u00faltimos seis meses de contrato, pode-se esperar novas especula\u00e7\u00f5es nos pr\u00f3ximos meses.<\/p>\n\n\n\n<p>Fillipe Luis foi o \u00fanico dos tr\u00eas a se pronunciar recentemente sobre uma poss\u00edvel renova\u00e7\u00e3o. O lateral afirmou que n\u00e3o est\u00e1 preocupado e que espera que um novo contrato seja firmado em um futuro pr\u00f3ximo.<\/p>\n\n\n\n<p>Por\u00e9m, nada se ouviu at\u00e9 agora dos outros dois membros da \u201cGera\u00e7\u00e3o 85\u201d. Diego Alves tem posi\u00e7\u00e3o garantida no time titular, uma vez que a comiss\u00e3o t\u00e9cnica ainda n\u00e3o v\u00ea seguran\u00e7a suficiente nos seus reservas Hugo e Gabriel Baptista, apesar de ambos terem demonstrado ter potencial.<\/p>\n\n\n\n<p>Fillipe Luis tamb\u00e9m \u00e9 figurinha carimbada no time titular de Rog\u00e9rio Ceni, que conta ainda com Ren\u00ea e o jovem Ramon para a posi\u00e7\u00e3o.<\/p>\n\n\n\n<p>Diego aproveitou a chance que teve de voltar ao time titular no meio do Brasileir\u00e3o de 2020, e desde ent\u00e3o n\u00e3o saiu mais da equipe. Por\u00e9m, com o Flamengo demonstrando interesse em jogadores que atuam na mesma faixa de campo, pode ser o que tem a vaga menos garantida entre os 11 titulares.<\/p>\n\n\n\n<p>A \u201cGera\u00e7\u00e3o 85\u201d come\u00e7ou com a contrata\u00e7\u00e3o de Diego em 2016, seguida por Diego Alves em 2017 e, por \u00faltimo, Fillipe Luis em 2019. Tendo conquistado um caminh\u00e3o de t\u00edtulos at\u00e9 agora pelo Flamengo, n\u00e3o h\u00e1 d\u00favidas a respeito do desejo da torcida em suas perman\u00eancias. Cabe agora ao Flamengo definir nos pr\u00f3ximos meses se deve ou n\u00e3o renovar com esses tr\u00eas pilares da equipe.<\/p>\n\n\n\n<p>Retirado de: Esporte News Mundo<\/p>\n","protected":false},"excerpt":{"rendered":"<p>Titular absoluto no gol rubro-negro, Diego Alves completou 36 anos na \u00faltima quinta-feira (24). Ele, Diego Ribas e Fillipe Luis formam a chamada \u201cGera\u00e7\u00e3o 85\u201d do Flamengo, que, dentro de uma semana, estar\u00e3o livres para assinar pr\u00e9-contrato com qualquer equipe. Um dia ap\u00f3s a despedida de Gerson, na vit\u00f3ria sobre o Fortaleza por 2 a [&hellip;]<\/p>\n","protected":false},"author":1,"featured_media":47311,"comment_status":"open","ping_status":"closed","sticky":false,"template":"","format":"standard","meta":{"footnotes":""},"categories":[1],"tags":[],"class_list":["post-63618","post","type-post","status-publish","format-standard","has-post-thumbnail","hentry","category-flamengo"],"yoast_head":"<!-- This site is optimized with the Yoast SEO Premium plugin v24.2 (Yoast SEO v26.9) - https:\/\/yoast.com\/product\/yoast-seo-premium-wordpress\/ -->\n<title>3 jogadores do Flamengo poder\u00e3o assinar pr\u00e9-contratos com outras equipes no fim de junho<\/title>\n<meta name=\"robots\" content=\"index, follow, max-snippet:-1, max-image-preview:large, max-video-preview:-1\" \/>\n<link rel=\"canonical\" href=\"https:\/\/www.gaveanews.com\/index.php\/2021\/06\/27\/3-jogadores-do-flamengo-poderao-assinar-pre-contratos-com-outras-equipes-no-fim-de-junho\/\" \/>\n<meta property=\"og:locale\" content=\"pt_BR\" \/>\n<meta property=\"og:type\" content=\"article\" \/>\n<meta property=\"og:title\" content=\"3 jogadores do Flamengo poder\u00e3o assinar pr\u00e9-contratos com outras equipes no fim de junho\" \/>\n<meta property=\"og:description\" content=\"Titular absoluto no gol rubro-negro, Diego Alves completou 36 anos na \u00faltima quinta-feira (24). Ele, Diego Ribas e Fillipe Luis formam a chamada \u201cGera\u00e7\u00e3o 85\u201d do Flamengo, que, dentro de uma semana, estar\u00e3o livres para assinar pr\u00e9-contrato com qualquer equipe. Um dia ap\u00f3s a despedida de Gerson, na vit\u00f3ria sobre o Fortaleza por 2 a [&hellip;]\" \/>\n<meta property=\"og:url\" content=\"https:\/\/www.gaveanews.com\/index.php\/2021\/06\/27\/3-jogadores-do-flamengo-poderao-assinar-pre-contratos-com-outras-equipes-no-fim-de-junho\/\" \/>\n<meta property=\"og:site_name\" content=\"G\u00e1vea News\" \/>\n<meta property=\"article:publisher\" content=\"https:\/\/facebook.com\/gaveaNews\/\" \/>\n<meta property=\"article:published_time\" content=\"2021-06-27T03:38:15+00:00\" \/>\n<meta property=\"article:modified_time\" content=\"2021-06-27T03:38:17+00:00\" \/>\n<meta property=\"og:image\" content=\"https:\/\/www.gaveanews.com\/wp-content\/uploads\/Diego-Ribas-em-acao-pelo-Flamengo-na-partida-contra-o-Ceara.webp\" \/>\n\t<meta property=\"og:image:width\" content=\"800\" \/>\n\t<meta property=\"og:image:height\" content=\"533\" \/>\n\t<meta property=\"og:image:type\" content=\"image\/jpeg\" \/>\n<meta name=\"author\" content=\"Equipe G\u00e1vea News\" \/>\n<meta name=\"twitter:card\" content=\"summary_large_image\" \/>\n<meta name=\"twitter:label1\" content=\"Escrito por\" \/>\n\t<meta name=\"twitter:data1\" content=\"Equipe G\u00e1vea News\" \/>\n\t<meta name=\"twitter:label2\" content=\"Est. tempo de leitura\" \/>\n\t<meta name=\"twitter:data2\" content=\"2 minutos\" \/>\n<script type=\"application\/ld+json\" class=\"yoast-schema-graph\">{\"@context\":\"https:\/\/schema.org\",\"@graph\":[{\"@type\":\"NewsArticle\",\"@id\":\"https:\/\/www.gaveanews.com\/index.php\/2021\/06\/27\/3-jogadores-do-flamengo-poderao-assinar-pre-contratos-com-outras-equipes-no-fim-de-junho\/#article\",\"isPartOf\":{\"@id\":\"https:\/\/www.gaveanews.com\/index.php\/2021\/06\/27\/3-jogadores-do-flamengo-poderao-assinar-pre-contratos-com-outras-equipes-no-fim-de-junho\/\"},\"author\":{\"name\":\"Equipe G\u00e1vea News\",\"@id\":\"https:\/\/www.gaveanews.com\/#\/schema\/person\/2ec14f73fb96be2caf28f91afb14749d\"},\"headline\":\"3 jogadores do Flamengo poder\u00e3o assinar pr\u00e9-contratos com outras equipes no fim de junho\",\"datePublished\":\"2021-06-27T03:38:15+00:00\",\"dateModified\":\"2021-06-27T03:38:17+00:00\",\"mainEntityOfPage\":{\"@id\":\"https:\/\/www.gaveanews.com\/index.php\/2021\/06\/27\/3-jogadores-do-flamengo-poderao-assinar-pre-contratos-com-outras-equipes-no-fim-de-junho\/\"},\"wordCount\":498,\"commentCount\":18,\"image\":{\"@id\":\"https:\/\/www.gaveanews.com\/index.php\/2021\/06\/27\/3-jogadores-do-flamengo-poderao-assinar-pre-contratos-com-outras-equipes-no-fim-de-junho\/#primaryimage\"},\"thumbnailUrl\":\"https:\/\/www.gaveanews.com\/wp-content\/uploads\/Diego-Ribas-em-acao-pelo-Flamengo-na-partida-contra-o-Ceara.webp\",\"articleSection\":[\"Flamengo\"],\"inLanguage\":\"pt-BR\",\"potentialAction\":[{\"@type\":\"CommentAction\",\"name\":\"Comment\",\"target\":[\"https:\/\/www.gaveanews.com\/index.php\/2021\/06\/27\/3-jogadores-do-flamengo-poderao-assinar-pre-contratos-com-outras-equipes-no-fim-de-junho\/#respond\"]}],\"copyrightYear\":\"2021\",\"copyrightHolder\":{\"@id\":\"https:\/\/www.gaveanews.com\/#organization\"}},{\"@type\":\"WebPage\",\"@id\":\"https:\/\/www.gaveanews.com\/index.php\/2021\/06\/27\/3-jogadores-do-flamengo-poderao-assinar-pre-contratos-com-outras-equipes-no-fim-de-junho\/\",\"url\":\"https:\/\/www.gaveanews.com\/index.php\/2021\/06\/27\/3-jogadores-do-flamengo-poderao-assinar-pre-contratos-com-outras-equipes-no-fim-de-junho\/\",\"name\":\"3 jogadores do Flamengo poder\u00e3o assinar pr\u00e9-contratos com outras equipes no fim de junho\",\"isPartOf\":{\"@id\":\"https:\/\/www.gaveanews.com\/#website\"},\"primaryImageOfPage\":{\"@id\":\"https:\/\/www.gaveanews.com\/index.php\/2021\/06\/27\/3-jogadores-do-flamengo-poderao-assinar-pre-contratos-com-outras-equipes-no-fim-de-junho\/#primaryimage\"},\"image\":{\"@id\":\"https:\/\/www.gaveanews.com\/index.php\/2021\/06\/27\/3-jogadores-do-flamengo-poderao-assinar-pre-contratos-com-outras-equipes-no-fim-de-junho\/#primaryimage\"},\"thumbnailUrl\":\"https:\/\/www.gaveanews.com\/wp-content\/uploads\/Diego-Ribas-em-acao-pelo-Flamengo-na-partida-contra-o-Ceara.webp\",\"datePublished\":\"2021-06-27T03:38:15+00:00\",\"dateModified\":\"2021-06-27T03:38:17+00:00\",\"author\":{\"@id\":\"https:\/\/www.gaveanews.com\/#\/schema\/person\/2ec14f73fb96be2caf28f91afb14749d\"},\"breadcrumb\":{\"@id\":\"https:\/\/www.gaveanews.com\/index.php\/2021\/06\/27\/3-jogadores-do-flamengo-poderao-assinar-pre-contratos-com-outras-equipes-no-fim-de-junho\/#breadcrumb\"},\"inLanguage\":\"pt-BR\",\"potentialAction\":[{\"@type\":\"ReadAction\",\"target\":[\"https:\/\/www.gaveanews.com\/index.php\/2021\/06\/27\/3-jogadores-do-flamengo-poderao-assinar-pre-contratos-com-outras-equipes-no-fim-de-junho\/\"]}]},{\"@type\":\"ImageObject\",\"inLanguage\":\"pt-BR\",\"@id\":\"https:\/\/www.gaveanews.com\/index.php\/2021\/06\/27\/3-jogadores-do-flamengo-poderao-assinar-pre-contratos-com-outras-equipes-no-fim-de-junho\/#primaryimage\",\"url\":\"https:\/\/www.gaveanews.com\/wp-content\/uploads\/Diego-Ribas-em-acao-pelo-Flamengo-na-partida-contra-o-Ceara.webp\",\"contentUrl\":\"https:\/\/www.gaveanews.com\/wp-content\/uploads\/Diego-Ribas-em-acao-pelo-Flamengo-na-partida-contra-o-Ceara.webp\",\"width\":800,\"height\":533,\"caption\":\"Diego Ribas em a\u00e7\u00e3o pelo Flamengo na partida contra o Cear\u00e1 (Foto: Alexandre Vidal\/Flamengo)\"},{\"@type\":\"BreadcrumbList\",\"@id\":\"https:\/\/www.gaveanews.com\/index.php\/2021\/06\/27\/3-jogadores-do-flamengo-poderao-assinar-pre-contratos-com-outras-equipes-no-fim-de-junho\/#breadcrumb\",\"itemListElement\":[{\"@type\":\"ListItem\",\"position\":1,\"name\":\"Home\",\"item\":\"https:\/\/www.gaveanews.com\/\"},{\"@type\":\"ListItem\",\"position\":2,\"name\":\"3 jogadores do Flamengo poder\u00e3o assinar pr\u00e9-contratos com outras equipes no fim de junho\"}]},{\"@type\":\"WebSite\",\"@id\":\"https:\/\/www.gaveanews.com\/#website\",\"url\":\"https:\/\/www.gaveanews.com\/\",\"name\":\"G\u00e1vea News\",\"description\":\"Veja todas as not\u00edcias sobre o Flamengo: Contrata\u00e7\u00f5es, categorias de base, resultados das partidas, tabela de classifica\u00e7\u00e3o, pr\u00f3ximos jogos!\",\"potentialAction\":[{\"@type\":\"SearchAction\",\"target\":{\"@type\":\"EntryPoint\",\"urlTemplate\":\"https:\/\/www.gaveanews.com\/?s={search_term_string}\"},\"query-input\":{\"@type\":\"PropertyValueSpecification\",\"valueRequired\":true,\"valueName\":\"search_term_string\"}}],\"inLanguage\":\"pt-BR\"},{\"@type\":\"Person\",\"@id\":\"https:\/\/www.gaveanews.com\/#\/schema\/person\/2ec14f73fb96be2caf28f91afb14749d\",\"name\":\"Equipe G\u00e1vea News\",\"image\":{\"@type\":\"ImageObject\",\"inLanguage\":\"pt-BR\",\"@id\":\"https:\/\/www.gaveanews.com\/#\/schema\/person\/image\/\",\"url\":\"https:\/\/secure.gravatar.com\/avatar\/1e1956f1facbffd3f8fa53a326721950116b3b9dc9bd44939c01180fd4a745a9?s=96&d=mm&r=g\",\"contentUrl\":\"https:\/\/secure.gravatar.com\/avatar\/1e1956f1facbffd3f8fa53a326721950116b3b9dc9bd44939c01180fd4a745a9?s=96&d=mm&r=g\",\"caption\":\"Equipe G\u00e1vea News\"}}]}<\/script>\n<!-- \/ Yoast SEO Premium plugin. -->","yoast_head_json":{"title":"3 jogadores do Flamengo poder\u00e3o assinar pr\u00e9-contratos com outras equipes no fim de junho","robots":{"index":"index","follow":"follow","max-snippet":"max-snippet:-1","max-image-preview":"max-image-preview:large","max-video-preview":"max-video-preview:-1"},"canonical":"https:\/\/www.gaveanews.com\/index.php\/2021\/06\/27\/3-jogadores-do-flamengo-poderao-assinar-pre-contratos-com-outras-equipes-no-fim-de-junho\/","og_locale":"pt_BR","og_type":"article","og_title":"3 jogadores do Flamengo poder\u00e3o assinar pr\u00e9-contratos com outras equipes no fim de junho","og_description":"Titular absoluto no gol rubro-negro, Diego Alves completou 36 anos na \u00faltima quinta-feira (24). Ele, Diego Ribas e Fillipe Luis formam a chamada \u201cGera\u00e7\u00e3o 85\u201d do Flamengo, que, dentro de uma semana, estar\u00e3o livres para assinar pr\u00e9-contrato com qualquer equipe. Um dia ap\u00f3s a despedida de Gerson, na vit\u00f3ria sobre o Fortaleza por 2 a [&hellip;]","og_url":"https:\/\/www.gaveanews.com\/index.php\/2021\/06\/27\/3-jogadores-do-flamengo-poderao-assinar-pre-contratos-com-outras-equipes-no-fim-de-junho\/","og_site_name":"G\u00e1vea News","article_publisher":"https:\/\/facebook.com\/gaveaNews\/","article_published_time":"2021-06-27T03:38:15+00:00","article_modified_time":"2021-06-27T03:38:17+00:00","og_image":[{"width":800,"height":533,"url":"https:\/\/www.gaveanews.com\/wp-content\/uploads\/Diego-Ribas-em-acao-pelo-Flamengo-na-partida-contra-o-Ceara.webp","type":"image\/jpeg"}],"author":"Equipe G\u00e1vea News","twitter_card":"summary_large_image","twitter_misc":{"Escrito por":"Equipe G\u00e1vea News","Est. tempo de leitura":"2 minutos"},"schema":{"@context":"https:\/\/schema.org","@graph":[{"@type":"NewsArticle","@id":"https:\/\/www.gaveanews.com\/index.php\/2021\/06\/27\/3-jogadores-do-flamengo-poderao-assinar-pre-contratos-com-outras-equipes-no-fim-de-junho\/#article","isPartOf":{"@id":"https:\/\/www.gaveanews.com\/index.php\/2021\/06\/27\/3-jogadores-do-flamengo-poderao-assinar-pre-contratos-com-outras-equipes-no-fim-de-junho\/"},"author":{"name":"Equipe G\u00e1vea News","@id":"https:\/\/www.gaveanews.com\/#\/schema\/person\/2ec14f73fb96be2caf28f91afb14749d"},"headline":"3 jogadores do Flamengo poder\u00e3o assinar pr\u00e9-contratos com outras equipes no fim de junho","datePublished":"2021-06-27T03:38:15+00:00","dateModified":"2021-06-27T03:38:17+00:00","mainEntityOfPage":{"@id":"https:\/\/www.gaveanews.com\/index.php\/2021\/06\/27\/3-jogadores-do-flamengo-poderao-assinar-pre-contratos-com-outras-equipes-no-fim-de-junho\/"},"wordCount":498,"commentCount":18,"image":{"@id":"https:\/\/www.gaveanews.com\/index.php\/2021\/06\/27\/3-jogadores-do-flamengo-poderao-assinar-pre-contratos-com-outras-equipes-no-fim-de-junho\/#primaryimage"},"thumbnailUrl":"https:\/\/www.gaveanews.com\/wp-content\/uploads\/Diego-Ribas-em-acao-pelo-Flamengo-na-partida-contra-o-Ceara.webp","articleSection":["Flamengo"],"inLanguage":"pt-BR","potentialAction":[{"@type":"CommentAction","name":"Comment","target":["https:\/\/www.gaveanews.com\/index.php\/2021\/06\/27\/3-jogadores-do-flamengo-poderao-assinar-pre-contratos-com-outras-equipes-no-fim-de-junho\/#respond"]}],"copyrightYear":"2021","copyrightHolder":{"@id":"https:\/\/www.gaveanews.com\/#organization"}},{"@type":"WebPage","@id":"https:\/\/www.gaveanews.com\/index.php\/2021\/06\/27\/3-jogadores-do-flamengo-poderao-assinar-pre-contratos-com-outras-equipes-no-fim-de-junho\/","url":"https:\/\/www.gaveanews.com\/index.php\/2021\/06\/27\/3-jogadores-do-flamengo-poderao-assinar-pre-contratos-com-outras-equipes-no-fim-de-junho\/","name":"3 jogadores do Flamengo poder\u00e3o assinar pr\u00e9-contratos com outras equipes no fim de junho","isPartOf":{"@id":"https:\/\/www.gaveanews.com\/#website"},"primaryImageOfPage":{"@id":"https:\/\/www.gaveanews.com\/index.php\/2021\/06\/27\/3-jogadores-do-flamengo-poderao-assinar-pre-contratos-com-outras-equipes-no-fim-de-junho\/#primaryimage"},"image":{"@id":"https:\/\/www.gaveanews.com\/index.php\/2021\/06\/27\/3-jogadores-do-flamengo-poderao-assinar-pre-contratos-com-outras-equipes-no-fim-de-junho\/#primaryimage"},"thumbnailUrl":"https:\/\/www.gaveanews.com\/wp-content\/uploads\/Diego-Ribas-em-acao-pelo-Flamengo-na-partida-contra-o-Ceara.webp","datePublished":"2021-06-27T03:38:15+00:00","dateModified":"2021-06-27T03:38:17+00:00","author":{"@id":"https:\/\/www.gaveanews.com\/#\/schema\/person\/2ec14f73fb96be2caf28f91afb14749d"},"breadcrumb":{"@id":"https:\/\/www.gaveanews.com\/index.php\/2021\/06\/27\/3-jogadores-do-flamengo-poderao-assinar-pre-contratos-com-outras-equipes-no-fim-de-junho\/#breadcrumb"},"inLanguage":"pt-BR","potentialAction":[{"@type":"ReadAction","target":["https:\/\/www.gaveanews.com\/index.php\/2021\/06\/27\/3-jogadores-do-flamengo-poderao-assinar-pre-contratos-com-outras-equipes-no-fim-de-junho\/"]}]},{"@type":"ImageObject","inLanguage":"pt-BR","@id":"https:\/\/www.gaveanews.com\/index.php\/2021\/06\/27\/3-jogadores-do-flamengo-poderao-assinar-pre-contratos-com-outras-equipes-no-fim-de-junho\/#primaryimage","url":"https:\/\/www.gaveanews.com\/wp-content\/uploads\/Diego-Ribas-em-acao-pelo-Flamengo-na-partida-contra-o-Ceara.webp","contentUrl":"https:\/\/www.gaveanews.com\/wp-content\/uploads\/Diego-Ribas-em-acao-pelo-Flamengo-na-partida-contra-o-Ceara.webp","width":800,"height":533,"caption":"Diego Ribas em a\u00e7\u00e3o pelo Flamengo na partida contra o Cear\u00e1 (Foto: Alexandre Vidal\/Flamengo)"},{"@type":"BreadcrumbList","@id":"https:\/\/www.gaveanews.com\/index.php\/2021\/06\/27\/3-jogadores-do-flamengo-poderao-assinar-pre-contratos-com-outras-equipes-no-fim-de-junho\/#breadcrumb","itemListElement":[{"@type":"ListItem","position":1,"name":"Home","item":"https:\/\/www.gaveanews.com\/"},{"@type":"ListItem","position":2,"name":"3 jogadores do Flamengo poder\u00e3o assinar pr\u00e9-contratos com outras equipes no fim de junho"}]},{"@type":"WebSite","@id":"https:\/\/www.gaveanews.com\/#website","url":"https:\/\/www.gaveanews.com\/","name":"G\u00e1vea News","description":"Veja todas as not\u00edcias sobre o Flamengo: Contrata\u00e7\u00f5es, categorias de base, resultados das partidas, tabela de classifica\u00e7\u00e3o, pr\u00f3ximos jogos!","potentialAction":[{"@type":"SearchAction","target":{"@type":"EntryPoint","urlTemplate":"https:\/\/www.gaveanews.com\/?s={search_term_string}"},"query-input":{"@type":"PropertyValueSpecification","valueRequired":true,"valueName":"search_term_string"}}],"inLanguage":"pt-BR"},{"@type":"Person","@id":"https:\/\/www.gaveanews.com\/#\/schema\/person\/2ec14f73fb96be2caf28f91afb14749d","name":"Equipe G\u00e1vea News","image":{"@type":"ImageObject","inLanguage":"pt-BR","@id":"https:\/\/www.gaveanews.com\/#\/schema\/person\/image\/","url":"https:\/\/secure.gravatar.com\/avatar\/1e1956f1facbffd3f8fa53a326721950116b3b9dc9bd44939c01180fd4a745a9?s=96&d=mm&r=g","contentUrl":"https:\/\/secure.gravatar.com\/avatar\/1e1956f1facbffd3f8fa53a326721950116b3b9dc9bd44939c01180fd4a745a9?s=96&d=mm&r=g","caption":"Equipe G\u00e1vea News"}}]}},"_links":{"self":[{"href":"https:\/\/www.gaveanews.com\/index.php\/wp-json\/wp\/v2\/posts\/63618","targetHints":{"allow":["GET"]}}],"collection":[{"href":"https:\/\/www.gaveanews.com\/index.php\/wp-json\/wp\/v2\/posts"}],"about":[{"href":"https:\/\/www.gaveanews.com\/index.php\/wp-json\/wp\/v2\/types\/post"}],"author":[{"embeddable":true,"href":"https:\/\/www.gaveanews.com\/index.php\/wp-json\/wp\/v2\/users\/1"}],"replies":[{"embeddable":true,"href":"https:\/\/www.gaveanews.com\/index.php\/wp-json\/wp\/v2\/comments?post=63618"}],"version-history":[{"count":0,"href":"https:\/\/www.gaveanews.com\/index.php\/wp-json\/wp\/v2\/posts\/63618\/revisions"}],"wp:featuredmedia":[{"embeddable":true,"href":"https:\/\/www.gaveanews.com\/index.php\/wp-json\/wp\/v2\/media\/47311"}],"wp:attachment":[{"href":"https:\/\/www.gaveanews.com\/index.php\/wp-json\/wp\/v2\/media?parent=63618"}],"wp:term":[{"taxonomy":"category","embeddable":true,"href":"https:\/\/www.gaveanews.com\/index.php\/wp-json\/wp\/v2\/categories?post=63618"},{"taxonomy":"post_tag","embeddable":true,"href":"https:\/\/www.gaveanews.com\/index.php\/wp-json\/wp\/v2\/tags?post=63618"}],"curies":[{"name":"wp","href":"https:\/\/api.w.org\/{rel}","templated":true}]}}