{"id":63627,"date":"2021-06-27T18:13:41","date_gmt":"2021-06-27T21:13:41","guid":{"rendered":"https:\/\/www.gaveanews.com\/?p=63627"},"modified":"2021-06-27T18:13:43","modified_gmt":"2021-06-27T21:13:43","slug":"flamengo-recusa-proposta-do-al-ettifaq-por-vitinho-veja-valores","status":"publish","type":"post","link":"https:\/\/www.gaveanews.com\/index.php\/2021\/06\/27\/flamengo-recusa-proposta-do-al-ettifaq-por-vitinho-veja-valores\/","title":{"rendered":"Flamengo recusa proposta do Al-Ettifaq por Vitinho; veja valores"},"content":{"rendered":"\n<p>O Flamengo recusou uma proposta de 3 milh\u00f5es de d\u00f3lares do Al-Ettifaq, da Ar\u00e1bia Saudita por Vitinho. O clube monitorava a situa\u00e7\u00e3o do atacante desde janeiro e oficializou a oferta, j\u00e1 recusa pela diretoria rubro-negra. Segundo apura\u00e7\u00e3o da Goal, a recusa n\u00e3o foi por conta dos valores, mesmo bem abaixo do que foi investido na contrata\u00e7\u00e3o do jogador em 2018, mas pelo desempenho do atleta e por entender que \u00e9 uma pe\u00e7a importante no elenco.<\/p>\n\n\n\n<p>Vitinho chegou ao Flamengo em 2018, por pouco mais de 10 milh\u00f5es de euros. De l\u00e1 para c\u00e1, no entanto, o jogador vem de altos e baixos com a camisa rubro-negra e nunca conseguiu se firmar entre os titulares. Apesar disso, \u00e9 bastante utilizado pelos treinadores que passam pelo clube, principalmente pelo t\u00e9cnico Rog\u00e9rio Ceni. O jogador \u00e9 o l\u00edder de assist\u00eancias da equipe na atual temporada e tem sido titular com frequ\u00eancia por conta de desfalques.<\/p>\n\n\n\n<p><strong><em>\u2014 Tem sido n\u00fameros importantes para mim nesta sequ\u00eancia como titular, aproveitando que a galera que costuma jogar est\u00e1 na sele\u00e7\u00e3o. Eu tenho buscado aproveitar para ajudar o Flamengo a vencer e tamb\u00e9m ganhar mais confian\u00e7a.<\/em><\/strong><\/p>\n\n\n\n<p>Este n\u00e3o \u00e9 o primeiro clube \u00e1rabe que tenta a contrata\u00e7\u00e3o de Vitinho. Em 2020, o Al Fateq fez uma proposta de 5 milh\u00f5es de d\u00f3lares pelo jogador, tamb\u00e9m recusada pela diretoria. Aos 27 anos de idade, ele tem contrato com o Rubro-Negro at\u00e9 dezembro de 2022.<\/p>\n\n\n\n<p>Retirado de: Goal<\/p>\n","protected":false},"excerpt":{"rendered":"<p>O Flamengo recusou uma proposta de 3 milh\u00f5es de d\u00f3lares do Al-Ettifaq, da Ar\u00e1bia Saudita por Vitinho. O clube monitorava a situa\u00e7\u00e3o do atacante desde janeiro e oficializou a oferta, j\u00e1 recusa pela diretoria rubro-negra. Segundo apura\u00e7\u00e3o da Goal, a recusa n\u00e3o foi por conta dos valores, mesmo bem abaixo do que foi investido na [&hellip;]<\/p>\n","protected":false},"author":1,"featured_media":47297,"comment_status":"open","ping_status":"closed","sticky":false,"template":"","format":"standard","meta":{"footnotes":""},"categories":[1],"tags":[],"class_list":["post-63627","post","type-post","status-publish","format-standard","has-post-thumbnail","hentry","category-flamengo"],"yoast_head":"<!-- This site is optimized with the Yoast SEO Premium plugin v24.2 (Yoast SEO v26.9) - https:\/\/yoast.com\/product\/yoast-seo-premium-wordpress\/ -->\n<title>Flamengo recusa proposta do Al-Ettifaq por Vitinho; veja valores<\/title>\n<meta name=\"robots\" content=\"index, follow, max-snippet:-1, max-image-preview:large, max-video-preview:-1\" \/>\n<link rel=\"canonical\" href=\"https:\/\/www.gaveanews.com\/index.php\/2021\/06\/27\/flamengo-recusa-proposta-do-al-ettifaq-por-vitinho-veja-valores\/\" \/>\n<meta property=\"og:locale\" content=\"pt_BR\" \/>\n<meta property=\"og:type\" content=\"article\" \/>\n<meta property=\"og:title\" content=\"Flamengo recusa proposta do Al-Ettifaq por Vitinho; veja valores\" \/>\n<meta property=\"og:description\" content=\"O Flamengo recusou uma proposta de 3 milh\u00f5es de d\u00f3lares do Al-Ettifaq, da Ar\u00e1bia Saudita por Vitinho. O clube monitorava a situa\u00e7\u00e3o do atacante desde janeiro e oficializou a oferta, j\u00e1 recusa pela diretoria rubro-negra. Segundo apura\u00e7\u00e3o da Goal, a recusa n\u00e3o foi por conta dos valores, mesmo bem abaixo do que foi investido na [&hellip;]\" \/>\n<meta property=\"og:url\" content=\"https:\/\/www.gaveanews.com\/index.php\/2021\/06\/27\/flamengo-recusa-proposta-do-al-ettifaq-por-vitinho-veja-valores\/\" \/>\n<meta property=\"og:site_name\" content=\"G\u00e1vea News\" \/>\n<meta property=\"article:publisher\" content=\"https:\/\/facebook.com\/gaveaNews\/\" \/>\n<meta property=\"article:published_time\" content=\"2021-06-27T21:13:41+00:00\" \/>\n<meta property=\"article:modified_time\" content=\"2021-06-27T21:13:43+00:00\" \/>\n<meta property=\"og:image\" content=\"https:\/\/www.gaveanews.com\/wp-content\/uploads\/Vitinho-em-acao-na-partida-contra-o-Ceara.webp\" \/>\n\t<meta property=\"og:image:width\" content=\"799\" \/>\n\t<meta property=\"og:image:height\" content=\"532\" \/>\n\t<meta property=\"og:image:type\" content=\"image\/jpeg\" \/>\n<meta name=\"author\" content=\"Equipe G\u00e1vea News\" \/>\n<meta name=\"twitter:card\" content=\"summary_large_image\" \/>\n<meta name=\"twitter:label1\" content=\"Escrito por\" \/>\n\t<meta name=\"twitter:data1\" content=\"Equipe G\u00e1vea News\" \/>\n\t<meta name=\"twitter:label2\" content=\"Est. tempo de leitura\" \/>\n\t<meta name=\"twitter:data2\" content=\"2 minutos\" \/>\n<script type=\"application\/ld+json\" class=\"yoast-schema-graph\">{\"@context\":\"https:\/\/schema.org\",\"@graph\":[{\"@type\":\"NewsArticle\",\"@id\":\"https:\/\/www.gaveanews.com\/index.php\/2021\/06\/27\/flamengo-recusa-proposta-do-al-ettifaq-por-vitinho-veja-valores\/#article\",\"isPartOf\":{\"@id\":\"https:\/\/www.gaveanews.com\/index.php\/2021\/06\/27\/flamengo-recusa-proposta-do-al-ettifaq-por-vitinho-veja-valores\/\"},\"author\":{\"name\":\"Equipe G\u00e1vea News\",\"@id\":\"https:\/\/www.gaveanews.com\/#\/schema\/person\/2ec14f73fb96be2caf28f91afb14749d\"},\"headline\":\"Flamengo recusa proposta do Al-Ettifaq por Vitinho; veja valores\",\"datePublished\":\"2021-06-27T21:13:41+00:00\",\"dateModified\":\"2021-06-27T21:13:43+00:00\",\"mainEntityOfPage\":{\"@id\":\"https:\/\/www.gaveanews.com\/index.php\/2021\/06\/27\/flamengo-recusa-proposta-do-al-ettifaq-por-vitinho-veja-valores\/\"},\"wordCount\":258,\"commentCount\":43,\"image\":{\"@id\":\"https:\/\/www.gaveanews.com\/index.php\/2021\/06\/27\/flamengo-recusa-proposta-do-al-ettifaq-por-vitinho-veja-valores\/#primaryimage\"},\"thumbnailUrl\":\"https:\/\/www.gaveanews.com\/wp-content\/uploads\/Vitinho-em-acao-na-partida-contra-o-Ceara.webp\",\"articleSection\":[\"Flamengo\"],\"inLanguage\":\"pt-BR\",\"potentialAction\":[{\"@type\":\"CommentAction\",\"name\":\"Comment\",\"target\":[\"https:\/\/www.gaveanews.com\/index.php\/2021\/06\/27\/flamengo-recusa-proposta-do-al-ettifaq-por-vitinho-veja-valores\/#respond\"]}],\"copyrightYear\":\"2021\",\"copyrightHolder\":{\"@id\":\"https:\/\/www.gaveanews.com\/#organization\"}},{\"@type\":\"WebPage\",\"@id\":\"https:\/\/www.gaveanews.com\/index.php\/2021\/06\/27\/flamengo-recusa-proposta-do-al-ettifaq-por-vitinho-veja-valores\/\",\"url\":\"https:\/\/www.gaveanews.com\/index.php\/2021\/06\/27\/flamengo-recusa-proposta-do-al-ettifaq-por-vitinho-veja-valores\/\",\"name\":\"Flamengo recusa proposta do Al-Ettifaq por Vitinho; veja valores\",\"isPartOf\":{\"@id\":\"https:\/\/www.gaveanews.com\/#website\"},\"primaryImageOfPage\":{\"@id\":\"https:\/\/www.gaveanews.com\/index.php\/2021\/06\/27\/flamengo-recusa-proposta-do-al-ettifaq-por-vitinho-veja-valores\/#primaryimage\"},\"image\":{\"@id\":\"https:\/\/www.gaveanews.com\/index.php\/2021\/06\/27\/flamengo-recusa-proposta-do-al-ettifaq-por-vitinho-veja-valores\/#primaryimage\"},\"thumbnailUrl\":\"https:\/\/www.gaveanews.com\/wp-content\/uploads\/Vitinho-em-acao-na-partida-contra-o-Ceara.webp\",\"datePublished\":\"2021-06-27T21:13:41+00:00\",\"dateModified\":\"2021-06-27T21:13:43+00:00\",\"author\":{\"@id\":\"https:\/\/www.gaveanews.com\/#\/schema\/person\/2ec14f73fb96be2caf28f91afb14749d\"},\"breadcrumb\":{\"@id\":\"https:\/\/www.gaveanews.com\/index.php\/2021\/06\/27\/flamengo-recusa-proposta-do-al-ettifaq-por-vitinho-veja-valores\/#breadcrumb\"},\"inLanguage\":\"pt-BR\",\"potentialAction\":[{\"@type\":\"ReadAction\",\"target\":[\"https:\/\/www.gaveanews.com\/index.php\/2021\/06\/27\/flamengo-recusa-proposta-do-al-ettifaq-por-vitinho-veja-valores\/\"]}]},{\"@type\":\"ImageObject\",\"inLanguage\":\"pt-BR\",\"@id\":\"https:\/\/www.gaveanews.com\/index.php\/2021\/06\/27\/flamengo-recusa-proposta-do-al-ettifaq-por-vitinho-veja-valores\/#primaryimage\",\"url\":\"https:\/\/www.gaveanews.com\/wp-content\/uploads\/Vitinho-em-acao-na-partida-contra-o-Ceara.webp\",\"contentUrl\":\"https:\/\/www.gaveanews.com\/wp-content\/uploads\/Vitinho-em-acao-na-partida-contra-o-Ceara.webp\",\"width\":799,\"height\":532,\"caption\":\"Vitinho em a\u00e7\u00e3o na partida contra o Cear\u00e1 (Foto: Alexandre Vidal\/Flamengo)\"},{\"@type\":\"BreadcrumbList\",\"@id\":\"https:\/\/www.gaveanews.com\/index.php\/2021\/06\/27\/flamengo-recusa-proposta-do-al-ettifaq-por-vitinho-veja-valores\/#breadcrumb\",\"itemListElement\":[{\"@type\":\"ListItem\",\"position\":1,\"name\":\"Home\",\"item\":\"https:\/\/www.gaveanews.com\/\"},{\"@type\":\"ListItem\",\"position\":2,\"name\":\"Flamengo recusa proposta do Al-Ettifaq por Vitinho; veja valores\"}]},{\"@type\":\"WebSite\",\"@id\":\"https:\/\/www.gaveanews.com\/#website\",\"url\":\"https:\/\/www.gaveanews.com\/\",\"name\":\"G\u00e1vea News\",\"description\":\"Veja todas as not\u00edcias sobre o Flamengo: Contrata\u00e7\u00f5es, categorias de base, resultados das partidas, tabela de classifica\u00e7\u00e3o, pr\u00f3ximos jogos!\",\"potentialAction\":[{\"@type\":\"SearchAction\",\"target\":{\"@type\":\"EntryPoint\",\"urlTemplate\":\"https:\/\/www.gaveanews.com\/?s={search_term_string}\"},\"query-input\":{\"@type\":\"PropertyValueSpecification\",\"valueRequired\":true,\"valueName\":\"search_term_string\"}}],\"inLanguage\":\"pt-BR\"},{\"@type\":\"Person\",\"@id\":\"https:\/\/www.gaveanews.com\/#\/schema\/person\/2ec14f73fb96be2caf28f91afb14749d\",\"name\":\"Equipe G\u00e1vea News\",\"image\":{\"@type\":\"ImageObject\",\"inLanguage\":\"pt-BR\",\"@id\":\"https:\/\/www.gaveanews.com\/#\/schema\/person\/image\/\",\"url\":\"https:\/\/secure.gravatar.com\/avatar\/1e1956f1facbffd3f8fa53a326721950116b3b9dc9bd44939c01180fd4a745a9?s=96&d=mm&r=g\",\"contentUrl\":\"https:\/\/secure.gravatar.com\/avatar\/1e1956f1facbffd3f8fa53a326721950116b3b9dc9bd44939c01180fd4a745a9?s=96&d=mm&r=g\",\"caption\":\"Equipe G\u00e1vea News\"}}]}<\/script>\n<!-- \/ Yoast SEO Premium plugin. -->","yoast_head_json":{"title":"Flamengo recusa proposta do Al-Ettifaq por Vitinho; veja valores","robots":{"index":"index","follow":"follow","max-snippet":"max-snippet:-1","max-image-preview":"max-image-preview:large","max-video-preview":"max-video-preview:-1"},"canonical":"https:\/\/www.gaveanews.com\/index.php\/2021\/06\/27\/flamengo-recusa-proposta-do-al-ettifaq-por-vitinho-veja-valores\/","og_locale":"pt_BR","og_type":"article","og_title":"Flamengo recusa proposta do Al-Ettifaq por Vitinho; veja valores","og_description":"O Flamengo recusou uma proposta de 3 milh\u00f5es de d\u00f3lares do Al-Ettifaq, da Ar\u00e1bia Saudita por Vitinho. O clube monitorava a situa\u00e7\u00e3o do atacante desde janeiro e oficializou a oferta, j\u00e1 recusa pela diretoria rubro-negra. Segundo apura\u00e7\u00e3o da Goal, a recusa n\u00e3o foi por conta dos valores, mesmo bem abaixo do que foi investido na [&hellip;]","og_url":"https:\/\/www.gaveanews.com\/index.php\/2021\/06\/27\/flamengo-recusa-proposta-do-al-ettifaq-por-vitinho-veja-valores\/","og_site_name":"G\u00e1vea News","article_publisher":"https:\/\/facebook.com\/gaveaNews\/","article_published_time":"2021-06-27T21:13:41+00:00","article_modified_time":"2021-06-27T21:13:43+00:00","og_image":[{"width":799,"height":532,"url":"https:\/\/www.gaveanews.com\/wp-content\/uploads\/Vitinho-em-acao-na-partida-contra-o-Ceara.webp","type":"image\/jpeg"}],"author":"Equipe G\u00e1vea News","twitter_card":"summary_large_image","twitter_misc":{"Escrito por":"Equipe G\u00e1vea News","Est. tempo de leitura":"2 minutos"},"schema":{"@context":"https:\/\/schema.org","@graph":[{"@type":"NewsArticle","@id":"https:\/\/www.gaveanews.com\/index.php\/2021\/06\/27\/flamengo-recusa-proposta-do-al-ettifaq-por-vitinho-veja-valores\/#article","isPartOf":{"@id":"https:\/\/www.gaveanews.com\/index.php\/2021\/06\/27\/flamengo-recusa-proposta-do-al-ettifaq-por-vitinho-veja-valores\/"},"author":{"name":"Equipe G\u00e1vea News","@id":"https:\/\/www.gaveanews.com\/#\/schema\/person\/2ec14f73fb96be2caf28f91afb14749d"},"headline":"Flamengo recusa proposta do Al-Ettifaq por Vitinho; veja valores","datePublished":"2021-06-27T21:13:41+00:00","dateModified":"2021-06-27T21:13:43+00:00","mainEntityOfPage":{"@id":"https:\/\/www.gaveanews.com\/index.php\/2021\/06\/27\/flamengo-recusa-proposta-do-al-ettifaq-por-vitinho-veja-valores\/"},"wordCount":258,"commentCount":43,"image":{"@id":"https:\/\/www.gaveanews.com\/index.php\/2021\/06\/27\/flamengo-recusa-proposta-do-al-ettifaq-por-vitinho-veja-valores\/#primaryimage"},"thumbnailUrl":"https:\/\/www.gaveanews.com\/wp-content\/uploads\/Vitinho-em-acao-na-partida-contra-o-Ceara.webp","articleSection":["Flamengo"],"inLanguage":"pt-BR","potentialAction":[{"@type":"CommentAction","name":"Comment","target":["https:\/\/www.gaveanews.com\/index.php\/2021\/06\/27\/flamengo-recusa-proposta-do-al-ettifaq-por-vitinho-veja-valores\/#respond"]}],"copyrightYear":"2021","copyrightHolder":{"@id":"https:\/\/www.gaveanews.com\/#organization"}},{"@type":"WebPage","@id":"https:\/\/www.gaveanews.com\/index.php\/2021\/06\/27\/flamengo-recusa-proposta-do-al-ettifaq-por-vitinho-veja-valores\/","url":"https:\/\/www.gaveanews.com\/index.php\/2021\/06\/27\/flamengo-recusa-proposta-do-al-ettifaq-por-vitinho-veja-valores\/","name":"Flamengo recusa proposta do Al-Ettifaq por Vitinho; veja valores","isPartOf":{"@id":"https:\/\/www.gaveanews.com\/#website"},"primaryImageOfPage":{"@id":"https:\/\/www.gaveanews.com\/index.php\/2021\/06\/27\/flamengo-recusa-proposta-do-al-ettifaq-por-vitinho-veja-valores\/#primaryimage"},"image":{"@id":"https:\/\/www.gaveanews.com\/index.php\/2021\/06\/27\/flamengo-recusa-proposta-do-al-ettifaq-por-vitinho-veja-valores\/#primaryimage"},"thumbnailUrl":"https:\/\/www.gaveanews.com\/wp-content\/uploads\/Vitinho-em-acao-na-partida-contra-o-Ceara.webp","datePublished":"2021-06-27T21:13:41+00:00","dateModified":"2021-06-27T21:13:43+00:00","author":{"@id":"https:\/\/www.gaveanews.com\/#\/schema\/person\/2ec14f73fb96be2caf28f91afb14749d"},"breadcrumb":{"@id":"https:\/\/www.gaveanews.com\/index.php\/2021\/06\/27\/flamengo-recusa-proposta-do-al-ettifaq-por-vitinho-veja-valores\/#breadcrumb"},"inLanguage":"pt-BR","potentialAction":[{"@type":"ReadAction","target":["https:\/\/www.gaveanews.com\/index.php\/2021\/06\/27\/flamengo-recusa-proposta-do-al-ettifaq-por-vitinho-veja-valores\/"]}]},{"@type":"ImageObject","inLanguage":"pt-BR","@id":"https:\/\/www.gaveanews.com\/index.php\/2021\/06\/27\/flamengo-recusa-proposta-do-al-ettifaq-por-vitinho-veja-valores\/#primaryimage","url":"https:\/\/www.gaveanews.com\/wp-content\/uploads\/Vitinho-em-acao-na-partida-contra-o-Ceara.webp","contentUrl":"https:\/\/www.gaveanews.com\/wp-content\/uploads\/Vitinho-em-acao-na-partida-contra-o-Ceara.webp","width":799,"height":532,"caption":"Vitinho em a\u00e7\u00e3o na partida contra o Cear\u00e1 (Foto: Alexandre Vidal\/Flamengo)"},{"@type":"BreadcrumbList","@id":"https:\/\/www.gaveanews.com\/index.php\/2021\/06\/27\/flamengo-recusa-proposta-do-al-ettifaq-por-vitinho-veja-valores\/#breadcrumb","itemListElement":[{"@type":"ListItem","position":1,"name":"Home","item":"https:\/\/www.gaveanews.com\/"},{"@type":"ListItem","position":2,"name":"Flamengo recusa proposta do Al-Ettifaq por Vitinho; veja valores"}]},{"@type":"WebSite","@id":"https:\/\/www.gaveanews.com\/#website","url":"https:\/\/www.gaveanews.com\/","name":"G\u00e1vea News","description":"Veja todas as not\u00edcias sobre o Flamengo: Contrata\u00e7\u00f5es, categorias de base, resultados das partidas, tabela de classifica\u00e7\u00e3o, pr\u00f3ximos jogos!","potentialAction":[{"@type":"SearchAction","target":{"@type":"EntryPoint","urlTemplate":"https:\/\/www.gaveanews.com\/?s={search_term_string}"},"query-input":{"@type":"PropertyValueSpecification","valueRequired":true,"valueName":"search_term_string"}}],"inLanguage":"pt-BR"},{"@type":"Person","@id":"https:\/\/www.gaveanews.com\/#\/schema\/person\/2ec14f73fb96be2caf28f91afb14749d","name":"Equipe G\u00e1vea News","image":{"@type":"ImageObject","inLanguage":"pt-BR","@id":"https:\/\/www.gaveanews.com\/#\/schema\/person\/image\/","url":"https:\/\/secure.gravatar.com\/avatar\/1e1956f1facbffd3f8fa53a326721950116b3b9dc9bd44939c01180fd4a745a9?s=96&d=mm&r=g","contentUrl":"https:\/\/secure.gravatar.com\/avatar\/1e1956f1facbffd3f8fa53a326721950116b3b9dc9bd44939c01180fd4a745a9?s=96&d=mm&r=g","caption":"Equipe G\u00e1vea News"}}]}},"_links":{"self":[{"href":"https:\/\/www.gaveanews.com\/index.php\/wp-json\/wp\/v2\/posts\/63627","targetHints":{"allow":["GET"]}}],"collection":[{"href":"https:\/\/www.gaveanews.com\/index.php\/wp-json\/wp\/v2\/posts"}],"about":[{"href":"https:\/\/www.gaveanews.com\/index.php\/wp-json\/wp\/v2\/types\/post"}],"author":[{"embeddable":true,"href":"https:\/\/www.gaveanews.com\/index.php\/wp-json\/wp\/v2\/users\/1"}],"replies":[{"embeddable":true,"href":"https:\/\/www.gaveanews.com\/index.php\/wp-json\/wp\/v2\/comments?post=63627"}],"version-history":[{"count":0,"href":"https:\/\/www.gaveanews.com\/index.php\/wp-json\/wp\/v2\/posts\/63627\/revisions"}],"wp:featuredmedia":[{"embeddable":true,"href":"https:\/\/www.gaveanews.com\/index.php\/wp-json\/wp\/v2\/media\/47297"}],"wp:attachment":[{"href":"https:\/\/www.gaveanews.com\/index.php\/wp-json\/wp\/v2\/media?parent=63627"}],"wp:term":[{"taxonomy":"category","embeddable":true,"href":"https:\/\/www.gaveanews.com\/index.php\/wp-json\/wp\/v2\/categories?post=63627"},{"taxonomy":"post_tag","embeddable":true,"href":"https:\/\/www.gaveanews.com\/index.php\/wp-json\/wp\/v2\/tags?post=63627"}],"curies":[{"name":"wp","href":"https:\/\/api.w.org\/{rel}","templated":true}]}}