{"id":63630,"date":"2021-06-27T18:59:48","date_gmt":"2021-06-27T21:59:48","guid":{"rendered":"https:\/\/www.gaveanews.com\/?p=63630"},"modified":"2021-06-27T19:01:30","modified_gmt":"2021-06-27T22:01:30","slug":"condicao-do-gramado-para-juventude-x-flamengo-revolta-jornalistas-cbf-e-sua-tradicional-incompetencia","status":"publish","type":"post","link":"https:\/\/www.gaveanews.com\/index.php\/2021\/06\/27\/condicao-do-gramado-para-juventude-x-flamengo-revolta-jornalistas-cbf-e-sua-tradicional-incompetencia\/","title":{"rendered":"Condi\u00e7\u00e3o do gramado para Juventude x Flamengo revolta jornalistas: \u201cCBF e sua tradicional incompet\u00eancia\u201d"},"content":{"rendered":"\n<p>O Flamengo perdeu para o Juventude, neste domingo (27), em Caxias do Sul, pela 7\u00aa rodada do Campeonato Brasileiro. A imprensa, entretanto, colocou a derrota na conta do gramado do Est\u00e1dio Alfredo Jaconi. Devido \u00e0 chuva e ao p\u00e9ssimo sistema de drenagem, o campo ficou encharcado, cheio de po\u00e7as, impossibilitando a troca de passes.<\/p>\n\n\n\n<p><strong><em>\u2014 Juventude (dono do campo) e CBF (que n\u00e3o fiscaliza e autorizou jogo) proporcionaram um espet\u00e1culo deprimente no Alfredo jaconi. \u00c9 rid\u00edculo fazer qualquer an\u00e1lise disso a\u00ed. Futebol \u00e9 invi\u00e1vel em gramado assim e, em um campeonato decente, jogo nem deveria ocorrer<\/em><\/strong>, afirmou Rodrigo Mattos, do UOL.<\/p>\n\n\n\n<p><strong><em>\u2014 Campo deprimente, n\u00e3o houve jogo. Culpa, \u00f3bvio, da CBF e sua tradicional incompet\u00eancia. Como foi autorizado cabia jogar diante dessas regras. O Flamengo cometeu erros b\u00e1sicos com passes em po\u00e7as e deu uma chance ao Juventude, que nada criou. Foi o bastante<\/em><\/strong>, disse Pedro Henrique Torres, da ESPN.<\/p>\n\n\n\n<p>No intervalo, o youtuber Gustavo Henrique \u201cDando Choque\u201d falou sobre a situa\u00e7\u00e3o do campo e que a \u00fanica estrat\u00e9gia seria as bolas al\u00e7adas na \u00e1rea: <\/p>\n\n\n\n<p><strong><em>\u2014 45 minutos de jogo e j\u00e1 deu para ver tudo que vai acontecer. O gramado est\u00e1 pesado, o gramado est\u00e1 com po\u00e7a. Ent\u00e3o, n\u00e3o pode dar mole ali. N\u00e3o pode fazer bola curta, n\u00e3o pode vacilar na entrada da \u00e1rea e n\u00e3o pode recuar para Diego Alves. Ent\u00e3o, \u00e9 como se fosse Beach Soccer. \u00c9 bola no alto para Gustavo Henrique, Pedro e Rodrigo Muniz na \u00e1rea<\/em><\/strong>, comentou.<\/p>\n\n\n\n<p>Cah\u00ea Mota, do Globo Esporte criticou muito a qualidade da partida:<\/p>\n\n\n\n<p>\u2014 <strong><em>Um dos piores jogos de futebol em algum tempo. Que coisa horrorosa em Caxias do Sul! Gramado alagado, bico pra frente, falta aos montes, cera, arbitragem p\u00e9ssima, os dois times sem criatividade\u2026 Nossa senhora! Feio demais! E o Flamengo deixa tr\u00eas pontos na Serra Ga\u00facha\u2026<\/em><\/strong>.<\/p>\n\n\n\n<p>Retirado de: Di\u00e1rio do Fla<\/p>\n","protected":false},"excerpt":{"rendered":"<p>O Flamengo perdeu para o Juventude, neste domingo (27), em Caxias do Sul, pela 7\u00aa rodada do Campeonato Brasileiro. A imprensa, entretanto, colocou a derrota na conta do gramado do Est\u00e1dio Alfredo Jaconi. Devido \u00e0 chuva e ao p\u00e9ssimo sistema de drenagem, o campo ficou encharcado, cheio de po\u00e7as, impossibilitando a troca de passes. \u2014 [&hellip;]<\/p>\n","protected":false},"author":1,"featured_media":63625,"comment_status":"open","ping_status":"closed","sticky":false,"template":"","format":"standard","meta":{"footnotes":""},"categories":[1],"tags":[],"class_list":["post-63630","post","type-post","status-publish","format-standard","has-post-thumbnail","hentry","category-flamengo"],"yoast_head":"<!-- This site is optimized with the Yoast SEO Premium plugin v24.2 (Yoast SEO v26.9) - https:\/\/yoast.com\/product\/yoast-seo-premium-wordpress\/ -->\n<title>Condi\u00e7\u00e3o do gramado para Juventude x Flamengo revolta jornalistas<\/title>\n<meta name=\"robots\" content=\"index, follow, max-snippet:-1, max-image-preview:large, max-video-preview:-1\" \/>\n<link rel=\"canonical\" href=\"https:\/\/www.gaveanews.com\/index.php\/2021\/06\/27\/condicao-do-gramado-para-juventude-x-flamengo-revolta-jornalistas-cbf-e-sua-tradicional-incompetencia\/\" \/>\n<meta property=\"og:locale\" content=\"pt_BR\" \/>\n<meta property=\"og:type\" content=\"article\" \/>\n<meta property=\"og:title\" content=\"Condi\u00e7\u00e3o do gramado para Juventude x Flamengo revolta jornalistas: \u201cCBF e sua tradicional incompet\u00eancia\u201d\" \/>\n<meta property=\"og:description\" content=\"O Flamengo perdeu para o Juventude, neste domingo (27), em Caxias do Sul, pela 7\u00aa rodada do Campeonato Brasileiro. A imprensa, entretanto, colocou a derrota na conta do gramado do Est\u00e1dio Alfredo Jaconi. Devido \u00e0 chuva e ao p\u00e9ssimo sistema de drenagem, o campo ficou encharcado, cheio de po\u00e7as, impossibilitando a troca de passes. \u2014 [&hellip;]\" \/>\n<meta property=\"og:url\" content=\"https:\/\/www.gaveanews.com\/index.php\/2021\/06\/27\/condicao-do-gramado-para-juventude-x-flamengo-revolta-jornalistas-cbf-e-sua-tradicional-incompetencia\/\" \/>\n<meta property=\"og:site_name\" content=\"G\u00e1vea News\" \/>\n<meta property=\"article:publisher\" content=\"https:\/\/facebook.com\/gaveaNews\/\" \/>\n<meta property=\"article:published_time\" content=\"2021-06-27T21:59:48+00:00\" \/>\n<meta property=\"article:modified_time\" content=\"2021-06-27T22:01:30+00:00\" \/>\n<meta property=\"og:image\" content=\"https:\/\/www.gaveanews.com\/wp-content\/uploads\/Bruno-Henrique-em-acao-pelo-Flamengo-diante-da-equipe-do-Juventude-pelo-Campeonato-Brasileiro-da-temporada-de-2021.webp\" \/>\n\t<meta property=\"og:image:width\" content=\"799\" \/>\n\t<meta property=\"og:image:height\" content=\"533\" \/>\n\t<meta property=\"og:image:type\" content=\"image\/jpeg\" \/>\n<meta name=\"author\" content=\"Equipe G\u00e1vea News\" \/>\n<meta name=\"twitter:card\" content=\"summary_large_image\" \/>\n<meta name=\"twitter:label1\" content=\"Escrito por\" \/>\n\t<meta name=\"twitter:data1\" content=\"Equipe G\u00e1vea News\" \/>\n\t<meta name=\"twitter:label2\" content=\"Est. tempo de leitura\" \/>\n\t<meta name=\"twitter:data2\" content=\"2 minutos\" \/>\n<script type=\"application\/ld+json\" class=\"yoast-schema-graph\">{\"@context\":\"https:\/\/schema.org\",\"@graph\":[{\"@type\":\"NewsArticle\",\"@id\":\"https:\/\/www.gaveanews.com\/index.php\/2021\/06\/27\/condicao-do-gramado-para-juventude-x-flamengo-revolta-jornalistas-cbf-e-sua-tradicional-incompetencia\/#article\",\"isPartOf\":{\"@id\":\"https:\/\/www.gaveanews.com\/index.php\/2021\/06\/27\/condicao-do-gramado-para-juventude-x-flamengo-revolta-jornalistas-cbf-e-sua-tradicional-incompetencia\/\"},\"author\":{\"name\":\"Equipe G\u00e1vea News\",\"@id\":\"https:\/\/www.gaveanews.com\/#\/schema\/person\/2ec14f73fb96be2caf28f91afb14749d\"},\"headline\":\"Condi\u00e7\u00e3o do gramado para Juventude x Flamengo revolta jornalistas: \u201cCBF e sua tradicional incompet\u00eancia\u201d\",\"datePublished\":\"2021-06-27T21:59:48+00:00\",\"dateModified\":\"2021-06-27T22:01:30+00:00\",\"mainEntityOfPage\":{\"@id\":\"https:\/\/www.gaveanews.com\/index.php\/2021\/06\/27\/condicao-do-gramado-para-juventude-x-flamengo-revolta-jornalistas-cbf-e-sua-tradicional-incompetencia\/\"},\"wordCount\":336,\"commentCount\":19,\"image\":{\"@id\":\"https:\/\/www.gaveanews.com\/index.php\/2021\/06\/27\/condicao-do-gramado-para-juventude-x-flamengo-revolta-jornalistas-cbf-e-sua-tradicional-incompetencia\/#primaryimage\"},\"thumbnailUrl\":\"https:\/\/www.gaveanews.com\/wp-content\/uploads\/Bruno-Henrique-em-acao-pelo-Flamengo-diante-da-equipe-do-Juventude-pelo-Campeonato-Brasileiro-da-temporada-de-2021.webp\",\"articleSection\":[\"Flamengo\"],\"inLanguage\":\"pt-BR\",\"potentialAction\":[{\"@type\":\"CommentAction\",\"name\":\"Comment\",\"target\":[\"https:\/\/www.gaveanews.com\/index.php\/2021\/06\/27\/condicao-do-gramado-para-juventude-x-flamengo-revolta-jornalistas-cbf-e-sua-tradicional-incompetencia\/#respond\"]}],\"copyrightYear\":\"2021\",\"copyrightHolder\":{\"@id\":\"https:\/\/www.gaveanews.com\/#organization\"}},{\"@type\":\"WebPage\",\"@id\":\"https:\/\/www.gaveanews.com\/index.php\/2021\/06\/27\/condicao-do-gramado-para-juventude-x-flamengo-revolta-jornalistas-cbf-e-sua-tradicional-incompetencia\/\",\"url\":\"https:\/\/www.gaveanews.com\/index.php\/2021\/06\/27\/condicao-do-gramado-para-juventude-x-flamengo-revolta-jornalistas-cbf-e-sua-tradicional-incompetencia\/\",\"name\":\"Condi\u00e7\u00e3o do gramado para Juventude x Flamengo revolta jornalistas\",\"isPartOf\":{\"@id\":\"https:\/\/www.gaveanews.com\/#website\"},\"primaryImageOfPage\":{\"@id\":\"https:\/\/www.gaveanews.com\/index.php\/2021\/06\/27\/condicao-do-gramado-para-juventude-x-flamengo-revolta-jornalistas-cbf-e-sua-tradicional-incompetencia\/#primaryimage\"},\"image\":{\"@id\":\"https:\/\/www.gaveanews.com\/index.php\/2021\/06\/27\/condicao-do-gramado-para-juventude-x-flamengo-revolta-jornalistas-cbf-e-sua-tradicional-incompetencia\/#primaryimage\"},\"thumbnailUrl\":\"https:\/\/www.gaveanews.com\/wp-content\/uploads\/Bruno-Henrique-em-acao-pelo-Flamengo-diante-da-equipe-do-Juventude-pelo-Campeonato-Brasileiro-da-temporada-de-2021.webp\",\"datePublished\":\"2021-06-27T21:59:48+00:00\",\"dateModified\":\"2021-06-27T22:01:30+00:00\",\"author\":{\"@id\":\"https:\/\/www.gaveanews.com\/#\/schema\/person\/2ec14f73fb96be2caf28f91afb14749d\"},\"breadcrumb\":{\"@id\":\"https:\/\/www.gaveanews.com\/index.php\/2021\/06\/27\/condicao-do-gramado-para-juventude-x-flamengo-revolta-jornalistas-cbf-e-sua-tradicional-incompetencia\/#breadcrumb\"},\"inLanguage\":\"pt-BR\",\"potentialAction\":[{\"@type\":\"ReadAction\",\"target\":[\"https:\/\/www.gaveanews.com\/index.php\/2021\/06\/27\/condicao-do-gramado-para-juventude-x-flamengo-revolta-jornalistas-cbf-e-sua-tradicional-incompetencia\/\"]}]},{\"@type\":\"ImageObject\",\"inLanguage\":\"pt-BR\",\"@id\":\"https:\/\/www.gaveanews.com\/index.php\/2021\/06\/27\/condicao-do-gramado-para-juventude-x-flamengo-revolta-jornalistas-cbf-e-sua-tradicional-incompetencia\/#primaryimage\",\"url\":\"https:\/\/www.gaveanews.com\/wp-content\/uploads\/Bruno-Henrique-em-acao-pelo-Flamengo-diante-da-equipe-do-Juventude-pelo-Campeonato-Brasileiro-da-temporada-de-2021.webp\",\"contentUrl\":\"https:\/\/www.gaveanews.com\/wp-content\/uploads\/Bruno-Henrique-em-acao-pelo-Flamengo-diante-da-equipe-do-Juventude-pelo-Campeonato-Brasileiro-da-temporada-de-2021.webp\",\"width\":799,\"height\":533,\"caption\":\"Bruno Henrique em a\u00e7\u00e3o pelo Flamengo diante da equipe do Juventude pelo Campeonato Brasileiro da temporada de 2021 (Foto: Alexandre Vidal\/Flamengo)\"},{\"@type\":\"BreadcrumbList\",\"@id\":\"https:\/\/www.gaveanews.com\/index.php\/2021\/06\/27\/condicao-do-gramado-para-juventude-x-flamengo-revolta-jornalistas-cbf-e-sua-tradicional-incompetencia\/#breadcrumb\",\"itemListElement\":[{\"@type\":\"ListItem\",\"position\":1,\"name\":\"Home\",\"item\":\"https:\/\/www.gaveanews.com\/\"},{\"@type\":\"ListItem\",\"position\":2,\"name\":\"Condi\u00e7\u00e3o do gramado para Juventude x Flamengo revolta jornalistas: \u201cCBF e sua tradicional incompet\u00eancia\u201d\"}]},{\"@type\":\"WebSite\",\"@id\":\"https:\/\/www.gaveanews.com\/#website\",\"url\":\"https:\/\/www.gaveanews.com\/\",\"name\":\"G\u00e1vea News\",\"description\":\"Veja todas as not\u00edcias sobre o Flamengo: Contrata\u00e7\u00f5es, categorias de base, resultados das partidas, tabela de classifica\u00e7\u00e3o, pr\u00f3ximos jogos!\",\"potentialAction\":[{\"@type\":\"SearchAction\",\"target\":{\"@type\":\"EntryPoint\",\"urlTemplate\":\"https:\/\/www.gaveanews.com\/?s={search_term_string}\"},\"query-input\":{\"@type\":\"PropertyValueSpecification\",\"valueRequired\":true,\"valueName\":\"search_term_string\"}}],\"inLanguage\":\"pt-BR\"},{\"@type\":\"Person\",\"@id\":\"https:\/\/www.gaveanews.com\/#\/schema\/person\/2ec14f73fb96be2caf28f91afb14749d\",\"name\":\"Equipe G\u00e1vea News\",\"image\":{\"@type\":\"ImageObject\",\"inLanguage\":\"pt-BR\",\"@id\":\"https:\/\/www.gaveanews.com\/#\/schema\/person\/image\/\",\"url\":\"https:\/\/secure.gravatar.com\/avatar\/1e1956f1facbffd3f8fa53a326721950116b3b9dc9bd44939c01180fd4a745a9?s=96&d=mm&r=g\",\"contentUrl\":\"https:\/\/secure.gravatar.com\/avatar\/1e1956f1facbffd3f8fa53a326721950116b3b9dc9bd44939c01180fd4a745a9?s=96&d=mm&r=g\",\"caption\":\"Equipe G\u00e1vea News\"}}]}<\/script>\n<!-- \/ Yoast SEO Premium plugin. -->","yoast_head_json":{"title":"Condi\u00e7\u00e3o do gramado para Juventude x Flamengo revolta jornalistas","robots":{"index":"index","follow":"follow","max-snippet":"max-snippet:-1","max-image-preview":"max-image-preview:large","max-video-preview":"max-video-preview:-1"},"canonical":"https:\/\/www.gaveanews.com\/index.php\/2021\/06\/27\/condicao-do-gramado-para-juventude-x-flamengo-revolta-jornalistas-cbf-e-sua-tradicional-incompetencia\/","og_locale":"pt_BR","og_type":"article","og_title":"Condi\u00e7\u00e3o do gramado para Juventude x Flamengo revolta jornalistas: \u201cCBF e sua tradicional incompet\u00eancia\u201d","og_description":"O Flamengo perdeu para o Juventude, neste domingo (27), em Caxias do Sul, pela 7\u00aa rodada do Campeonato Brasileiro. A imprensa, entretanto, colocou a derrota na conta do gramado do Est\u00e1dio Alfredo Jaconi. Devido \u00e0 chuva e ao p\u00e9ssimo sistema de drenagem, o campo ficou encharcado, cheio de po\u00e7as, impossibilitando a troca de passes. \u2014 [&hellip;]","og_url":"https:\/\/www.gaveanews.com\/index.php\/2021\/06\/27\/condicao-do-gramado-para-juventude-x-flamengo-revolta-jornalistas-cbf-e-sua-tradicional-incompetencia\/","og_site_name":"G\u00e1vea News","article_publisher":"https:\/\/facebook.com\/gaveaNews\/","article_published_time":"2021-06-27T21:59:48+00:00","article_modified_time":"2021-06-27T22:01:30+00:00","og_image":[{"width":799,"height":533,"url":"https:\/\/www.gaveanews.com\/wp-content\/uploads\/Bruno-Henrique-em-acao-pelo-Flamengo-diante-da-equipe-do-Juventude-pelo-Campeonato-Brasileiro-da-temporada-de-2021.webp","type":"image\/jpeg"}],"author":"Equipe G\u00e1vea News","twitter_card":"summary_large_image","twitter_misc":{"Escrito por":"Equipe G\u00e1vea News","Est. tempo de leitura":"2 minutos"},"schema":{"@context":"https:\/\/schema.org","@graph":[{"@type":"NewsArticle","@id":"https:\/\/www.gaveanews.com\/index.php\/2021\/06\/27\/condicao-do-gramado-para-juventude-x-flamengo-revolta-jornalistas-cbf-e-sua-tradicional-incompetencia\/#article","isPartOf":{"@id":"https:\/\/www.gaveanews.com\/index.php\/2021\/06\/27\/condicao-do-gramado-para-juventude-x-flamengo-revolta-jornalistas-cbf-e-sua-tradicional-incompetencia\/"},"author":{"name":"Equipe G\u00e1vea News","@id":"https:\/\/www.gaveanews.com\/#\/schema\/person\/2ec14f73fb96be2caf28f91afb14749d"},"headline":"Condi\u00e7\u00e3o do gramado para Juventude x Flamengo revolta jornalistas: \u201cCBF e sua tradicional incompet\u00eancia\u201d","datePublished":"2021-06-27T21:59:48+00:00","dateModified":"2021-06-27T22:01:30+00:00","mainEntityOfPage":{"@id":"https:\/\/www.gaveanews.com\/index.php\/2021\/06\/27\/condicao-do-gramado-para-juventude-x-flamengo-revolta-jornalistas-cbf-e-sua-tradicional-incompetencia\/"},"wordCount":336,"commentCount":19,"image":{"@id":"https:\/\/www.gaveanews.com\/index.php\/2021\/06\/27\/condicao-do-gramado-para-juventude-x-flamengo-revolta-jornalistas-cbf-e-sua-tradicional-incompetencia\/#primaryimage"},"thumbnailUrl":"https:\/\/www.gaveanews.com\/wp-content\/uploads\/Bruno-Henrique-em-acao-pelo-Flamengo-diante-da-equipe-do-Juventude-pelo-Campeonato-Brasileiro-da-temporada-de-2021.webp","articleSection":["Flamengo"],"inLanguage":"pt-BR","potentialAction":[{"@type":"CommentAction","name":"Comment","target":["https:\/\/www.gaveanews.com\/index.php\/2021\/06\/27\/condicao-do-gramado-para-juventude-x-flamengo-revolta-jornalistas-cbf-e-sua-tradicional-incompetencia\/#respond"]}],"copyrightYear":"2021","copyrightHolder":{"@id":"https:\/\/www.gaveanews.com\/#organization"}},{"@type":"WebPage","@id":"https:\/\/www.gaveanews.com\/index.php\/2021\/06\/27\/condicao-do-gramado-para-juventude-x-flamengo-revolta-jornalistas-cbf-e-sua-tradicional-incompetencia\/","url":"https:\/\/www.gaveanews.com\/index.php\/2021\/06\/27\/condicao-do-gramado-para-juventude-x-flamengo-revolta-jornalistas-cbf-e-sua-tradicional-incompetencia\/","name":"Condi\u00e7\u00e3o do gramado para Juventude x Flamengo revolta jornalistas","isPartOf":{"@id":"https:\/\/www.gaveanews.com\/#website"},"primaryImageOfPage":{"@id":"https:\/\/www.gaveanews.com\/index.php\/2021\/06\/27\/condicao-do-gramado-para-juventude-x-flamengo-revolta-jornalistas-cbf-e-sua-tradicional-incompetencia\/#primaryimage"},"image":{"@id":"https:\/\/www.gaveanews.com\/index.php\/2021\/06\/27\/condicao-do-gramado-para-juventude-x-flamengo-revolta-jornalistas-cbf-e-sua-tradicional-incompetencia\/#primaryimage"},"thumbnailUrl":"https:\/\/www.gaveanews.com\/wp-content\/uploads\/Bruno-Henrique-em-acao-pelo-Flamengo-diante-da-equipe-do-Juventude-pelo-Campeonato-Brasileiro-da-temporada-de-2021.webp","datePublished":"2021-06-27T21:59:48+00:00","dateModified":"2021-06-27T22:01:30+00:00","author":{"@id":"https:\/\/www.gaveanews.com\/#\/schema\/person\/2ec14f73fb96be2caf28f91afb14749d"},"breadcrumb":{"@id":"https:\/\/www.gaveanews.com\/index.php\/2021\/06\/27\/condicao-do-gramado-para-juventude-x-flamengo-revolta-jornalistas-cbf-e-sua-tradicional-incompetencia\/#breadcrumb"},"inLanguage":"pt-BR","potentialAction":[{"@type":"ReadAction","target":["https:\/\/www.gaveanews.com\/index.php\/2021\/06\/27\/condicao-do-gramado-para-juventude-x-flamengo-revolta-jornalistas-cbf-e-sua-tradicional-incompetencia\/"]}]},{"@type":"ImageObject","inLanguage":"pt-BR","@id":"https:\/\/www.gaveanews.com\/index.php\/2021\/06\/27\/condicao-do-gramado-para-juventude-x-flamengo-revolta-jornalistas-cbf-e-sua-tradicional-incompetencia\/#primaryimage","url":"https:\/\/www.gaveanews.com\/wp-content\/uploads\/Bruno-Henrique-em-acao-pelo-Flamengo-diante-da-equipe-do-Juventude-pelo-Campeonato-Brasileiro-da-temporada-de-2021.webp","contentUrl":"https:\/\/www.gaveanews.com\/wp-content\/uploads\/Bruno-Henrique-em-acao-pelo-Flamengo-diante-da-equipe-do-Juventude-pelo-Campeonato-Brasileiro-da-temporada-de-2021.webp","width":799,"height":533,"caption":"Bruno Henrique em a\u00e7\u00e3o pelo Flamengo diante da equipe do Juventude pelo Campeonato Brasileiro da temporada de 2021 (Foto: Alexandre Vidal\/Flamengo)"},{"@type":"BreadcrumbList","@id":"https:\/\/www.gaveanews.com\/index.php\/2021\/06\/27\/condicao-do-gramado-para-juventude-x-flamengo-revolta-jornalistas-cbf-e-sua-tradicional-incompetencia\/#breadcrumb","itemListElement":[{"@type":"ListItem","position":1,"name":"Home","item":"https:\/\/www.gaveanews.com\/"},{"@type":"ListItem","position":2,"name":"Condi\u00e7\u00e3o do gramado para Juventude x Flamengo revolta jornalistas: \u201cCBF e sua tradicional incompet\u00eancia\u201d"}]},{"@type":"WebSite","@id":"https:\/\/www.gaveanews.com\/#website","url":"https:\/\/www.gaveanews.com\/","name":"G\u00e1vea News","description":"Veja todas as not\u00edcias sobre o Flamengo: Contrata\u00e7\u00f5es, categorias de base, resultados das partidas, tabela de classifica\u00e7\u00e3o, pr\u00f3ximos jogos!","potentialAction":[{"@type":"SearchAction","target":{"@type":"EntryPoint","urlTemplate":"https:\/\/www.gaveanews.com\/?s={search_term_string}"},"query-input":{"@type":"PropertyValueSpecification","valueRequired":true,"valueName":"search_term_string"}}],"inLanguage":"pt-BR"},{"@type":"Person","@id":"https:\/\/www.gaveanews.com\/#\/schema\/person\/2ec14f73fb96be2caf28f91afb14749d","name":"Equipe G\u00e1vea News","image":{"@type":"ImageObject","inLanguage":"pt-BR","@id":"https:\/\/www.gaveanews.com\/#\/schema\/person\/image\/","url":"https:\/\/secure.gravatar.com\/avatar\/1e1956f1facbffd3f8fa53a326721950116b3b9dc9bd44939c01180fd4a745a9?s=96&d=mm&r=g","contentUrl":"https:\/\/secure.gravatar.com\/avatar\/1e1956f1facbffd3f8fa53a326721950116b3b9dc9bd44939c01180fd4a745a9?s=96&d=mm&r=g","caption":"Equipe G\u00e1vea News"}}]}},"_links":{"self":[{"href":"https:\/\/www.gaveanews.com\/index.php\/wp-json\/wp\/v2\/posts\/63630","targetHints":{"allow":["GET"]}}],"collection":[{"href":"https:\/\/www.gaveanews.com\/index.php\/wp-json\/wp\/v2\/posts"}],"about":[{"href":"https:\/\/www.gaveanews.com\/index.php\/wp-json\/wp\/v2\/types\/post"}],"author":[{"embeddable":true,"href":"https:\/\/www.gaveanews.com\/index.php\/wp-json\/wp\/v2\/users\/1"}],"replies":[{"embeddable":true,"href":"https:\/\/www.gaveanews.com\/index.php\/wp-json\/wp\/v2\/comments?post=63630"}],"version-history":[{"count":0,"href":"https:\/\/www.gaveanews.com\/index.php\/wp-json\/wp\/v2\/posts\/63630\/revisions"}],"wp:featuredmedia":[{"embeddable":true,"href":"https:\/\/www.gaveanews.com\/index.php\/wp-json\/wp\/v2\/media\/63625"}],"wp:attachment":[{"href":"https:\/\/www.gaveanews.com\/index.php\/wp-json\/wp\/v2\/media?parent=63630"}],"wp:term":[{"taxonomy":"category","embeddable":true,"href":"https:\/\/www.gaveanews.com\/index.php\/wp-json\/wp\/v2\/categories?post=63630"},{"taxonomy":"post_tag","embeddable":true,"href":"https:\/\/www.gaveanews.com\/index.php\/wp-json\/wp\/v2\/tags?post=63630"}],"curies":[{"name":"wp","href":"https:\/\/api.w.org\/{rel}","templated":true}]}}