{"id":63645,"date":"2021-06-27T22:28:40","date_gmt":"2021-06-28T01:28:40","guid":{"rendered":"https:\/\/www.gaveanews.com\/?p=63645"},"modified":"2021-06-27T22:28:42","modified_gmt":"2021-06-28T01:28:42","slug":"na-mira-do-flamengo-thiago-mendes-tem-intencao-de-retornar-ao-brasil","status":"publish","type":"post","link":"https:\/\/www.gaveanews.com\/index.php\/2021\/06\/27\/na-mira-do-flamengo-thiago-mendes-tem-intencao-de-retornar-ao-brasil\/","title":{"rendered":"Na mira do Flamengo, Thiago Mendes tem inten\u00e7\u00e3o de retornar ao Brasil"},"content":{"rendered":"\n<p>Segundo informa\u00e7\u00f5es do jornalista Jorge Nicola, Thiago Mendes estaria disposto a retornar ao Brasil. Especulado no Flamengo, o atleta, que ainda tem condi\u00e7\u00f5es de se manter na Europa, v\u00ea com bons olhos a possibilidade de atuar mais uma vez na elite nacional. Sendo assim, ciente de que perdeu espa\u00e7o no Lyon, uma sa\u00edda tem chances de ocorrer em breve, com outros mercados do exterior tamb\u00e9m podendo se abrir.<\/p>\n\n\n\n<p>Apesar disso, uma eventual negocia\u00e7\u00e3o com o clube franc\u00eas n\u00e3o promete ser f\u00e1cil. Isso porque Thiago Mendes foi comprado por 25 milh\u00f5es de euros, montante totalmente fora da realidade para o Flamengo. Dessa forma, \u00e9 mencionado que a diretoria tenta aparar as arestas com um empr\u00e9stimo envolvendo op\u00e7\u00e3o de compra, modelo utilizado com Gabigol, Pedro e Thiago Maia, por exemplo. Caso a oferta n\u00e3o seja aceita, um investimento maior, baseado em uma compra, tem chances remotas de ocorrer.<\/p>\n\n\n\n<p>Com a sa\u00edda de Gerson, o Flamengo est\u00e1 ciente de que precisa contratar um substituto no setor do meio-campo. Atento ao mercado, a diretoria deve analisar boas oportunidades, mas n\u00e3o que n\u00e3o comprometam o or\u00e7amento do clube.<\/p>\n\n\n\n<p><strong><em>\u2014 A gente vem trabalhando, mapeando o mercado para ver o que podemos fazer. N\u00e3o falei isso (que n\u00e3o precisa de refor\u00e7o na defesa). Falei que a prioridade era do meio para frente, era o que est\u00e1vamos vendo no momento. Agora, qualquer lugar do elenco do Flamengo que tivermos condi\u00e7\u00e3o de qualific\u00e1-lo, estaremos sempre atentos a isso<\/em><\/strong>, declarou Marcos Braz, vice-presidente de futebol do Flamengo, ao canal \u201cFlaZoeiro\u201d.<\/p>\n\n\n\n<p>Retirado de: Torcedores <\/p>\n","protected":false},"excerpt":{"rendered":"<p>Segundo informa\u00e7\u00f5es do jornalista Jorge Nicola, Thiago Mendes estaria disposto a retornar ao Brasil. Especulado no Flamengo, o atleta, que ainda tem condi\u00e7\u00f5es de se manter na Europa, v\u00ea com bons olhos a possibilidade de atuar mais uma vez na elite nacional. Sendo assim, ciente de que perdeu espa\u00e7o no Lyon, uma sa\u00edda tem chances [&hellip;]<\/p>\n","protected":false},"author":1,"featured_media":63302,"comment_status":"open","ping_status":"closed","sticky":false,"template":"","format":"standard","meta":{"footnotes":""},"categories":[48],"tags":[],"class_list":["post-63645","post","type-post","status-publish","format-standard","has-post-thumbnail","hentry","category-negociacoes"],"yoast_head":"<!-- This site is optimized with the Yoast SEO Premium plugin v24.2 (Yoast SEO v26.9) - https:\/\/yoast.com\/product\/yoast-seo-premium-wordpress\/ -->\n<title>Na mira do Flamengo, Thiago Mendes tem inten\u00e7\u00e3o de retornar ao Brasil<\/title>\n<meta name=\"robots\" content=\"index, follow, max-snippet:-1, max-image-preview:large, max-video-preview:-1\" \/>\n<link rel=\"canonical\" href=\"https:\/\/www.gaveanews.com\/index.php\/2021\/06\/27\/na-mira-do-flamengo-thiago-mendes-tem-intencao-de-retornar-ao-brasil\/\" \/>\n<meta property=\"og:locale\" content=\"pt_BR\" \/>\n<meta property=\"og:type\" content=\"article\" \/>\n<meta property=\"og:title\" content=\"Na mira do Flamengo, Thiago Mendes tem inten\u00e7\u00e3o de retornar ao Brasil\" \/>\n<meta property=\"og:description\" content=\"Segundo informa\u00e7\u00f5es do jornalista Jorge Nicola, Thiago Mendes estaria disposto a retornar ao Brasil. Especulado no Flamengo, o atleta, que ainda tem condi\u00e7\u00f5es de se manter na Europa, v\u00ea com bons olhos a possibilidade de atuar mais uma vez na elite nacional. Sendo assim, ciente de que perdeu espa\u00e7o no Lyon, uma sa\u00edda tem chances [&hellip;]\" \/>\n<meta property=\"og:url\" content=\"https:\/\/www.gaveanews.com\/index.php\/2021\/06\/27\/na-mira-do-flamengo-thiago-mendes-tem-intencao-de-retornar-ao-brasil\/\" \/>\n<meta property=\"og:site_name\" content=\"G\u00e1vea News\" \/>\n<meta property=\"article:publisher\" content=\"https:\/\/facebook.com\/gaveaNews\/\" \/>\n<meta property=\"article:published_time\" content=\"2021-06-28T01:28:40+00:00\" \/>\n<meta property=\"article:modified_time\" content=\"2021-06-28T01:28:42+00:00\" \/>\n<meta property=\"og:image\" content=\"https:\/\/www.gaveanews.com\/wp-content\/uploads\/Thiago-Mendes-e-Rogerio-Ceni-durante-uma-partida-do-Sao-Paulo.webp\" \/>\n\t<meta property=\"og:image:width\" content=\"984\" \/>\n\t<meta property=\"og:image:height\" content=\"617\" \/>\n\t<meta property=\"og:image:type\" content=\"image\/jpeg\" \/>\n<meta name=\"author\" content=\"Equipe G\u00e1vea News\" \/>\n<meta name=\"twitter:card\" content=\"summary_large_image\" \/>\n<meta name=\"twitter:label1\" content=\"Escrito por\" \/>\n\t<meta name=\"twitter:data1\" content=\"Equipe G\u00e1vea News\" \/>\n\t<meta name=\"twitter:label2\" content=\"Est. tempo de leitura\" \/>\n\t<meta name=\"twitter:data2\" content=\"2 minutos\" \/>\n<script type=\"application\/ld+json\" class=\"yoast-schema-graph\">{\"@context\":\"https:\/\/schema.org\",\"@graph\":[{\"@type\":\"NewsArticle\",\"@id\":\"https:\/\/www.gaveanews.com\/index.php\/2021\/06\/27\/na-mira-do-flamengo-thiago-mendes-tem-intencao-de-retornar-ao-brasil\/#article\",\"isPartOf\":{\"@id\":\"https:\/\/www.gaveanews.com\/index.php\/2021\/06\/27\/na-mira-do-flamengo-thiago-mendes-tem-intencao-de-retornar-ao-brasil\/\"},\"author\":{\"name\":\"Equipe G\u00e1vea News\",\"@id\":\"https:\/\/www.gaveanews.com\/#\/schema\/person\/2ec14f73fb96be2caf28f91afb14749d\"},\"headline\":\"Na mira do Flamengo, Thiago Mendes tem inten\u00e7\u00e3o de retornar ao Brasil\",\"datePublished\":\"2021-06-28T01:28:40+00:00\",\"dateModified\":\"2021-06-28T01:28:42+00:00\",\"mainEntityOfPage\":{\"@id\":\"https:\/\/www.gaveanews.com\/index.php\/2021\/06\/27\/na-mira-do-flamengo-thiago-mendes-tem-intencao-de-retornar-ao-brasil\/\"},\"wordCount\":287,\"commentCount\":4,\"image\":{\"@id\":\"https:\/\/www.gaveanews.com\/index.php\/2021\/06\/27\/na-mira-do-flamengo-thiago-mendes-tem-intencao-de-retornar-ao-brasil\/#primaryimage\"},\"thumbnailUrl\":\"https:\/\/www.gaveanews.com\/wp-content\/uploads\/Thiago-Mendes-e-Rogerio-Ceni-durante-uma-partida-do-Sao-Paulo.webp\",\"articleSection\":[\"Negocia\u00e7\u00f5es\"],\"inLanguage\":\"pt-BR\",\"potentialAction\":[{\"@type\":\"CommentAction\",\"name\":\"Comment\",\"target\":[\"https:\/\/www.gaveanews.com\/index.php\/2021\/06\/27\/na-mira-do-flamengo-thiago-mendes-tem-intencao-de-retornar-ao-brasil\/#respond\"]}],\"copyrightYear\":\"2021\",\"copyrightHolder\":{\"@id\":\"https:\/\/www.gaveanews.com\/#organization\"}},{\"@type\":\"WebPage\",\"@id\":\"https:\/\/www.gaveanews.com\/index.php\/2021\/06\/27\/na-mira-do-flamengo-thiago-mendes-tem-intencao-de-retornar-ao-brasil\/\",\"url\":\"https:\/\/www.gaveanews.com\/index.php\/2021\/06\/27\/na-mira-do-flamengo-thiago-mendes-tem-intencao-de-retornar-ao-brasil\/\",\"name\":\"Na mira do Flamengo, Thiago Mendes tem inten\u00e7\u00e3o de retornar ao Brasil\",\"isPartOf\":{\"@id\":\"https:\/\/www.gaveanews.com\/#website\"},\"primaryImageOfPage\":{\"@id\":\"https:\/\/www.gaveanews.com\/index.php\/2021\/06\/27\/na-mira-do-flamengo-thiago-mendes-tem-intencao-de-retornar-ao-brasil\/#primaryimage\"},\"image\":{\"@id\":\"https:\/\/www.gaveanews.com\/index.php\/2021\/06\/27\/na-mira-do-flamengo-thiago-mendes-tem-intencao-de-retornar-ao-brasil\/#primaryimage\"},\"thumbnailUrl\":\"https:\/\/www.gaveanews.com\/wp-content\/uploads\/Thiago-Mendes-e-Rogerio-Ceni-durante-uma-partida-do-Sao-Paulo.webp\",\"datePublished\":\"2021-06-28T01:28:40+00:00\",\"dateModified\":\"2021-06-28T01:28:42+00:00\",\"author\":{\"@id\":\"https:\/\/www.gaveanews.com\/#\/schema\/person\/2ec14f73fb96be2caf28f91afb14749d\"},\"breadcrumb\":{\"@id\":\"https:\/\/www.gaveanews.com\/index.php\/2021\/06\/27\/na-mira-do-flamengo-thiago-mendes-tem-intencao-de-retornar-ao-brasil\/#breadcrumb\"},\"inLanguage\":\"pt-BR\",\"potentialAction\":[{\"@type\":\"ReadAction\",\"target\":[\"https:\/\/www.gaveanews.com\/index.php\/2021\/06\/27\/na-mira-do-flamengo-thiago-mendes-tem-intencao-de-retornar-ao-brasil\/\"]}]},{\"@type\":\"ImageObject\",\"inLanguage\":\"pt-BR\",\"@id\":\"https:\/\/www.gaveanews.com\/index.php\/2021\/06\/27\/na-mira-do-flamengo-thiago-mendes-tem-intencao-de-retornar-ao-brasil\/#primaryimage\",\"url\":\"https:\/\/www.gaveanews.com\/wp-content\/uploads\/Thiago-Mendes-e-Rogerio-Ceni-durante-uma-partida-do-Sao-Paulo.webp\",\"contentUrl\":\"https:\/\/www.gaveanews.com\/wp-content\/uploads\/Thiago-Mendes-e-Rogerio-Ceni-durante-uma-partida-do-Sao-Paulo.webp\",\"width\":984,\"height\":617,\"caption\":\"Thiago Mendes e Rog\u00e9rio Ceni durante uma partida do S\u00e3o Paulo (Foto: Rubens Chiri\/S\u00e3o Paulo)\"},{\"@type\":\"BreadcrumbList\",\"@id\":\"https:\/\/www.gaveanews.com\/index.php\/2021\/06\/27\/na-mira-do-flamengo-thiago-mendes-tem-intencao-de-retornar-ao-brasil\/#breadcrumb\",\"itemListElement\":[{\"@type\":\"ListItem\",\"position\":1,\"name\":\"Home\",\"item\":\"https:\/\/www.gaveanews.com\/\"},{\"@type\":\"ListItem\",\"position\":2,\"name\":\"Na mira do Flamengo, Thiago Mendes tem inten\u00e7\u00e3o de retornar ao Brasil\"}]},{\"@type\":\"WebSite\",\"@id\":\"https:\/\/www.gaveanews.com\/#website\",\"url\":\"https:\/\/www.gaveanews.com\/\",\"name\":\"G\u00e1vea News\",\"description\":\"Veja todas as not\u00edcias sobre o Flamengo: Contrata\u00e7\u00f5es, categorias de base, resultados das partidas, tabela de classifica\u00e7\u00e3o, pr\u00f3ximos jogos!\",\"potentialAction\":[{\"@type\":\"SearchAction\",\"target\":{\"@type\":\"EntryPoint\",\"urlTemplate\":\"https:\/\/www.gaveanews.com\/?s={search_term_string}\"},\"query-input\":{\"@type\":\"PropertyValueSpecification\",\"valueRequired\":true,\"valueName\":\"search_term_string\"}}],\"inLanguage\":\"pt-BR\"},{\"@type\":\"Person\",\"@id\":\"https:\/\/www.gaveanews.com\/#\/schema\/person\/2ec14f73fb96be2caf28f91afb14749d\",\"name\":\"Equipe G\u00e1vea News\",\"image\":{\"@type\":\"ImageObject\",\"inLanguage\":\"pt-BR\",\"@id\":\"https:\/\/www.gaveanews.com\/#\/schema\/person\/image\/\",\"url\":\"https:\/\/secure.gravatar.com\/avatar\/1e1956f1facbffd3f8fa53a326721950116b3b9dc9bd44939c01180fd4a745a9?s=96&d=mm&r=g\",\"contentUrl\":\"https:\/\/secure.gravatar.com\/avatar\/1e1956f1facbffd3f8fa53a326721950116b3b9dc9bd44939c01180fd4a745a9?s=96&d=mm&r=g\",\"caption\":\"Equipe G\u00e1vea News\"}}]}<\/script>\n<!-- \/ Yoast SEO Premium plugin. -->","yoast_head_json":{"title":"Na mira do Flamengo, Thiago Mendes tem inten\u00e7\u00e3o de retornar ao Brasil","robots":{"index":"index","follow":"follow","max-snippet":"max-snippet:-1","max-image-preview":"max-image-preview:large","max-video-preview":"max-video-preview:-1"},"canonical":"https:\/\/www.gaveanews.com\/index.php\/2021\/06\/27\/na-mira-do-flamengo-thiago-mendes-tem-intencao-de-retornar-ao-brasil\/","og_locale":"pt_BR","og_type":"article","og_title":"Na mira do Flamengo, Thiago Mendes tem inten\u00e7\u00e3o de retornar ao Brasil","og_description":"Segundo informa\u00e7\u00f5es do jornalista Jorge Nicola, Thiago Mendes estaria disposto a retornar ao Brasil. Especulado no Flamengo, o atleta, que ainda tem condi\u00e7\u00f5es de se manter na Europa, v\u00ea com bons olhos a possibilidade de atuar mais uma vez na elite nacional. Sendo assim, ciente de que perdeu espa\u00e7o no Lyon, uma sa\u00edda tem chances [&hellip;]","og_url":"https:\/\/www.gaveanews.com\/index.php\/2021\/06\/27\/na-mira-do-flamengo-thiago-mendes-tem-intencao-de-retornar-ao-brasil\/","og_site_name":"G\u00e1vea News","article_publisher":"https:\/\/facebook.com\/gaveaNews\/","article_published_time":"2021-06-28T01:28:40+00:00","article_modified_time":"2021-06-28T01:28:42+00:00","og_image":[{"width":984,"height":617,"url":"https:\/\/www.gaveanews.com\/wp-content\/uploads\/Thiago-Mendes-e-Rogerio-Ceni-durante-uma-partida-do-Sao-Paulo.webp","type":"image\/jpeg"}],"author":"Equipe G\u00e1vea News","twitter_card":"summary_large_image","twitter_misc":{"Escrito por":"Equipe G\u00e1vea News","Est. tempo de leitura":"2 minutos"},"schema":{"@context":"https:\/\/schema.org","@graph":[{"@type":"NewsArticle","@id":"https:\/\/www.gaveanews.com\/index.php\/2021\/06\/27\/na-mira-do-flamengo-thiago-mendes-tem-intencao-de-retornar-ao-brasil\/#article","isPartOf":{"@id":"https:\/\/www.gaveanews.com\/index.php\/2021\/06\/27\/na-mira-do-flamengo-thiago-mendes-tem-intencao-de-retornar-ao-brasil\/"},"author":{"name":"Equipe G\u00e1vea News","@id":"https:\/\/www.gaveanews.com\/#\/schema\/person\/2ec14f73fb96be2caf28f91afb14749d"},"headline":"Na mira do Flamengo, Thiago Mendes tem inten\u00e7\u00e3o de retornar ao Brasil","datePublished":"2021-06-28T01:28:40+00:00","dateModified":"2021-06-28T01:28:42+00:00","mainEntityOfPage":{"@id":"https:\/\/www.gaveanews.com\/index.php\/2021\/06\/27\/na-mira-do-flamengo-thiago-mendes-tem-intencao-de-retornar-ao-brasil\/"},"wordCount":287,"commentCount":4,"image":{"@id":"https:\/\/www.gaveanews.com\/index.php\/2021\/06\/27\/na-mira-do-flamengo-thiago-mendes-tem-intencao-de-retornar-ao-brasil\/#primaryimage"},"thumbnailUrl":"https:\/\/www.gaveanews.com\/wp-content\/uploads\/Thiago-Mendes-e-Rogerio-Ceni-durante-uma-partida-do-Sao-Paulo.webp","articleSection":["Negocia\u00e7\u00f5es"],"inLanguage":"pt-BR","potentialAction":[{"@type":"CommentAction","name":"Comment","target":["https:\/\/www.gaveanews.com\/index.php\/2021\/06\/27\/na-mira-do-flamengo-thiago-mendes-tem-intencao-de-retornar-ao-brasil\/#respond"]}],"copyrightYear":"2021","copyrightHolder":{"@id":"https:\/\/www.gaveanews.com\/#organization"}},{"@type":"WebPage","@id":"https:\/\/www.gaveanews.com\/index.php\/2021\/06\/27\/na-mira-do-flamengo-thiago-mendes-tem-intencao-de-retornar-ao-brasil\/","url":"https:\/\/www.gaveanews.com\/index.php\/2021\/06\/27\/na-mira-do-flamengo-thiago-mendes-tem-intencao-de-retornar-ao-brasil\/","name":"Na mira do Flamengo, Thiago Mendes tem inten\u00e7\u00e3o de retornar ao Brasil","isPartOf":{"@id":"https:\/\/www.gaveanews.com\/#website"},"primaryImageOfPage":{"@id":"https:\/\/www.gaveanews.com\/index.php\/2021\/06\/27\/na-mira-do-flamengo-thiago-mendes-tem-intencao-de-retornar-ao-brasil\/#primaryimage"},"image":{"@id":"https:\/\/www.gaveanews.com\/index.php\/2021\/06\/27\/na-mira-do-flamengo-thiago-mendes-tem-intencao-de-retornar-ao-brasil\/#primaryimage"},"thumbnailUrl":"https:\/\/www.gaveanews.com\/wp-content\/uploads\/Thiago-Mendes-e-Rogerio-Ceni-durante-uma-partida-do-Sao-Paulo.webp","datePublished":"2021-06-28T01:28:40+00:00","dateModified":"2021-06-28T01:28:42+00:00","author":{"@id":"https:\/\/www.gaveanews.com\/#\/schema\/person\/2ec14f73fb96be2caf28f91afb14749d"},"breadcrumb":{"@id":"https:\/\/www.gaveanews.com\/index.php\/2021\/06\/27\/na-mira-do-flamengo-thiago-mendes-tem-intencao-de-retornar-ao-brasil\/#breadcrumb"},"inLanguage":"pt-BR","potentialAction":[{"@type":"ReadAction","target":["https:\/\/www.gaveanews.com\/index.php\/2021\/06\/27\/na-mira-do-flamengo-thiago-mendes-tem-intencao-de-retornar-ao-brasil\/"]}]},{"@type":"ImageObject","inLanguage":"pt-BR","@id":"https:\/\/www.gaveanews.com\/index.php\/2021\/06\/27\/na-mira-do-flamengo-thiago-mendes-tem-intencao-de-retornar-ao-brasil\/#primaryimage","url":"https:\/\/www.gaveanews.com\/wp-content\/uploads\/Thiago-Mendes-e-Rogerio-Ceni-durante-uma-partida-do-Sao-Paulo.webp","contentUrl":"https:\/\/www.gaveanews.com\/wp-content\/uploads\/Thiago-Mendes-e-Rogerio-Ceni-durante-uma-partida-do-Sao-Paulo.webp","width":984,"height":617,"caption":"Thiago Mendes e Rog\u00e9rio Ceni durante uma partida do S\u00e3o Paulo (Foto: Rubens Chiri\/S\u00e3o Paulo)"},{"@type":"BreadcrumbList","@id":"https:\/\/www.gaveanews.com\/index.php\/2021\/06\/27\/na-mira-do-flamengo-thiago-mendes-tem-intencao-de-retornar-ao-brasil\/#breadcrumb","itemListElement":[{"@type":"ListItem","position":1,"name":"Home","item":"https:\/\/www.gaveanews.com\/"},{"@type":"ListItem","position":2,"name":"Na mira do Flamengo, Thiago Mendes tem inten\u00e7\u00e3o de retornar ao Brasil"}]},{"@type":"WebSite","@id":"https:\/\/www.gaveanews.com\/#website","url":"https:\/\/www.gaveanews.com\/","name":"G\u00e1vea News","description":"Veja todas as not\u00edcias sobre o Flamengo: Contrata\u00e7\u00f5es, categorias de base, resultados das partidas, tabela de classifica\u00e7\u00e3o, pr\u00f3ximos jogos!","potentialAction":[{"@type":"SearchAction","target":{"@type":"EntryPoint","urlTemplate":"https:\/\/www.gaveanews.com\/?s={search_term_string}"},"query-input":{"@type":"PropertyValueSpecification","valueRequired":true,"valueName":"search_term_string"}}],"inLanguage":"pt-BR"},{"@type":"Person","@id":"https:\/\/www.gaveanews.com\/#\/schema\/person\/2ec14f73fb96be2caf28f91afb14749d","name":"Equipe G\u00e1vea News","image":{"@type":"ImageObject","inLanguage":"pt-BR","@id":"https:\/\/www.gaveanews.com\/#\/schema\/person\/image\/","url":"https:\/\/secure.gravatar.com\/avatar\/1e1956f1facbffd3f8fa53a326721950116b3b9dc9bd44939c01180fd4a745a9?s=96&d=mm&r=g","contentUrl":"https:\/\/secure.gravatar.com\/avatar\/1e1956f1facbffd3f8fa53a326721950116b3b9dc9bd44939c01180fd4a745a9?s=96&d=mm&r=g","caption":"Equipe G\u00e1vea News"}}]}},"_links":{"self":[{"href":"https:\/\/www.gaveanews.com\/index.php\/wp-json\/wp\/v2\/posts\/63645","targetHints":{"allow":["GET"]}}],"collection":[{"href":"https:\/\/www.gaveanews.com\/index.php\/wp-json\/wp\/v2\/posts"}],"about":[{"href":"https:\/\/www.gaveanews.com\/index.php\/wp-json\/wp\/v2\/types\/post"}],"author":[{"embeddable":true,"href":"https:\/\/www.gaveanews.com\/index.php\/wp-json\/wp\/v2\/users\/1"}],"replies":[{"embeddable":true,"href":"https:\/\/www.gaveanews.com\/index.php\/wp-json\/wp\/v2\/comments?post=63645"}],"version-history":[{"count":0,"href":"https:\/\/www.gaveanews.com\/index.php\/wp-json\/wp\/v2\/posts\/63645\/revisions"}],"wp:featuredmedia":[{"embeddable":true,"href":"https:\/\/www.gaveanews.com\/index.php\/wp-json\/wp\/v2\/media\/63302"}],"wp:attachment":[{"href":"https:\/\/www.gaveanews.com\/index.php\/wp-json\/wp\/v2\/media?parent=63645"}],"wp:term":[{"taxonomy":"category","embeddable":true,"href":"https:\/\/www.gaveanews.com\/index.php\/wp-json\/wp\/v2\/categories?post=63645"},{"taxonomy":"post_tag","embeddable":true,"href":"https:\/\/www.gaveanews.com\/index.php\/wp-json\/wp\/v2\/tags?post=63645"}],"curies":[{"name":"wp","href":"https:\/\/api.w.org\/{rel}","templated":true}]}}