{"id":63647,"date":"2021-06-27T23:07:03","date_gmt":"2021-06-28T02:07:03","guid":{"rendered":"https:\/\/www.gaveanews.com\/?p=63647"},"modified":"2021-06-27T23:07:06","modified_gmt":"2021-06-28T02:07:06","slug":"jornalista-destaca-pressao-sobre-gabigol-precisa-aproveitar-as-chances-rapidamente","status":"publish","type":"post","link":"https:\/\/www.gaveanews.com\/index.php\/2021\/06\/27\/jornalista-destaca-pressao-sobre-gabigol-precisa-aproveitar-as-chances-rapidamente\/","title":{"rendered":"Jornalista destaca press\u00e3o sobre Gabigol: &#8220;Precisa aproveitar as chances rapidamente&#8221;"},"content":{"rendered":"\n<p>Apagado no confronto diante do Equador, Gabigol segue pressionado por melhores apresenta\u00e7\u00f5es na Sele\u00e7\u00e3o Brasileira. \u00c9 o que destaca o jornalista Gian Oddi, da ESPN. No programa &#8220;Linha de Passe&#8221; deste domingo, o comentarista destacou que o atacante rubro-negro precisa continuar tendo oportunidades com amarelinha, mas cravou que Gabriel Barbosa precisa aproveit\u00e1-las &#8220;rapidamente&#8221; para n\u00e3o perder espa\u00e7o.<\/p>\n\n\n\n<p>Gian Oddi afirmou que Gabigol n\u00e3o vai ter a favor uma &#8216;lista de coisas que ser\u00e3o necess\u00e1rias&#8217; para que o atacante permane\u00e7a na Sele\u00e7\u00e3o Brasileira.<\/p>\n\n\n\n<p><strong><em>\u2014 Eu defendo o Gabigol. Acho que ele precisa ser testado na Copa Am\u00e9rica inteira e ganhar o m\u00e1ximo de chances poss\u00edveis pela qualidade t\u00e9cnica e o jogador que \u00e9. Mas n\u00e3o d\u00e1 pra ter uma lista de coisas que v\u00e3o ser necess\u00e1rias para o Gabigol dar certo. Sele\u00e7\u00e3o Brasileira \u00e9 assim. Infelizmente, s\u00e3o poucos jogos, tiros curtos que voc\u00ea tem que aproveitar as oportunidades que tem<\/em><\/strong> &#8211; come\u00e7ou o jornalista.<\/p>\n\n\n\n<p>Gian Oddi completa relembrando casos de jogadores que foram marcados por atua\u00e7\u00f5es apagadas na Sele\u00e7\u00e3o e que jamais recuperaram o espa\u00e7o conquistado.<\/p>\n\n\n\n<p><strong><em>\u2014 J\u00e1 vimos muito jogador ser desprezado da Sele\u00e7\u00e3o, apesar de jogar muita bola em seu clube, por conta de dois ou tr\u00eas jogos em que n\u00e3o conseguiu apresentar aquilo que apresentava no clube<\/em><\/strong> &#8211; afirmou.<\/p>\n\n\n\n<p>Por fim, o comentarista pontua que Gabigol ostenta a vantagem de n\u00e3o ter jogadores da posi\u00e7\u00e3o em disputa por vaga, mas que o atacante precisa aproveitar &#8216;rapidamente&#8217; as chances que recebe.<\/p>\n\n\n\n<p><strong><em>\u2014 Sinceramente, n\u00e3o vejo rivais para o Gabigol como centroavante. \u00c9 claro que o Tite tem outros jogadores que podem jogar por ali. At\u00e9 mesmo jogadores que s\u00e3o mais \u00fateis para o time e que ele confia. Mas acho que o Gabigol precisa aproveitar mais rapidamente as chances que tem. N\u00e3o d\u00e1 para ter tudo a disposi\u00e7\u00e3o: O time criando um &#8216;caminh\u00e3o&#8217; de oportunidades ou ele estar bem psicologicamente<\/em><\/strong> &#8211; concluiu.<\/p>\n\n\n\n<p>O pr\u00f3ximo jogo do Brasil na Copa Am\u00e9rica est\u00e1 marcado para o dia 2 de julho, sexta-feira, \u00e0s 21h00.<\/p>\n\n\n\n<p>Retirado de: Lance<\/p>\n","protected":false},"excerpt":{"rendered":"<p>Apagado no confronto diante do Equador, Gabigol segue pressionado por melhores apresenta\u00e7\u00f5es na Sele\u00e7\u00e3o Brasileira. \u00c9 o que destaca o jornalista Gian Oddi, da ESPN. No programa &#8220;Linha de Passe&#8221; deste domingo, o comentarista destacou que o atacante rubro-negro precisa continuar tendo oportunidades com amarelinha, mas cravou que Gabriel Barbosa precisa aproveit\u00e1-las &#8220;rapidamente&#8221; para n\u00e3o [&hellip;]<\/p>\n","protected":false},"author":1,"featured_media":63079,"comment_status":"open","ping_status":"closed","sticky":false,"template":"","format":"standard","meta":{"footnotes":""},"categories":[1],"tags":[],"class_list":["post-63647","post","type-post","status-publish","format-standard","has-post-thumbnail","hentry","category-flamengo"],"yoast_head":"<!-- This site is optimized with the Yoast SEO Premium plugin v24.2 (Yoast SEO v26.9) - https:\/\/yoast.com\/product\/yoast-seo-premium-wordpress\/ -->\n<title>Jornalista destaca press\u00e3o sobre Gabigol: &quot;Precisa aproveitar as chances rapidamente&quot;<\/title>\n<meta name=\"robots\" content=\"index, follow, max-snippet:-1, max-image-preview:large, max-video-preview:-1\" \/>\n<link rel=\"canonical\" href=\"https:\/\/www.gaveanews.com\/index.php\/2021\/06\/27\/jornalista-destaca-pressao-sobre-gabigol-precisa-aproveitar-as-chances-rapidamente\/\" \/>\n<meta property=\"og:locale\" content=\"pt_BR\" \/>\n<meta property=\"og:type\" content=\"article\" \/>\n<meta property=\"og:title\" content=\"Jornalista destaca press\u00e3o sobre Gabigol: &quot;Precisa aproveitar as chances rapidamente&quot;\" \/>\n<meta property=\"og:description\" content=\"Apagado no confronto diante do Equador, Gabigol segue pressionado por melhores apresenta\u00e7\u00f5es na Sele\u00e7\u00e3o Brasileira. \u00c9 o que destaca o jornalista Gian Oddi, da ESPN. No programa &#8220;Linha de Passe&#8221; deste domingo, o comentarista destacou que o atacante rubro-negro precisa continuar tendo oportunidades com amarelinha, mas cravou que Gabriel Barbosa precisa aproveit\u00e1-las &#8220;rapidamente&#8221; para n\u00e3o [&hellip;]\" \/>\n<meta property=\"og:url\" content=\"https:\/\/www.gaveanews.com\/index.php\/2021\/06\/27\/jornalista-destaca-pressao-sobre-gabigol-precisa-aproveitar-as-chances-rapidamente\/\" \/>\n<meta property=\"og:site_name\" content=\"G\u00e1vea News\" \/>\n<meta property=\"article:publisher\" content=\"https:\/\/facebook.com\/gaveaNews\/\" \/>\n<meta property=\"article:published_time\" content=\"2021-06-28T02:07:03+00:00\" \/>\n<meta property=\"article:modified_time\" content=\"2021-06-28T02:07:06+00:00\" \/>\n<meta property=\"og:image\" content=\"https:\/\/www.gaveanews.com\/wp-content\/uploads\/Gabigol-comemorando-gol-marcado-pela-Selecao-Brasileira-na-Copa-America.webp\" \/>\n\t<meta property=\"og:image:width\" content=\"640\" \/>\n\t<meta property=\"og:image:height\" content=\"400\" \/>\n\t<meta property=\"og:image:type\" content=\"image\/png\" \/>\n<meta name=\"author\" content=\"Equipe G\u00e1vea News\" \/>\n<meta name=\"twitter:card\" content=\"summary_large_image\" \/>\n<meta name=\"twitter:label1\" content=\"Escrito por\" \/>\n\t<meta name=\"twitter:data1\" content=\"Equipe G\u00e1vea News\" \/>\n\t<meta name=\"twitter:label2\" content=\"Est. tempo de leitura\" \/>\n\t<meta name=\"twitter:data2\" content=\"2 minutos\" \/>\n<script type=\"application\/ld+json\" class=\"yoast-schema-graph\">{\"@context\":\"https:\/\/schema.org\",\"@graph\":[{\"@type\":\"NewsArticle\",\"@id\":\"https:\/\/www.gaveanews.com\/index.php\/2021\/06\/27\/jornalista-destaca-pressao-sobre-gabigol-precisa-aproveitar-as-chances-rapidamente\/#article\",\"isPartOf\":{\"@id\":\"https:\/\/www.gaveanews.com\/index.php\/2021\/06\/27\/jornalista-destaca-pressao-sobre-gabigol-precisa-aproveitar-as-chances-rapidamente\/\"},\"author\":{\"name\":\"Equipe G\u00e1vea News\",\"@id\":\"https:\/\/www.gaveanews.com\/#\/schema\/person\/2ec14f73fb96be2caf28f91afb14749d\"},\"headline\":\"Jornalista destaca press\u00e3o sobre Gabigol: &#8220;Precisa aproveitar as chances rapidamente&#8221;\",\"datePublished\":\"2021-06-28T02:07:03+00:00\",\"dateModified\":\"2021-06-28T02:07:06+00:00\",\"mainEntityOfPage\":{\"@id\":\"https:\/\/www.gaveanews.com\/index.php\/2021\/06\/27\/jornalista-destaca-pressao-sobre-gabigol-precisa-aproveitar-as-chances-rapidamente\/\"},\"wordCount\":373,\"commentCount\":6,\"image\":{\"@id\":\"https:\/\/www.gaveanews.com\/index.php\/2021\/06\/27\/jornalista-destaca-pressao-sobre-gabigol-precisa-aproveitar-as-chances-rapidamente\/#primaryimage\"},\"thumbnailUrl\":\"https:\/\/www.gaveanews.com\/wp-content\/uploads\/Gabigol-comemorando-gol-marcado-pela-Selecao-Brasileira-na-Copa-America.webp\",\"articleSection\":[\"Flamengo\"],\"inLanguage\":\"pt-BR\",\"potentialAction\":[{\"@type\":\"CommentAction\",\"name\":\"Comment\",\"target\":[\"https:\/\/www.gaveanews.com\/index.php\/2021\/06\/27\/jornalista-destaca-pressao-sobre-gabigol-precisa-aproveitar-as-chances-rapidamente\/#respond\"]}],\"copyrightYear\":\"2021\",\"copyrightHolder\":{\"@id\":\"https:\/\/www.gaveanews.com\/#organization\"}},{\"@type\":\"WebPage\",\"@id\":\"https:\/\/www.gaveanews.com\/index.php\/2021\/06\/27\/jornalista-destaca-pressao-sobre-gabigol-precisa-aproveitar-as-chances-rapidamente\/\",\"url\":\"https:\/\/www.gaveanews.com\/index.php\/2021\/06\/27\/jornalista-destaca-pressao-sobre-gabigol-precisa-aproveitar-as-chances-rapidamente\/\",\"name\":\"Jornalista destaca press\u00e3o sobre Gabigol: \\\"Precisa aproveitar as chances rapidamente\\\"\",\"isPartOf\":{\"@id\":\"https:\/\/www.gaveanews.com\/#website\"},\"primaryImageOfPage\":{\"@id\":\"https:\/\/www.gaveanews.com\/index.php\/2021\/06\/27\/jornalista-destaca-pressao-sobre-gabigol-precisa-aproveitar-as-chances-rapidamente\/#primaryimage\"},\"image\":{\"@id\":\"https:\/\/www.gaveanews.com\/index.php\/2021\/06\/27\/jornalista-destaca-pressao-sobre-gabigol-precisa-aproveitar-as-chances-rapidamente\/#primaryimage\"},\"thumbnailUrl\":\"https:\/\/www.gaveanews.com\/wp-content\/uploads\/Gabigol-comemorando-gol-marcado-pela-Selecao-Brasileira-na-Copa-America.webp\",\"datePublished\":\"2021-06-28T02:07:03+00:00\",\"dateModified\":\"2021-06-28T02:07:06+00:00\",\"author\":{\"@id\":\"https:\/\/www.gaveanews.com\/#\/schema\/person\/2ec14f73fb96be2caf28f91afb14749d\"},\"breadcrumb\":{\"@id\":\"https:\/\/www.gaveanews.com\/index.php\/2021\/06\/27\/jornalista-destaca-pressao-sobre-gabigol-precisa-aproveitar-as-chances-rapidamente\/#breadcrumb\"},\"inLanguage\":\"pt-BR\",\"potentialAction\":[{\"@type\":\"ReadAction\",\"target\":[\"https:\/\/www.gaveanews.com\/index.php\/2021\/06\/27\/jornalista-destaca-pressao-sobre-gabigol-precisa-aproveitar-as-chances-rapidamente\/\"]}]},{\"@type\":\"ImageObject\",\"inLanguage\":\"pt-BR\",\"@id\":\"https:\/\/www.gaveanews.com\/index.php\/2021\/06\/27\/jornalista-destaca-pressao-sobre-gabigol-precisa-aproveitar-as-chances-rapidamente\/#primaryimage\",\"url\":\"https:\/\/www.gaveanews.com\/wp-content\/uploads\/Gabigol-comemorando-gol-marcado-pela-Selecao-Brasileira-na-Copa-America.webp\",\"contentUrl\":\"https:\/\/www.gaveanews.com\/wp-content\/uploads\/Gabigol-comemorando-gol-marcado-pela-Selecao-Brasileira-na-Copa-America.webp\",\"width\":640,\"height\":400,\"caption\":\"Gabigol comemorando gol marcado pela Sele\u00e7\u00e3o Brasileira na Copa Am\u00e9rica (Foto: Reprodu\u00e7\u00e3o\/CBF)\"},{\"@type\":\"BreadcrumbList\",\"@id\":\"https:\/\/www.gaveanews.com\/index.php\/2021\/06\/27\/jornalista-destaca-pressao-sobre-gabigol-precisa-aproveitar-as-chances-rapidamente\/#breadcrumb\",\"itemListElement\":[{\"@type\":\"ListItem\",\"position\":1,\"name\":\"Home\",\"item\":\"https:\/\/www.gaveanews.com\/\"},{\"@type\":\"ListItem\",\"position\":2,\"name\":\"Jornalista destaca press\u00e3o sobre Gabigol: &#8220;Precisa aproveitar as chances rapidamente&#8221;\"}]},{\"@type\":\"WebSite\",\"@id\":\"https:\/\/www.gaveanews.com\/#website\",\"url\":\"https:\/\/www.gaveanews.com\/\",\"name\":\"G\u00e1vea News\",\"description\":\"Veja todas as not\u00edcias sobre o Flamengo: Contrata\u00e7\u00f5es, categorias de base, resultados das partidas, tabela de classifica\u00e7\u00e3o, pr\u00f3ximos jogos!\",\"potentialAction\":[{\"@type\":\"SearchAction\",\"target\":{\"@type\":\"EntryPoint\",\"urlTemplate\":\"https:\/\/www.gaveanews.com\/?s={search_term_string}\"},\"query-input\":{\"@type\":\"PropertyValueSpecification\",\"valueRequired\":true,\"valueName\":\"search_term_string\"}}],\"inLanguage\":\"pt-BR\"},{\"@type\":\"Person\",\"@id\":\"https:\/\/www.gaveanews.com\/#\/schema\/person\/2ec14f73fb96be2caf28f91afb14749d\",\"name\":\"Equipe G\u00e1vea News\",\"image\":{\"@type\":\"ImageObject\",\"inLanguage\":\"pt-BR\",\"@id\":\"https:\/\/www.gaveanews.com\/#\/schema\/person\/image\/\",\"url\":\"https:\/\/secure.gravatar.com\/avatar\/1e1956f1facbffd3f8fa53a326721950116b3b9dc9bd44939c01180fd4a745a9?s=96&d=mm&r=g\",\"contentUrl\":\"https:\/\/secure.gravatar.com\/avatar\/1e1956f1facbffd3f8fa53a326721950116b3b9dc9bd44939c01180fd4a745a9?s=96&d=mm&r=g\",\"caption\":\"Equipe G\u00e1vea News\"}}]}<\/script>\n<!-- \/ Yoast SEO Premium plugin. -->","yoast_head_json":{"title":"Jornalista destaca press\u00e3o sobre Gabigol: \"Precisa aproveitar as chances rapidamente\"","robots":{"index":"index","follow":"follow","max-snippet":"max-snippet:-1","max-image-preview":"max-image-preview:large","max-video-preview":"max-video-preview:-1"},"canonical":"https:\/\/www.gaveanews.com\/index.php\/2021\/06\/27\/jornalista-destaca-pressao-sobre-gabigol-precisa-aproveitar-as-chances-rapidamente\/","og_locale":"pt_BR","og_type":"article","og_title":"Jornalista destaca press\u00e3o sobre Gabigol: \"Precisa aproveitar as chances rapidamente\"","og_description":"Apagado no confronto diante do Equador, Gabigol segue pressionado por melhores apresenta\u00e7\u00f5es na Sele\u00e7\u00e3o Brasileira. \u00c9 o que destaca o jornalista Gian Oddi, da ESPN. No programa &#8220;Linha de Passe&#8221; deste domingo, o comentarista destacou que o atacante rubro-negro precisa continuar tendo oportunidades com amarelinha, mas cravou que Gabriel Barbosa precisa aproveit\u00e1-las &#8220;rapidamente&#8221; para n\u00e3o [&hellip;]","og_url":"https:\/\/www.gaveanews.com\/index.php\/2021\/06\/27\/jornalista-destaca-pressao-sobre-gabigol-precisa-aproveitar-as-chances-rapidamente\/","og_site_name":"G\u00e1vea News","article_publisher":"https:\/\/facebook.com\/gaveaNews\/","article_published_time":"2021-06-28T02:07:03+00:00","article_modified_time":"2021-06-28T02:07:06+00:00","og_image":[{"width":640,"height":400,"url":"https:\/\/www.gaveanews.com\/wp-content\/uploads\/Gabigol-comemorando-gol-marcado-pela-Selecao-Brasileira-na-Copa-America.webp","type":"image\/png"}],"author":"Equipe G\u00e1vea News","twitter_card":"summary_large_image","twitter_misc":{"Escrito por":"Equipe G\u00e1vea News","Est. tempo de leitura":"2 minutos"},"schema":{"@context":"https:\/\/schema.org","@graph":[{"@type":"NewsArticle","@id":"https:\/\/www.gaveanews.com\/index.php\/2021\/06\/27\/jornalista-destaca-pressao-sobre-gabigol-precisa-aproveitar-as-chances-rapidamente\/#article","isPartOf":{"@id":"https:\/\/www.gaveanews.com\/index.php\/2021\/06\/27\/jornalista-destaca-pressao-sobre-gabigol-precisa-aproveitar-as-chances-rapidamente\/"},"author":{"name":"Equipe G\u00e1vea News","@id":"https:\/\/www.gaveanews.com\/#\/schema\/person\/2ec14f73fb96be2caf28f91afb14749d"},"headline":"Jornalista destaca press\u00e3o sobre Gabigol: &#8220;Precisa aproveitar as chances rapidamente&#8221;","datePublished":"2021-06-28T02:07:03+00:00","dateModified":"2021-06-28T02:07:06+00:00","mainEntityOfPage":{"@id":"https:\/\/www.gaveanews.com\/index.php\/2021\/06\/27\/jornalista-destaca-pressao-sobre-gabigol-precisa-aproveitar-as-chances-rapidamente\/"},"wordCount":373,"commentCount":6,"image":{"@id":"https:\/\/www.gaveanews.com\/index.php\/2021\/06\/27\/jornalista-destaca-pressao-sobre-gabigol-precisa-aproveitar-as-chances-rapidamente\/#primaryimage"},"thumbnailUrl":"https:\/\/www.gaveanews.com\/wp-content\/uploads\/Gabigol-comemorando-gol-marcado-pela-Selecao-Brasileira-na-Copa-America.webp","articleSection":["Flamengo"],"inLanguage":"pt-BR","potentialAction":[{"@type":"CommentAction","name":"Comment","target":["https:\/\/www.gaveanews.com\/index.php\/2021\/06\/27\/jornalista-destaca-pressao-sobre-gabigol-precisa-aproveitar-as-chances-rapidamente\/#respond"]}],"copyrightYear":"2021","copyrightHolder":{"@id":"https:\/\/www.gaveanews.com\/#organization"}},{"@type":"WebPage","@id":"https:\/\/www.gaveanews.com\/index.php\/2021\/06\/27\/jornalista-destaca-pressao-sobre-gabigol-precisa-aproveitar-as-chances-rapidamente\/","url":"https:\/\/www.gaveanews.com\/index.php\/2021\/06\/27\/jornalista-destaca-pressao-sobre-gabigol-precisa-aproveitar-as-chances-rapidamente\/","name":"Jornalista destaca press\u00e3o sobre Gabigol: \"Precisa aproveitar as chances rapidamente\"","isPartOf":{"@id":"https:\/\/www.gaveanews.com\/#website"},"primaryImageOfPage":{"@id":"https:\/\/www.gaveanews.com\/index.php\/2021\/06\/27\/jornalista-destaca-pressao-sobre-gabigol-precisa-aproveitar-as-chances-rapidamente\/#primaryimage"},"image":{"@id":"https:\/\/www.gaveanews.com\/index.php\/2021\/06\/27\/jornalista-destaca-pressao-sobre-gabigol-precisa-aproveitar-as-chances-rapidamente\/#primaryimage"},"thumbnailUrl":"https:\/\/www.gaveanews.com\/wp-content\/uploads\/Gabigol-comemorando-gol-marcado-pela-Selecao-Brasileira-na-Copa-America.webp","datePublished":"2021-06-28T02:07:03+00:00","dateModified":"2021-06-28T02:07:06+00:00","author":{"@id":"https:\/\/www.gaveanews.com\/#\/schema\/person\/2ec14f73fb96be2caf28f91afb14749d"},"breadcrumb":{"@id":"https:\/\/www.gaveanews.com\/index.php\/2021\/06\/27\/jornalista-destaca-pressao-sobre-gabigol-precisa-aproveitar-as-chances-rapidamente\/#breadcrumb"},"inLanguage":"pt-BR","potentialAction":[{"@type":"ReadAction","target":["https:\/\/www.gaveanews.com\/index.php\/2021\/06\/27\/jornalista-destaca-pressao-sobre-gabigol-precisa-aproveitar-as-chances-rapidamente\/"]}]},{"@type":"ImageObject","inLanguage":"pt-BR","@id":"https:\/\/www.gaveanews.com\/index.php\/2021\/06\/27\/jornalista-destaca-pressao-sobre-gabigol-precisa-aproveitar-as-chances-rapidamente\/#primaryimage","url":"https:\/\/www.gaveanews.com\/wp-content\/uploads\/Gabigol-comemorando-gol-marcado-pela-Selecao-Brasileira-na-Copa-America.webp","contentUrl":"https:\/\/www.gaveanews.com\/wp-content\/uploads\/Gabigol-comemorando-gol-marcado-pela-Selecao-Brasileira-na-Copa-America.webp","width":640,"height":400,"caption":"Gabigol comemorando gol marcado pela Sele\u00e7\u00e3o Brasileira na Copa Am\u00e9rica (Foto: Reprodu\u00e7\u00e3o\/CBF)"},{"@type":"BreadcrumbList","@id":"https:\/\/www.gaveanews.com\/index.php\/2021\/06\/27\/jornalista-destaca-pressao-sobre-gabigol-precisa-aproveitar-as-chances-rapidamente\/#breadcrumb","itemListElement":[{"@type":"ListItem","position":1,"name":"Home","item":"https:\/\/www.gaveanews.com\/"},{"@type":"ListItem","position":2,"name":"Jornalista destaca press\u00e3o sobre Gabigol: &#8220;Precisa aproveitar as chances rapidamente&#8221;"}]},{"@type":"WebSite","@id":"https:\/\/www.gaveanews.com\/#website","url":"https:\/\/www.gaveanews.com\/","name":"G\u00e1vea News","description":"Veja todas as not\u00edcias sobre o Flamengo: Contrata\u00e7\u00f5es, categorias de base, resultados das partidas, tabela de classifica\u00e7\u00e3o, pr\u00f3ximos jogos!","potentialAction":[{"@type":"SearchAction","target":{"@type":"EntryPoint","urlTemplate":"https:\/\/www.gaveanews.com\/?s={search_term_string}"},"query-input":{"@type":"PropertyValueSpecification","valueRequired":true,"valueName":"search_term_string"}}],"inLanguage":"pt-BR"},{"@type":"Person","@id":"https:\/\/www.gaveanews.com\/#\/schema\/person\/2ec14f73fb96be2caf28f91afb14749d","name":"Equipe G\u00e1vea News","image":{"@type":"ImageObject","inLanguage":"pt-BR","@id":"https:\/\/www.gaveanews.com\/#\/schema\/person\/image\/","url":"https:\/\/secure.gravatar.com\/avatar\/1e1956f1facbffd3f8fa53a326721950116b3b9dc9bd44939c01180fd4a745a9?s=96&d=mm&r=g","contentUrl":"https:\/\/secure.gravatar.com\/avatar\/1e1956f1facbffd3f8fa53a326721950116b3b9dc9bd44939c01180fd4a745a9?s=96&d=mm&r=g","caption":"Equipe G\u00e1vea News"}}]}},"_links":{"self":[{"href":"https:\/\/www.gaveanews.com\/index.php\/wp-json\/wp\/v2\/posts\/63647","targetHints":{"allow":["GET"]}}],"collection":[{"href":"https:\/\/www.gaveanews.com\/index.php\/wp-json\/wp\/v2\/posts"}],"about":[{"href":"https:\/\/www.gaveanews.com\/index.php\/wp-json\/wp\/v2\/types\/post"}],"author":[{"embeddable":true,"href":"https:\/\/www.gaveanews.com\/index.php\/wp-json\/wp\/v2\/users\/1"}],"replies":[{"embeddable":true,"href":"https:\/\/www.gaveanews.com\/index.php\/wp-json\/wp\/v2\/comments?post=63647"}],"version-history":[{"count":0,"href":"https:\/\/www.gaveanews.com\/index.php\/wp-json\/wp\/v2\/posts\/63647\/revisions"}],"wp:featuredmedia":[{"embeddable":true,"href":"https:\/\/www.gaveanews.com\/index.php\/wp-json\/wp\/v2\/media\/63079"}],"wp:attachment":[{"href":"https:\/\/www.gaveanews.com\/index.php\/wp-json\/wp\/v2\/media?parent=63647"}],"wp:term":[{"taxonomy":"category","embeddable":true,"href":"https:\/\/www.gaveanews.com\/index.php\/wp-json\/wp\/v2\/categories?post=63647"},{"taxonomy":"post_tag","embeddable":true,"href":"https:\/\/www.gaveanews.com\/index.php\/wp-json\/wp\/v2\/tags?post=63647"}],"curies":[{"name":"wp","href":"https:\/\/api.w.org\/{rel}","templated":true}]}}