{"id":63649,"date":"2021-06-27T23:29:40","date_gmt":"2021-06-28T02:29:40","guid":{"rendered":"https:\/\/www.gaveanews.com\/?p=63649"},"modified":"2021-06-27T23:29:43","modified_gmt":"2021-06-28T02:29:43","slug":"cbf-tentou-padronizar-numeros-de-camisas-da-serie-a-antes-da-liga","status":"publish","type":"post","link":"https:\/\/www.gaveanews.com\/index.php\/2021\/06\/27\/cbf-tentou-padronizar-numeros-de-camisas-da-serie-a-antes-da-liga\/","title":{"rendered":"CBF tentou padronizar n\u00fameros de camisas da S\u00e9rie A antes da Liga"},"content":{"rendered":"\n<p>A CBF apresentou um projeto aos clubes da S\u00e9rie A para padronizar os n\u00fameros das suas camisas. Inspirada em ligas europeias, a ideia foi apresentada antes de as agremia\u00e7\u00f5es decidirem formar uma liga. Houve algumas resist\u00eancias e at\u00e9 agora n\u00e3o emplacou o projeto em larga escala.<\/p>\n\n\n\n<p>Ligas europeias t\u00eam uma identidade visual por meio da numera\u00e7\u00e3o padr\u00e3o dos clubes. Uma s\u00f3 empresa faz os n\u00fameros, licencia e explora comercialmente, revertendo uma parte da renda para as pr\u00f3prias agremia\u00e7\u00f5es. Como s\u00e3o s\u00f3cios das ligas, os pr\u00f3prios clubes decidem sobre o neg\u00f3cio.<\/p>\n\n\n\n<p>No Brasil, uma empresa apresentou a ideia \u00e0 CBF que apresentou para os clubes em uma reuni\u00e3o. Houve resist\u00eancia de parte dos dirigentes e n\u00e3o houve ades\u00e3o em massa como se observa nos uniformes exibidos no Brasileiro.<\/p>\n\n\n\n<p>Os argumentos desses clubes s\u00e3o de que t\u00eam compromissos com seus fornecedores de identidade visual espec\u00edfica. Al\u00e9m disso, entendem que n\u00e3o faz sentido impor um s\u00f3 fornecedor de n\u00famero para todas as agremia\u00e7\u00f5es da S\u00e9rie A. Outra quest\u00e3o apontada \u00e9 que o Brasileiro controlado pela CBF n\u00e3o \u00e9 uma liga que negocia seus ativos em conjunto.<\/p>\n\n\n\n<p>Alguns clubes, no entanto, toparam adotar os n\u00fameros padr\u00e3o da CBF.<\/p>\n\n\n\n<p>A CBF explicou que a inten\u00e7\u00e3o \u00e9 criar uma possibilidade de economia e de renda para os clubes. Isso porque alguns pagam para a inclus\u00e3o desses n\u00fameros em suas camisas, o que passaria a ser fornecido de gra\u00e7a. Al\u00e9m disso, haveria um licenciamento que permitiria a venda desses n\u00fameros para torcedores gerando renda para os clubes.<\/p>\n\n\n\n<p>O projeto \u00e9 piloto e, portanto, n\u00e3o \u00e9 obrigat\u00f3rio. A inten\u00e7\u00e3o da CBF era avan\u00e7ar na ideia e depois discutir no Conselho T\u00e9cnico da S\u00e9rie A a inclus\u00e3o dos n\u00fameros padr\u00e3o no regulamento.<\/p>\n\n\n\n<p>A quest\u00e3o \u00e9 que, depois disso, os clubes optaram pela forma\u00e7\u00e3o de uma Liga para passar a organizar o Brasileiro. A ideia \u00e9 que isso ocorra j\u00e1 em 2022. Ou seja, neste contexto, passaria a n\u00e3o fazer sentido a ideia de a CBF tentar padronizar n\u00fameros do campeonato se as agremia\u00e7\u00f5es querem desenvolver todos os seus ativos econ\u00f4micos por conta pr\u00f3pria.<\/p>\n\n\n\n<p>Retirado de: UOL<\/p>\n","protected":false},"excerpt":{"rendered":"<p>A CBF apresentou um projeto aos clubes da S\u00e9rie A para padronizar os n\u00fameros das suas camisas. Inspirada em ligas europeias, a ideia foi apresentada antes de as agremia\u00e7\u00f5es decidirem formar uma liga. Houve algumas resist\u00eancias e at\u00e9 agora n\u00e3o emplacou o projeto em larga escala. Ligas europeias t\u00eam uma identidade visual por meio da [&hellip;]<\/p>\n","protected":false},"author":1,"featured_media":16271,"comment_status":"open","ping_status":"closed","sticky":false,"template":"","format":"standard","meta":{"footnotes":""},"categories":[1],"tags":[],"class_list":["post-63649","post","type-post","status-publish","format-standard","has-post-thumbnail","hentry","category-flamengo"],"yoast_head":"<!-- This site is optimized with the Yoast SEO Premium plugin v24.2 (Yoast SEO v26.9) - https:\/\/yoast.com\/product\/yoast-seo-premium-wordpress\/ -->\n<title>CBF tentou padronizar n\u00fameros de camisas da S\u00e9rie A antes da Liga<\/title>\n<meta name=\"robots\" content=\"index, follow, max-snippet:-1, max-image-preview:large, max-video-preview:-1\" \/>\n<link rel=\"canonical\" href=\"https:\/\/www.gaveanews.com\/index.php\/2021\/06\/27\/cbf-tentou-padronizar-numeros-de-camisas-da-serie-a-antes-da-liga\/\" \/>\n<meta property=\"og:locale\" content=\"pt_BR\" \/>\n<meta property=\"og:type\" content=\"article\" \/>\n<meta property=\"og:title\" content=\"CBF tentou padronizar n\u00fameros de camisas da S\u00e9rie A antes da Liga\" \/>\n<meta property=\"og:description\" content=\"A CBF apresentou um projeto aos clubes da S\u00e9rie A para padronizar os n\u00fameros das suas camisas. Inspirada em ligas europeias, a ideia foi apresentada antes de as agremia\u00e7\u00f5es decidirem formar uma liga. Houve algumas resist\u00eancias e at\u00e9 agora n\u00e3o emplacou o projeto em larga escala. Ligas europeias t\u00eam uma identidade visual por meio da [&hellip;]\" \/>\n<meta property=\"og:url\" content=\"https:\/\/www.gaveanews.com\/index.php\/2021\/06\/27\/cbf-tentou-padronizar-numeros-de-camisas-da-serie-a-antes-da-liga\/\" \/>\n<meta property=\"og:site_name\" content=\"G\u00e1vea News\" \/>\n<meta property=\"article:publisher\" content=\"https:\/\/facebook.com\/gaveaNews\/\" \/>\n<meta property=\"article:published_time\" content=\"2021-06-28T02:29:40+00:00\" \/>\n<meta property=\"article:modified_time\" content=\"2021-06-28T02:29:43+00:00\" \/>\n<meta property=\"og:image\" content=\"https:\/\/www.gaveanews.com\/wp-content\/uploads\/2019\/02\/Sede-da-CBF-no-Rio-de-Janeiro.webp\" \/>\n\t<meta property=\"og:image:width\" content=\"690\" \/>\n\t<meta property=\"og:image:height\" content=\"518\" \/>\n\t<meta property=\"og:image:type\" content=\"image\/jpeg\" \/>\n<meta name=\"author\" content=\"Equipe G\u00e1vea News\" \/>\n<meta name=\"twitter:card\" content=\"summary_large_image\" \/>\n<meta name=\"twitter:label1\" content=\"Escrito por\" \/>\n\t<meta name=\"twitter:data1\" content=\"Equipe G\u00e1vea News\" \/>\n\t<meta name=\"twitter:label2\" content=\"Est. tempo de leitura\" \/>\n\t<meta name=\"twitter:data2\" content=\"2 minutos\" \/>\n<script type=\"application\/ld+json\" class=\"yoast-schema-graph\">{\"@context\":\"https:\/\/schema.org\",\"@graph\":[{\"@type\":\"NewsArticle\",\"@id\":\"https:\/\/www.gaveanews.com\/index.php\/2021\/06\/27\/cbf-tentou-padronizar-numeros-de-camisas-da-serie-a-antes-da-liga\/#article\",\"isPartOf\":{\"@id\":\"https:\/\/www.gaveanews.com\/index.php\/2021\/06\/27\/cbf-tentou-padronizar-numeros-de-camisas-da-serie-a-antes-da-liga\/\"},\"author\":{\"name\":\"Equipe G\u00e1vea News\",\"@id\":\"https:\/\/www.gaveanews.com\/#\/schema\/person\/2ec14f73fb96be2caf28f91afb14749d\"},\"headline\":\"CBF tentou padronizar n\u00fameros de camisas da S\u00e9rie A antes da Liga\",\"datePublished\":\"2021-06-28T02:29:40+00:00\",\"dateModified\":\"2021-06-28T02:29:43+00:00\",\"mainEntityOfPage\":{\"@id\":\"https:\/\/www.gaveanews.com\/index.php\/2021\/06\/27\/cbf-tentou-padronizar-numeros-de-camisas-da-serie-a-antes-da-liga\/\"},\"wordCount\":405,\"commentCount\":2,\"image\":{\"@id\":\"https:\/\/www.gaveanews.com\/index.php\/2021\/06\/27\/cbf-tentou-padronizar-numeros-de-camisas-da-serie-a-antes-da-liga\/#primaryimage\"},\"thumbnailUrl\":\"https:\/\/www.gaveanews.com\/wp-content\/uploads\/2019\/02\/Sede-da-CBF-no-Rio-de-Janeiro.webp\",\"articleSection\":[\"Flamengo\"],\"inLanguage\":\"pt-BR\",\"potentialAction\":[{\"@type\":\"CommentAction\",\"name\":\"Comment\",\"target\":[\"https:\/\/www.gaveanews.com\/index.php\/2021\/06\/27\/cbf-tentou-padronizar-numeros-de-camisas-da-serie-a-antes-da-liga\/#respond\"]}],\"copyrightYear\":\"2021\",\"copyrightHolder\":{\"@id\":\"https:\/\/www.gaveanews.com\/#organization\"}},{\"@type\":\"WebPage\",\"@id\":\"https:\/\/www.gaveanews.com\/index.php\/2021\/06\/27\/cbf-tentou-padronizar-numeros-de-camisas-da-serie-a-antes-da-liga\/\",\"url\":\"https:\/\/www.gaveanews.com\/index.php\/2021\/06\/27\/cbf-tentou-padronizar-numeros-de-camisas-da-serie-a-antes-da-liga\/\",\"name\":\"CBF tentou padronizar n\u00fameros de camisas da S\u00e9rie A antes da Liga\",\"isPartOf\":{\"@id\":\"https:\/\/www.gaveanews.com\/#website\"},\"primaryImageOfPage\":{\"@id\":\"https:\/\/www.gaveanews.com\/index.php\/2021\/06\/27\/cbf-tentou-padronizar-numeros-de-camisas-da-serie-a-antes-da-liga\/#primaryimage\"},\"image\":{\"@id\":\"https:\/\/www.gaveanews.com\/index.php\/2021\/06\/27\/cbf-tentou-padronizar-numeros-de-camisas-da-serie-a-antes-da-liga\/#primaryimage\"},\"thumbnailUrl\":\"https:\/\/www.gaveanews.com\/wp-content\/uploads\/2019\/02\/Sede-da-CBF-no-Rio-de-Janeiro.webp\",\"datePublished\":\"2021-06-28T02:29:40+00:00\",\"dateModified\":\"2021-06-28T02:29:43+00:00\",\"author\":{\"@id\":\"https:\/\/www.gaveanews.com\/#\/schema\/person\/2ec14f73fb96be2caf28f91afb14749d\"},\"breadcrumb\":{\"@id\":\"https:\/\/www.gaveanews.com\/index.php\/2021\/06\/27\/cbf-tentou-padronizar-numeros-de-camisas-da-serie-a-antes-da-liga\/#breadcrumb\"},\"inLanguage\":\"pt-BR\",\"potentialAction\":[{\"@type\":\"ReadAction\",\"target\":[\"https:\/\/www.gaveanews.com\/index.php\/2021\/06\/27\/cbf-tentou-padronizar-numeros-de-camisas-da-serie-a-antes-da-liga\/\"]}]},{\"@type\":\"ImageObject\",\"inLanguage\":\"pt-BR\",\"@id\":\"https:\/\/www.gaveanews.com\/index.php\/2021\/06\/27\/cbf-tentou-padronizar-numeros-de-camisas-da-serie-a-antes-da-liga\/#primaryimage\",\"url\":\"https:\/\/www.gaveanews.com\/wp-content\/uploads\/2019\/02\/Sede-da-CBF-no-Rio-de-Janeiro.webp\",\"contentUrl\":\"https:\/\/www.gaveanews.com\/wp-content\/uploads\/2019\/02\/Sede-da-CBF-no-Rio-de-Janeiro.webp\",\"width\":690,\"height\":518,\"caption\":\"Sede da CBF no Rio de Janeiro (Foto: Cah\u00ea Mota\/Globo Esporte)\"},{\"@type\":\"BreadcrumbList\",\"@id\":\"https:\/\/www.gaveanews.com\/index.php\/2021\/06\/27\/cbf-tentou-padronizar-numeros-de-camisas-da-serie-a-antes-da-liga\/#breadcrumb\",\"itemListElement\":[{\"@type\":\"ListItem\",\"position\":1,\"name\":\"Home\",\"item\":\"https:\/\/www.gaveanews.com\/\"},{\"@type\":\"ListItem\",\"position\":2,\"name\":\"CBF tentou padronizar n\u00fameros de camisas da S\u00e9rie A antes da Liga\"}]},{\"@type\":\"WebSite\",\"@id\":\"https:\/\/www.gaveanews.com\/#website\",\"url\":\"https:\/\/www.gaveanews.com\/\",\"name\":\"G\u00e1vea News\",\"description\":\"Veja todas as not\u00edcias sobre o Flamengo: Contrata\u00e7\u00f5es, categorias de base, resultados das partidas, tabela de classifica\u00e7\u00e3o, pr\u00f3ximos jogos!\",\"potentialAction\":[{\"@type\":\"SearchAction\",\"target\":{\"@type\":\"EntryPoint\",\"urlTemplate\":\"https:\/\/www.gaveanews.com\/?s={search_term_string}\"},\"query-input\":{\"@type\":\"PropertyValueSpecification\",\"valueRequired\":true,\"valueName\":\"search_term_string\"}}],\"inLanguage\":\"pt-BR\"},{\"@type\":\"Person\",\"@id\":\"https:\/\/www.gaveanews.com\/#\/schema\/person\/2ec14f73fb96be2caf28f91afb14749d\",\"name\":\"Equipe G\u00e1vea News\",\"image\":{\"@type\":\"ImageObject\",\"inLanguage\":\"pt-BR\",\"@id\":\"https:\/\/www.gaveanews.com\/#\/schema\/person\/image\/\",\"url\":\"https:\/\/secure.gravatar.com\/avatar\/1e1956f1facbffd3f8fa53a326721950116b3b9dc9bd44939c01180fd4a745a9?s=96&d=mm&r=g\",\"contentUrl\":\"https:\/\/secure.gravatar.com\/avatar\/1e1956f1facbffd3f8fa53a326721950116b3b9dc9bd44939c01180fd4a745a9?s=96&d=mm&r=g\",\"caption\":\"Equipe G\u00e1vea News\"}}]}<\/script>\n<!-- \/ Yoast SEO Premium plugin. -->","yoast_head_json":{"title":"CBF tentou padronizar n\u00fameros de camisas da S\u00e9rie A antes da Liga","robots":{"index":"index","follow":"follow","max-snippet":"max-snippet:-1","max-image-preview":"max-image-preview:large","max-video-preview":"max-video-preview:-1"},"canonical":"https:\/\/www.gaveanews.com\/index.php\/2021\/06\/27\/cbf-tentou-padronizar-numeros-de-camisas-da-serie-a-antes-da-liga\/","og_locale":"pt_BR","og_type":"article","og_title":"CBF tentou padronizar n\u00fameros de camisas da S\u00e9rie A antes da Liga","og_description":"A CBF apresentou um projeto aos clubes da S\u00e9rie A para padronizar os n\u00fameros das suas camisas. Inspirada em ligas europeias, a ideia foi apresentada antes de as agremia\u00e7\u00f5es decidirem formar uma liga. Houve algumas resist\u00eancias e at\u00e9 agora n\u00e3o emplacou o projeto em larga escala. Ligas europeias t\u00eam uma identidade visual por meio da [&hellip;]","og_url":"https:\/\/www.gaveanews.com\/index.php\/2021\/06\/27\/cbf-tentou-padronizar-numeros-de-camisas-da-serie-a-antes-da-liga\/","og_site_name":"G\u00e1vea News","article_publisher":"https:\/\/facebook.com\/gaveaNews\/","article_published_time":"2021-06-28T02:29:40+00:00","article_modified_time":"2021-06-28T02:29:43+00:00","og_image":[{"width":690,"height":518,"url":"https:\/\/www.gaveanews.com\/wp-content\/uploads\/2019\/02\/Sede-da-CBF-no-Rio-de-Janeiro.webp","type":"image\/jpeg"}],"author":"Equipe G\u00e1vea News","twitter_card":"summary_large_image","twitter_misc":{"Escrito por":"Equipe G\u00e1vea News","Est. tempo de leitura":"2 minutos"},"schema":{"@context":"https:\/\/schema.org","@graph":[{"@type":"NewsArticle","@id":"https:\/\/www.gaveanews.com\/index.php\/2021\/06\/27\/cbf-tentou-padronizar-numeros-de-camisas-da-serie-a-antes-da-liga\/#article","isPartOf":{"@id":"https:\/\/www.gaveanews.com\/index.php\/2021\/06\/27\/cbf-tentou-padronizar-numeros-de-camisas-da-serie-a-antes-da-liga\/"},"author":{"name":"Equipe G\u00e1vea News","@id":"https:\/\/www.gaveanews.com\/#\/schema\/person\/2ec14f73fb96be2caf28f91afb14749d"},"headline":"CBF tentou padronizar n\u00fameros de camisas da S\u00e9rie A antes da Liga","datePublished":"2021-06-28T02:29:40+00:00","dateModified":"2021-06-28T02:29:43+00:00","mainEntityOfPage":{"@id":"https:\/\/www.gaveanews.com\/index.php\/2021\/06\/27\/cbf-tentou-padronizar-numeros-de-camisas-da-serie-a-antes-da-liga\/"},"wordCount":405,"commentCount":2,"image":{"@id":"https:\/\/www.gaveanews.com\/index.php\/2021\/06\/27\/cbf-tentou-padronizar-numeros-de-camisas-da-serie-a-antes-da-liga\/#primaryimage"},"thumbnailUrl":"https:\/\/www.gaveanews.com\/wp-content\/uploads\/2019\/02\/Sede-da-CBF-no-Rio-de-Janeiro.webp","articleSection":["Flamengo"],"inLanguage":"pt-BR","potentialAction":[{"@type":"CommentAction","name":"Comment","target":["https:\/\/www.gaveanews.com\/index.php\/2021\/06\/27\/cbf-tentou-padronizar-numeros-de-camisas-da-serie-a-antes-da-liga\/#respond"]}],"copyrightYear":"2021","copyrightHolder":{"@id":"https:\/\/www.gaveanews.com\/#organization"}},{"@type":"WebPage","@id":"https:\/\/www.gaveanews.com\/index.php\/2021\/06\/27\/cbf-tentou-padronizar-numeros-de-camisas-da-serie-a-antes-da-liga\/","url":"https:\/\/www.gaveanews.com\/index.php\/2021\/06\/27\/cbf-tentou-padronizar-numeros-de-camisas-da-serie-a-antes-da-liga\/","name":"CBF tentou padronizar n\u00fameros de camisas da S\u00e9rie A antes da Liga","isPartOf":{"@id":"https:\/\/www.gaveanews.com\/#website"},"primaryImageOfPage":{"@id":"https:\/\/www.gaveanews.com\/index.php\/2021\/06\/27\/cbf-tentou-padronizar-numeros-de-camisas-da-serie-a-antes-da-liga\/#primaryimage"},"image":{"@id":"https:\/\/www.gaveanews.com\/index.php\/2021\/06\/27\/cbf-tentou-padronizar-numeros-de-camisas-da-serie-a-antes-da-liga\/#primaryimage"},"thumbnailUrl":"https:\/\/www.gaveanews.com\/wp-content\/uploads\/2019\/02\/Sede-da-CBF-no-Rio-de-Janeiro.webp","datePublished":"2021-06-28T02:29:40+00:00","dateModified":"2021-06-28T02:29:43+00:00","author":{"@id":"https:\/\/www.gaveanews.com\/#\/schema\/person\/2ec14f73fb96be2caf28f91afb14749d"},"breadcrumb":{"@id":"https:\/\/www.gaveanews.com\/index.php\/2021\/06\/27\/cbf-tentou-padronizar-numeros-de-camisas-da-serie-a-antes-da-liga\/#breadcrumb"},"inLanguage":"pt-BR","potentialAction":[{"@type":"ReadAction","target":["https:\/\/www.gaveanews.com\/index.php\/2021\/06\/27\/cbf-tentou-padronizar-numeros-de-camisas-da-serie-a-antes-da-liga\/"]}]},{"@type":"ImageObject","inLanguage":"pt-BR","@id":"https:\/\/www.gaveanews.com\/index.php\/2021\/06\/27\/cbf-tentou-padronizar-numeros-de-camisas-da-serie-a-antes-da-liga\/#primaryimage","url":"https:\/\/www.gaveanews.com\/wp-content\/uploads\/2019\/02\/Sede-da-CBF-no-Rio-de-Janeiro.webp","contentUrl":"https:\/\/www.gaveanews.com\/wp-content\/uploads\/2019\/02\/Sede-da-CBF-no-Rio-de-Janeiro.webp","width":690,"height":518,"caption":"Sede da CBF no Rio de Janeiro (Foto: Cah\u00ea Mota\/Globo Esporte)"},{"@type":"BreadcrumbList","@id":"https:\/\/www.gaveanews.com\/index.php\/2021\/06\/27\/cbf-tentou-padronizar-numeros-de-camisas-da-serie-a-antes-da-liga\/#breadcrumb","itemListElement":[{"@type":"ListItem","position":1,"name":"Home","item":"https:\/\/www.gaveanews.com\/"},{"@type":"ListItem","position":2,"name":"CBF tentou padronizar n\u00fameros de camisas da S\u00e9rie A antes da Liga"}]},{"@type":"WebSite","@id":"https:\/\/www.gaveanews.com\/#website","url":"https:\/\/www.gaveanews.com\/","name":"G\u00e1vea News","description":"Veja todas as not\u00edcias sobre o Flamengo: Contrata\u00e7\u00f5es, categorias de base, resultados das partidas, tabela de classifica\u00e7\u00e3o, pr\u00f3ximos jogos!","potentialAction":[{"@type":"SearchAction","target":{"@type":"EntryPoint","urlTemplate":"https:\/\/www.gaveanews.com\/?s={search_term_string}"},"query-input":{"@type":"PropertyValueSpecification","valueRequired":true,"valueName":"search_term_string"}}],"inLanguage":"pt-BR"},{"@type":"Person","@id":"https:\/\/www.gaveanews.com\/#\/schema\/person\/2ec14f73fb96be2caf28f91afb14749d","name":"Equipe G\u00e1vea News","image":{"@type":"ImageObject","inLanguage":"pt-BR","@id":"https:\/\/www.gaveanews.com\/#\/schema\/person\/image\/","url":"https:\/\/secure.gravatar.com\/avatar\/1e1956f1facbffd3f8fa53a326721950116b3b9dc9bd44939c01180fd4a745a9?s=96&d=mm&r=g","contentUrl":"https:\/\/secure.gravatar.com\/avatar\/1e1956f1facbffd3f8fa53a326721950116b3b9dc9bd44939c01180fd4a745a9?s=96&d=mm&r=g","caption":"Equipe G\u00e1vea News"}}]}},"_links":{"self":[{"href":"https:\/\/www.gaveanews.com\/index.php\/wp-json\/wp\/v2\/posts\/63649","targetHints":{"allow":["GET"]}}],"collection":[{"href":"https:\/\/www.gaveanews.com\/index.php\/wp-json\/wp\/v2\/posts"}],"about":[{"href":"https:\/\/www.gaveanews.com\/index.php\/wp-json\/wp\/v2\/types\/post"}],"author":[{"embeddable":true,"href":"https:\/\/www.gaveanews.com\/index.php\/wp-json\/wp\/v2\/users\/1"}],"replies":[{"embeddable":true,"href":"https:\/\/www.gaveanews.com\/index.php\/wp-json\/wp\/v2\/comments?post=63649"}],"version-history":[{"count":0,"href":"https:\/\/www.gaveanews.com\/index.php\/wp-json\/wp\/v2\/posts\/63649\/revisions"}],"wp:featuredmedia":[{"embeddable":true,"href":"https:\/\/www.gaveanews.com\/index.php\/wp-json\/wp\/v2\/media\/16271"}],"wp:attachment":[{"href":"https:\/\/www.gaveanews.com\/index.php\/wp-json\/wp\/v2\/media?parent=63649"}],"wp:term":[{"taxonomy":"category","embeddable":true,"href":"https:\/\/www.gaveanews.com\/index.php\/wp-json\/wp\/v2\/categories?post=63649"},{"taxonomy":"post_tag","embeddable":true,"href":"https:\/\/www.gaveanews.com\/index.php\/wp-json\/wp\/v2\/tags?post=63649"}],"curies":[{"name":"wp","href":"https:\/\/api.w.org\/{rel}","templated":true}]}}