{"id":63741,"date":"2021-06-29T16:40:05","date_gmt":"2021-06-29T19:40:05","guid":{"rendered":"https:\/\/www.gaveanews.com\/?p=63741"},"modified":"2021-08-12T00:49:08","modified_gmt":"2021-08-12T03:49:08","slug":"flamengo-homenageia-maestro-junior-com-musica-em-seu-aniversario","status":"publish","type":"post","link":"https:\/\/www.gaveanews.com\/index.php\/2021\/06\/29\/flamengo-homenageia-maestro-junior-com-musica-em-seu-aniversario\/","title":{"rendered":"Flamengo homenageia Maestro Junior com m\u00fasica em seu anivers\u00e1rio"},"content":{"rendered":"\n<p>Nesta ter\u00e7a-feira, 29 de junho, um dos maiores \u00eddolos do Flamengo completa 67 anos. Maestro Junior, um dos protagonistas da conquista do Mundial de 1981, \u00e9 um dos grandes s\u00edmbolos do vitorioso elenco da \u00e9poca e at\u00e9 hoje \u00e9 admirado por torcedores.<\/p>\n\n\n\n<p>Por isso, o rubro-negro decidiu parabenizar o ex-jogador de uma forma diferente. Em suas redes sociais, o clube da G\u00e1vea publicou um v\u00eddeo com parte dos melhores momento de Junior no Fla. O registro tamb\u00e9m conta com uma m\u00fasica composta por Max Viana e Jo\u00e3o Viana.<\/p>\n\n\n\n<h2 class=\"wp-block-heading\" id=\"h-veja-o-v-deo\">Veja o v\u00eddeo:<\/h2>\n\n\n\n<figure class=\"wp-block-embed is-type-rich is-provider-twitter wp-block-embed-twitter\"><div class=\"wp-block-embed__wrapper\">\n<blockquote class=\"twitter-tweet\" data-width=\"550\" data-dnt=\"true\"><p lang=\"pt\" dir=\"ltr\">\ud83c\udfb5Na areia ou no Maracan\u00e3, era sempre o mesmo show&#8230;<br>Defendia, atacava, cruzava, driblava, chutava e ainda metia gol&#8230;\ud83c\udfb5<br><br>\u00c9 dia de parabenizar o Maestro Junior pelo anivers\u00e1rio de 67 anos. <a href=\"https:\/\/t.co\/S40nLFnsYV\">pic.twitter.com\/S40nLFnsYV<\/a><\/p>&mdash; Flamengo (@Flamengo) <a href=\"https:\/\/twitter.com\/Flamengo\/status\/1409868840700461066?ref_src=twsrc%5Etfw\">June 29, 2021<\/a><\/blockquote><script async src=\"https:\/\/platform.twitter.com\/widgets.js\" charset=\"utf-8\"><\/script>\n<\/div><\/figure>\n\n\n\n<p>Em sua passagem pelo Flamengo, Junior se tornou o jogador que mais entrou em campo vestindo o Manto Sagrado, participando de 876 jogos. Neste tempo, o atleta conquistou 14 t\u00edtulos pelo time: Libertadores (1981), Mundial (1981), Campeonato Brasileiro (4x), Copa do Brasil (1990), Campeonato Carioca (6x) e Copa Rio (1990\/91).<\/p>\n","protected":false},"excerpt":{"rendered":"<p>Nesta ter\u00e7a-feira, 29 de junho, um dos maiores \u00eddolos do Flamengo completa 67 anos. Maestro Junior, um dos protagonistas da conquista do Mundial de 1981, \u00e9 um dos grandes s\u00edmbolos do vitorioso elenco da \u00e9poca e at\u00e9 hoje \u00e9 admirado por torcedores. Por isso, o rubro-negro decidiu parabenizar o ex-jogador de uma forma diferente. Em [&hellip;]<\/p>\n","protected":false},"author":4,"featured_media":63742,"comment_status":"open","ping_status":"closed","sticky":false,"template":"","format":"standard","meta":{"footnotes":""},"categories":[40],"tags":[],"class_list":["post-63741","post","type-post","status-publish","format-standard","has-post-thumbnail","hentry","category-video"],"yoast_head":"<!-- This site is optimized with the Yoast SEO Premium plugin v24.2 (Yoast SEO v26.9) - https:\/\/yoast.com\/product\/yoast-seo-premium-wordpress\/ -->\n<title>Flamengo homenageia Maestro Junior com m\u00fasica em seu anivers\u00e1rio<\/title>\n<meta name=\"robots\" content=\"index, follow, max-snippet:-1, max-image-preview:large, max-video-preview:-1\" \/>\n<link rel=\"canonical\" href=\"https:\/\/www.gaveanews.com\/index.php\/2021\/06\/29\/flamengo-homenageia-maestro-junior-com-musica-em-seu-aniversario\/\" \/>\n<meta property=\"og:locale\" content=\"pt_BR\" \/>\n<meta property=\"og:type\" content=\"article\" \/>\n<meta property=\"og:title\" content=\"Flamengo homenageia Maestro Junior com m\u00fasica em seu anivers\u00e1rio\" \/>\n<meta property=\"og:description\" content=\"Nesta ter\u00e7a-feira, 29 de junho, um dos maiores \u00eddolos do Flamengo completa 67 anos. Maestro Junior, um dos protagonistas da conquista do Mundial de 1981, \u00e9 um dos grandes s\u00edmbolos do vitorioso elenco da \u00e9poca e at\u00e9 hoje \u00e9 admirado por torcedores. Por isso, o rubro-negro decidiu parabenizar o ex-jogador de uma forma diferente. Em [&hellip;]\" \/>\n<meta property=\"og:url\" content=\"https:\/\/www.gaveanews.com\/index.php\/2021\/06\/29\/flamengo-homenageia-maestro-junior-com-musica-em-seu-aniversario\/\" \/>\n<meta property=\"og:site_name\" content=\"G\u00e1vea News\" \/>\n<meta property=\"article:publisher\" content=\"https:\/\/facebook.com\/gaveaNews\/\" \/>\n<meta property=\"article:published_time\" content=\"2021-06-29T19:40:05+00:00\" \/>\n<meta property=\"article:modified_time\" content=\"2021-08-12T03:49:08+00:00\" \/>\n<meta property=\"og:image\" content=\"https:\/\/www.gaveanews.com\/wp-content\/uploads\/Maestro-Junior-em-acao-pelo-Flamengo.webp\" \/>\n\t<meta property=\"og:image:width\" content=\"640\" \/>\n\t<meta property=\"og:image:height\" content=\"400\" \/>\n\t<meta property=\"og:image:type\" content=\"image\/jpeg\" \/>\n<meta name=\"author\" content=\"Let\u00edcia Gerheim\" \/>\n<meta name=\"twitter:card\" content=\"summary_large_image\" \/>\n<meta name=\"twitter:label1\" content=\"Escrito por\" \/>\n\t<meta name=\"twitter:data1\" content=\"Let\u00edcia Gerheim\" \/>\n\t<meta name=\"twitter:label2\" content=\"Est. tempo de leitura\" \/>\n\t<meta name=\"twitter:data2\" content=\"1 minuto\" \/>\n<script type=\"application\/ld+json\" class=\"yoast-schema-graph\">{\"@context\":\"https:\/\/schema.org\",\"@graph\":[{\"@type\":\"NewsArticle\",\"@id\":\"https:\/\/www.gaveanews.com\/index.php\/2021\/06\/29\/flamengo-homenageia-maestro-junior-com-musica-em-seu-aniversario\/#article\",\"isPartOf\":{\"@id\":\"https:\/\/www.gaveanews.com\/index.php\/2021\/06\/29\/flamengo-homenageia-maestro-junior-com-musica-em-seu-aniversario\/\"},\"author\":{\"name\":\"Let\u00edcia Gerheim\",\"@id\":\"https:\/\/www.gaveanews.com\/#\/schema\/person\/714c67050b836198af2450ba1c142a67\"},\"headline\":\"Flamengo homenageia Maestro Junior com m\u00fasica em seu anivers\u00e1rio\",\"datePublished\":\"2021-06-29T19:40:05+00:00\",\"dateModified\":\"2021-08-12T03:49:08+00:00\",\"mainEntityOfPage\":{\"@id\":\"https:\/\/www.gaveanews.com\/index.php\/2021\/06\/29\/flamengo-homenageia-maestro-junior-com-musica-em-seu-aniversario\/\"},\"wordCount\":156,\"commentCount\":8,\"image\":{\"@id\":\"https:\/\/www.gaveanews.com\/index.php\/2021\/06\/29\/flamengo-homenageia-maestro-junior-com-musica-em-seu-aniversario\/#primaryimage\"},\"thumbnailUrl\":\"https:\/\/www.gaveanews.com\/wp-content\/uploads\/Maestro-Junior-em-acao-pelo-Flamengo.webp\",\"articleSection\":[\"V\u00eddeos\"],\"inLanguage\":\"pt-BR\",\"potentialAction\":[{\"@type\":\"CommentAction\",\"name\":\"Comment\",\"target\":[\"https:\/\/www.gaveanews.com\/index.php\/2021\/06\/29\/flamengo-homenageia-maestro-junior-com-musica-em-seu-aniversario\/#respond\"]}],\"copyrightYear\":\"2021\",\"copyrightHolder\":{\"@id\":\"https:\/\/www.gaveanews.com\/#organization\"}},{\"@type\":\"WebPage\",\"@id\":\"https:\/\/www.gaveanews.com\/index.php\/2021\/06\/29\/flamengo-homenageia-maestro-junior-com-musica-em-seu-aniversario\/\",\"url\":\"https:\/\/www.gaveanews.com\/index.php\/2021\/06\/29\/flamengo-homenageia-maestro-junior-com-musica-em-seu-aniversario\/\",\"name\":\"Flamengo homenageia Maestro Junior com m\u00fasica em seu anivers\u00e1rio\",\"isPartOf\":{\"@id\":\"https:\/\/www.gaveanews.com\/#website\"},\"primaryImageOfPage\":{\"@id\":\"https:\/\/www.gaveanews.com\/index.php\/2021\/06\/29\/flamengo-homenageia-maestro-junior-com-musica-em-seu-aniversario\/#primaryimage\"},\"image\":{\"@id\":\"https:\/\/www.gaveanews.com\/index.php\/2021\/06\/29\/flamengo-homenageia-maestro-junior-com-musica-em-seu-aniversario\/#primaryimage\"},\"thumbnailUrl\":\"https:\/\/www.gaveanews.com\/wp-content\/uploads\/Maestro-Junior-em-acao-pelo-Flamengo.webp\",\"datePublished\":\"2021-06-29T19:40:05+00:00\",\"dateModified\":\"2021-08-12T03:49:08+00:00\",\"author\":{\"@id\":\"https:\/\/www.gaveanews.com\/#\/schema\/person\/714c67050b836198af2450ba1c142a67\"},\"breadcrumb\":{\"@id\":\"https:\/\/www.gaveanews.com\/index.php\/2021\/06\/29\/flamengo-homenageia-maestro-junior-com-musica-em-seu-aniversario\/#breadcrumb\"},\"inLanguage\":\"pt-BR\",\"potentialAction\":[{\"@type\":\"ReadAction\",\"target\":[\"https:\/\/www.gaveanews.com\/index.php\/2021\/06\/29\/flamengo-homenageia-maestro-junior-com-musica-em-seu-aniversario\/\"]}]},{\"@type\":\"ImageObject\",\"inLanguage\":\"pt-BR\",\"@id\":\"https:\/\/www.gaveanews.com\/index.php\/2021\/06\/29\/flamengo-homenageia-maestro-junior-com-musica-em-seu-aniversario\/#primaryimage\",\"url\":\"https:\/\/www.gaveanews.com\/wp-content\/uploads\/Maestro-Junior-em-acao-pelo-Flamengo.webp\",\"contentUrl\":\"https:\/\/www.gaveanews.com\/wp-content\/uploads\/Maestro-Junior-em-acao-pelo-Flamengo.webp\",\"width\":640,\"height\":400,\"caption\":\"Maestro Junior em a\u00e7\u00e3o pelo Flamengo (Foto: Cl\u00e1udio Rossi)\"},{\"@type\":\"BreadcrumbList\",\"@id\":\"https:\/\/www.gaveanews.com\/index.php\/2021\/06\/29\/flamengo-homenageia-maestro-junior-com-musica-em-seu-aniversario\/#breadcrumb\",\"itemListElement\":[{\"@type\":\"ListItem\",\"position\":1,\"name\":\"Home\",\"item\":\"https:\/\/www.gaveanews.com\/\"},{\"@type\":\"ListItem\",\"position\":2,\"name\":\"Flamengo homenageia Maestro Junior com m\u00fasica em seu anivers\u00e1rio\"}]},{\"@type\":\"WebSite\",\"@id\":\"https:\/\/www.gaveanews.com\/#website\",\"url\":\"https:\/\/www.gaveanews.com\/\",\"name\":\"G\u00e1vea News\",\"description\":\"Veja todas as not\u00edcias sobre o Flamengo: Contrata\u00e7\u00f5es, categorias de base, resultados das partidas, tabela de classifica\u00e7\u00e3o, pr\u00f3ximos jogos!\",\"potentialAction\":[{\"@type\":\"SearchAction\",\"target\":{\"@type\":\"EntryPoint\",\"urlTemplate\":\"https:\/\/www.gaveanews.com\/?s={search_term_string}\"},\"query-input\":{\"@type\":\"PropertyValueSpecification\",\"valueRequired\":true,\"valueName\":\"search_term_string\"}}],\"inLanguage\":\"pt-BR\"},{\"@type\":\"Person\",\"@id\":\"https:\/\/www.gaveanews.com\/#\/schema\/person\/714c67050b836198af2450ba1c142a67\",\"name\":\"Let\u00edcia Gerheim\",\"image\":{\"@type\":\"ImageObject\",\"inLanguage\":\"pt-BR\",\"@id\":\"https:\/\/www.gaveanews.com\/#\/schema\/person\/image\/\",\"url\":\"https:\/\/secure.gravatar.com\/avatar\/60734739c50fcebfbac509e2a826ccd0ff405c019bc73aab9354f19ecad1dcb4?s=96&d=mm&r=g\",\"contentUrl\":\"https:\/\/secure.gravatar.com\/avatar\/60734739c50fcebfbac509e2a826ccd0ff405c019bc73aab9354f19ecad1dcb4?s=96&d=mm&r=g\",\"caption\":\"Let\u00edcia Gerheim\"}}]}<\/script>\n<!-- \/ Yoast SEO Premium plugin. -->","yoast_head_json":{"title":"Flamengo homenageia Maestro Junior com m\u00fasica em seu anivers\u00e1rio","robots":{"index":"index","follow":"follow","max-snippet":"max-snippet:-1","max-image-preview":"max-image-preview:large","max-video-preview":"max-video-preview:-1"},"canonical":"https:\/\/www.gaveanews.com\/index.php\/2021\/06\/29\/flamengo-homenageia-maestro-junior-com-musica-em-seu-aniversario\/","og_locale":"pt_BR","og_type":"article","og_title":"Flamengo homenageia Maestro Junior com m\u00fasica em seu anivers\u00e1rio","og_description":"Nesta ter\u00e7a-feira, 29 de junho, um dos maiores \u00eddolos do Flamengo completa 67 anos. Maestro Junior, um dos protagonistas da conquista do Mundial de 1981, \u00e9 um dos grandes s\u00edmbolos do vitorioso elenco da \u00e9poca e at\u00e9 hoje \u00e9 admirado por torcedores. Por isso, o rubro-negro decidiu parabenizar o ex-jogador de uma forma diferente. Em [&hellip;]","og_url":"https:\/\/www.gaveanews.com\/index.php\/2021\/06\/29\/flamengo-homenageia-maestro-junior-com-musica-em-seu-aniversario\/","og_site_name":"G\u00e1vea News","article_publisher":"https:\/\/facebook.com\/gaveaNews\/","article_published_time":"2021-06-29T19:40:05+00:00","article_modified_time":"2021-08-12T03:49:08+00:00","og_image":[{"width":640,"height":400,"url":"https:\/\/www.gaveanews.com\/wp-content\/uploads\/Maestro-Junior-em-acao-pelo-Flamengo.webp","type":"image\/jpeg"}],"author":"Let\u00edcia Gerheim","twitter_card":"summary_large_image","twitter_misc":{"Escrito por":"Let\u00edcia Gerheim","Est. tempo de leitura":"1 minuto"},"schema":{"@context":"https:\/\/schema.org","@graph":[{"@type":"NewsArticle","@id":"https:\/\/www.gaveanews.com\/index.php\/2021\/06\/29\/flamengo-homenageia-maestro-junior-com-musica-em-seu-aniversario\/#article","isPartOf":{"@id":"https:\/\/www.gaveanews.com\/index.php\/2021\/06\/29\/flamengo-homenageia-maestro-junior-com-musica-em-seu-aniversario\/"},"author":{"name":"Let\u00edcia Gerheim","@id":"https:\/\/www.gaveanews.com\/#\/schema\/person\/714c67050b836198af2450ba1c142a67"},"headline":"Flamengo homenageia Maestro Junior com m\u00fasica em seu anivers\u00e1rio","datePublished":"2021-06-29T19:40:05+00:00","dateModified":"2021-08-12T03:49:08+00:00","mainEntityOfPage":{"@id":"https:\/\/www.gaveanews.com\/index.php\/2021\/06\/29\/flamengo-homenageia-maestro-junior-com-musica-em-seu-aniversario\/"},"wordCount":156,"commentCount":8,"image":{"@id":"https:\/\/www.gaveanews.com\/index.php\/2021\/06\/29\/flamengo-homenageia-maestro-junior-com-musica-em-seu-aniversario\/#primaryimage"},"thumbnailUrl":"https:\/\/www.gaveanews.com\/wp-content\/uploads\/Maestro-Junior-em-acao-pelo-Flamengo.webp","articleSection":["V\u00eddeos"],"inLanguage":"pt-BR","potentialAction":[{"@type":"CommentAction","name":"Comment","target":["https:\/\/www.gaveanews.com\/index.php\/2021\/06\/29\/flamengo-homenageia-maestro-junior-com-musica-em-seu-aniversario\/#respond"]}],"copyrightYear":"2021","copyrightHolder":{"@id":"https:\/\/www.gaveanews.com\/#organization"}},{"@type":"WebPage","@id":"https:\/\/www.gaveanews.com\/index.php\/2021\/06\/29\/flamengo-homenageia-maestro-junior-com-musica-em-seu-aniversario\/","url":"https:\/\/www.gaveanews.com\/index.php\/2021\/06\/29\/flamengo-homenageia-maestro-junior-com-musica-em-seu-aniversario\/","name":"Flamengo homenageia Maestro Junior com m\u00fasica em seu anivers\u00e1rio","isPartOf":{"@id":"https:\/\/www.gaveanews.com\/#website"},"primaryImageOfPage":{"@id":"https:\/\/www.gaveanews.com\/index.php\/2021\/06\/29\/flamengo-homenageia-maestro-junior-com-musica-em-seu-aniversario\/#primaryimage"},"image":{"@id":"https:\/\/www.gaveanews.com\/index.php\/2021\/06\/29\/flamengo-homenageia-maestro-junior-com-musica-em-seu-aniversario\/#primaryimage"},"thumbnailUrl":"https:\/\/www.gaveanews.com\/wp-content\/uploads\/Maestro-Junior-em-acao-pelo-Flamengo.webp","datePublished":"2021-06-29T19:40:05+00:00","dateModified":"2021-08-12T03:49:08+00:00","author":{"@id":"https:\/\/www.gaveanews.com\/#\/schema\/person\/714c67050b836198af2450ba1c142a67"},"breadcrumb":{"@id":"https:\/\/www.gaveanews.com\/index.php\/2021\/06\/29\/flamengo-homenageia-maestro-junior-com-musica-em-seu-aniversario\/#breadcrumb"},"inLanguage":"pt-BR","potentialAction":[{"@type":"ReadAction","target":["https:\/\/www.gaveanews.com\/index.php\/2021\/06\/29\/flamengo-homenageia-maestro-junior-com-musica-em-seu-aniversario\/"]}]},{"@type":"ImageObject","inLanguage":"pt-BR","@id":"https:\/\/www.gaveanews.com\/index.php\/2021\/06\/29\/flamengo-homenageia-maestro-junior-com-musica-em-seu-aniversario\/#primaryimage","url":"https:\/\/www.gaveanews.com\/wp-content\/uploads\/Maestro-Junior-em-acao-pelo-Flamengo.webp","contentUrl":"https:\/\/www.gaveanews.com\/wp-content\/uploads\/Maestro-Junior-em-acao-pelo-Flamengo.webp","width":640,"height":400,"caption":"Maestro Junior em a\u00e7\u00e3o pelo Flamengo (Foto: Cl\u00e1udio Rossi)"},{"@type":"BreadcrumbList","@id":"https:\/\/www.gaveanews.com\/index.php\/2021\/06\/29\/flamengo-homenageia-maestro-junior-com-musica-em-seu-aniversario\/#breadcrumb","itemListElement":[{"@type":"ListItem","position":1,"name":"Home","item":"https:\/\/www.gaveanews.com\/"},{"@type":"ListItem","position":2,"name":"Flamengo homenageia Maestro Junior com m\u00fasica em seu anivers\u00e1rio"}]},{"@type":"WebSite","@id":"https:\/\/www.gaveanews.com\/#website","url":"https:\/\/www.gaveanews.com\/","name":"G\u00e1vea News","description":"Veja todas as not\u00edcias sobre o Flamengo: Contrata\u00e7\u00f5es, categorias de base, resultados das partidas, tabela de classifica\u00e7\u00e3o, pr\u00f3ximos jogos!","potentialAction":[{"@type":"SearchAction","target":{"@type":"EntryPoint","urlTemplate":"https:\/\/www.gaveanews.com\/?s={search_term_string}"},"query-input":{"@type":"PropertyValueSpecification","valueRequired":true,"valueName":"search_term_string"}}],"inLanguage":"pt-BR"},{"@type":"Person","@id":"https:\/\/www.gaveanews.com\/#\/schema\/person\/714c67050b836198af2450ba1c142a67","name":"Let\u00edcia Gerheim","image":{"@type":"ImageObject","inLanguage":"pt-BR","@id":"https:\/\/www.gaveanews.com\/#\/schema\/person\/image\/","url":"https:\/\/secure.gravatar.com\/avatar\/60734739c50fcebfbac509e2a826ccd0ff405c019bc73aab9354f19ecad1dcb4?s=96&d=mm&r=g","contentUrl":"https:\/\/secure.gravatar.com\/avatar\/60734739c50fcebfbac509e2a826ccd0ff405c019bc73aab9354f19ecad1dcb4?s=96&d=mm&r=g","caption":"Let\u00edcia Gerheim"}}]}},"_links":{"self":[{"href":"https:\/\/www.gaveanews.com\/index.php\/wp-json\/wp\/v2\/posts\/63741","targetHints":{"allow":["GET"]}}],"collection":[{"href":"https:\/\/www.gaveanews.com\/index.php\/wp-json\/wp\/v2\/posts"}],"about":[{"href":"https:\/\/www.gaveanews.com\/index.php\/wp-json\/wp\/v2\/types\/post"}],"author":[{"embeddable":true,"href":"https:\/\/www.gaveanews.com\/index.php\/wp-json\/wp\/v2\/users\/4"}],"replies":[{"embeddable":true,"href":"https:\/\/www.gaveanews.com\/index.php\/wp-json\/wp\/v2\/comments?post=63741"}],"version-history":[{"count":0,"href":"https:\/\/www.gaveanews.com\/index.php\/wp-json\/wp\/v2\/posts\/63741\/revisions"}],"wp:featuredmedia":[{"embeddable":true,"href":"https:\/\/www.gaveanews.com\/index.php\/wp-json\/wp\/v2\/media\/63742"}],"wp:attachment":[{"href":"https:\/\/www.gaveanews.com\/index.php\/wp-json\/wp\/v2\/media?parent=63741"}],"wp:term":[{"taxonomy":"category","embeddable":true,"href":"https:\/\/www.gaveanews.com\/index.php\/wp-json\/wp\/v2\/categories?post=63741"},{"taxonomy":"post_tag","embeddable":true,"href":"https:\/\/www.gaveanews.com\/index.php\/wp-json\/wp\/v2\/tags?post=63741"}],"curies":[{"name":"wp","href":"https:\/\/api.w.org\/{rel}","templated":true}]}}