{"id":63754,"date":"2021-06-29T19:23:57","date_gmt":"2021-06-29T22:23:57","guid":{"rendered":"https:\/\/www.gaveanews.com\/?p=63754"},"modified":"2021-06-29T19:23:59","modified_gmt":"2021-06-29T22:23:59","slug":"dirigente-do-flamengo-rebate-declaracao-do-treinador-do-brasil","status":"publish","type":"post","link":"https:\/\/www.gaveanews.com\/index.php\/2021\/06\/29\/dirigente-do-flamengo-rebate-declaracao-do-treinador-do-brasil\/","title":{"rendered":"Dirigente do Flamengo rebate declara\u00e7\u00e3o do treinador do Brasil"},"content":{"rendered":"\n<p>O vice geral e jur\u00eddico do Flamengo, Rodrigo Dunshee, rebateu as declara\u00e7\u00f5es do t\u00e9cnico Andr\u00e9 Jardine sobre a convoca\u00e7\u00e3o de Pedro para a sele\u00e7\u00e3o ol\u00edmpica. Ap\u00f3s o treinador dizer que convocou Pedro por merecimento e para n\u00e3o &#8220;beneficiar&#8221; o Flamengo, o dirigente ressaltou o preju\u00edzo sofrido com as convoca\u00e7\u00f5es para a Copa Am\u00e9rica.<\/p>\n\n\n\n<p><strong><em>\u2014 O que ele n\u00e3o fala \u00e9 sobre os cinco jogadores do Flamengo que est\u00e3o na Copa Am\u00e9rica, sobre os pontos que perdemos nesse per\u00edodo em que os campeonatos n\u00e3o foram paralisados. N\u00e3o fala sobre as \u2018datas Fifa\u2019 que ainda teremos com as eliminat\u00f3rias. Temos bom senso e precisamos nos recuperar<\/em><\/strong>, escreveu Dunshee em seu Twitter.<\/p>\n\n\n\n<figure class=\"wp-block-embed is-type-rich is-provider-twitter wp-block-embed-twitter\"><div class=\"wp-block-embed__wrapper\">\n<blockquote class=\"twitter-tweet\" data-width=\"550\" data-dnt=\"true\"><p lang=\"pt\" dir=\"ltr\">O q ele n\u00e3o fala \u00e9 sobre os 5 jogadores do CRF que est\u00e3o na Copa Am\u00e9rica, sobre os pontos q perdemos nesse per\u00edodo em q os campeonatos n\u00e3o foram paralisados. N\u00e3o fala sobre as datas Fifa que ainda teremos para as eliminat\u00f3rias.  Temos bom senso e precisamos nos recuperar.<\/p>&mdash; Rodrigo Dunshee (@roddunshee) <a href=\"https:\/\/twitter.com\/roddunshee\/status\/1409836472459481090?ref_src=twsrc%5Etfw\">June 29, 2021<\/a><\/blockquote><script async src=\"https:\/\/platform.twitter.com\/widgets.js\" charset=\"utf-8\"><\/script>\n<\/div><\/figure>\n\n\n\n<p>Por n\u00e3o se tratar de uma data Fifa, o Flamengo n\u00e3o \u00e9 obrigado a liberar Pedro para as Olimp\u00edadas. O Rubro-Negro j\u00e1 descartou qualquer possibilidade que isso aconte\u00e7a.<\/p>\n\n\n\n<p>Retirado de: O Dia<\/p>\n","protected":false},"excerpt":{"rendered":"<p>O vice geral e jur\u00eddico do Flamengo, Rodrigo Dunshee, rebateu as declara\u00e7\u00f5es do t\u00e9cnico Andr\u00e9 Jardine sobre a convoca\u00e7\u00e3o de Pedro para a sele\u00e7\u00e3o ol\u00edmpica. Ap\u00f3s o treinador dizer que convocou Pedro por merecimento e para n\u00e3o &#8220;beneficiar&#8221; o Flamengo, o dirigente ressaltou o preju\u00edzo sofrido com as convoca\u00e7\u00f5es para a Copa Am\u00e9rica. \u2014 O [&hellip;]<\/p>\n","protected":false},"author":1,"featured_media":41279,"comment_status":"open","ping_status":"closed","sticky":false,"template":"","format":"standard","meta":{"footnotes":""},"categories":[1],"tags":[],"class_list":["post-63754","post","type-post","status-publish","format-standard","has-post-thumbnail","hentry","category-flamengo"],"yoast_head":"<!-- This site is optimized with the Yoast SEO Premium plugin v24.2 (Yoast SEO v26.9) - https:\/\/yoast.com\/product\/yoast-seo-premium-wordpress\/ -->\n<title>Dirigente do Flamengo rebate declara\u00e7\u00e3o do treinador do Brasil<\/title>\n<meta name=\"robots\" content=\"index, follow, max-snippet:-1, max-image-preview:large, max-video-preview:-1\" \/>\n<link rel=\"canonical\" href=\"https:\/\/www.gaveanews.com\/index.php\/2021\/06\/29\/dirigente-do-flamengo-rebate-declaracao-do-treinador-do-brasil\/\" \/>\n<meta property=\"og:locale\" content=\"pt_BR\" \/>\n<meta property=\"og:type\" content=\"article\" \/>\n<meta property=\"og:title\" content=\"Dirigente do Flamengo rebate declara\u00e7\u00e3o do treinador do Brasil\" \/>\n<meta property=\"og:description\" content=\"O vice geral e jur\u00eddico do Flamengo, Rodrigo Dunshee, rebateu as declara\u00e7\u00f5es do t\u00e9cnico Andr\u00e9 Jardine sobre a convoca\u00e7\u00e3o de Pedro para a sele\u00e7\u00e3o ol\u00edmpica. Ap\u00f3s o treinador dizer que convocou Pedro por merecimento e para n\u00e3o &#8220;beneficiar&#8221; o Flamengo, o dirigente ressaltou o preju\u00edzo sofrido com as convoca\u00e7\u00f5es para a Copa Am\u00e9rica. \u2014 O [&hellip;]\" \/>\n<meta property=\"og:url\" content=\"https:\/\/www.gaveanews.com\/index.php\/2021\/06\/29\/dirigente-do-flamengo-rebate-declaracao-do-treinador-do-brasil\/\" \/>\n<meta property=\"og:site_name\" content=\"G\u00e1vea News\" \/>\n<meta property=\"article:publisher\" content=\"https:\/\/facebook.com\/gaveaNews\/\" \/>\n<meta property=\"article:published_time\" content=\"2021-06-29T22:23:57+00:00\" \/>\n<meta property=\"article:modified_time\" content=\"2021-06-29T22:23:59+00:00\" \/>\n<meta property=\"og:image\" content=\"https:\/\/www.gaveanews.com\/wp-content\/uploads\/Reinaldo-Belotti-esquerda-Rodolfo-Landim-centro-e-Rodrigo-Dunshee-de-Abranches-direita.webp\" \/>\n\t<meta property=\"og:image:width\" content=\"1920\" \/>\n\t<meta property=\"og:image:height\" content=\"1277\" \/>\n\t<meta property=\"og:image:type\" content=\"image\/jpeg\" \/>\n<meta name=\"author\" content=\"Equipe G\u00e1vea News\" \/>\n<meta name=\"twitter:card\" content=\"summary_large_image\" \/>\n<meta name=\"twitter:label1\" content=\"Escrito por\" \/>\n\t<meta name=\"twitter:data1\" content=\"Equipe G\u00e1vea News\" \/>\n\t<meta name=\"twitter:label2\" content=\"Est. tempo de leitura\" \/>\n\t<meta name=\"twitter:data2\" content=\"1 minuto\" \/>\n<script type=\"application\/ld+json\" class=\"yoast-schema-graph\">{\"@context\":\"https:\/\/schema.org\",\"@graph\":[{\"@type\":\"NewsArticle\",\"@id\":\"https:\/\/www.gaveanews.com\/index.php\/2021\/06\/29\/dirigente-do-flamengo-rebate-declaracao-do-treinador-do-brasil\/#article\",\"isPartOf\":{\"@id\":\"https:\/\/www.gaveanews.com\/index.php\/2021\/06\/29\/dirigente-do-flamengo-rebate-declaracao-do-treinador-do-brasil\/\"},\"author\":{\"name\":\"Equipe G\u00e1vea News\",\"@id\":\"https:\/\/www.gaveanews.com\/#\/schema\/person\/2ec14f73fb96be2caf28f91afb14749d\"},\"headline\":\"Dirigente do Flamengo rebate declara\u00e7\u00e3o do treinador do Brasil\",\"datePublished\":\"2021-06-29T22:23:57+00:00\",\"dateModified\":\"2021-06-29T22:23:59+00:00\",\"mainEntityOfPage\":{\"@id\":\"https:\/\/www.gaveanews.com\/index.php\/2021\/06\/29\/dirigente-do-flamengo-rebate-declaracao-do-treinador-do-brasil\/\"},\"wordCount\":175,\"commentCount\":13,\"image\":{\"@id\":\"https:\/\/www.gaveanews.com\/index.php\/2021\/06\/29\/dirigente-do-flamengo-rebate-declaracao-do-treinador-do-brasil\/#primaryimage\"},\"thumbnailUrl\":\"https:\/\/www.gaveanews.com\/wp-content\/uploads\/Reinaldo-Belotti-esquerda-Rodolfo-Landim-centro-e-Rodrigo-Dunshee-de-Abranches-direita.webp\",\"articleSection\":[\"Flamengo\"],\"inLanguage\":\"pt-BR\",\"potentialAction\":[{\"@type\":\"CommentAction\",\"name\":\"Comment\",\"target\":[\"https:\/\/www.gaveanews.com\/index.php\/2021\/06\/29\/dirigente-do-flamengo-rebate-declaracao-do-treinador-do-brasil\/#respond\"]}],\"copyrightYear\":\"2021\",\"copyrightHolder\":{\"@id\":\"https:\/\/www.gaveanews.com\/#organization\"}},{\"@type\":\"WebPage\",\"@id\":\"https:\/\/www.gaveanews.com\/index.php\/2021\/06\/29\/dirigente-do-flamengo-rebate-declaracao-do-treinador-do-brasil\/\",\"url\":\"https:\/\/www.gaveanews.com\/index.php\/2021\/06\/29\/dirigente-do-flamengo-rebate-declaracao-do-treinador-do-brasil\/\",\"name\":\"Dirigente do Flamengo rebate declara\u00e7\u00e3o do treinador do Brasil\",\"isPartOf\":{\"@id\":\"https:\/\/www.gaveanews.com\/#website\"},\"primaryImageOfPage\":{\"@id\":\"https:\/\/www.gaveanews.com\/index.php\/2021\/06\/29\/dirigente-do-flamengo-rebate-declaracao-do-treinador-do-brasil\/#primaryimage\"},\"image\":{\"@id\":\"https:\/\/www.gaveanews.com\/index.php\/2021\/06\/29\/dirigente-do-flamengo-rebate-declaracao-do-treinador-do-brasil\/#primaryimage\"},\"thumbnailUrl\":\"https:\/\/www.gaveanews.com\/wp-content\/uploads\/Reinaldo-Belotti-esquerda-Rodolfo-Landim-centro-e-Rodrigo-Dunshee-de-Abranches-direita.webp\",\"datePublished\":\"2021-06-29T22:23:57+00:00\",\"dateModified\":\"2021-06-29T22:23:59+00:00\",\"author\":{\"@id\":\"https:\/\/www.gaveanews.com\/#\/schema\/person\/2ec14f73fb96be2caf28f91afb14749d\"},\"breadcrumb\":{\"@id\":\"https:\/\/www.gaveanews.com\/index.php\/2021\/06\/29\/dirigente-do-flamengo-rebate-declaracao-do-treinador-do-brasil\/#breadcrumb\"},\"inLanguage\":\"pt-BR\",\"potentialAction\":[{\"@type\":\"ReadAction\",\"target\":[\"https:\/\/www.gaveanews.com\/index.php\/2021\/06\/29\/dirigente-do-flamengo-rebate-declaracao-do-treinador-do-brasil\/\"]}]},{\"@type\":\"ImageObject\",\"inLanguage\":\"pt-BR\",\"@id\":\"https:\/\/www.gaveanews.com\/index.php\/2021\/06\/29\/dirigente-do-flamengo-rebate-declaracao-do-treinador-do-brasil\/#primaryimage\",\"url\":\"https:\/\/www.gaveanews.com\/wp-content\/uploads\/Reinaldo-Belotti-esquerda-Rodolfo-Landim-centro-e-Rodrigo-Dunshee-de-Abranches-direita.webp\",\"contentUrl\":\"https:\/\/www.gaveanews.com\/wp-content\/uploads\/Reinaldo-Belotti-esquerda-Rodolfo-Landim-centro-e-Rodrigo-Dunshee-de-Abranches-direita.webp\",\"width\":1920,\"height\":1277,\"caption\":\"Reinaldo Belotti (esquerda), Rodolfo Landim (centro) e Rodrigo Dunshee de Abranches (direita) (Foto: Marcelo Cortes\/Flamengo)\"},{\"@type\":\"BreadcrumbList\",\"@id\":\"https:\/\/www.gaveanews.com\/index.php\/2021\/06\/29\/dirigente-do-flamengo-rebate-declaracao-do-treinador-do-brasil\/#breadcrumb\",\"itemListElement\":[{\"@type\":\"ListItem\",\"position\":1,\"name\":\"Home\",\"item\":\"https:\/\/www.gaveanews.com\/\"},{\"@type\":\"ListItem\",\"position\":2,\"name\":\"Dirigente do Flamengo rebate declara\u00e7\u00e3o do treinador do Brasil\"}]},{\"@type\":\"WebSite\",\"@id\":\"https:\/\/www.gaveanews.com\/#website\",\"url\":\"https:\/\/www.gaveanews.com\/\",\"name\":\"G\u00e1vea News\",\"description\":\"Veja todas as not\u00edcias sobre o Flamengo: Contrata\u00e7\u00f5es, categorias de base, resultados das partidas, tabela de classifica\u00e7\u00e3o, pr\u00f3ximos jogos!\",\"potentialAction\":[{\"@type\":\"SearchAction\",\"target\":{\"@type\":\"EntryPoint\",\"urlTemplate\":\"https:\/\/www.gaveanews.com\/?s={search_term_string}\"},\"query-input\":{\"@type\":\"PropertyValueSpecification\",\"valueRequired\":true,\"valueName\":\"search_term_string\"}}],\"inLanguage\":\"pt-BR\"},{\"@type\":\"Person\",\"@id\":\"https:\/\/www.gaveanews.com\/#\/schema\/person\/2ec14f73fb96be2caf28f91afb14749d\",\"name\":\"Equipe G\u00e1vea News\",\"image\":{\"@type\":\"ImageObject\",\"inLanguage\":\"pt-BR\",\"@id\":\"https:\/\/www.gaveanews.com\/#\/schema\/person\/image\/\",\"url\":\"https:\/\/secure.gravatar.com\/avatar\/1e1956f1facbffd3f8fa53a326721950116b3b9dc9bd44939c01180fd4a745a9?s=96&d=mm&r=g\",\"contentUrl\":\"https:\/\/secure.gravatar.com\/avatar\/1e1956f1facbffd3f8fa53a326721950116b3b9dc9bd44939c01180fd4a745a9?s=96&d=mm&r=g\",\"caption\":\"Equipe G\u00e1vea News\"}}]}<\/script>\n<!-- \/ Yoast SEO Premium plugin. -->","yoast_head_json":{"title":"Dirigente do Flamengo rebate declara\u00e7\u00e3o do treinador do Brasil","robots":{"index":"index","follow":"follow","max-snippet":"max-snippet:-1","max-image-preview":"max-image-preview:large","max-video-preview":"max-video-preview:-1"},"canonical":"https:\/\/www.gaveanews.com\/index.php\/2021\/06\/29\/dirigente-do-flamengo-rebate-declaracao-do-treinador-do-brasil\/","og_locale":"pt_BR","og_type":"article","og_title":"Dirigente do Flamengo rebate declara\u00e7\u00e3o do treinador do Brasil","og_description":"O vice geral e jur\u00eddico do Flamengo, Rodrigo Dunshee, rebateu as declara\u00e7\u00f5es do t\u00e9cnico Andr\u00e9 Jardine sobre a convoca\u00e7\u00e3o de Pedro para a sele\u00e7\u00e3o ol\u00edmpica. Ap\u00f3s o treinador dizer que convocou Pedro por merecimento e para n\u00e3o &#8220;beneficiar&#8221; o Flamengo, o dirigente ressaltou o preju\u00edzo sofrido com as convoca\u00e7\u00f5es para a Copa Am\u00e9rica. \u2014 O [&hellip;]","og_url":"https:\/\/www.gaveanews.com\/index.php\/2021\/06\/29\/dirigente-do-flamengo-rebate-declaracao-do-treinador-do-brasil\/","og_site_name":"G\u00e1vea News","article_publisher":"https:\/\/facebook.com\/gaveaNews\/","article_published_time":"2021-06-29T22:23:57+00:00","article_modified_time":"2021-06-29T22:23:59+00:00","og_image":[{"width":1920,"height":1277,"url":"https:\/\/www.gaveanews.com\/wp-content\/uploads\/Reinaldo-Belotti-esquerda-Rodolfo-Landim-centro-e-Rodrigo-Dunshee-de-Abranches-direita.webp","type":"image\/jpeg"}],"author":"Equipe G\u00e1vea News","twitter_card":"summary_large_image","twitter_misc":{"Escrito por":"Equipe G\u00e1vea News","Est. tempo de leitura":"1 minuto"},"schema":{"@context":"https:\/\/schema.org","@graph":[{"@type":"NewsArticle","@id":"https:\/\/www.gaveanews.com\/index.php\/2021\/06\/29\/dirigente-do-flamengo-rebate-declaracao-do-treinador-do-brasil\/#article","isPartOf":{"@id":"https:\/\/www.gaveanews.com\/index.php\/2021\/06\/29\/dirigente-do-flamengo-rebate-declaracao-do-treinador-do-brasil\/"},"author":{"name":"Equipe G\u00e1vea News","@id":"https:\/\/www.gaveanews.com\/#\/schema\/person\/2ec14f73fb96be2caf28f91afb14749d"},"headline":"Dirigente do Flamengo rebate declara\u00e7\u00e3o do treinador do Brasil","datePublished":"2021-06-29T22:23:57+00:00","dateModified":"2021-06-29T22:23:59+00:00","mainEntityOfPage":{"@id":"https:\/\/www.gaveanews.com\/index.php\/2021\/06\/29\/dirigente-do-flamengo-rebate-declaracao-do-treinador-do-brasil\/"},"wordCount":175,"commentCount":13,"image":{"@id":"https:\/\/www.gaveanews.com\/index.php\/2021\/06\/29\/dirigente-do-flamengo-rebate-declaracao-do-treinador-do-brasil\/#primaryimage"},"thumbnailUrl":"https:\/\/www.gaveanews.com\/wp-content\/uploads\/Reinaldo-Belotti-esquerda-Rodolfo-Landim-centro-e-Rodrigo-Dunshee-de-Abranches-direita.webp","articleSection":["Flamengo"],"inLanguage":"pt-BR","potentialAction":[{"@type":"CommentAction","name":"Comment","target":["https:\/\/www.gaveanews.com\/index.php\/2021\/06\/29\/dirigente-do-flamengo-rebate-declaracao-do-treinador-do-brasil\/#respond"]}],"copyrightYear":"2021","copyrightHolder":{"@id":"https:\/\/www.gaveanews.com\/#organization"}},{"@type":"WebPage","@id":"https:\/\/www.gaveanews.com\/index.php\/2021\/06\/29\/dirigente-do-flamengo-rebate-declaracao-do-treinador-do-brasil\/","url":"https:\/\/www.gaveanews.com\/index.php\/2021\/06\/29\/dirigente-do-flamengo-rebate-declaracao-do-treinador-do-brasil\/","name":"Dirigente do Flamengo rebate declara\u00e7\u00e3o do treinador do Brasil","isPartOf":{"@id":"https:\/\/www.gaveanews.com\/#website"},"primaryImageOfPage":{"@id":"https:\/\/www.gaveanews.com\/index.php\/2021\/06\/29\/dirigente-do-flamengo-rebate-declaracao-do-treinador-do-brasil\/#primaryimage"},"image":{"@id":"https:\/\/www.gaveanews.com\/index.php\/2021\/06\/29\/dirigente-do-flamengo-rebate-declaracao-do-treinador-do-brasil\/#primaryimage"},"thumbnailUrl":"https:\/\/www.gaveanews.com\/wp-content\/uploads\/Reinaldo-Belotti-esquerda-Rodolfo-Landim-centro-e-Rodrigo-Dunshee-de-Abranches-direita.webp","datePublished":"2021-06-29T22:23:57+00:00","dateModified":"2021-06-29T22:23:59+00:00","author":{"@id":"https:\/\/www.gaveanews.com\/#\/schema\/person\/2ec14f73fb96be2caf28f91afb14749d"},"breadcrumb":{"@id":"https:\/\/www.gaveanews.com\/index.php\/2021\/06\/29\/dirigente-do-flamengo-rebate-declaracao-do-treinador-do-brasil\/#breadcrumb"},"inLanguage":"pt-BR","potentialAction":[{"@type":"ReadAction","target":["https:\/\/www.gaveanews.com\/index.php\/2021\/06\/29\/dirigente-do-flamengo-rebate-declaracao-do-treinador-do-brasil\/"]}]},{"@type":"ImageObject","inLanguage":"pt-BR","@id":"https:\/\/www.gaveanews.com\/index.php\/2021\/06\/29\/dirigente-do-flamengo-rebate-declaracao-do-treinador-do-brasil\/#primaryimage","url":"https:\/\/www.gaveanews.com\/wp-content\/uploads\/Reinaldo-Belotti-esquerda-Rodolfo-Landim-centro-e-Rodrigo-Dunshee-de-Abranches-direita.webp","contentUrl":"https:\/\/www.gaveanews.com\/wp-content\/uploads\/Reinaldo-Belotti-esquerda-Rodolfo-Landim-centro-e-Rodrigo-Dunshee-de-Abranches-direita.webp","width":1920,"height":1277,"caption":"Reinaldo Belotti (esquerda), Rodolfo Landim (centro) e Rodrigo Dunshee de Abranches (direita) (Foto: Marcelo Cortes\/Flamengo)"},{"@type":"BreadcrumbList","@id":"https:\/\/www.gaveanews.com\/index.php\/2021\/06\/29\/dirigente-do-flamengo-rebate-declaracao-do-treinador-do-brasil\/#breadcrumb","itemListElement":[{"@type":"ListItem","position":1,"name":"Home","item":"https:\/\/www.gaveanews.com\/"},{"@type":"ListItem","position":2,"name":"Dirigente do Flamengo rebate declara\u00e7\u00e3o do treinador do Brasil"}]},{"@type":"WebSite","@id":"https:\/\/www.gaveanews.com\/#website","url":"https:\/\/www.gaveanews.com\/","name":"G\u00e1vea News","description":"Veja todas as not\u00edcias sobre o Flamengo: Contrata\u00e7\u00f5es, categorias de base, resultados das partidas, tabela de classifica\u00e7\u00e3o, pr\u00f3ximos jogos!","potentialAction":[{"@type":"SearchAction","target":{"@type":"EntryPoint","urlTemplate":"https:\/\/www.gaveanews.com\/?s={search_term_string}"},"query-input":{"@type":"PropertyValueSpecification","valueRequired":true,"valueName":"search_term_string"}}],"inLanguage":"pt-BR"},{"@type":"Person","@id":"https:\/\/www.gaveanews.com\/#\/schema\/person\/2ec14f73fb96be2caf28f91afb14749d","name":"Equipe G\u00e1vea News","image":{"@type":"ImageObject","inLanguage":"pt-BR","@id":"https:\/\/www.gaveanews.com\/#\/schema\/person\/image\/","url":"https:\/\/secure.gravatar.com\/avatar\/1e1956f1facbffd3f8fa53a326721950116b3b9dc9bd44939c01180fd4a745a9?s=96&d=mm&r=g","contentUrl":"https:\/\/secure.gravatar.com\/avatar\/1e1956f1facbffd3f8fa53a326721950116b3b9dc9bd44939c01180fd4a745a9?s=96&d=mm&r=g","caption":"Equipe G\u00e1vea News"}}]}},"_links":{"self":[{"href":"https:\/\/www.gaveanews.com\/index.php\/wp-json\/wp\/v2\/posts\/63754","targetHints":{"allow":["GET"]}}],"collection":[{"href":"https:\/\/www.gaveanews.com\/index.php\/wp-json\/wp\/v2\/posts"}],"about":[{"href":"https:\/\/www.gaveanews.com\/index.php\/wp-json\/wp\/v2\/types\/post"}],"author":[{"embeddable":true,"href":"https:\/\/www.gaveanews.com\/index.php\/wp-json\/wp\/v2\/users\/1"}],"replies":[{"embeddable":true,"href":"https:\/\/www.gaveanews.com\/index.php\/wp-json\/wp\/v2\/comments?post=63754"}],"version-history":[{"count":0,"href":"https:\/\/www.gaveanews.com\/index.php\/wp-json\/wp\/v2\/posts\/63754\/revisions"}],"wp:featuredmedia":[{"embeddable":true,"href":"https:\/\/www.gaveanews.com\/index.php\/wp-json\/wp\/v2\/media\/41279"}],"wp:attachment":[{"href":"https:\/\/www.gaveanews.com\/index.php\/wp-json\/wp\/v2\/media?parent=63754"}],"wp:term":[{"taxonomy":"category","embeddable":true,"href":"https:\/\/www.gaveanews.com\/index.php\/wp-json\/wp\/v2\/categories?post=63754"},{"taxonomy":"post_tag","embeddable":true,"href":"https:\/\/www.gaveanews.com\/index.php\/wp-json\/wp\/v2\/tags?post=63754"}],"curies":[{"name":"wp","href":"https:\/\/api.w.org\/{rel}","templated":true}]}}