{"id":63764,"date":"2021-06-29T23:48:24","date_gmt":"2021-06-30T02:48:24","guid":{"rendered":"https:\/\/www.gaveanews.com\/?p=63764"},"modified":"2021-06-29T23:48:27","modified_gmt":"2021-06-30T02:48:27","slug":"jornalistas-espanhois-avaliam-kenedy-alvo-do-flamengo","status":"publish","type":"post","link":"https:\/\/www.gaveanews.com\/index.php\/2021\/06\/29\/jornalistas-espanhois-avaliam-kenedy-alvo-do-flamengo\/","title":{"rendered":"Jornalistas espanh\u00f3is avaliam Kenedy, alvo do Flamengo"},"content":{"rendered":"\n<p>Mesmo que de forma t\u00edmida, o Flamengo se movimenta e analisa nomes para tentar a contrata\u00e7\u00e3o na pr\u00f3xima janela de transfer\u00eancia. Como trouxe o Jornal O Dia trouxe em primeira m\u00e3o, um jogador que tem conversas e que j\u00e1 deu o \u201cok\u201d \u00e0 diretoria rubro-negra \u00e9 Kenedy, que pertence ao Chelsea e atuou pelo Granada, da Espanha, na \u00faltima temporada durante empr\u00e9stimo de 12 meses.<\/p>\n\n\n\n<p>Depois que a not\u00edcia foi publicada, muitos torcedores do Flamengo, nas redes sociais, questionaram a condi\u00e7\u00e3o f\u00edsica e t\u00e9cnica que Kenedy se encontra neste momento da carreira. Com 25 anos e contratado pelo Chelsea junto ao Fluminense em 2015, o atacante ainda n\u00e3o conseguiu se firma no time ingl\u00eas e coleciona empr\u00e9stimo para outros clubes europeus, como Watford, Newcastle, ambos da Inglaterra, e Getafe e Granada, ambos da Espanha.<\/p>\n\n\n\n<p>A \u00faltima temporada (2020\/2021), pelo Granada, foi a melhor na carreira de Kenedy: 44 jogos e 8 gols. Mas, para ter mais detalhes da passagem do atacante pelo time espanhol, a reportagem conversou com tr\u00eas jornalistas que acompanharam de perto a passagem do brasileiro pelo \u201cEl Gran\u00e1\u201d.<\/p>\n\n\n\n<p>Rafael Lamelas, Gerente da Editoria de Esportes do Jornal Ideal, de Granada, Jos\u00e9 \u00c1ngel Martos, Diretor da Radio Marca, e Francisco Rodr\u00edguez, rep\u00f3rter no Jornal Ideal destrincharam e deram detalhes minuciosos da passagem de Kenedy pelo Granada. Veja abaixo:<\/p>\n\n\n\n<p><strong>Rafael Lamelas, Gerente da Editoria de Esportes do Jornal Ideal, de Granada:<\/strong><br>\u201cKenedy teve uma temporada muito boa em Granada. Ele teve a confian\u00e7a do treinador. Ele jogou como ala, na direita e na esquerda. Ele fez belos gols e demonstrou sua qualidade no drible. Foi importante na temporada do Granada, que mais uma vez foi muito boa. Nono na liga espanhola, quartas de final na Copa del Rey e quartas de final na Liga Europa. Ele se sentiu muito bem com o t\u00e9cnico Diego Mart\u00ednez. Agora ele se foi. \u00c9 quase imposs\u00edvel para Kenedy retornar.\u201d<\/p>\n\n\n\n<p><strong>Jos\u00e9 \u00c1negel Martos, Diretor da Radio Marca:<\/strong><br>\u201cNa maioria das partidas ele jogou como ala direito, embora \u00e0s vezes tamb\u00e9m tenha jogado na esquerda, trocando com Darwin Machis. A sua for\u00e7a \u00e9 a parte f\u00edsica. \u00c9 um atleta muito r\u00e1pido e explosivo, al\u00e9m da criatividade, gosta de usar os dribles. Seu ponto fraco \u00e9 que ele \u00e9 um jogador de futebol muito temperamental, e tomou muito cart\u00e3o amarelo. Se ele enfrenta advers\u00e1rios, o \u00e1rbitro protesta. A rela\u00e7\u00e3o dele com o treinador era muito boa, porque ele \u00e9 um menino muito introvertido, fala pouco, na dele. N\u00e3o era muito de sair com os companheiros de time e ficava mais tempo em casa, jogando \u2018Play Station\u2019, que \u00e9 um videogame. No Granada, de modo geral, ele esteve muito bem, \u00e9 um grande jogador. Muito jovem e com um grande futuro.\u201d<\/p>\n\n\n\n<p><strong>Francisco Rodr\u00edguez, rep\u00f3rter no Jornal Ideal:<\/strong><br>\u201cKenedy foi uma grande surpresa aqui em Granada. Aqui sabia-se que o Chelsea apostou fortemente nele, mas estagnou e o seu ano no Getafe n\u00e3o lhe agradou devido ao seu estilo de jogo. Bordal\u00e1s prefere jogar com alas duplas e exige muita defesa dos alas, por isso n\u00e3o brilhou. Quando o Granada o contratou por empr\u00e9stimo, todos esper\u00e1vamos que ficasse um pouco chocado, aquele suplente que sai com os jogos emperrados e costuma ser a primeira mudan\u00e7a da equipa.<\/p>\n\n\n\n<p>Mas j\u00e1 na estreia deixou impress\u00f5es muito boas, passou a ser titular e a marcar golos. O titular, Puertas, apanhou o cobi\u00e7ado com sintomas, pelo que Kenedy passou a fazer parte dos onze e n\u00e3o voltou a sair da equipa. Foi protagonista pelo seu drible, pela sua excelente remate de longe e por ter muita personalidade. Ele marcou bonitos gols, como contra o Villarreal.<\/p>\n\n\n\n<p>Pelo Granada sempre atuou como ala direito, com a perna alterada para poder chutar com o p\u00e9 esquerdo. Uma vez ele jogou, por necessidade, como lateral-esquerdo e n\u00e3o conseguiu fazer muito bem.<\/p>\n\n\n\n<p>Ele teve poucos pontos fracos aqui. Tem estado tudo bem. Ele se envolveu e ajudou muito na defesa, ficou surpreso que, al\u00e9m do drible, tem corrido muito para defender. Ele teve poucas les\u00f5es e at\u00e9 arriscou jogar sem estar totalmente recuperado. Onde mais brilhou foram nos jogos da Liga Europa.<\/p>\n\n\n\n<p>A sua rela\u00e7\u00e3o com o treinador e com o resto do clube (companheiros, colaboradores e adeptos) tem sido magn\u00edfica e uma das chaves para o seu desenvolvimento. Encontrou o clube perfeito para crescer.<\/p>\n\n\n\n<p>O Granada n\u00e3o vai atr\u00e1s dele porque o Chelsea vai pedir muito por seu passe financeiramente e n\u00e3o acho que os blues queiram desistir dele novamente. Se o fizerem, ele tentar\u00e1 ir para uma equipe que joga competi\u00e7\u00f5es da UEFA. Mas estou certo de que tanto ele como o clube (Granada) ter\u00e3o o maior prazer em voltar a ter contrato futuramente.\u201d<\/p>\n\n\n\n<h2 class=\"wp-block-heading\" id=\"h-situa-o-da-negocia-o\">Situa\u00e7\u00e3o da negocia\u00e7\u00e3o<\/h2>\n\n\n\n<p>O interesse do Flamengo em Kenedy \u00e9 de \u201coutros Carnavais\u201d. Mas, agora, o flerte tem grandes chances de virar namoro. Em maio, Marcos Braz, vice de futebol do clube e grande entusiasta do futebol do atacante, almo\u00e7ou com o atleta e o seu representante, Evandro Ferreira. O Jornal O Dia obteve imagem do encontro, que aconteceu em uma churrascaria na Barra da Tijuca, Zona Oeste do Rio de Janeiro.<\/p>\n\n\n\n<p>Desde ent\u00e3o, as conversas e reuni\u00f5es acontecem de forma tranquila e natural. No primeiro momento, Kenedy gostaria de atuar pelo Chelsea e provar o seu valor pelo time ingl\u00eas. Mas ele j\u00e1 foi comunicado que n\u00e3o ser\u00e1 utilizado e dever\u00e1 ser emprestado novamente.<\/p>\n\n\n\n<p>Ent\u00e3o, Kenedy mudou de ideia e j\u00e1 come\u00e7a a ver um empr\u00e9stimo ao Flamengo com bons olhos. O receio que o atacante tinha era de retornar ao futebol brasileiro, n\u00e3o ter um bom desempenho e acabar fechando portas na Europa. Mas, ele j\u00e1 foi convencido que, caso seja emprestado ao Rubro-Negro, s\u00f3 ir\u00e1 depender dele para voltar a ter notoriedade no Velho Continente e, enfim, ganhar chances no Chelsea.<\/p>\n\n\n\n<p>O Flamengo quer ter Kenedy por empr\u00e9stimo e com op\u00e7\u00e3o de compra estabelecido em contrato, modelo de neg\u00f3cio que fez quando trouxe Gabigol, Pedro, Thiago Maia, Pedro Rocha e, por \u00faltimo Bruno Viana. A ideia da diretoria, neste momento, n\u00e3o \u00e9 fazer grandes investimentos no mercado.<\/p>\n\n\n\n<p>Com o \u201cok\u201d de Kenedy e o aval do seu representante, Evandro Ferreira, a c\u00fapula rubro-negra ir\u00e1 negociar com o Chelsea a contrata\u00e7\u00e3o de Kenedy. Dif\u00edcil? Membros da diretoria acreditam que sim, mas n\u00e3o imposs\u00edvel.<\/p>\n\n\n\n<p>Retirado de: O Dia<\/p>\n","protected":false},"excerpt":{"rendered":"<p>Mesmo que de forma t\u00edmida, o Flamengo se movimenta e analisa nomes para tentar a contrata\u00e7\u00e3o na pr\u00f3xima janela de transfer\u00eancia. Como trouxe o Jornal O Dia trouxe em primeira m\u00e3o, um jogador que tem conversas e que j\u00e1 deu o \u201cok\u201d \u00e0 diretoria rubro-negra \u00e9 Kenedy, que pertence ao Chelsea e atuou pelo Granada, [&hellip;]<\/p>\n","protected":false},"author":1,"featured_media":62334,"comment_status":"open","ping_status":"closed","sticky":false,"template":"","format":"standard","meta":{"footnotes":""},"categories":[1],"tags":[],"class_list":["post-63764","post","type-post","status-publish","format-standard","has-post-thumbnail","hentry","category-flamengo"],"yoast_head":"<!-- This site is optimized with the Yoast SEO Premium plugin v24.2 (Yoast SEO v26.9) - https:\/\/yoast.com\/product\/yoast-seo-premium-wordpress\/ -->\n<title>Jornalistas espanh\u00f3is avaliam Kenedy, alvo do Flamengo<\/title>\n<meta name=\"robots\" content=\"index, follow, max-snippet:-1, max-image-preview:large, max-video-preview:-1\" \/>\n<link rel=\"canonical\" href=\"https:\/\/www.gaveanews.com\/index.php\/2021\/06\/29\/jornalistas-espanhois-avaliam-kenedy-alvo-do-flamengo\/\" \/>\n<meta property=\"og:locale\" content=\"pt_BR\" \/>\n<meta property=\"og:type\" content=\"article\" \/>\n<meta property=\"og:title\" content=\"Jornalistas espanh\u00f3is avaliam Kenedy, alvo do Flamengo\" \/>\n<meta property=\"og:description\" content=\"Mesmo que de forma t\u00edmida, o Flamengo se movimenta e analisa nomes para tentar a contrata\u00e7\u00e3o na pr\u00f3xima janela de transfer\u00eancia. Como trouxe o Jornal O Dia trouxe em primeira m\u00e3o, um jogador que tem conversas e que j\u00e1 deu o \u201cok\u201d \u00e0 diretoria rubro-negra \u00e9 Kenedy, que pertence ao Chelsea e atuou pelo Granada, [&hellip;]\" \/>\n<meta property=\"og:url\" content=\"https:\/\/www.gaveanews.com\/index.php\/2021\/06\/29\/jornalistas-espanhois-avaliam-kenedy-alvo-do-flamengo\/\" \/>\n<meta property=\"og:site_name\" content=\"G\u00e1vea News\" \/>\n<meta property=\"article:publisher\" content=\"https:\/\/facebook.com\/gaveaNews\/\" \/>\n<meta property=\"article:published_time\" content=\"2021-06-30T02:48:24+00:00\" \/>\n<meta property=\"article:modified_time\" content=\"2021-06-30T02:48:27+00:00\" \/>\n<meta property=\"og:image\" content=\"https:\/\/www.gaveanews.com\/wp-content\/uploads\/Kenedy-em-treinamento.webp\" \/>\n\t<meta property=\"og:image:width\" content=\"640\" \/>\n\t<meta property=\"og:image:height\" content=\"640\" \/>\n\t<meta property=\"og:image:type\" content=\"image\/jpeg\" \/>\n<meta name=\"author\" content=\"Equipe G\u00e1vea News\" \/>\n<meta name=\"twitter:card\" content=\"summary_large_image\" \/>\n<meta name=\"twitter:label1\" content=\"Escrito por\" \/>\n\t<meta name=\"twitter:data1\" content=\"Equipe G\u00e1vea News\" \/>\n\t<meta name=\"twitter:label2\" content=\"Est. tempo de leitura\" \/>\n\t<meta name=\"twitter:data2\" content=\"5 minutos\" \/>\n<script type=\"application\/ld+json\" class=\"yoast-schema-graph\">{\"@context\":\"https:\/\/schema.org\",\"@graph\":[{\"@type\":\"NewsArticle\",\"@id\":\"https:\/\/www.gaveanews.com\/index.php\/2021\/06\/29\/jornalistas-espanhois-avaliam-kenedy-alvo-do-flamengo\/#article\",\"isPartOf\":{\"@id\":\"https:\/\/www.gaveanews.com\/index.php\/2021\/06\/29\/jornalistas-espanhois-avaliam-kenedy-alvo-do-flamengo\/\"},\"author\":{\"name\":\"Equipe G\u00e1vea News\",\"@id\":\"https:\/\/www.gaveanews.com\/#\/schema\/person\/2ec14f73fb96be2caf28f91afb14749d\"},\"headline\":\"Jornalistas espanh\u00f3is avaliam Kenedy, alvo do Flamengo\",\"datePublished\":\"2021-06-30T02:48:24+00:00\",\"dateModified\":\"2021-06-30T02:48:27+00:00\",\"mainEntityOfPage\":{\"@id\":\"https:\/\/www.gaveanews.com\/index.php\/2021\/06\/29\/jornalistas-espanhois-avaliam-kenedy-alvo-do-flamengo\/\"},\"wordCount\":1108,\"commentCount\":4,\"image\":{\"@id\":\"https:\/\/www.gaveanews.com\/index.php\/2021\/06\/29\/jornalistas-espanhois-avaliam-kenedy-alvo-do-flamengo\/#primaryimage\"},\"thumbnailUrl\":\"https:\/\/www.gaveanews.com\/wp-content\/uploads\/Kenedy-em-treinamento.webp\",\"articleSection\":[\"Flamengo\"],\"inLanguage\":\"pt-BR\",\"potentialAction\":[{\"@type\":\"CommentAction\",\"name\":\"Comment\",\"target\":[\"https:\/\/www.gaveanews.com\/index.php\/2021\/06\/29\/jornalistas-espanhois-avaliam-kenedy-alvo-do-flamengo\/#respond\"]}],\"copyrightYear\":\"2021\",\"copyrightHolder\":{\"@id\":\"https:\/\/www.gaveanews.com\/#organization\"}},{\"@type\":\"WebPage\",\"@id\":\"https:\/\/www.gaveanews.com\/index.php\/2021\/06\/29\/jornalistas-espanhois-avaliam-kenedy-alvo-do-flamengo\/\",\"url\":\"https:\/\/www.gaveanews.com\/index.php\/2021\/06\/29\/jornalistas-espanhois-avaliam-kenedy-alvo-do-flamengo\/\",\"name\":\"Jornalistas espanh\u00f3is avaliam Kenedy, alvo do Flamengo\",\"isPartOf\":{\"@id\":\"https:\/\/www.gaveanews.com\/#website\"},\"primaryImageOfPage\":{\"@id\":\"https:\/\/www.gaveanews.com\/index.php\/2021\/06\/29\/jornalistas-espanhois-avaliam-kenedy-alvo-do-flamengo\/#primaryimage\"},\"image\":{\"@id\":\"https:\/\/www.gaveanews.com\/index.php\/2021\/06\/29\/jornalistas-espanhois-avaliam-kenedy-alvo-do-flamengo\/#primaryimage\"},\"thumbnailUrl\":\"https:\/\/www.gaveanews.com\/wp-content\/uploads\/Kenedy-em-treinamento.webp\",\"datePublished\":\"2021-06-30T02:48:24+00:00\",\"dateModified\":\"2021-06-30T02:48:27+00:00\",\"author\":{\"@id\":\"https:\/\/www.gaveanews.com\/#\/schema\/person\/2ec14f73fb96be2caf28f91afb14749d\"},\"breadcrumb\":{\"@id\":\"https:\/\/www.gaveanews.com\/index.php\/2021\/06\/29\/jornalistas-espanhois-avaliam-kenedy-alvo-do-flamengo\/#breadcrumb\"},\"inLanguage\":\"pt-BR\",\"potentialAction\":[{\"@type\":\"ReadAction\",\"target\":[\"https:\/\/www.gaveanews.com\/index.php\/2021\/06\/29\/jornalistas-espanhois-avaliam-kenedy-alvo-do-flamengo\/\"]}]},{\"@type\":\"ImageObject\",\"inLanguage\":\"pt-BR\",\"@id\":\"https:\/\/www.gaveanews.com\/index.php\/2021\/06\/29\/jornalistas-espanhois-avaliam-kenedy-alvo-do-flamengo\/#primaryimage\",\"url\":\"https:\/\/www.gaveanews.com\/wp-content\/uploads\/Kenedy-em-treinamento.webp\",\"contentUrl\":\"https:\/\/www.gaveanews.com\/wp-content\/uploads\/Kenedy-em-treinamento.webp\",\"width\":640,\"height\":640,\"caption\":\"Kenedy em treinamento (Foto: Divulga\u00e7\u00e3o\/Granada FC)\"},{\"@type\":\"BreadcrumbList\",\"@id\":\"https:\/\/www.gaveanews.com\/index.php\/2021\/06\/29\/jornalistas-espanhois-avaliam-kenedy-alvo-do-flamengo\/#breadcrumb\",\"itemListElement\":[{\"@type\":\"ListItem\",\"position\":1,\"name\":\"Home\",\"item\":\"https:\/\/www.gaveanews.com\/\"},{\"@type\":\"ListItem\",\"position\":2,\"name\":\"Jornalistas espanh\u00f3is avaliam Kenedy, alvo do Flamengo\"}]},{\"@type\":\"WebSite\",\"@id\":\"https:\/\/www.gaveanews.com\/#website\",\"url\":\"https:\/\/www.gaveanews.com\/\",\"name\":\"G\u00e1vea News\",\"description\":\"Veja todas as not\u00edcias sobre o Flamengo: Contrata\u00e7\u00f5es, categorias de base, resultados das partidas, tabela de classifica\u00e7\u00e3o, pr\u00f3ximos jogos!\",\"potentialAction\":[{\"@type\":\"SearchAction\",\"target\":{\"@type\":\"EntryPoint\",\"urlTemplate\":\"https:\/\/www.gaveanews.com\/?s={search_term_string}\"},\"query-input\":{\"@type\":\"PropertyValueSpecification\",\"valueRequired\":true,\"valueName\":\"search_term_string\"}}],\"inLanguage\":\"pt-BR\"},{\"@type\":\"Person\",\"@id\":\"https:\/\/www.gaveanews.com\/#\/schema\/person\/2ec14f73fb96be2caf28f91afb14749d\",\"name\":\"Equipe G\u00e1vea News\",\"image\":{\"@type\":\"ImageObject\",\"inLanguage\":\"pt-BR\",\"@id\":\"https:\/\/www.gaveanews.com\/#\/schema\/person\/image\/\",\"url\":\"https:\/\/secure.gravatar.com\/avatar\/1e1956f1facbffd3f8fa53a326721950116b3b9dc9bd44939c01180fd4a745a9?s=96&d=mm&r=g\",\"contentUrl\":\"https:\/\/secure.gravatar.com\/avatar\/1e1956f1facbffd3f8fa53a326721950116b3b9dc9bd44939c01180fd4a745a9?s=96&d=mm&r=g\",\"caption\":\"Equipe G\u00e1vea News\"}}]}<\/script>\n<!-- \/ Yoast SEO Premium plugin. -->","yoast_head_json":{"title":"Jornalistas espanh\u00f3is avaliam Kenedy, alvo do Flamengo","robots":{"index":"index","follow":"follow","max-snippet":"max-snippet:-1","max-image-preview":"max-image-preview:large","max-video-preview":"max-video-preview:-1"},"canonical":"https:\/\/www.gaveanews.com\/index.php\/2021\/06\/29\/jornalistas-espanhois-avaliam-kenedy-alvo-do-flamengo\/","og_locale":"pt_BR","og_type":"article","og_title":"Jornalistas espanh\u00f3is avaliam Kenedy, alvo do Flamengo","og_description":"Mesmo que de forma t\u00edmida, o Flamengo se movimenta e analisa nomes para tentar a contrata\u00e7\u00e3o na pr\u00f3xima janela de transfer\u00eancia. Como trouxe o Jornal O Dia trouxe em primeira m\u00e3o, um jogador que tem conversas e que j\u00e1 deu o \u201cok\u201d \u00e0 diretoria rubro-negra \u00e9 Kenedy, que pertence ao Chelsea e atuou pelo Granada, [&hellip;]","og_url":"https:\/\/www.gaveanews.com\/index.php\/2021\/06\/29\/jornalistas-espanhois-avaliam-kenedy-alvo-do-flamengo\/","og_site_name":"G\u00e1vea News","article_publisher":"https:\/\/facebook.com\/gaveaNews\/","article_published_time":"2021-06-30T02:48:24+00:00","article_modified_time":"2021-06-30T02:48:27+00:00","og_image":[{"width":640,"height":640,"url":"https:\/\/www.gaveanews.com\/wp-content\/uploads\/Kenedy-em-treinamento.webp","type":"image\/jpeg"}],"author":"Equipe G\u00e1vea News","twitter_card":"summary_large_image","twitter_misc":{"Escrito por":"Equipe G\u00e1vea News","Est. tempo de leitura":"5 minutos"},"schema":{"@context":"https:\/\/schema.org","@graph":[{"@type":"NewsArticle","@id":"https:\/\/www.gaveanews.com\/index.php\/2021\/06\/29\/jornalistas-espanhois-avaliam-kenedy-alvo-do-flamengo\/#article","isPartOf":{"@id":"https:\/\/www.gaveanews.com\/index.php\/2021\/06\/29\/jornalistas-espanhois-avaliam-kenedy-alvo-do-flamengo\/"},"author":{"name":"Equipe G\u00e1vea News","@id":"https:\/\/www.gaveanews.com\/#\/schema\/person\/2ec14f73fb96be2caf28f91afb14749d"},"headline":"Jornalistas espanh\u00f3is avaliam Kenedy, alvo do Flamengo","datePublished":"2021-06-30T02:48:24+00:00","dateModified":"2021-06-30T02:48:27+00:00","mainEntityOfPage":{"@id":"https:\/\/www.gaveanews.com\/index.php\/2021\/06\/29\/jornalistas-espanhois-avaliam-kenedy-alvo-do-flamengo\/"},"wordCount":1108,"commentCount":4,"image":{"@id":"https:\/\/www.gaveanews.com\/index.php\/2021\/06\/29\/jornalistas-espanhois-avaliam-kenedy-alvo-do-flamengo\/#primaryimage"},"thumbnailUrl":"https:\/\/www.gaveanews.com\/wp-content\/uploads\/Kenedy-em-treinamento.webp","articleSection":["Flamengo"],"inLanguage":"pt-BR","potentialAction":[{"@type":"CommentAction","name":"Comment","target":["https:\/\/www.gaveanews.com\/index.php\/2021\/06\/29\/jornalistas-espanhois-avaliam-kenedy-alvo-do-flamengo\/#respond"]}],"copyrightYear":"2021","copyrightHolder":{"@id":"https:\/\/www.gaveanews.com\/#organization"}},{"@type":"WebPage","@id":"https:\/\/www.gaveanews.com\/index.php\/2021\/06\/29\/jornalistas-espanhois-avaliam-kenedy-alvo-do-flamengo\/","url":"https:\/\/www.gaveanews.com\/index.php\/2021\/06\/29\/jornalistas-espanhois-avaliam-kenedy-alvo-do-flamengo\/","name":"Jornalistas espanh\u00f3is avaliam Kenedy, alvo do Flamengo","isPartOf":{"@id":"https:\/\/www.gaveanews.com\/#website"},"primaryImageOfPage":{"@id":"https:\/\/www.gaveanews.com\/index.php\/2021\/06\/29\/jornalistas-espanhois-avaliam-kenedy-alvo-do-flamengo\/#primaryimage"},"image":{"@id":"https:\/\/www.gaveanews.com\/index.php\/2021\/06\/29\/jornalistas-espanhois-avaliam-kenedy-alvo-do-flamengo\/#primaryimage"},"thumbnailUrl":"https:\/\/www.gaveanews.com\/wp-content\/uploads\/Kenedy-em-treinamento.webp","datePublished":"2021-06-30T02:48:24+00:00","dateModified":"2021-06-30T02:48:27+00:00","author":{"@id":"https:\/\/www.gaveanews.com\/#\/schema\/person\/2ec14f73fb96be2caf28f91afb14749d"},"breadcrumb":{"@id":"https:\/\/www.gaveanews.com\/index.php\/2021\/06\/29\/jornalistas-espanhois-avaliam-kenedy-alvo-do-flamengo\/#breadcrumb"},"inLanguage":"pt-BR","potentialAction":[{"@type":"ReadAction","target":["https:\/\/www.gaveanews.com\/index.php\/2021\/06\/29\/jornalistas-espanhois-avaliam-kenedy-alvo-do-flamengo\/"]}]},{"@type":"ImageObject","inLanguage":"pt-BR","@id":"https:\/\/www.gaveanews.com\/index.php\/2021\/06\/29\/jornalistas-espanhois-avaliam-kenedy-alvo-do-flamengo\/#primaryimage","url":"https:\/\/www.gaveanews.com\/wp-content\/uploads\/Kenedy-em-treinamento.webp","contentUrl":"https:\/\/www.gaveanews.com\/wp-content\/uploads\/Kenedy-em-treinamento.webp","width":640,"height":640,"caption":"Kenedy em treinamento (Foto: Divulga\u00e7\u00e3o\/Granada FC)"},{"@type":"BreadcrumbList","@id":"https:\/\/www.gaveanews.com\/index.php\/2021\/06\/29\/jornalistas-espanhois-avaliam-kenedy-alvo-do-flamengo\/#breadcrumb","itemListElement":[{"@type":"ListItem","position":1,"name":"Home","item":"https:\/\/www.gaveanews.com\/"},{"@type":"ListItem","position":2,"name":"Jornalistas espanh\u00f3is avaliam Kenedy, alvo do Flamengo"}]},{"@type":"WebSite","@id":"https:\/\/www.gaveanews.com\/#website","url":"https:\/\/www.gaveanews.com\/","name":"G\u00e1vea News","description":"Veja todas as not\u00edcias sobre o Flamengo: Contrata\u00e7\u00f5es, categorias de base, resultados das partidas, tabela de classifica\u00e7\u00e3o, pr\u00f3ximos jogos!","potentialAction":[{"@type":"SearchAction","target":{"@type":"EntryPoint","urlTemplate":"https:\/\/www.gaveanews.com\/?s={search_term_string}"},"query-input":{"@type":"PropertyValueSpecification","valueRequired":true,"valueName":"search_term_string"}}],"inLanguage":"pt-BR"},{"@type":"Person","@id":"https:\/\/www.gaveanews.com\/#\/schema\/person\/2ec14f73fb96be2caf28f91afb14749d","name":"Equipe G\u00e1vea News","image":{"@type":"ImageObject","inLanguage":"pt-BR","@id":"https:\/\/www.gaveanews.com\/#\/schema\/person\/image\/","url":"https:\/\/secure.gravatar.com\/avatar\/1e1956f1facbffd3f8fa53a326721950116b3b9dc9bd44939c01180fd4a745a9?s=96&d=mm&r=g","contentUrl":"https:\/\/secure.gravatar.com\/avatar\/1e1956f1facbffd3f8fa53a326721950116b3b9dc9bd44939c01180fd4a745a9?s=96&d=mm&r=g","caption":"Equipe G\u00e1vea News"}}]}},"_links":{"self":[{"href":"https:\/\/www.gaveanews.com\/index.php\/wp-json\/wp\/v2\/posts\/63764","targetHints":{"allow":["GET"]}}],"collection":[{"href":"https:\/\/www.gaveanews.com\/index.php\/wp-json\/wp\/v2\/posts"}],"about":[{"href":"https:\/\/www.gaveanews.com\/index.php\/wp-json\/wp\/v2\/types\/post"}],"author":[{"embeddable":true,"href":"https:\/\/www.gaveanews.com\/index.php\/wp-json\/wp\/v2\/users\/1"}],"replies":[{"embeddable":true,"href":"https:\/\/www.gaveanews.com\/index.php\/wp-json\/wp\/v2\/comments?post=63764"}],"version-history":[{"count":0,"href":"https:\/\/www.gaveanews.com\/index.php\/wp-json\/wp\/v2\/posts\/63764\/revisions"}],"wp:featuredmedia":[{"embeddable":true,"href":"https:\/\/www.gaveanews.com\/index.php\/wp-json\/wp\/v2\/media\/62334"}],"wp:attachment":[{"href":"https:\/\/www.gaveanews.com\/index.php\/wp-json\/wp\/v2\/media?parent=63764"}],"wp:term":[{"taxonomy":"category","embeddable":true,"href":"https:\/\/www.gaveanews.com\/index.php\/wp-json\/wp\/v2\/categories?post=63764"},{"taxonomy":"post_tag","embeddable":true,"href":"https:\/\/www.gaveanews.com\/index.php\/wp-json\/wp\/v2\/tags?post=63764"}],"curies":[{"name":"wp","href":"https:\/\/api.w.org\/{rel}","templated":true}]}}