{"id":63766,"date":"2021-06-30T00:29:28","date_gmt":"2021-06-30T03:29:28","guid":{"rendered":"https:\/\/www.gaveanews.com\/?p=63766"},"modified":"2021-06-30T00:29:31","modified_gmt":"2021-06-30T03:29:31","slug":"cria-do-flamengo-lucas-paqueta-deve-assumir-camisa-10-do-lyon","status":"publish","type":"post","link":"https:\/\/www.gaveanews.com\/index.php\/2021\/06\/30\/cria-do-flamengo-lucas-paqueta-deve-assumir-camisa-10-do-lyon\/","title":{"rendered":"Cria do Flamengo, Lucas Paquet\u00e1 deve assumir camisa 10 do Lyon"},"content":{"rendered":"\n<p>Depois de uma passagem apagada pelo Milan, da It\u00e1lia, o meio-campista Lucas Paquet\u00e1 reencontrou o bom futebol no Lyon, da Fran\u00e7a, e ap\u00f3s uma temporada pelo clube, o ex-jogador do Flamengo deve assumir a camisa 10 da equipe, que ficou vaga ap\u00f3s a transfer\u00eancia do holand\u00eas Memphis Depay para o Barcelona.<\/p>\n\n\n\n<p>O Lyon ainda n\u00e3o confirmou, mas ao entrar na loja online do clube franc\u00eas, o torcedor tem a op\u00e7\u00e3o de personalizar a camisa do clube com o nome do brasileiro ao lado do n\u00famero 10 \u2013 j\u00e1 n\u00e3o \u00e9 mais poss\u00edvel escolher a personaliza\u00e7\u00e3o com o nome de Depay. Atualmente, Paquet\u00e1 usa o n\u00famero 12.<\/p>\n\n\n\n<p>Paquet\u00e1 foi contratado pelo Lyon na temporada passada por 20 milh\u00f5es de euros \u2013 em 2019 o Milan havia desembolsado 38,4 milh\u00f5es de euros para tir\u00e1-lo do Flamengo. Na Fran\u00e7a, o jogador de 23 anos disputou 34 jogos, marcou 10 gols e soma ainda seis assist\u00eancias. Pelo clube italiano foram 44 jogos, um gol e tr\u00eas assist\u00eancias.<\/p>\n\n\n\n<p>Presen\u00e7a constante nas convoca\u00e7\u00f5es do t\u00e9cnico Tite, Paquet\u00e1 integra a delega\u00e7\u00e3o da sele\u00e7\u00e3o brasileira na disputa da Copa Am\u00e9rica. O jogador atuou em tr\u00eas das quatro partidas, sendo um dos destaques no empate com o Equador, na \u00faltima rodada. Com a camisa do Brasil, s\u00e3o 18 jogos e tr\u00eas gols. Vale lembrar que o jogador j\u00e1 havia participado do grupo que conquistou a Copa Am\u00e9rica em 2019.<\/p>\n\n\n\n<p>Retirado de: Torcedores<\/p>\n","protected":false},"excerpt":{"rendered":"<p>Depois de uma passagem apagada pelo Milan, da It\u00e1lia, o meio-campista Lucas Paquet\u00e1 reencontrou o bom futebol no Lyon, da Fran\u00e7a, e ap\u00f3s uma temporada pelo clube, o ex-jogador do Flamengo deve assumir a camisa 10 da equipe, que ficou vaga ap\u00f3s a transfer\u00eancia do holand\u00eas Memphis Depay para o Barcelona. O Lyon ainda n\u00e3o [&hellip;]<\/p>\n","protected":false},"author":1,"featured_media":15155,"comment_status":"open","ping_status":"closed","sticky":false,"template":"","format":"standard","meta":{"footnotes":""},"categories":[1],"tags":[],"class_list":["post-63766","post","type-post","status-publish","format-standard","has-post-thumbnail","hentry","category-flamengo"],"yoast_head":"<!-- This site is optimized with the Yoast SEO Premium plugin v24.2 (Yoast SEO v26.9) - https:\/\/yoast.com\/product\/yoast-seo-premium-wordpress\/ -->\n<title>Cria do Flamengo, Lucas Paquet\u00e1 deve assumir camisa 10 do Lyon<\/title>\n<meta name=\"robots\" content=\"index, follow, max-snippet:-1, max-image-preview:large, max-video-preview:-1\" \/>\n<link rel=\"canonical\" href=\"https:\/\/www.gaveanews.com\/index.php\/2021\/06\/30\/cria-do-flamengo-lucas-paqueta-deve-assumir-camisa-10-do-lyon\/\" \/>\n<meta property=\"og:locale\" content=\"pt_BR\" \/>\n<meta property=\"og:type\" content=\"article\" \/>\n<meta property=\"og:title\" content=\"Cria do Flamengo, Lucas Paquet\u00e1 deve assumir camisa 10 do Lyon\" \/>\n<meta property=\"og:description\" content=\"Depois de uma passagem apagada pelo Milan, da It\u00e1lia, o meio-campista Lucas Paquet\u00e1 reencontrou o bom futebol no Lyon, da Fran\u00e7a, e ap\u00f3s uma temporada pelo clube, o ex-jogador do Flamengo deve assumir a camisa 10 da equipe, que ficou vaga ap\u00f3s a transfer\u00eancia do holand\u00eas Memphis Depay para o Barcelona. O Lyon ainda n\u00e3o [&hellip;]\" \/>\n<meta property=\"og:url\" content=\"https:\/\/www.gaveanews.com\/index.php\/2021\/06\/30\/cria-do-flamengo-lucas-paqueta-deve-assumir-camisa-10-do-lyon\/\" \/>\n<meta property=\"og:site_name\" content=\"G\u00e1vea News\" \/>\n<meta property=\"article:publisher\" content=\"https:\/\/facebook.com\/gaveaNews\/\" \/>\n<meta property=\"article:published_time\" content=\"2021-06-30T03:29:28+00:00\" \/>\n<meta property=\"article:modified_time\" content=\"2021-06-30T03:29:31+00:00\" \/>\n<meta property=\"og:image\" content=\"https:\/\/www.gaveanews.com\/wp-content\/uploads\/2019\/03\/Lucas-Paqueta-durante-treinamento-no-Ninho-do-Urubu.webp\" \/>\n\t<meta property=\"og:image:width\" content=\"1\" \/>\n\t<meta property=\"og:image:height\" content=\"1\" \/>\n\t<meta property=\"og:image:type\" content=\"image\/jpeg\" \/>\n<meta name=\"author\" content=\"Equipe G\u00e1vea News\" \/>\n<meta name=\"twitter:card\" content=\"summary_large_image\" \/>\n<meta name=\"twitter:label1\" content=\"Escrito por\" \/>\n\t<meta name=\"twitter:data1\" content=\"Equipe G\u00e1vea News\" \/>\n\t<meta name=\"twitter:label2\" content=\"Est. tempo de leitura\" \/>\n\t<meta name=\"twitter:data2\" content=\"2 minutos\" \/>\n<script type=\"application\/ld+json\" class=\"yoast-schema-graph\">{\"@context\":\"https:\/\/schema.org\",\"@graph\":[{\"@type\":\"NewsArticle\",\"@id\":\"https:\/\/www.gaveanews.com\/index.php\/2021\/06\/30\/cria-do-flamengo-lucas-paqueta-deve-assumir-camisa-10-do-lyon\/#article\",\"isPartOf\":{\"@id\":\"https:\/\/www.gaveanews.com\/index.php\/2021\/06\/30\/cria-do-flamengo-lucas-paqueta-deve-assumir-camisa-10-do-lyon\/\"},\"author\":{\"name\":\"Equipe G\u00e1vea News\",\"@id\":\"https:\/\/www.gaveanews.com\/#\/schema\/person\/2ec14f73fb96be2caf28f91afb14749d\"},\"headline\":\"Cria do Flamengo, Lucas Paquet\u00e1 deve assumir camisa 10 do Lyon\",\"datePublished\":\"2021-06-30T03:29:28+00:00\",\"dateModified\":\"2021-06-30T03:29:31+00:00\",\"mainEntityOfPage\":{\"@id\":\"https:\/\/www.gaveanews.com\/index.php\/2021\/06\/30\/cria-do-flamengo-lucas-paqueta-deve-assumir-camisa-10-do-lyon\/\"},\"wordCount\":259,\"commentCount\":4,\"image\":{\"@id\":\"https:\/\/www.gaveanews.com\/index.php\/2021\/06\/30\/cria-do-flamengo-lucas-paqueta-deve-assumir-camisa-10-do-lyon\/#primaryimage\"},\"thumbnailUrl\":\"https:\/\/www.gaveanews.com\/wp-content\/uploads\/2019\/03\/Lucas-Paqueta-durante-treinamento-no-Ninho-do-Urubu.webp\",\"articleSection\":[\"Flamengo\"],\"inLanguage\":\"pt-BR\",\"potentialAction\":[{\"@type\":\"CommentAction\",\"name\":\"Comment\",\"target\":[\"https:\/\/www.gaveanews.com\/index.php\/2021\/06\/30\/cria-do-flamengo-lucas-paqueta-deve-assumir-camisa-10-do-lyon\/#respond\"]}],\"copyrightYear\":\"2021\",\"copyrightHolder\":{\"@id\":\"https:\/\/www.gaveanews.com\/#organization\"}},{\"@type\":\"WebPage\",\"@id\":\"https:\/\/www.gaveanews.com\/index.php\/2021\/06\/30\/cria-do-flamengo-lucas-paqueta-deve-assumir-camisa-10-do-lyon\/\",\"url\":\"https:\/\/www.gaveanews.com\/index.php\/2021\/06\/30\/cria-do-flamengo-lucas-paqueta-deve-assumir-camisa-10-do-lyon\/\",\"name\":\"Cria do Flamengo, Lucas Paquet\u00e1 deve assumir camisa 10 do Lyon\",\"isPartOf\":{\"@id\":\"https:\/\/www.gaveanews.com\/#website\"},\"primaryImageOfPage\":{\"@id\":\"https:\/\/www.gaveanews.com\/index.php\/2021\/06\/30\/cria-do-flamengo-lucas-paqueta-deve-assumir-camisa-10-do-lyon\/#primaryimage\"},\"image\":{\"@id\":\"https:\/\/www.gaveanews.com\/index.php\/2021\/06\/30\/cria-do-flamengo-lucas-paqueta-deve-assumir-camisa-10-do-lyon\/#primaryimage\"},\"thumbnailUrl\":\"https:\/\/www.gaveanews.com\/wp-content\/uploads\/2019\/03\/Lucas-Paqueta-durante-treinamento-no-Ninho-do-Urubu.webp\",\"datePublished\":\"2021-06-30T03:29:28+00:00\",\"dateModified\":\"2021-06-30T03:29:31+00:00\",\"author\":{\"@id\":\"https:\/\/www.gaveanews.com\/#\/schema\/person\/2ec14f73fb96be2caf28f91afb14749d\"},\"breadcrumb\":{\"@id\":\"https:\/\/www.gaveanews.com\/index.php\/2021\/06\/30\/cria-do-flamengo-lucas-paqueta-deve-assumir-camisa-10-do-lyon\/#breadcrumb\"},\"inLanguage\":\"pt-BR\",\"potentialAction\":[{\"@type\":\"ReadAction\",\"target\":[\"https:\/\/www.gaveanews.com\/index.php\/2021\/06\/30\/cria-do-flamengo-lucas-paqueta-deve-assumir-camisa-10-do-lyon\/\"]}]},{\"@type\":\"ImageObject\",\"inLanguage\":\"pt-BR\",\"@id\":\"https:\/\/www.gaveanews.com\/index.php\/2021\/06\/30\/cria-do-flamengo-lucas-paqueta-deve-assumir-camisa-10-do-lyon\/#primaryimage\",\"url\":\"https:\/\/www.gaveanews.com\/wp-content\/uploads\/2019\/03\/Lucas-Paqueta-durante-treinamento-no-Ninho-do-Urubu.webp\",\"contentUrl\":\"https:\/\/www.gaveanews.com\/wp-content\/uploads\/2019\/03\/Lucas-Paqueta-durante-treinamento-no-Ninho-do-Urubu.webp\",\"width\":880,\"height\":586,\"caption\":\"Lucas Paquet\u00e1 durante treinamento no Ninho do Urubu (Foto: Gilvan de Souza\/Flamengo)\"},{\"@type\":\"BreadcrumbList\",\"@id\":\"https:\/\/www.gaveanews.com\/index.php\/2021\/06\/30\/cria-do-flamengo-lucas-paqueta-deve-assumir-camisa-10-do-lyon\/#breadcrumb\",\"itemListElement\":[{\"@type\":\"ListItem\",\"position\":1,\"name\":\"Home\",\"item\":\"https:\/\/www.gaveanews.com\/\"},{\"@type\":\"ListItem\",\"position\":2,\"name\":\"Cria do Flamengo, Lucas Paquet\u00e1 deve assumir camisa 10 do Lyon\"}]},{\"@type\":\"WebSite\",\"@id\":\"https:\/\/www.gaveanews.com\/#website\",\"url\":\"https:\/\/www.gaveanews.com\/\",\"name\":\"G\u00e1vea News\",\"description\":\"Veja todas as not\u00edcias sobre o Flamengo: Contrata\u00e7\u00f5es, categorias de base, resultados das partidas, tabela de classifica\u00e7\u00e3o, pr\u00f3ximos jogos!\",\"potentialAction\":[{\"@type\":\"SearchAction\",\"target\":{\"@type\":\"EntryPoint\",\"urlTemplate\":\"https:\/\/www.gaveanews.com\/?s={search_term_string}\"},\"query-input\":{\"@type\":\"PropertyValueSpecification\",\"valueRequired\":true,\"valueName\":\"search_term_string\"}}],\"inLanguage\":\"pt-BR\"},{\"@type\":\"Person\",\"@id\":\"https:\/\/www.gaveanews.com\/#\/schema\/person\/2ec14f73fb96be2caf28f91afb14749d\",\"name\":\"Equipe G\u00e1vea News\",\"image\":{\"@type\":\"ImageObject\",\"inLanguage\":\"pt-BR\",\"@id\":\"https:\/\/www.gaveanews.com\/#\/schema\/person\/image\/\",\"url\":\"https:\/\/secure.gravatar.com\/avatar\/1e1956f1facbffd3f8fa53a326721950116b3b9dc9bd44939c01180fd4a745a9?s=96&d=mm&r=g\",\"contentUrl\":\"https:\/\/secure.gravatar.com\/avatar\/1e1956f1facbffd3f8fa53a326721950116b3b9dc9bd44939c01180fd4a745a9?s=96&d=mm&r=g\",\"caption\":\"Equipe G\u00e1vea News\"}}]}<\/script>\n<!-- \/ Yoast SEO Premium plugin. -->","yoast_head_json":{"title":"Cria do Flamengo, Lucas Paquet\u00e1 deve assumir camisa 10 do Lyon","robots":{"index":"index","follow":"follow","max-snippet":"max-snippet:-1","max-image-preview":"max-image-preview:large","max-video-preview":"max-video-preview:-1"},"canonical":"https:\/\/www.gaveanews.com\/index.php\/2021\/06\/30\/cria-do-flamengo-lucas-paqueta-deve-assumir-camisa-10-do-lyon\/","og_locale":"pt_BR","og_type":"article","og_title":"Cria do Flamengo, Lucas Paquet\u00e1 deve assumir camisa 10 do Lyon","og_description":"Depois de uma passagem apagada pelo Milan, da It\u00e1lia, o meio-campista Lucas Paquet\u00e1 reencontrou o bom futebol no Lyon, da Fran\u00e7a, e ap\u00f3s uma temporada pelo clube, o ex-jogador do Flamengo deve assumir a camisa 10 da equipe, que ficou vaga ap\u00f3s a transfer\u00eancia do holand\u00eas Memphis Depay para o Barcelona. O Lyon ainda n\u00e3o [&hellip;]","og_url":"https:\/\/www.gaveanews.com\/index.php\/2021\/06\/30\/cria-do-flamengo-lucas-paqueta-deve-assumir-camisa-10-do-lyon\/","og_site_name":"G\u00e1vea News","article_publisher":"https:\/\/facebook.com\/gaveaNews\/","article_published_time":"2021-06-30T03:29:28+00:00","article_modified_time":"2021-06-30T03:29:31+00:00","og_image":[{"url":"https:\/\/www.gaveanews.com\/wp-content\/uploads\/2019\/03\/Lucas-Paqueta-durante-treinamento-no-Ninho-do-Urubu.webp","width":1,"height":1,"type":"image\/jpeg"}],"author":"Equipe G\u00e1vea News","twitter_card":"summary_large_image","twitter_misc":{"Escrito por":"Equipe G\u00e1vea News","Est. tempo de leitura":"2 minutos"},"schema":{"@context":"https:\/\/schema.org","@graph":[{"@type":"NewsArticle","@id":"https:\/\/www.gaveanews.com\/index.php\/2021\/06\/30\/cria-do-flamengo-lucas-paqueta-deve-assumir-camisa-10-do-lyon\/#article","isPartOf":{"@id":"https:\/\/www.gaveanews.com\/index.php\/2021\/06\/30\/cria-do-flamengo-lucas-paqueta-deve-assumir-camisa-10-do-lyon\/"},"author":{"name":"Equipe G\u00e1vea News","@id":"https:\/\/www.gaveanews.com\/#\/schema\/person\/2ec14f73fb96be2caf28f91afb14749d"},"headline":"Cria do Flamengo, Lucas Paquet\u00e1 deve assumir camisa 10 do Lyon","datePublished":"2021-06-30T03:29:28+00:00","dateModified":"2021-06-30T03:29:31+00:00","mainEntityOfPage":{"@id":"https:\/\/www.gaveanews.com\/index.php\/2021\/06\/30\/cria-do-flamengo-lucas-paqueta-deve-assumir-camisa-10-do-lyon\/"},"wordCount":259,"commentCount":4,"image":{"@id":"https:\/\/www.gaveanews.com\/index.php\/2021\/06\/30\/cria-do-flamengo-lucas-paqueta-deve-assumir-camisa-10-do-lyon\/#primaryimage"},"thumbnailUrl":"https:\/\/www.gaveanews.com\/wp-content\/uploads\/2019\/03\/Lucas-Paqueta-durante-treinamento-no-Ninho-do-Urubu.webp","articleSection":["Flamengo"],"inLanguage":"pt-BR","potentialAction":[{"@type":"CommentAction","name":"Comment","target":["https:\/\/www.gaveanews.com\/index.php\/2021\/06\/30\/cria-do-flamengo-lucas-paqueta-deve-assumir-camisa-10-do-lyon\/#respond"]}],"copyrightYear":"2021","copyrightHolder":{"@id":"https:\/\/www.gaveanews.com\/#organization"}},{"@type":"WebPage","@id":"https:\/\/www.gaveanews.com\/index.php\/2021\/06\/30\/cria-do-flamengo-lucas-paqueta-deve-assumir-camisa-10-do-lyon\/","url":"https:\/\/www.gaveanews.com\/index.php\/2021\/06\/30\/cria-do-flamengo-lucas-paqueta-deve-assumir-camisa-10-do-lyon\/","name":"Cria do Flamengo, Lucas Paquet\u00e1 deve assumir camisa 10 do Lyon","isPartOf":{"@id":"https:\/\/www.gaveanews.com\/#website"},"primaryImageOfPage":{"@id":"https:\/\/www.gaveanews.com\/index.php\/2021\/06\/30\/cria-do-flamengo-lucas-paqueta-deve-assumir-camisa-10-do-lyon\/#primaryimage"},"image":{"@id":"https:\/\/www.gaveanews.com\/index.php\/2021\/06\/30\/cria-do-flamengo-lucas-paqueta-deve-assumir-camisa-10-do-lyon\/#primaryimage"},"thumbnailUrl":"https:\/\/www.gaveanews.com\/wp-content\/uploads\/2019\/03\/Lucas-Paqueta-durante-treinamento-no-Ninho-do-Urubu.webp","datePublished":"2021-06-30T03:29:28+00:00","dateModified":"2021-06-30T03:29:31+00:00","author":{"@id":"https:\/\/www.gaveanews.com\/#\/schema\/person\/2ec14f73fb96be2caf28f91afb14749d"},"breadcrumb":{"@id":"https:\/\/www.gaveanews.com\/index.php\/2021\/06\/30\/cria-do-flamengo-lucas-paqueta-deve-assumir-camisa-10-do-lyon\/#breadcrumb"},"inLanguage":"pt-BR","potentialAction":[{"@type":"ReadAction","target":["https:\/\/www.gaveanews.com\/index.php\/2021\/06\/30\/cria-do-flamengo-lucas-paqueta-deve-assumir-camisa-10-do-lyon\/"]}]},{"@type":"ImageObject","inLanguage":"pt-BR","@id":"https:\/\/www.gaveanews.com\/index.php\/2021\/06\/30\/cria-do-flamengo-lucas-paqueta-deve-assumir-camisa-10-do-lyon\/#primaryimage","url":"https:\/\/www.gaveanews.com\/wp-content\/uploads\/2019\/03\/Lucas-Paqueta-durante-treinamento-no-Ninho-do-Urubu.webp","contentUrl":"https:\/\/www.gaveanews.com\/wp-content\/uploads\/2019\/03\/Lucas-Paqueta-durante-treinamento-no-Ninho-do-Urubu.webp","width":880,"height":586,"caption":"Lucas Paquet\u00e1 durante treinamento no Ninho do Urubu (Foto: Gilvan de Souza\/Flamengo)"},{"@type":"BreadcrumbList","@id":"https:\/\/www.gaveanews.com\/index.php\/2021\/06\/30\/cria-do-flamengo-lucas-paqueta-deve-assumir-camisa-10-do-lyon\/#breadcrumb","itemListElement":[{"@type":"ListItem","position":1,"name":"Home","item":"https:\/\/www.gaveanews.com\/"},{"@type":"ListItem","position":2,"name":"Cria do Flamengo, Lucas Paquet\u00e1 deve assumir camisa 10 do Lyon"}]},{"@type":"WebSite","@id":"https:\/\/www.gaveanews.com\/#website","url":"https:\/\/www.gaveanews.com\/","name":"G\u00e1vea News","description":"Veja todas as not\u00edcias sobre o Flamengo: Contrata\u00e7\u00f5es, categorias de base, resultados das partidas, tabela de classifica\u00e7\u00e3o, pr\u00f3ximos jogos!","potentialAction":[{"@type":"SearchAction","target":{"@type":"EntryPoint","urlTemplate":"https:\/\/www.gaveanews.com\/?s={search_term_string}"},"query-input":{"@type":"PropertyValueSpecification","valueRequired":true,"valueName":"search_term_string"}}],"inLanguage":"pt-BR"},{"@type":"Person","@id":"https:\/\/www.gaveanews.com\/#\/schema\/person\/2ec14f73fb96be2caf28f91afb14749d","name":"Equipe G\u00e1vea News","image":{"@type":"ImageObject","inLanguage":"pt-BR","@id":"https:\/\/www.gaveanews.com\/#\/schema\/person\/image\/","url":"https:\/\/secure.gravatar.com\/avatar\/1e1956f1facbffd3f8fa53a326721950116b3b9dc9bd44939c01180fd4a745a9?s=96&d=mm&r=g","contentUrl":"https:\/\/secure.gravatar.com\/avatar\/1e1956f1facbffd3f8fa53a326721950116b3b9dc9bd44939c01180fd4a745a9?s=96&d=mm&r=g","caption":"Equipe G\u00e1vea News"}}]}},"_links":{"self":[{"href":"https:\/\/www.gaveanews.com\/index.php\/wp-json\/wp\/v2\/posts\/63766","targetHints":{"allow":["GET"]}}],"collection":[{"href":"https:\/\/www.gaveanews.com\/index.php\/wp-json\/wp\/v2\/posts"}],"about":[{"href":"https:\/\/www.gaveanews.com\/index.php\/wp-json\/wp\/v2\/types\/post"}],"author":[{"embeddable":true,"href":"https:\/\/www.gaveanews.com\/index.php\/wp-json\/wp\/v2\/users\/1"}],"replies":[{"embeddable":true,"href":"https:\/\/www.gaveanews.com\/index.php\/wp-json\/wp\/v2\/comments?post=63766"}],"version-history":[{"count":0,"href":"https:\/\/www.gaveanews.com\/index.php\/wp-json\/wp\/v2\/posts\/63766\/revisions"}],"wp:featuredmedia":[{"embeddable":true,"href":"https:\/\/www.gaveanews.com\/index.php\/wp-json\/wp\/v2\/media\/15155"}],"wp:attachment":[{"href":"https:\/\/www.gaveanews.com\/index.php\/wp-json\/wp\/v2\/media?parent=63766"}],"wp:term":[{"taxonomy":"category","embeddable":true,"href":"https:\/\/www.gaveanews.com\/index.php\/wp-json\/wp\/v2\/categories?post=63766"},{"taxonomy":"post_tag","embeddable":true,"href":"https:\/\/www.gaveanews.com\/index.php\/wp-json\/wp\/v2\/tags?post=63766"}],"curies":[{"name":"wp","href":"https:\/\/api.w.org\/{rel}","templated":true}]}}