{"id":63782,"date":"2021-06-30T16:01:11","date_gmt":"2021-06-30T19:01:11","guid":{"rendered":"https:\/\/www.gaveanews.com\/?p=63782"},"modified":"2021-08-12T00:49:05","modified_gmt":"2021-08-12T03:49:05","slug":"flamengo-estuda-a-contratacao-de-ex-meia-do-barcelona","status":"publish","type":"post","link":"https:\/\/www.gaveanews.com\/index.php\/2021\/06\/30\/flamengo-estuda-a-contratacao-de-ex-meia-do-barcelona\/","title":{"rendered":"Flamengo estuda a contrata\u00e7\u00e3o de ex-meia do Barcelona"},"content":{"rendered":"\n<p>Ap\u00f3s a sa\u00edda de Gerson do elenco h\u00e1 poucas semanas, o Flamengo intensificou a procura por um nome que possa compor o meio-de-campo do time. Entre os v\u00e1rios atletas que est\u00e3o livre no mercado, o clube cogita a possibilidade de contratar Matheus Fernandes.<\/p>\n\n\n\n<p>O jogador teve seu contrato com o Barcelona rescindido recentemente e est\u00e1 livre no mercado. A rescis\u00e3o se deve ao fato de que o meia foi utilizado em apenas 20 minutos desde sua contrata\u00e7\u00e3o, em 2020. Em janeiro do ano passado, quando foi negociado ao clube europeu por 7 milh\u00f5es de euros, o volante foi emprestado rapidamente ao Valladolid, que pertence ao Ronaldo Fen\u00f4meno.<\/p>\n\n\n\n<p>Matheus Fernandes, revelado pelo Botafogo, retornou \u00e0 equipe catal\u00e3 ap\u00f3s seis meses e s\u00f3 foi aproveitado por 20 minutos, em jogo contra o Dynamo Kyiv. Desta forma, o jogador terminou sua breve passagem pelo Bar\u00e7a.<\/p>\n\n\n\n<p><em><strong>\u201cO FC Barcelona informou ao jogador brasileiro Matheus Fernandes que o clube n\u00e3o precisa mais dos seus servi\u00e7os e est\u00e1 rescindindo o contrato que tinha at\u00e9 junho de 2025. O jogador, que nasceu em Itabora\u00ed no dia 30 de junho de 1998, chegou ao Bar\u00e7a na janela de transfer\u00eancias de inverno de 2020&#8243;.<\/strong><\/em><\/p>\n\n\n\n<p>Sabendo das condi\u00e7\u00f5es do atleta, Rog\u00e9rio Ceni indicou o jovem de 23 anos para a diretoria do Flamengo, que prontamente fez contato com o empres\u00e1rio do jogador, Andr\u00e9 Curry, para saber as reais condi\u00e7\u00f5es.\u00a0A informa\u00e7\u00e3o foi divulgada inicialmente pelo portal <em>Torcedores<\/em>.<\/p>\n\n\n\n<p>Ainda sem um desfecho para a situa\u00e7\u00e3o, o rubro-negro se foca em seu pr\u00f3ximo compromisso, que ocorrer\u00e1 nesta quinta-feira (01). A partida contra o Cuiab\u00e1, v\u00e1lida pela 8\u00aa rodada do Brasileir\u00e3o, acontecer\u00e1 \u00e0s 20h (hor\u00e1rio de Bras\u00edlia), <a href=\"https:\/\/www.gaveanews.com\/index.php\/2021\/06\/30\/casa-do-proximo-jogo-do-flamengo-arena-pantanal-tem-bom-gramado\/\">na Arena Pantanal<\/a>, e ser\u00e1 transmitida pelo SporTV.<\/p>\n","protected":false},"excerpt":{"rendered":"<p>Ap\u00f3s a sa\u00edda de Gerson do elenco h\u00e1 poucas semanas, o Flamengo intensificou a procura por um nome que possa compor o meio-de-campo do time. Entre os v\u00e1rios atletas que est\u00e3o livre no mercado, o clube cogita a possibilidade de contratar Matheus Fernandes. O jogador teve seu contrato com o Barcelona rescindido recentemente e est\u00e1 [&hellip;]<\/p>\n","protected":false},"author":4,"featured_media":63785,"comment_status":"open","ping_status":"closed","sticky":false,"template":"","format":"standard","meta":{"footnotes":""},"categories":[1],"tags":[],"class_list":["post-63782","post","type-post","status-publish","format-standard","has-post-thumbnail","hentry","category-flamengo"],"yoast_head":"<!-- This site is optimized with the Yoast SEO Premium plugin v24.2 (Yoast SEO v26.9) - https:\/\/yoast.com\/product\/yoast-seo-premium-wordpress\/ -->\n<title>Flamengo estuda a contrata\u00e7\u00e3o de ex-meia do Barcelona<\/title>\n<meta name=\"robots\" content=\"index, follow, max-snippet:-1, max-image-preview:large, max-video-preview:-1\" \/>\n<link rel=\"canonical\" href=\"https:\/\/www.gaveanews.com\/index.php\/2021\/06\/30\/flamengo-estuda-a-contratacao-de-ex-meia-do-barcelona\/\" \/>\n<meta property=\"og:locale\" content=\"pt_BR\" \/>\n<meta property=\"og:type\" content=\"article\" \/>\n<meta property=\"og:title\" content=\"Flamengo estuda a contrata\u00e7\u00e3o de ex-meia do Barcelona\" \/>\n<meta property=\"og:description\" content=\"Ap\u00f3s a sa\u00edda de Gerson do elenco h\u00e1 poucas semanas, o Flamengo intensificou a procura por um nome que possa compor o meio-de-campo do time. Entre os v\u00e1rios atletas que est\u00e3o livre no mercado, o clube cogita a possibilidade de contratar Matheus Fernandes. O jogador teve seu contrato com o Barcelona rescindido recentemente e est\u00e1 [&hellip;]\" \/>\n<meta property=\"og:url\" content=\"https:\/\/www.gaveanews.com\/index.php\/2021\/06\/30\/flamengo-estuda-a-contratacao-de-ex-meia-do-barcelona\/\" \/>\n<meta property=\"og:site_name\" content=\"G\u00e1vea News\" \/>\n<meta property=\"article:publisher\" content=\"https:\/\/facebook.com\/gaveaNews\/\" \/>\n<meta property=\"article:published_time\" content=\"2021-06-30T19:01:11+00:00\" \/>\n<meta property=\"article:modified_time\" content=\"2021-08-12T03:49:05+00:00\" \/>\n<meta property=\"og:image\" content=\"https:\/\/www.gaveanews.com\/wp-content\/uploads\/Matheus-Fernandes-em-treinamento-do-Barcelona.webp\" \/>\n\t<meta property=\"og:image:width\" content=\"846\" \/>\n\t<meta property=\"og:image:height\" content=\"529\" \/>\n\t<meta property=\"og:image:type\" content=\"image\/jpeg\" \/>\n<meta name=\"author\" content=\"Let\u00edcia Gerheim\" \/>\n<meta name=\"twitter:card\" content=\"summary_large_image\" \/>\n<meta name=\"twitter:label1\" content=\"Escrito por\" \/>\n\t<meta name=\"twitter:data1\" content=\"Let\u00edcia Gerheim\" \/>\n\t<meta name=\"twitter:label2\" content=\"Est. tempo de leitura\" \/>\n\t<meta name=\"twitter:data2\" content=\"2 minutos\" \/>\n<script type=\"application\/ld+json\" class=\"yoast-schema-graph\">{\"@context\":\"https:\/\/schema.org\",\"@graph\":[{\"@type\":\"NewsArticle\",\"@id\":\"https:\/\/www.gaveanews.com\/index.php\/2021\/06\/30\/flamengo-estuda-a-contratacao-de-ex-meia-do-barcelona\/#article\",\"isPartOf\":{\"@id\":\"https:\/\/www.gaveanews.com\/index.php\/2021\/06\/30\/flamengo-estuda-a-contratacao-de-ex-meia-do-barcelona\/\"},\"author\":{\"name\":\"Let\u00edcia Gerheim\",\"@id\":\"https:\/\/www.gaveanews.com\/#\/schema\/person\/714c67050b836198af2450ba1c142a67\"},\"headline\":\"Flamengo estuda a contrata\u00e7\u00e3o de ex-meia do Barcelona\",\"datePublished\":\"2021-06-30T19:01:11+00:00\",\"dateModified\":\"2021-08-12T03:49:05+00:00\",\"mainEntityOfPage\":{\"@id\":\"https:\/\/www.gaveanews.com\/index.php\/2021\/06\/30\/flamengo-estuda-a-contratacao-de-ex-meia-do-barcelona\/\"},\"wordCount\":304,\"commentCount\":28,\"image\":{\"@id\":\"https:\/\/www.gaveanews.com\/index.php\/2021\/06\/30\/flamengo-estuda-a-contratacao-de-ex-meia-do-barcelona\/#primaryimage\"},\"thumbnailUrl\":\"https:\/\/www.gaveanews.com\/wp-content\/uploads\/Matheus-Fernandes-em-treinamento-do-Barcelona.webp\",\"articleSection\":[\"Flamengo\"],\"inLanguage\":\"pt-BR\",\"potentialAction\":[{\"@type\":\"CommentAction\",\"name\":\"Comment\",\"target\":[\"https:\/\/www.gaveanews.com\/index.php\/2021\/06\/30\/flamengo-estuda-a-contratacao-de-ex-meia-do-barcelona\/#respond\"]}],\"copyrightYear\":\"2021\",\"copyrightHolder\":{\"@id\":\"https:\/\/www.gaveanews.com\/#organization\"}},{\"@type\":\"WebPage\",\"@id\":\"https:\/\/www.gaveanews.com\/index.php\/2021\/06\/30\/flamengo-estuda-a-contratacao-de-ex-meia-do-barcelona\/\",\"url\":\"https:\/\/www.gaveanews.com\/index.php\/2021\/06\/30\/flamengo-estuda-a-contratacao-de-ex-meia-do-barcelona\/\",\"name\":\"Flamengo estuda a contrata\u00e7\u00e3o de ex-meia do Barcelona\",\"isPartOf\":{\"@id\":\"https:\/\/www.gaveanews.com\/#website\"},\"primaryImageOfPage\":{\"@id\":\"https:\/\/www.gaveanews.com\/index.php\/2021\/06\/30\/flamengo-estuda-a-contratacao-de-ex-meia-do-barcelona\/#primaryimage\"},\"image\":{\"@id\":\"https:\/\/www.gaveanews.com\/index.php\/2021\/06\/30\/flamengo-estuda-a-contratacao-de-ex-meia-do-barcelona\/#primaryimage\"},\"thumbnailUrl\":\"https:\/\/www.gaveanews.com\/wp-content\/uploads\/Matheus-Fernandes-em-treinamento-do-Barcelona.webp\",\"datePublished\":\"2021-06-30T19:01:11+00:00\",\"dateModified\":\"2021-08-12T03:49:05+00:00\",\"author\":{\"@id\":\"https:\/\/www.gaveanews.com\/#\/schema\/person\/714c67050b836198af2450ba1c142a67\"},\"breadcrumb\":{\"@id\":\"https:\/\/www.gaveanews.com\/index.php\/2021\/06\/30\/flamengo-estuda-a-contratacao-de-ex-meia-do-barcelona\/#breadcrumb\"},\"inLanguage\":\"pt-BR\",\"potentialAction\":[{\"@type\":\"ReadAction\",\"target\":[\"https:\/\/www.gaveanews.com\/index.php\/2021\/06\/30\/flamengo-estuda-a-contratacao-de-ex-meia-do-barcelona\/\"]}]},{\"@type\":\"ImageObject\",\"inLanguage\":\"pt-BR\",\"@id\":\"https:\/\/www.gaveanews.com\/index.php\/2021\/06\/30\/flamengo-estuda-a-contratacao-de-ex-meia-do-barcelona\/#primaryimage\",\"url\":\"https:\/\/www.gaveanews.com\/wp-content\/uploads\/Matheus-Fernandes-em-treinamento-do-Barcelona.webp\",\"contentUrl\":\"https:\/\/www.gaveanews.com\/wp-content\/uploads\/Matheus-Fernandes-em-treinamento-do-Barcelona.webp\",\"width\":846,\"height\":529,\"caption\":\"Matheus Fernandes em treinamento do Barcelona (Foto: Miguel Ruiz\/Barcelona)\"},{\"@type\":\"BreadcrumbList\",\"@id\":\"https:\/\/www.gaveanews.com\/index.php\/2021\/06\/30\/flamengo-estuda-a-contratacao-de-ex-meia-do-barcelona\/#breadcrumb\",\"itemListElement\":[{\"@type\":\"ListItem\",\"position\":1,\"name\":\"Home\",\"item\":\"https:\/\/www.gaveanews.com\/\"},{\"@type\":\"ListItem\",\"position\":2,\"name\":\"Flamengo estuda a contrata\u00e7\u00e3o de ex-meia do Barcelona\"}]},{\"@type\":\"WebSite\",\"@id\":\"https:\/\/www.gaveanews.com\/#website\",\"url\":\"https:\/\/www.gaveanews.com\/\",\"name\":\"G\u00e1vea News\",\"description\":\"Veja todas as not\u00edcias sobre o Flamengo: Contrata\u00e7\u00f5es, categorias de base, resultados das partidas, tabela de classifica\u00e7\u00e3o, pr\u00f3ximos jogos!\",\"potentialAction\":[{\"@type\":\"SearchAction\",\"target\":{\"@type\":\"EntryPoint\",\"urlTemplate\":\"https:\/\/www.gaveanews.com\/?s={search_term_string}\"},\"query-input\":{\"@type\":\"PropertyValueSpecification\",\"valueRequired\":true,\"valueName\":\"search_term_string\"}}],\"inLanguage\":\"pt-BR\"},{\"@type\":\"Person\",\"@id\":\"https:\/\/www.gaveanews.com\/#\/schema\/person\/714c67050b836198af2450ba1c142a67\",\"name\":\"Let\u00edcia Gerheim\",\"image\":{\"@type\":\"ImageObject\",\"inLanguage\":\"pt-BR\",\"@id\":\"https:\/\/www.gaveanews.com\/#\/schema\/person\/image\/\",\"url\":\"https:\/\/secure.gravatar.com\/avatar\/60734739c50fcebfbac509e2a826ccd0ff405c019bc73aab9354f19ecad1dcb4?s=96&d=mm&r=g\",\"contentUrl\":\"https:\/\/secure.gravatar.com\/avatar\/60734739c50fcebfbac509e2a826ccd0ff405c019bc73aab9354f19ecad1dcb4?s=96&d=mm&r=g\",\"caption\":\"Let\u00edcia Gerheim\"}}]}<\/script>\n<!-- \/ Yoast SEO Premium plugin. -->","yoast_head_json":{"title":"Flamengo estuda a contrata\u00e7\u00e3o de ex-meia do Barcelona","robots":{"index":"index","follow":"follow","max-snippet":"max-snippet:-1","max-image-preview":"max-image-preview:large","max-video-preview":"max-video-preview:-1"},"canonical":"https:\/\/www.gaveanews.com\/index.php\/2021\/06\/30\/flamengo-estuda-a-contratacao-de-ex-meia-do-barcelona\/","og_locale":"pt_BR","og_type":"article","og_title":"Flamengo estuda a contrata\u00e7\u00e3o de ex-meia do Barcelona","og_description":"Ap\u00f3s a sa\u00edda de Gerson do elenco h\u00e1 poucas semanas, o Flamengo intensificou a procura por um nome que possa compor o meio-de-campo do time. Entre os v\u00e1rios atletas que est\u00e3o livre no mercado, o clube cogita a possibilidade de contratar Matheus Fernandes. O jogador teve seu contrato com o Barcelona rescindido recentemente e est\u00e1 [&hellip;]","og_url":"https:\/\/www.gaveanews.com\/index.php\/2021\/06\/30\/flamengo-estuda-a-contratacao-de-ex-meia-do-barcelona\/","og_site_name":"G\u00e1vea News","article_publisher":"https:\/\/facebook.com\/gaveaNews\/","article_published_time":"2021-06-30T19:01:11+00:00","article_modified_time":"2021-08-12T03:49:05+00:00","og_image":[{"width":846,"height":529,"url":"https:\/\/www.gaveanews.com\/wp-content\/uploads\/Matheus-Fernandes-em-treinamento-do-Barcelona.webp","type":"image\/jpeg"}],"author":"Let\u00edcia Gerheim","twitter_card":"summary_large_image","twitter_misc":{"Escrito por":"Let\u00edcia Gerheim","Est. tempo de leitura":"2 minutos"},"schema":{"@context":"https:\/\/schema.org","@graph":[{"@type":"NewsArticle","@id":"https:\/\/www.gaveanews.com\/index.php\/2021\/06\/30\/flamengo-estuda-a-contratacao-de-ex-meia-do-barcelona\/#article","isPartOf":{"@id":"https:\/\/www.gaveanews.com\/index.php\/2021\/06\/30\/flamengo-estuda-a-contratacao-de-ex-meia-do-barcelona\/"},"author":{"name":"Let\u00edcia Gerheim","@id":"https:\/\/www.gaveanews.com\/#\/schema\/person\/714c67050b836198af2450ba1c142a67"},"headline":"Flamengo estuda a contrata\u00e7\u00e3o de ex-meia do Barcelona","datePublished":"2021-06-30T19:01:11+00:00","dateModified":"2021-08-12T03:49:05+00:00","mainEntityOfPage":{"@id":"https:\/\/www.gaveanews.com\/index.php\/2021\/06\/30\/flamengo-estuda-a-contratacao-de-ex-meia-do-barcelona\/"},"wordCount":304,"commentCount":28,"image":{"@id":"https:\/\/www.gaveanews.com\/index.php\/2021\/06\/30\/flamengo-estuda-a-contratacao-de-ex-meia-do-barcelona\/#primaryimage"},"thumbnailUrl":"https:\/\/www.gaveanews.com\/wp-content\/uploads\/Matheus-Fernandes-em-treinamento-do-Barcelona.webp","articleSection":["Flamengo"],"inLanguage":"pt-BR","potentialAction":[{"@type":"CommentAction","name":"Comment","target":["https:\/\/www.gaveanews.com\/index.php\/2021\/06\/30\/flamengo-estuda-a-contratacao-de-ex-meia-do-barcelona\/#respond"]}],"copyrightYear":"2021","copyrightHolder":{"@id":"https:\/\/www.gaveanews.com\/#organization"}},{"@type":"WebPage","@id":"https:\/\/www.gaveanews.com\/index.php\/2021\/06\/30\/flamengo-estuda-a-contratacao-de-ex-meia-do-barcelona\/","url":"https:\/\/www.gaveanews.com\/index.php\/2021\/06\/30\/flamengo-estuda-a-contratacao-de-ex-meia-do-barcelona\/","name":"Flamengo estuda a contrata\u00e7\u00e3o de ex-meia do Barcelona","isPartOf":{"@id":"https:\/\/www.gaveanews.com\/#website"},"primaryImageOfPage":{"@id":"https:\/\/www.gaveanews.com\/index.php\/2021\/06\/30\/flamengo-estuda-a-contratacao-de-ex-meia-do-barcelona\/#primaryimage"},"image":{"@id":"https:\/\/www.gaveanews.com\/index.php\/2021\/06\/30\/flamengo-estuda-a-contratacao-de-ex-meia-do-barcelona\/#primaryimage"},"thumbnailUrl":"https:\/\/www.gaveanews.com\/wp-content\/uploads\/Matheus-Fernandes-em-treinamento-do-Barcelona.webp","datePublished":"2021-06-30T19:01:11+00:00","dateModified":"2021-08-12T03:49:05+00:00","author":{"@id":"https:\/\/www.gaveanews.com\/#\/schema\/person\/714c67050b836198af2450ba1c142a67"},"breadcrumb":{"@id":"https:\/\/www.gaveanews.com\/index.php\/2021\/06\/30\/flamengo-estuda-a-contratacao-de-ex-meia-do-barcelona\/#breadcrumb"},"inLanguage":"pt-BR","potentialAction":[{"@type":"ReadAction","target":["https:\/\/www.gaveanews.com\/index.php\/2021\/06\/30\/flamengo-estuda-a-contratacao-de-ex-meia-do-barcelona\/"]}]},{"@type":"ImageObject","inLanguage":"pt-BR","@id":"https:\/\/www.gaveanews.com\/index.php\/2021\/06\/30\/flamengo-estuda-a-contratacao-de-ex-meia-do-barcelona\/#primaryimage","url":"https:\/\/www.gaveanews.com\/wp-content\/uploads\/Matheus-Fernandes-em-treinamento-do-Barcelona.webp","contentUrl":"https:\/\/www.gaveanews.com\/wp-content\/uploads\/Matheus-Fernandes-em-treinamento-do-Barcelona.webp","width":846,"height":529,"caption":"Matheus Fernandes em treinamento do Barcelona (Foto: Miguel Ruiz\/Barcelona)"},{"@type":"BreadcrumbList","@id":"https:\/\/www.gaveanews.com\/index.php\/2021\/06\/30\/flamengo-estuda-a-contratacao-de-ex-meia-do-barcelona\/#breadcrumb","itemListElement":[{"@type":"ListItem","position":1,"name":"Home","item":"https:\/\/www.gaveanews.com\/"},{"@type":"ListItem","position":2,"name":"Flamengo estuda a contrata\u00e7\u00e3o de ex-meia do Barcelona"}]},{"@type":"WebSite","@id":"https:\/\/www.gaveanews.com\/#website","url":"https:\/\/www.gaveanews.com\/","name":"G\u00e1vea News","description":"Veja todas as not\u00edcias sobre o Flamengo: Contrata\u00e7\u00f5es, categorias de base, resultados das partidas, tabela de classifica\u00e7\u00e3o, pr\u00f3ximos jogos!","potentialAction":[{"@type":"SearchAction","target":{"@type":"EntryPoint","urlTemplate":"https:\/\/www.gaveanews.com\/?s={search_term_string}"},"query-input":{"@type":"PropertyValueSpecification","valueRequired":true,"valueName":"search_term_string"}}],"inLanguage":"pt-BR"},{"@type":"Person","@id":"https:\/\/www.gaveanews.com\/#\/schema\/person\/714c67050b836198af2450ba1c142a67","name":"Let\u00edcia Gerheim","image":{"@type":"ImageObject","inLanguage":"pt-BR","@id":"https:\/\/www.gaveanews.com\/#\/schema\/person\/image\/","url":"https:\/\/secure.gravatar.com\/avatar\/60734739c50fcebfbac509e2a826ccd0ff405c019bc73aab9354f19ecad1dcb4?s=96&d=mm&r=g","contentUrl":"https:\/\/secure.gravatar.com\/avatar\/60734739c50fcebfbac509e2a826ccd0ff405c019bc73aab9354f19ecad1dcb4?s=96&d=mm&r=g","caption":"Let\u00edcia Gerheim"}}]}},"_links":{"self":[{"href":"https:\/\/www.gaveanews.com\/index.php\/wp-json\/wp\/v2\/posts\/63782","targetHints":{"allow":["GET"]}}],"collection":[{"href":"https:\/\/www.gaveanews.com\/index.php\/wp-json\/wp\/v2\/posts"}],"about":[{"href":"https:\/\/www.gaveanews.com\/index.php\/wp-json\/wp\/v2\/types\/post"}],"author":[{"embeddable":true,"href":"https:\/\/www.gaveanews.com\/index.php\/wp-json\/wp\/v2\/users\/4"}],"replies":[{"embeddable":true,"href":"https:\/\/www.gaveanews.com\/index.php\/wp-json\/wp\/v2\/comments?post=63782"}],"version-history":[{"count":0,"href":"https:\/\/www.gaveanews.com\/index.php\/wp-json\/wp\/v2\/posts\/63782\/revisions"}],"wp:featuredmedia":[{"embeddable":true,"href":"https:\/\/www.gaveanews.com\/index.php\/wp-json\/wp\/v2\/media\/63785"}],"wp:attachment":[{"href":"https:\/\/www.gaveanews.com\/index.php\/wp-json\/wp\/v2\/media?parent=63782"}],"wp:term":[{"taxonomy":"category","embeddable":true,"href":"https:\/\/www.gaveanews.com\/index.php\/wp-json\/wp\/v2\/categories?post=63782"},{"taxonomy":"post_tag","embeddable":true,"href":"https:\/\/www.gaveanews.com\/index.php\/wp-json\/wp\/v2\/tags?post=63782"}],"curies":[{"name":"wp","href":"https:\/\/api.w.org\/{rel}","templated":true}]}}