{"id":63793,"date":"2021-06-30T20:00:00","date_gmt":"2021-06-30T23:00:00","guid":{"rendered":"https:\/\/www.gaveanews.com\/?p=63793"},"modified":"2021-08-12T00:49:01","modified_gmt":"2021-08-12T03:49:01","slug":"thiago-maia-marca-gol-em-treino-e-tira-onda-com-nova-posicao-no-fla","status":"publish","type":"post","link":"https:\/\/www.gaveanews.com\/index.php\/2021\/06\/30\/thiago-maia-marca-gol-em-treino-e-tira-onda-com-nova-posicao-no-fla\/","title":{"rendered":"Thiago Maia marca gol em treino e \u2018tira onda\u2019 com nova posi\u00e7\u00e3o no Fla"},"content":{"rendered":"\n<p>Depois de ter investido em seu elenco nas \u00faltimas temporadas, o Flamengo agora conta com elenco extremamente capaz e hoje &#8220;paga pre\u00e7o&#8221; por ter tantos atletas em evid\u00eancia. Somente no m\u00eas de junho, o clube chegou a ter sete se seus jogadores desfalcando o time por conta de convoca\u00e7\u00f5es.<\/p>\n\n\n\n<p>Desta forma, a equipe precisou encontrar formas de se manter apenas com os nomes dispon\u00edveis. Agora, com um dos principais atletas negociados, o rubro-negro esbarrou em uma nova quest\u00e3o e tem a tarefa de encontrar algu\u00e9m para ocupar a vaga de Gerson.<\/p>\n\n\n\n<p>Um das op\u00e7\u00f5es para Ceni \u00e9 Thiago Maia, que voltou a ser relacionado na \u00faltima semana ap\u00f3s sete meses de afastamento dos gramados por conta de uma grave les\u00e3o sofrida. O herdou a camisa 8 do Fla e tem mostrado grande potencial para a posi\u00e7\u00e3o em treinamentos do time.<\/p>\n\n\n\n<p>O v\u00eddeo mais recente foi publicado nesta quarta-feira (30) pelo pr\u00f3prio atleta. Em sua conta do Twitter, Thiago Maia postou um trecho do treino no Mais Querido, quando marcou um gol e brincou com seus companheiros de equipe.<\/p>\n\n\n\n<h2 class=\"wp-block-heading\" id=\"h-confira-o-v-deo\">Confira o v\u00eddeo:<\/h2>\n\n\n\n<figure class=\"wp-block-embed is-type-rich is-provider-twitter wp-block-embed-twitter\"><div class=\"wp-block-embed__wrapper\">\n<blockquote class=\"twitter-tweet\" data-width=\"550\" data-dnt=\"true\"><p lang=\"pt\" dir=\"ltr\">Afiando a pontaria \ud83e\udd2a <a href=\"https:\/\/t.co\/mnFT3e3Lg3\">pic.twitter.com\/mnFT3e3Lg3<\/a><\/p>&mdash; Thiago Maia (@tmaia29) <a href=\"https:\/\/twitter.com\/tmaia29\/status\/1410283379849928704?ref_src=twsrc%5Etfw\">June 30, 2021<\/a><\/blockquote><script async src=\"https:\/\/platform.twitter.com\/widgets.js\" charset=\"utf-8\"><\/script>\n<\/div><\/figure>\n\n\n\n<p><em><strong>\u2014 Ele (Rog\u00e9rio Ceni) viu que eu estou fazendo uns gols nos treinos e est\u00e1 me colocando l\u00e1 (ponta direita). Mas, estou aqui para ajudar, falei para ele que minha posi\u00e7\u00e3o de origem \u00e9 volante, mas estou aqui para ajudar. No que ele precisar, jogar de ponta ou em outras posi\u00e7\u00f5es, vim para somar.<\/strong><\/em><\/p>\n\n\n\n<p>Com o jogador \u00e0 disposi\u00e7\u00e3o, o Flamengo viajou para Mato Grosso, onde enfrentar\u00e1 o Cuiab\u00e1 nesta quinta-feira (01). A partida ocorrer\u00e1 \u00e0s 20h (hor\u00e1rio de Bras\u00edlia), <a href=\"https:\/\/www.gaveanews.com\/index.php\/2021\/06\/30\/casa-do-proximo-jogo-do-flamengo-arena-pantanal-tem-bom-gramado\/\">na Arena Pantanal<\/a>, e ser\u00e1 transmitida pelo SporTV.<\/p>\n","protected":false},"excerpt":{"rendered":"<p>Depois de ter investido em seu elenco nas \u00faltimas temporadas, o Flamengo agora conta com elenco extremamente capaz e hoje &#8220;paga pre\u00e7o&#8221; por ter tantos atletas em evid\u00eancia. Somente no m\u00eas de junho, o clube chegou a ter sete se seus jogadores desfalcando o time por conta de convoca\u00e7\u00f5es. Desta forma, a equipe precisou encontrar [&hellip;]<\/p>\n","protected":false},"author":4,"featured_media":63525,"comment_status":"open","ping_status":"closed","sticky":false,"template":"","format":"standard","meta":{"footnotes":""},"categories":[40],"tags":[],"class_list":["post-63793","post","type-post","status-publish","format-standard","has-post-thumbnail","hentry","category-video"],"yoast_head":"<!-- This site is optimized with the Yoast SEO Premium plugin v24.2 (Yoast SEO v26.9) - https:\/\/yoast.com\/product\/yoast-seo-premium-wordpress\/ -->\n<title>Thiago Maia marca gol em treino e \u2018tira onda\u2019 com nova posi\u00e7\u00e3o no Fla<\/title>\n<meta name=\"robots\" content=\"index, follow, max-snippet:-1, max-image-preview:large, max-video-preview:-1\" \/>\n<link rel=\"canonical\" href=\"https:\/\/www.gaveanews.com\/index.php\/2021\/06\/30\/thiago-maia-marca-gol-em-treino-e-tira-onda-com-nova-posicao-no-fla\/\" \/>\n<meta property=\"og:locale\" content=\"pt_BR\" \/>\n<meta property=\"og:type\" content=\"article\" \/>\n<meta property=\"og:title\" content=\"Thiago Maia marca gol em treino e \u2018tira onda\u2019 com nova posi\u00e7\u00e3o no Fla\" \/>\n<meta property=\"og:description\" content=\"Depois de ter investido em seu elenco nas \u00faltimas temporadas, o Flamengo agora conta com elenco extremamente capaz e hoje &#8220;paga pre\u00e7o&#8221; por ter tantos atletas em evid\u00eancia. Somente no m\u00eas de junho, o clube chegou a ter sete se seus jogadores desfalcando o time por conta de convoca\u00e7\u00f5es. Desta forma, a equipe precisou encontrar [&hellip;]\" \/>\n<meta property=\"og:url\" content=\"https:\/\/www.gaveanews.com\/index.php\/2021\/06\/30\/thiago-maia-marca-gol-em-treino-e-tira-onda-com-nova-posicao-no-fla\/\" \/>\n<meta property=\"og:site_name\" content=\"G\u00e1vea News\" \/>\n<meta property=\"article:publisher\" content=\"https:\/\/facebook.com\/gaveaNews\/\" \/>\n<meta property=\"article:published_time\" content=\"2021-06-30T23:00:00+00:00\" \/>\n<meta property=\"article:modified_time\" content=\"2021-08-12T03:49:01+00:00\" \/>\n<meta property=\"og:image\" content=\"https:\/\/www.gaveanews.com\/wp-content\/uploads\/Thiago-Maia-em-treinamento-no-Ninho-do-Urubu.webp\" \/>\n\t<meta property=\"og:image:width\" content=\"800\" \/>\n\t<meta property=\"og:image:height\" content=\"533\" \/>\n\t<meta property=\"og:image:type\" content=\"image\/jpeg\" \/>\n<meta name=\"author\" content=\"Let\u00edcia Gerheim\" \/>\n<meta name=\"twitter:card\" content=\"summary_large_image\" \/>\n<meta name=\"twitter:label1\" content=\"Escrito por\" \/>\n\t<meta name=\"twitter:data1\" content=\"Let\u00edcia Gerheim\" \/>\n\t<meta name=\"twitter:label2\" content=\"Est. tempo de leitura\" \/>\n\t<meta name=\"twitter:data2\" content=\"2 minutos\" \/>\n<script type=\"application\/ld+json\" class=\"yoast-schema-graph\">{\"@context\":\"https:\/\/schema.org\",\"@graph\":[{\"@type\":\"NewsArticle\",\"@id\":\"https:\/\/www.gaveanews.com\/index.php\/2021\/06\/30\/thiago-maia-marca-gol-em-treino-e-tira-onda-com-nova-posicao-no-fla\/#article\",\"isPartOf\":{\"@id\":\"https:\/\/www.gaveanews.com\/index.php\/2021\/06\/30\/thiago-maia-marca-gol-em-treino-e-tira-onda-com-nova-posicao-no-fla\/\"},\"author\":{\"name\":\"Let\u00edcia Gerheim\",\"@id\":\"https:\/\/www.gaveanews.com\/#\/schema\/person\/714c67050b836198af2450ba1c142a67\"},\"headline\":\"Thiago Maia marca gol em treino e \u2018tira onda\u2019 com nova posi\u00e7\u00e3o no Fla\",\"datePublished\":\"2021-06-30T23:00:00+00:00\",\"dateModified\":\"2021-08-12T03:49:01+00:00\",\"mainEntityOfPage\":{\"@id\":\"https:\/\/www.gaveanews.com\/index.php\/2021\/06\/30\/thiago-maia-marca-gol-em-treino-e-tira-onda-com-nova-posicao-no-fla\/\"},\"wordCount\":302,\"commentCount\":6,\"image\":{\"@id\":\"https:\/\/www.gaveanews.com\/index.php\/2021\/06\/30\/thiago-maia-marca-gol-em-treino-e-tira-onda-com-nova-posicao-no-fla\/#primaryimage\"},\"thumbnailUrl\":\"https:\/\/www.gaveanews.com\/wp-content\/uploads\/Thiago-Maia-em-treinamento-no-Ninho-do-Urubu.webp\",\"articleSection\":[\"V\u00eddeos\"],\"inLanguage\":\"pt-BR\",\"potentialAction\":[{\"@type\":\"CommentAction\",\"name\":\"Comment\",\"target\":[\"https:\/\/www.gaveanews.com\/index.php\/2021\/06\/30\/thiago-maia-marca-gol-em-treino-e-tira-onda-com-nova-posicao-no-fla\/#respond\"]}],\"copyrightYear\":\"2021\",\"copyrightHolder\":{\"@id\":\"https:\/\/www.gaveanews.com\/#organization\"}},{\"@type\":\"WebPage\",\"@id\":\"https:\/\/www.gaveanews.com\/index.php\/2021\/06\/30\/thiago-maia-marca-gol-em-treino-e-tira-onda-com-nova-posicao-no-fla\/\",\"url\":\"https:\/\/www.gaveanews.com\/index.php\/2021\/06\/30\/thiago-maia-marca-gol-em-treino-e-tira-onda-com-nova-posicao-no-fla\/\",\"name\":\"Thiago Maia marca gol em treino e \u2018tira onda\u2019 com nova posi\u00e7\u00e3o no Fla\",\"isPartOf\":{\"@id\":\"https:\/\/www.gaveanews.com\/#website\"},\"primaryImageOfPage\":{\"@id\":\"https:\/\/www.gaveanews.com\/index.php\/2021\/06\/30\/thiago-maia-marca-gol-em-treino-e-tira-onda-com-nova-posicao-no-fla\/#primaryimage\"},\"image\":{\"@id\":\"https:\/\/www.gaveanews.com\/index.php\/2021\/06\/30\/thiago-maia-marca-gol-em-treino-e-tira-onda-com-nova-posicao-no-fla\/#primaryimage\"},\"thumbnailUrl\":\"https:\/\/www.gaveanews.com\/wp-content\/uploads\/Thiago-Maia-em-treinamento-no-Ninho-do-Urubu.webp\",\"datePublished\":\"2021-06-30T23:00:00+00:00\",\"dateModified\":\"2021-08-12T03:49:01+00:00\",\"author\":{\"@id\":\"https:\/\/www.gaveanews.com\/#\/schema\/person\/714c67050b836198af2450ba1c142a67\"},\"breadcrumb\":{\"@id\":\"https:\/\/www.gaveanews.com\/index.php\/2021\/06\/30\/thiago-maia-marca-gol-em-treino-e-tira-onda-com-nova-posicao-no-fla\/#breadcrumb\"},\"inLanguage\":\"pt-BR\",\"potentialAction\":[{\"@type\":\"ReadAction\",\"target\":[\"https:\/\/www.gaveanews.com\/index.php\/2021\/06\/30\/thiago-maia-marca-gol-em-treino-e-tira-onda-com-nova-posicao-no-fla\/\"]}]},{\"@type\":\"ImageObject\",\"inLanguage\":\"pt-BR\",\"@id\":\"https:\/\/www.gaveanews.com\/index.php\/2021\/06\/30\/thiago-maia-marca-gol-em-treino-e-tira-onda-com-nova-posicao-no-fla\/#primaryimage\",\"url\":\"https:\/\/www.gaveanews.com\/wp-content\/uploads\/Thiago-Maia-em-treinamento-no-Ninho-do-Urubu.webp\",\"contentUrl\":\"https:\/\/www.gaveanews.com\/wp-content\/uploads\/Thiago-Maia-em-treinamento-no-Ninho-do-Urubu.webp\",\"width\":800,\"height\":533,\"caption\":\"Thiago Maia em treinamento no Ninho do Urubu (Foto: Alexandre Vidal\/Flamengo)\"},{\"@type\":\"BreadcrumbList\",\"@id\":\"https:\/\/www.gaveanews.com\/index.php\/2021\/06\/30\/thiago-maia-marca-gol-em-treino-e-tira-onda-com-nova-posicao-no-fla\/#breadcrumb\",\"itemListElement\":[{\"@type\":\"ListItem\",\"position\":1,\"name\":\"Home\",\"item\":\"https:\/\/www.gaveanews.com\/\"},{\"@type\":\"ListItem\",\"position\":2,\"name\":\"Thiago Maia marca gol em treino e \u2018tira onda\u2019 com nova posi\u00e7\u00e3o no Fla\"}]},{\"@type\":\"WebSite\",\"@id\":\"https:\/\/www.gaveanews.com\/#website\",\"url\":\"https:\/\/www.gaveanews.com\/\",\"name\":\"G\u00e1vea News\",\"description\":\"Veja todas as not\u00edcias sobre o Flamengo: Contrata\u00e7\u00f5es, categorias de base, resultados das partidas, tabela de classifica\u00e7\u00e3o, pr\u00f3ximos jogos!\",\"potentialAction\":[{\"@type\":\"SearchAction\",\"target\":{\"@type\":\"EntryPoint\",\"urlTemplate\":\"https:\/\/www.gaveanews.com\/?s={search_term_string}\"},\"query-input\":{\"@type\":\"PropertyValueSpecification\",\"valueRequired\":true,\"valueName\":\"search_term_string\"}}],\"inLanguage\":\"pt-BR\"},{\"@type\":\"Person\",\"@id\":\"https:\/\/www.gaveanews.com\/#\/schema\/person\/714c67050b836198af2450ba1c142a67\",\"name\":\"Let\u00edcia Gerheim\",\"image\":{\"@type\":\"ImageObject\",\"inLanguage\":\"pt-BR\",\"@id\":\"https:\/\/www.gaveanews.com\/#\/schema\/person\/image\/\",\"url\":\"https:\/\/secure.gravatar.com\/avatar\/60734739c50fcebfbac509e2a826ccd0ff405c019bc73aab9354f19ecad1dcb4?s=96&d=mm&r=g\",\"contentUrl\":\"https:\/\/secure.gravatar.com\/avatar\/60734739c50fcebfbac509e2a826ccd0ff405c019bc73aab9354f19ecad1dcb4?s=96&d=mm&r=g\",\"caption\":\"Let\u00edcia Gerheim\"}}]}<\/script>\n<!-- \/ Yoast SEO Premium plugin. -->","yoast_head_json":{"title":"Thiago Maia marca gol em treino e \u2018tira onda\u2019 com nova posi\u00e7\u00e3o no Fla","robots":{"index":"index","follow":"follow","max-snippet":"max-snippet:-1","max-image-preview":"max-image-preview:large","max-video-preview":"max-video-preview:-1"},"canonical":"https:\/\/www.gaveanews.com\/index.php\/2021\/06\/30\/thiago-maia-marca-gol-em-treino-e-tira-onda-com-nova-posicao-no-fla\/","og_locale":"pt_BR","og_type":"article","og_title":"Thiago Maia marca gol em treino e \u2018tira onda\u2019 com nova posi\u00e7\u00e3o no Fla","og_description":"Depois de ter investido em seu elenco nas \u00faltimas temporadas, o Flamengo agora conta com elenco extremamente capaz e hoje &#8220;paga pre\u00e7o&#8221; por ter tantos atletas em evid\u00eancia. Somente no m\u00eas de junho, o clube chegou a ter sete se seus jogadores desfalcando o time por conta de convoca\u00e7\u00f5es. Desta forma, a equipe precisou encontrar [&hellip;]","og_url":"https:\/\/www.gaveanews.com\/index.php\/2021\/06\/30\/thiago-maia-marca-gol-em-treino-e-tira-onda-com-nova-posicao-no-fla\/","og_site_name":"G\u00e1vea News","article_publisher":"https:\/\/facebook.com\/gaveaNews\/","article_published_time":"2021-06-30T23:00:00+00:00","article_modified_time":"2021-08-12T03:49:01+00:00","og_image":[{"width":800,"height":533,"url":"https:\/\/www.gaveanews.com\/wp-content\/uploads\/Thiago-Maia-em-treinamento-no-Ninho-do-Urubu.webp","type":"image\/jpeg"}],"author":"Let\u00edcia Gerheim","twitter_card":"summary_large_image","twitter_misc":{"Escrito por":"Let\u00edcia Gerheim","Est. tempo de leitura":"2 minutos"},"schema":{"@context":"https:\/\/schema.org","@graph":[{"@type":"NewsArticle","@id":"https:\/\/www.gaveanews.com\/index.php\/2021\/06\/30\/thiago-maia-marca-gol-em-treino-e-tira-onda-com-nova-posicao-no-fla\/#article","isPartOf":{"@id":"https:\/\/www.gaveanews.com\/index.php\/2021\/06\/30\/thiago-maia-marca-gol-em-treino-e-tira-onda-com-nova-posicao-no-fla\/"},"author":{"name":"Let\u00edcia Gerheim","@id":"https:\/\/www.gaveanews.com\/#\/schema\/person\/714c67050b836198af2450ba1c142a67"},"headline":"Thiago Maia marca gol em treino e \u2018tira onda\u2019 com nova posi\u00e7\u00e3o no Fla","datePublished":"2021-06-30T23:00:00+00:00","dateModified":"2021-08-12T03:49:01+00:00","mainEntityOfPage":{"@id":"https:\/\/www.gaveanews.com\/index.php\/2021\/06\/30\/thiago-maia-marca-gol-em-treino-e-tira-onda-com-nova-posicao-no-fla\/"},"wordCount":302,"commentCount":6,"image":{"@id":"https:\/\/www.gaveanews.com\/index.php\/2021\/06\/30\/thiago-maia-marca-gol-em-treino-e-tira-onda-com-nova-posicao-no-fla\/#primaryimage"},"thumbnailUrl":"https:\/\/www.gaveanews.com\/wp-content\/uploads\/Thiago-Maia-em-treinamento-no-Ninho-do-Urubu.webp","articleSection":["V\u00eddeos"],"inLanguage":"pt-BR","potentialAction":[{"@type":"CommentAction","name":"Comment","target":["https:\/\/www.gaveanews.com\/index.php\/2021\/06\/30\/thiago-maia-marca-gol-em-treino-e-tira-onda-com-nova-posicao-no-fla\/#respond"]}],"copyrightYear":"2021","copyrightHolder":{"@id":"https:\/\/www.gaveanews.com\/#organization"}},{"@type":"WebPage","@id":"https:\/\/www.gaveanews.com\/index.php\/2021\/06\/30\/thiago-maia-marca-gol-em-treino-e-tira-onda-com-nova-posicao-no-fla\/","url":"https:\/\/www.gaveanews.com\/index.php\/2021\/06\/30\/thiago-maia-marca-gol-em-treino-e-tira-onda-com-nova-posicao-no-fla\/","name":"Thiago Maia marca gol em treino e \u2018tira onda\u2019 com nova posi\u00e7\u00e3o no Fla","isPartOf":{"@id":"https:\/\/www.gaveanews.com\/#website"},"primaryImageOfPage":{"@id":"https:\/\/www.gaveanews.com\/index.php\/2021\/06\/30\/thiago-maia-marca-gol-em-treino-e-tira-onda-com-nova-posicao-no-fla\/#primaryimage"},"image":{"@id":"https:\/\/www.gaveanews.com\/index.php\/2021\/06\/30\/thiago-maia-marca-gol-em-treino-e-tira-onda-com-nova-posicao-no-fla\/#primaryimage"},"thumbnailUrl":"https:\/\/www.gaveanews.com\/wp-content\/uploads\/Thiago-Maia-em-treinamento-no-Ninho-do-Urubu.webp","datePublished":"2021-06-30T23:00:00+00:00","dateModified":"2021-08-12T03:49:01+00:00","author":{"@id":"https:\/\/www.gaveanews.com\/#\/schema\/person\/714c67050b836198af2450ba1c142a67"},"breadcrumb":{"@id":"https:\/\/www.gaveanews.com\/index.php\/2021\/06\/30\/thiago-maia-marca-gol-em-treino-e-tira-onda-com-nova-posicao-no-fla\/#breadcrumb"},"inLanguage":"pt-BR","potentialAction":[{"@type":"ReadAction","target":["https:\/\/www.gaveanews.com\/index.php\/2021\/06\/30\/thiago-maia-marca-gol-em-treino-e-tira-onda-com-nova-posicao-no-fla\/"]}]},{"@type":"ImageObject","inLanguage":"pt-BR","@id":"https:\/\/www.gaveanews.com\/index.php\/2021\/06\/30\/thiago-maia-marca-gol-em-treino-e-tira-onda-com-nova-posicao-no-fla\/#primaryimage","url":"https:\/\/www.gaveanews.com\/wp-content\/uploads\/Thiago-Maia-em-treinamento-no-Ninho-do-Urubu.webp","contentUrl":"https:\/\/www.gaveanews.com\/wp-content\/uploads\/Thiago-Maia-em-treinamento-no-Ninho-do-Urubu.webp","width":800,"height":533,"caption":"Thiago Maia em treinamento no Ninho do Urubu (Foto: Alexandre Vidal\/Flamengo)"},{"@type":"BreadcrumbList","@id":"https:\/\/www.gaveanews.com\/index.php\/2021\/06\/30\/thiago-maia-marca-gol-em-treino-e-tira-onda-com-nova-posicao-no-fla\/#breadcrumb","itemListElement":[{"@type":"ListItem","position":1,"name":"Home","item":"https:\/\/www.gaveanews.com\/"},{"@type":"ListItem","position":2,"name":"Thiago Maia marca gol em treino e \u2018tira onda\u2019 com nova posi\u00e7\u00e3o no Fla"}]},{"@type":"WebSite","@id":"https:\/\/www.gaveanews.com\/#website","url":"https:\/\/www.gaveanews.com\/","name":"G\u00e1vea News","description":"Veja todas as not\u00edcias sobre o Flamengo: Contrata\u00e7\u00f5es, categorias de base, resultados das partidas, tabela de classifica\u00e7\u00e3o, pr\u00f3ximos jogos!","potentialAction":[{"@type":"SearchAction","target":{"@type":"EntryPoint","urlTemplate":"https:\/\/www.gaveanews.com\/?s={search_term_string}"},"query-input":{"@type":"PropertyValueSpecification","valueRequired":true,"valueName":"search_term_string"}}],"inLanguage":"pt-BR"},{"@type":"Person","@id":"https:\/\/www.gaveanews.com\/#\/schema\/person\/714c67050b836198af2450ba1c142a67","name":"Let\u00edcia Gerheim","image":{"@type":"ImageObject","inLanguage":"pt-BR","@id":"https:\/\/www.gaveanews.com\/#\/schema\/person\/image\/","url":"https:\/\/secure.gravatar.com\/avatar\/60734739c50fcebfbac509e2a826ccd0ff405c019bc73aab9354f19ecad1dcb4?s=96&d=mm&r=g","contentUrl":"https:\/\/secure.gravatar.com\/avatar\/60734739c50fcebfbac509e2a826ccd0ff405c019bc73aab9354f19ecad1dcb4?s=96&d=mm&r=g","caption":"Let\u00edcia Gerheim"}}]}},"_links":{"self":[{"href":"https:\/\/www.gaveanews.com\/index.php\/wp-json\/wp\/v2\/posts\/63793","targetHints":{"allow":["GET"]}}],"collection":[{"href":"https:\/\/www.gaveanews.com\/index.php\/wp-json\/wp\/v2\/posts"}],"about":[{"href":"https:\/\/www.gaveanews.com\/index.php\/wp-json\/wp\/v2\/types\/post"}],"author":[{"embeddable":true,"href":"https:\/\/www.gaveanews.com\/index.php\/wp-json\/wp\/v2\/users\/4"}],"replies":[{"embeddable":true,"href":"https:\/\/www.gaveanews.com\/index.php\/wp-json\/wp\/v2\/comments?post=63793"}],"version-history":[{"count":0,"href":"https:\/\/www.gaveanews.com\/index.php\/wp-json\/wp\/v2\/posts\/63793\/revisions"}],"wp:featuredmedia":[{"embeddable":true,"href":"https:\/\/www.gaveanews.com\/index.php\/wp-json\/wp\/v2\/media\/63525"}],"wp:attachment":[{"href":"https:\/\/www.gaveanews.com\/index.php\/wp-json\/wp\/v2\/media?parent=63793"}],"wp:term":[{"taxonomy":"category","embeddable":true,"href":"https:\/\/www.gaveanews.com\/index.php\/wp-json\/wp\/v2\/categories?post=63793"},{"taxonomy":"post_tag","embeddable":true,"href":"https:\/\/www.gaveanews.com\/index.php\/wp-json\/wp\/v2\/tags?post=63793"}],"curies":[{"name":"wp","href":"https:\/\/api.w.org\/{rel}","templated":true}]}}