{"id":63808,"date":"2021-06-30T22:05:45","date_gmt":"2021-07-01T01:05:45","guid":{"rendered":"https:\/\/www.gaveanews.com\/?p=63808"},"modified":"2021-06-30T22:05:47","modified_gmt":"2021-07-01T01:05:47","slug":"saiba-quanto-o-atletico-de-madrid-quer-pagar-ao-flamengo-por-muniz","status":"publish","type":"post","link":"https:\/\/www.gaveanews.com\/index.php\/2021\/06\/30\/saiba-quanto-o-atletico-de-madrid-quer-pagar-ao-flamengo-por-muniz\/","title":{"rendered":"Saiba quanto o Atl\u00e9tico de Madrid quer pagar ao Flamengo por Muniz"},"content":{"rendered":"\n<p>O atacante Rodrigo Muniz est\u00e1 em alta no mercado da bola. Al\u00e9m de Genk, da B\u00e9lgica, Al Nasr, dos Emirados \u00c1rabes, e Atl\u00e9tico de Madrid, da Espanha, formalizaram ofertas ao Flamengo para contratar Rodrigo Muniz. A do time belga foi rejeitada pelo pr\u00f3prio atacante, que entendeu que a base salarial n\u00e3o era vantajosa. A proposta do clube dos Emirados foi noticiada pelo jornal &#8216;O Dia&#8217; no dia 22 de junho e a dos espanh\u00f3is foi noticiada primeiro pelo Jornal Extra.<\/p>\n\n\n\n<p>A reportagem apurou os valores das ofertas dos tr\u00eas clubes ao Flamengo para ter Rodrigo Muniz:<\/p>\n\n\n\n<p><strong>Genk<\/strong>: 5 milh\u00f5es de euros, cerca de 30 milh\u00f5es de reais, por 100% (essa foi aceita pelo Flamengo, mas o jogador recusou a proposta salarial e o neg\u00f3cio esfriou).<\/p>\n\n\n\n<p><strong>Al Nasr<\/strong>: 4 milh\u00f5es de euros, em torno de 24 milh\u00f5es de reais, por 60% (Flamengo analisar\u00e1 junto com os empres\u00e1rios; a oferta salarial \u00e9 milion\u00e1ria: 21 milh\u00f5es de reais por tr\u00eas anos de contrato, al\u00e9m de b\u00f4nus por gol e assist\u00eancia, e casa e carro pagos pelo clube).<\/p>\n\n\n\n<p><strong>Atl\u00e9tico de Madrid<\/strong>: 5 milh\u00f5es de euros, cerca de 30 milh\u00f5es de reais, por 80% (Rubro-Negro analisar\u00e1 junto com os empres\u00e1rios; a oferta salarial \u00e9 &#8220;bem avaliada&#8221;, e os agentes j\u00e1 deram &#8220;ok&#8221; para o neg\u00f3cio, mas a diretoria ainda n\u00e3o).<\/p>\n\n\n\n<p>Diante do ass\u00e9dio de v\u00e1rios clubes e com propostas oficiais na mesa, representantes da empresa que agencia Rodrigo Muniz chegaram ao Rio de Janeiro e v\u00e3o acompanhar a situa\u00e7\u00e3o do atacante, que recebeu propostas oficiais nos \u00faltimos dias de clubes do exterior, de perto. A ideia \u00e9 blindar o jogador e se reunir com o Flamengo.<\/p>\n\n\n\n<p>A ideia de blindar \u00e9 evitar que outros agentes tentem &#8220;atravessar neg\u00f3cios&#8221;. Recentemente, o escrit\u00f3rio do empres\u00e1rio Giuliano Bertolucci conversou com pessoas ligadas a Muniz e disse que teria oferta do Almer\u00eda, da Espanha. O clube espanhol, oficialmente, nega interesse no atacante.<\/p>\n\n\n\n<p>O futuro clube de Rodrigo Muniz ainda \u00e9 uma inc\u00f3gnita, mas o que h\u00e1 de certo \u00e9: Flamengo quer vender o atacante, e os representantes do atleta querem tir\u00e1-lo do Rubro-Negro. O jogador, ainda com sal\u00e1rio baixo, \u00e9 o \u00fanico dos jovens promovidos recentemente que n\u00e3o recebeu valoriza\u00e7\u00e3o nos vencimentos.<\/p>\n\n\n\n<p>Com contrato at\u00e9 2024, a multa rescis\u00f3ria de Rodrigo Muniz para o mercado nacional \u00e9 considerada baixa, 42 milh\u00f5es de reais. Para o exterior, o montante \u00e9 50 milh\u00f5es de euros, em torno de 300 milh\u00f5es de reais.<\/p>\n\n\n\n<p>Retirado de: O Dia<\/p>\n","protected":false},"excerpt":{"rendered":"<p>O atacante Rodrigo Muniz est\u00e1 em alta no mercado da bola. Al\u00e9m de Genk, da B\u00e9lgica, Al Nasr, dos Emirados \u00c1rabes, e Atl\u00e9tico de Madrid, da Espanha, formalizaram ofertas ao Flamengo para contratar Rodrigo Muniz. A do time belga foi rejeitada pelo pr\u00f3prio atacante, que entendeu que a base salarial n\u00e3o era vantajosa. A proposta [&hellip;]<\/p>\n","protected":false},"author":1,"featured_media":57233,"comment_status":"open","ping_status":"closed","sticky":false,"template":"","format":"standard","meta":{"footnotes":""},"categories":[1],"tags":[],"class_list":["post-63808","post","type-post","status-publish","format-standard","has-post-thumbnail","hentry","category-flamengo"],"yoast_head":"<!-- This site is optimized with the Yoast SEO Premium plugin v24.2 (Yoast SEO v26.9) - https:\/\/yoast.com\/product\/yoast-seo-premium-wordpress\/ -->\n<title>Saiba quanto o Atl\u00e9tico de Madrid quer pagar ao Flamengo por Muniz<\/title>\n<meta name=\"robots\" content=\"index, follow, max-snippet:-1, max-image-preview:large, max-video-preview:-1\" \/>\n<link rel=\"canonical\" href=\"https:\/\/www.gaveanews.com\/index.php\/2021\/06\/30\/saiba-quanto-o-atletico-de-madrid-quer-pagar-ao-flamengo-por-muniz\/\" \/>\n<meta property=\"og:locale\" content=\"pt_BR\" \/>\n<meta property=\"og:type\" content=\"article\" \/>\n<meta property=\"og:title\" content=\"Saiba quanto o Atl\u00e9tico de Madrid quer pagar ao Flamengo por Muniz\" \/>\n<meta property=\"og:description\" content=\"O atacante Rodrigo Muniz est\u00e1 em alta no mercado da bola. Al\u00e9m de Genk, da B\u00e9lgica, Al Nasr, dos Emirados \u00c1rabes, e Atl\u00e9tico de Madrid, da Espanha, formalizaram ofertas ao Flamengo para contratar Rodrigo Muniz. A do time belga foi rejeitada pelo pr\u00f3prio atacante, que entendeu que a base salarial n\u00e3o era vantajosa. A proposta [&hellip;]\" \/>\n<meta property=\"og:url\" content=\"https:\/\/www.gaveanews.com\/index.php\/2021\/06\/30\/saiba-quanto-o-atletico-de-madrid-quer-pagar-ao-flamengo-por-muniz\/\" \/>\n<meta property=\"og:site_name\" content=\"G\u00e1vea News\" \/>\n<meta property=\"article:publisher\" content=\"https:\/\/facebook.com\/gaveaNews\/\" \/>\n<meta property=\"article:published_time\" content=\"2021-07-01T01:05:45+00:00\" \/>\n<meta property=\"article:modified_time\" content=\"2021-07-01T01:05:47+00:00\" \/>\n<meta property=\"og:image\" content=\"https:\/\/www.gaveanews.com\/wp-content\/uploads\/Muniz-em-acao-contra-o-Macae.webp\" \/>\n\t<meta property=\"og:image:width\" content=\"800\" \/>\n\t<meta property=\"og:image:height\" content=\"533\" \/>\n\t<meta property=\"og:image:type\" content=\"image\/jpeg\" \/>\n<meta name=\"author\" content=\"Equipe G\u00e1vea News\" \/>\n<meta name=\"twitter:card\" content=\"summary_large_image\" \/>\n<meta name=\"twitter:label1\" content=\"Escrito por\" \/>\n\t<meta name=\"twitter:data1\" content=\"Equipe G\u00e1vea News\" \/>\n\t<meta name=\"twitter:label2\" content=\"Est. tempo de leitura\" \/>\n\t<meta name=\"twitter:data2\" content=\"2 minutos\" \/>\n<script type=\"application\/ld+json\" class=\"yoast-schema-graph\">{\"@context\":\"https:\/\/schema.org\",\"@graph\":[{\"@type\":\"NewsArticle\",\"@id\":\"https:\/\/www.gaveanews.com\/index.php\/2021\/06\/30\/saiba-quanto-o-atletico-de-madrid-quer-pagar-ao-flamengo-por-muniz\/#article\",\"isPartOf\":{\"@id\":\"https:\/\/www.gaveanews.com\/index.php\/2021\/06\/30\/saiba-quanto-o-atletico-de-madrid-quer-pagar-ao-flamengo-por-muniz\/\"},\"author\":{\"name\":\"Equipe G\u00e1vea News\",\"@id\":\"https:\/\/www.gaveanews.com\/#\/schema\/person\/2ec14f73fb96be2caf28f91afb14749d\"},\"headline\":\"Saiba quanto o Atl\u00e9tico de Madrid quer pagar ao Flamengo por Muniz\",\"datePublished\":\"2021-07-01T01:05:45+00:00\",\"dateModified\":\"2021-07-01T01:05:47+00:00\",\"mainEntityOfPage\":{\"@id\":\"https:\/\/www.gaveanews.com\/index.php\/2021\/06\/30\/saiba-quanto-o-atletico-de-madrid-quer-pagar-ao-flamengo-por-muniz\/\"},\"wordCount\":436,\"commentCount\":43,\"image\":{\"@id\":\"https:\/\/www.gaveanews.com\/index.php\/2021\/06\/30\/saiba-quanto-o-atletico-de-madrid-quer-pagar-ao-flamengo-por-muniz\/#primaryimage\"},\"thumbnailUrl\":\"https:\/\/www.gaveanews.com\/wp-content\/uploads\/Muniz-em-acao-contra-o-Macae.webp\",\"articleSection\":[\"Flamengo\"],\"inLanguage\":\"pt-BR\",\"potentialAction\":[{\"@type\":\"CommentAction\",\"name\":\"Comment\",\"target\":[\"https:\/\/www.gaveanews.com\/index.php\/2021\/06\/30\/saiba-quanto-o-atletico-de-madrid-quer-pagar-ao-flamengo-por-muniz\/#respond\"]}],\"copyrightYear\":\"2021\",\"copyrightHolder\":{\"@id\":\"https:\/\/www.gaveanews.com\/#organization\"}},{\"@type\":\"WebPage\",\"@id\":\"https:\/\/www.gaveanews.com\/index.php\/2021\/06\/30\/saiba-quanto-o-atletico-de-madrid-quer-pagar-ao-flamengo-por-muniz\/\",\"url\":\"https:\/\/www.gaveanews.com\/index.php\/2021\/06\/30\/saiba-quanto-o-atletico-de-madrid-quer-pagar-ao-flamengo-por-muniz\/\",\"name\":\"Saiba quanto o Atl\u00e9tico de Madrid quer pagar ao Flamengo por Muniz\",\"isPartOf\":{\"@id\":\"https:\/\/www.gaveanews.com\/#website\"},\"primaryImageOfPage\":{\"@id\":\"https:\/\/www.gaveanews.com\/index.php\/2021\/06\/30\/saiba-quanto-o-atletico-de-madrid-quer-pagar-ao-flamengo-por-muniz\/#primaryimage\"},\"image\":{\"@id\":\"https:\/\/www.gaveanews.com\/index.php\/2021\/06\/30\/saiba-quanto-o-atletico-de-madrid-quer-pagar-ao-flamengo-por-muniz\/#primaryimage\"},\"thumbnailUrl\":\"https:\/\/www.gaveanews.com\/wp-content\/uploads\/Muniz-em-acao-contra-o-Macae.webp\",\"datePublished\":\"2021-07-01T01:05:45+00:00\",\"dateModified\":\"2021-07-01T01:05:47+00:00\",\"author\":{\"@id\":\"https:\/\/www.gaveanews.com\/#\/schema\/person\/2ec14f73fb96be2caf28f91afb14749d\"},\"breadcrumb\":{\"@id\":\"https:\/\/www.gaveanews.com\/index.php\/2021\/06\/30\/saiba-quanto-o-atletico-de-madrid-quer-pagar-ao-flamengo-por-muniz\/#breadcrumb\"},\"inLanguage\":\"pt-BR\",\"potentialAction\":[{\"@type\":\"ReadAction\",\"target\":[\"https:\/\/www.gaveanews.com\/index.php\/2021\/06\/30\/saiba-quanto-o-atletico-de-madrid-quer-pagar-ao-flamengo-por-muniz\/\"]}]},{\"@type\":\"ImageObject\",\"inLanguage\":\"pt-BR\",\"@id\":\"https:\/\/www.gaveanews.com\/index.php\/2021\/06\/30\/saiba-quanto-o-atletico-de-madrid-quer-pagar-ao-flamengo-por-muniz\/#primaryimage\",\"url\":\"https:\/\/www.gaveanews.com\/wp-content\/uploads\/Muniz-em-acao-contra-o-Macae.webp\",\"contentUrl\":\"https:\/\/www.gaveanews.com\/wp-content\/uploads\/Muniz-em-acao-contra-o-Macae.webp\",\"width\":800,\"height\":533,\"caption\":\"Muniz em a\u00e7\u00e3o contra o Maca\u00e9 (Foto: Marcelo Cortes\/Flamengo)\"},{\"@type\":\"BreadcrumbList\",\"@id\":\"https:\/\/www.gaveanews.com\/index.php\/2021\/06\/30\/saiba-quanto-o-atletico-de-madrid-quer-pagar-ao-flamengo-por-muniz\/#breadcrumb\",\"itemListElement\":[{\"@type\":\"ListItem\",\"position\":1,\"name\":\"Home\",\"item\":\"https:\/\/www.gaveanews.com\/\"},{\"@type\":\"ListItem\",\"position\":2,\"name\":\"Saiba quanto o Atl\u00e9tico de Madrid quer pagar ao Flamengo por Muniz\"}]},{\"@type\":\"WebSite\",\"@id\":\"https:\/\/www.gaveanews.com\/#website\",\"url\":\"https:\/\/www.gaveanews.com\/\",\"name\":\"G\u00e1vea News\",\"description\":\"Veja todas as not\u00edcias sobre o Flamengo: Contrata\u00e7\u00f5es, categorias de base, resultados das partidas, tabela de classifica\u00e7\u00e3o, pr\u00f3ximos jogos!\",\"potentialAction\":[{\"@type\":\"SearchAction\",\"target\":{\"@type\":\"EntryPoint\",\"urlTemplate\":\"https:\/\/www.gaveanews.com\/?s={search_term_string}\"},\"query-input\":{\"@type\":\"PropertyValueSpecification\",\"valueRequired\":true,\"valueName\":\"search_term_string\"}}],\"inLanguage\":\"pt-BR\"},{\"@type\":\"Person\",\"@id\":\"https:\/\/www.gaveanews.com\/#\/schema\/person\/2ec14f73fb96be2caf28f91afb14749d\",\"name\":\"Equipe G\u00e1vea News\",\"image\":{\"@type\":\"ImageObject\",\"inLanguage\":\"pt-BR\",\"@id\":\"https:\/\/www.gaveanews.com\/#\/schema\/person\/image\/\",\"url\":\"https:\/\/secure.gravatar.com\/avatar\/1e1956f1facbffd3f8fa53a326721950116b3b9dc9bd44939c01180fd4a745a9?s=96&d=mm&r=g\",\"contentUrl\":\"https:\/\/secure.gravatar.com\/avatar\/1e1956f1facbffd3f8fa53a326721950116b3b9dc9bd44939c01180fd4a745a9?s=96&d=mm&r=g\",\"caption\":\"Equipe G\u00e1vea News\"}}]}<\/script>\n<!-- \/ Yoast SEO Premium plugin. -->","yoast_head_json":{"title":"Saiba quanto o Atl\u00e9tico de Madrid quer pagar ao Flamengo por Muniz","robots":{"index":"index","follow":"follow","max-snippet":"max-snippet:-1","max-image-preview":"max-image-preview:large","max-video-preview":"max-video-preview:-1"},"canonical":"https:\/\/www.gaveanews.com\/index.php\/2021\/06\/30\/saiba-quanto-o-atletico-de-madrid-quer-pagar-ao-flamengo-por-muniz\/","og_locale":"pt_BR","og_type":"article","og_title":"Saiba quanto o Atl\u00e9tico de Madrid quer pagar ao Flamengo por Muniz","og_description":"O atacante Rodrigo Muniz est\u00e1 em alta no mercado da bola. Al\u00e9m de Genk, da B\u00e9lgica, Al Nasr, dos Emirados \u00c1rabes, e Atl\u00e9tico de Madrid, da Espanha, formalizaram ofertas ao Flamengo para contratar Rodrigo Muniz. A do time belga foi rejeitada pelo pr\u00f3prio atacante, que entendeu que a base salarial n\u00e3o era vantajosa. A proposta [&hellip;]","og_url":"https:\/\/www.gaveanews.com\/index.php\/2021\/06\/30\/saiba-quanto-o-atletico-de-madrid-quer-pagar-ao-flamengo-por-muniz\/","og_site_name":"G\u00e1vea News","article_publisher":"https:\/\/facebook.com\/gaveaNews\/","article_published_time":"2021-07-01T01:05:45+00:00","article_modified_time":"2021-07-01T01:05:47+00:00","og_image":[{"width":800,"height":533,"url":"https:\/\/www.gaveanews.com\/wp-content\/uploads\/Muniz-em-acao-contra-o-Macae.webp","type":"image\/jpeg"}],"author":"Equipe G\u00e1vea News","twitter_card":"summary_large_image","twitter_misc":{"Escrito por":"Equipe G\u00e1vea News","Est. tempo de leitura":"2 minutos"},"schema":{"@context":"https:\/\/schema.org","@graph":[{"@type":"NewsArticle","@id":"https:\/\/www.gaveanews.com\/index.php\/2021\/06\/30\/saiba-quanto-o-atletico-de-madrid-quer-pagar-ao-flamengo-por-muniz\/#article","isPartOf":{"@id":"https:\/\/www.gaveanews.com\/index.php\/2021\/06\/30\/saiba-quanto-o-atletico-de-madrid-quer-pagar-ao-flamengo-por-muniz\/"},"author":{"name":"Equipe G\u00e1vea News","@id":"https:\/\/www.gaveanews.com\/#\/schema\/person\/2ec14f73fb96be2caf28f91afb14749d"},"headline":"Saiba quanto o Atl\u00e9tico de Madrid quer pagar ao Flamengo por Muniz","datePublished":"2021-07-01T01:05:45+00:00","dateModified":"2021-07-01T01:05:47+00:00","mainEntityOfPage":{"@id":"https:\/\/www.gaveanews.com\/index.php\/2021\/06\/30\/saiba-quanto-o-atletico-de-madrid-quer-pagar-ao-flamengo-por-muniz\/"},"wordCount":436,"commentCount":43,"image":{"@id":"https:\/\/www.gaveanews.com\/index.php\/2021\/06\/30\/saiba-quanto-o-atletico-de-madrid-quer-pagar-ao-flamengo-por-muniz\/#primaryimage"},"thumbnailUrl":"https:\/\/www.gaveanews.com\/wp-content\/uploads\/Muniz-em-acao-contra-o-Macae.webp","articleSection":["Flamengo"],"inLanguage":"pt-BR","potentialAction":[{"@type":"CommentAction","name":"Comment","target":["https:\/\/www.gaveanews.com\/index.php\/2021\/06\/30\/saiba-quanto-o-atletico-de-madrid-quer-pagar-ao-flamengo-por-muniz\/#respond"]}],"copyrightYear":"2021","copyrightHolder":{"@id":"https:\/\/www.gaveanews.com\/#organization"}},{"@type":"WebPage","@id":"https:\/\/www.gaveanews.com\/index.php\/2021\/06\/30\/saiba-quanto-o-atletico-de-madrid-quer-pagar-ao-flamengo-por-muniz\/","url":"https:\/\/www.gaveanews.com\/index.php\/2021\/06\/30\/saiba-quanto-o-atletico-de-madrid-quer-pagar-ao-flamengo-por-muniz\/","name":"Saiba quanto o Atl\u00e9tico de Madrid quer pagar ao Flamengo por Muniz","isPartOf":{"@id":"https:\/\/www.gaveanews.com\/#website"},"primaryImageOfPage":{"@id":"https:\/\/www.gaveanews.com\/index.php\/2021\/06\/30\/saiba-quanto-o-atletico-de-madrid-quer-pagar-ao-flamengo-por-muniz\/#primaryimage"},"image":{"@id":"https:\/\/www.gaveanews.com\/index.php\/2021\/06\/30\/saiba-quanto-o-atletico-de-madrid-quer-pagar-ao-flamengo-por-muniz\/#primaryimage"},"thumbnailUrl":"https:\/\/www.gaveanews.com\/wp-content\/uploads\/Muniz-em-acao-contra-o-Macae.webp","datePublished":"2021-07-01T01:05:45+00:00","dateModified":"2021-07-01T01:05:47+00:00","author":{"@id":"https:\/\/www.gaveanews.com\/#\/schema\/person\/2ec14f73fb96be2caf28f91afb14749d"},"breadcrumb":{"@id":"https:\/\/www.gaveanews.com\/index.php\/2021\/06\/30\/saiba-quanto-o-atletico-de-madrid-quer-pagar-ao-flamengo-por-muniz\/#breadcrumb"},"inLanguage":"pt-BR","potentialAction":[{"@type":"ReadAction","target":["https:\/\/www.gaveanews.com\/index.php\/2021\/06\/30\/saiba-quanto-o-atletico-de-madrid-quer-pagar-ao-flamengo-por-muniz\/"]}]},{"@type":"ImageObject","inLanguage":"pt-BR","@id":"https:\/\/www.gaveanews.com\/index.php\/2021\/06\/30\/saiba-quanto-o-atletico-de-madrid-quer-pagar-ao-flamengo-por-muniz\/#primaryimage","url":"https:\/\/www.gaveanews.com\/wp-content\/uploads\/Muniz-em-acao-contra-o-Macae.webp","contentUrl":"https:\/\/www.gaveanews.com\/wp-content\/uploads\/Muniz-em-acao-contra-o-Macae.webp","width":800,"height":533,"caption":"Muniz em a\u00e7\u00e3o contra o Maca\u00e9 (Foto: Marcelo Cortes\/Flamengo)"},{"@type":"BreadcrumbList","@id":"https:\/\/www.gaveanews.com\/index.php\/2021\/06\/30\/saiba-quanto-o-atletico-de-madrid-quer-pagar-ao-flamengo-por-muniz\/#breadcrumb","itemListElement":[{"@type":"ListItem","position":1,"name":"Home","item":"https:\/\/www.gaveanews.com\/"},{"@type":"ListItem","position":2,"name":"Saiba quanto o Atl\u00e9tico de Madrid quer pagar ao Flamengo por Muniz"}]},{"@type":"WebSite","@id":"https:\/\/www.gaveanews.com\/#website","url":"https:\/\/www.gaveanews.com\/","name":"G\u00e1vea News","description":"Veja todas as not\u00edcias sobre o Flamengo: Contrata\u00e7\u00f5es, categorias de base, resultados das partidas, tabela de classifica\u00e7\u00e3o, pr\u00f3ximos jogos!","potentialAction":[{"@type":"SearchAction","target":{"@type":"EntryPoint","urlTemplate":"https:\/\/www.gaveanews.com\/?s={search_term_string}"},"query-input":{"@type":"PropertyValueSpecification","valueRequired":true,"valueName":"search_term_string"}}],"inLanguage":"pt-BR"},{"@type":"Person","@id":"https:\/\/www.gaveanews.com\/#\/schema\/person\/2ec14f73fb96be2caf28f91afb14749d","name":"Equipe G\u00e1vea News","image":{"@type":"ImageObject","inLanguage":"pt-BR","@id":"https:\/\/www.gaveanews.com\/#\/schema\/person\/image\/","url":"https:\/\/secure.gravatar.com\/avatar\/1e1956f1facbffd3f8fa53a326721950116b3b9dc9bd44939c01180fd4a745a9?s=96&d=mm&r=g","contentUrl":"https:\/\/secure.gravatar.com\/avatar\/1e1956f1facbffd3f8fa53a326721950116b3b9dc9bd44939c01180fd4a745a9?s=96&d=mm&r=g","caption":"Equipe G\u00e1vea News"}}]}},"_links":{"self":[{"href":"https:\/\/www.gaveanews.com\/index.php\/wp-json\/wp\/v2\/posts\/63808","targetHints":{"allow":["GET"]}}],"collection":[{"href":"https:\/\/www.gaveanews.com\/index.php\/wp-json\/wp\/v2\/posts"}],"about":[{"href":"https:\/\/www.gaveanews.com\/index.php\/wp-json\/wp\/v2\/types\/post"}],"author":[{"embeddable":true,"href":"https:\/\/www.gaveanews.com\/index.php\/wp-json\/wp\/v2\/users\/1"}],"replies":[{"embeddable":true,"href":"https:\/\/www.gaveanews.com\/index.php\/wp-json\/wp\/v2\/comments?post=63808"}],"version-history":[{"count":0,"href":"https:\/\/www.gaveanews.com\/index.php\/wp-json\/wp\/v2\/posts\/63808\/revisions"}],"wp:featuredmedia":[{"embeddable":true,"href":"https:\/\/www.gaveanews.com\/index.php\/wp-json\/wp\/v2\/media\/57233"}],"wp:attachment":[{"href":"https:\/\/www.gaveanews.com\/index.php\/wp-json\/wp\/v2\/media?parent=63808"}],"wp:term":[{"taxonomy":"category","embeddable":true,"href":"https:\/\/www.gaveanews.com\/index.php\/wp-json\/wp\/v2\/categories?post=63808"},{"taxonomy":"post_tag","embeddable":true,"href":"https:\/\/www.gaveanews.com\/index.php\/wp-json\/wp\/v2\/tags?post=63808"}],"curies":[{"name":"wp","href":"https:\/\/api.w.org\/{rel}","templated":true}]}}