{"id":63819,"date":"2021-07-01T01:00:00","date_gmt":"2021-07-01T04:00:00","guid":{"rendered":"https:\/\/www.gaveanews.com\/?p=63819"},"modified":"2021-06-30T23:08:38","modified_gmt":"2021-07-01T02:08:38","slug":"dirigente-do-flamengo-fala-sobre-as-propostas-por-rodrigo-muniz","status":"publish","type":"post","link":"https:\/\/www.gaveanews.com\/index.php\/2021\/07\/01\/dirigente-do-flamengo-fala-sobre-as-propostas-por-rodrigo-muniz\/","title":{"rendered":"Dirigente do Flamengo fala sobre as propostas por Rodrigo Muniz"},"content":{"rendered":"\n<p>O Flamengo desembarcou em Cuiab\u00e1 na noite desta quarta-feira. Na chegada, o dirigente do Fla, Bruno Spindel, falou com a imprensa sobre Rodrigo Muniz. O diretor do Meng\u00e3o admitiu que chegaram muitas propostas pelo atacante mas afirmou que o Rubro-Negro ir\u00e1 analisar todas as propostas com calma.<\/p>\n\n\n\n<p><strong><em>\u2014 Chegaram v\u00e1rias propostas formais ao Flamengo. Vamos analisar com o atleta e seus agentes para tomarmos decis\u00f5es. Uma transfer\u00eancia ou n\u00e3o dependem da decis\u00e3o em conjunto das partes. Vamos avaliar com calma. De fato, n\u00f3s temos diversas propostas na mesa pelo Muniz. Sempre confiamos nele, desde a base, e est\u00e1 com \u00f3timo desempenho<\/em><\/strong>, disse o dirigente Bruno Spindel.<\/p>\n\n\n\n<p>Na tarde desta quarta, o Atl\u00e9tico de Madrid apresentou uma proposta oficial ao Flamengo para a contrata\u00e7\u00e3o de Rodrigo Muniz. De acordo com o \u201cGlobo Esporte\u201d, o clube espanhol oferece cerca de 5 milh\u00f5es de euros (aproximadamente R$ 30 milh\u00f5es), por 80% dos direitos econ\u00f4micos do centroavante. Mais tarde, foi noticiado pelo \u2018Jornal Extra\u2019, que tanto o Flamengo quanto os empres\u00e1rios de Muniz gostaram da proposta feita pelo Atl\u00e9tico de Madrid.<\/p>\n\n\n\n<p>O Mais Querido volta a campo nesta quinta, \u00e0s 20h, contra o Cuiab\u00e1 fora de casa. O jogo ser\u00e1 v\u00e1lido pela oitava rodada do Campeonato Brasileiro. O Rubro-Negro ocupa a d\u00e9cima posi\u00e7\u00e3o com nove pontos, mas vale lembrar que o Meng\u00e3o possui dois jogos a menos na competi\u00e7\u00e3o.<\/p>\n\n\n\n<p>Retirado de: Di\u00e1rio do Fla<\/p>\n","protected":false},"excerpt":{"rendered":"<p>O Flamengo desembarcou em Cuiab\u00e1 na noite desta quarta-feira. Na chegada, o dirigente do Fla, Bruno Spindel, falou com a imprensa sobre Rodrigo Muniz. O diretor do Meng\u00e3o admitiu que chegaram muitas propostas pelo atacante mas afirmou que o Rubro-Negro ir\u00e1 analisar todas as propostas com calma. \u2014 Chegaram v\u00e1rias propostas formais ao Flamengo. Vamos [&hellip;]<\/p>\n","protected":false},"author":1,"featured_media":63250,"comment_status":"open","ping_status":"closed","sticky":false,"template":"","format":"standard","meta":{"footnotes":""},"categories":[48],"tags":[],"class_list":["post-63819","post","type-post","status-publish","format-standard","has-post-thumbnail","hentry","category-negociacoes"],"yoast_head":"<!-- This site is optimized with the Yoast SEO Premium plugin v24.2 (Yoast SEO v26.9) - https:\/\/yoast.com\/product\/yoast-seo-premium-wordpress\/ -->\n<title>Dirigente do Flamengo fala sobre as propostas por Rodrigo Muniz<\/title>\n<meta name=\"robots\" content=\"index, follow, max-snippet:-1, max-image-preview:large, max-video-preview:-1\" \/>\n<link rel=\"canonical\" href=\"https:\/\/www.gaveanews.com\/index.php\/2021\/07\/01\/dirigente-do-flamengo-fala-sobre-as-propostas-por-rodrigo-muniz\/\" \/>\n<meta property=\"og:locale\" content=\"pt_BR\" \/>\n<meta property=\"og:type\" content=\"article\" \/>\n<meta property=\"og:title\" content=\"Dirigente do Flamengo fala sobre as propostas por Rodrigo Muniz\" \/>\n<meta property=\"og:description\" content=\"O Flamengo desembarcou em Cuiab\u00e1 na noite desta quarta-feira. Na chegada, o dirigente do Fla, Bruno Spindel, falou com a imprensa sobre Rodrigo Muniz. O diretor do Meng\u00e3o admitiu que chegaram muitas propostas pelo atacante mas afirmou que o Rubro-Negro ir\u00e1 analisar todas as propostas com calma. \u2014 Chegaram v\u00e1rias propostas formais ao Flamengo. Vamos [&hellip;]\" \/>\n<meta property=\"og:url\" content=\"https:\/\/www.gaveanews.com\/index.php\/2021\/07\/01\/dirigente-do-flamengo-fala-sobre-as-propostas-por-rodrigo-muniz\/\" \/>\n<meta property=\"og:site_name\" content=\"G\u00e1vea News\" \/>\n<meta property=\"article:publisher\" content=\"https:\/\/facebook.com\/gaveaNews\/\" \/>\n<meta property=\"article:published_time\" content=\"2021-07-01T04:00:00+00:00\" \/>\n<meta property=\"og:image\" content=\"https:\/\/www.gaveanews.com\/wp-content\/uploads\/Muniz-vibra-apos-marcar-seu-segundo-gol-no-jogo-entre-Flamengo-x-Bragantino-no-Campeonato-Brasileiro-de-2021.webp\" \/>\n\t<meta property=\"og:image:width\" content=\"799\" \/>\n\t<meta property=\"og:image:height\" content=\"533\" \/>\n\t<meta property=\"og:image:type\" content=\"image\/jpeg\" \/>\n<meta name=\"author\" content=\"Equipe G\u00e1vea News\" \/>\n<meta name=\"twitter:card\" content=\"summary_large_image\" \/>\n<meta name=\"twitter:label1\" content=\"Escrito por\" \/>\n\t<meta name=\"twitter:data1\" content=\"Equipe G\u00e1vea News\" \/>\n\t<meta name=\"twitter:label2\" content=\"Est. tempo de leitura\" \/>\n\t<meta name=\"twitter:data2\" content=\"2 minutos\" \/>\n<script type=\"application\/ld+json\" class=\"yoast-schema-graph\">{\"@context\":\"https:\/\/schema.org\",\"@graph\":[{\"@type\":\"NewsArticle\",\"@id\":\"https:\/\/www.gaveanews.com\/index.php\/2021\/07\/01\/dirigente-do-flamengo-fala-sobre-as-propostas-por-rodrigo-muniz\/#article\",\"isPartOf\":{\"@id\":\"https:\/\/www.gaveanews.com\/index.php\/2021\/07\/01\/dirigente-do-flamengo-fala-sobre-as-propostas-por-rodrigo-muniz\/\"},\"author\":{\"name\":\"Equipe G\u00e1vea News\",\"@id\":\"https:\/\/www.gaveanews.com\/#\/schema\/person\/2ec14f73fb96be2caf28f91afb14749d\"},\"headline\":\"Dirigente do Flamengo fala sobre as propostas por Rodrigo Muniz\",\"datePublished\":\"2021-07-01T04:00:00+00:00\",\"mainEntityOfPage\":{\"@id\":\"https:\/\/www.gaveanews.com\/index.php\/2021\/07\/01\/dirigente-do-flamengo-fala-sobre-as-propostas-por-rodrigo-muniz\/\"},\"wordCount\":256,\"commentCount\":6,\"image\":{\"@id\":\"https:\/\/www.gaveanews.com\/index.php\/2021\/07\/01\/dirigente-do-flamengo-fala-sobre-as-propostas-por-rodrigo-muniz\/#primaryimage\"},\"thumbnailUrl\":\"https:\/\/www.gaveanews.com\/wp-content\/uploads\/Muniz-vibra-apos-marcar-seu-segundo-gol-no-jogo-entre-Flamengo-x-Bragantino-no-Campeonato-Brasileiro-de-2021.webp\",\"articleSection\":[\"Negocia\u00e7\u00f5es\"],\"inLanguage\":\"pt-BR\",\"potentialAction\":[{\"@type\":\"CommentAction\",\"name\":\"Comment\",\"target\":[\"https:\/\/www.gaveanews.com\/index.php\/2021\/07\/01\/dirigente-do-flamengo-fala-sobre-as-propostas-por-rodrigo-muniz\/#respond\"]}],\"copyrightYear\":\"2021\",\"copyrightHolder\":{\"@id\":\"https:\/\/www.gaveanews.com\/#organization\"}},{\"@type\":\"WebPage\",\"@id\":\"https:\/\/www.gaveanews.com\/index.php\/2021\/07\/01\/dirigente-do-flamengo-fala-sobre-as-propostas-por-rodrigo-muniz\/\",\"url\":\"https:\/\/www.gaveanews.com\/index.php\/2021\/07\/01\/dirigente-do-flamengo-fala-sobre-as-propostas-por-rodrigo-muniz\/\",\"name\":\"Dirigente do Flamengo fala sobre as propostas por Rodrigo Muniz\",\"isPartOf\":{\"@id\":\"https:\/\/www.gaveanews.com\/#website\"},\"primaryImageOfPage\":{\"@id\":\"https:\/\/www.gaveanews.com\/index.php\/2021\/07\/01\/dirigente-do-flamengo-fala-sobre-as-propostas-por-rodrigo-muniz\/#primaryimage\"},\"image\":{\"@id\":\"https:\/\/www.gaveanews.com\/index.php\/2021\/07\/01\/dirigente-do-flamengo-fala-sobre-as-propostas-por-rodrigo-muniz\/#primaryimage\"},\"thumbnailUrl\":\"https:\/\/www.gaveanews.com\/wp-content\/uploads\/Muniz-vibra-apos-marcar-seu-segundo-gol-no-jogo-entre-Flamengo-x-Bragantino-no-Campeonato-Brasileiro-de-2021.webp\",\"datePublished\":\"2021-07-01T04:00:00+00:00\",\"author\":{\"@id\":\"https:\/\/www.gaveanews.com\/#\/schema\/person\/2ec14f73fb96be2caf28f91afb14749d\"},\"breadcrumb\":{\"@id\":\"https:\/\/www.gaveanews.com\/index.php\/2021\/07\/01\/dirigente-do-flamengo-fala-sobre-as-propostas-por-rodrigo-muniz\/#breadcrumb\"},\"inLanguage\":\"pt-BR\",\"potentialAction\":[{\"@type\":\"ReadAction\",\"target\":[\"https:\/\/www.gaveanews.com\/index.php\/2021\/07\/01\/dirigente-do-flamengo-fala-sobre-as-propostas-por-rodrigo-muniz\/\"]}]},{\"@type\":\"ImageObject\",\"inLanguage\":\"pt-BR\",\"@id\":\"https:\/\/www.gaveanews.com\/index.php\/2021\/07\/01\/dirigente-do-flamengo-fala-sobre-as-propostas-por-rodrigo-muniz\/#primaryimage\",\"url\":\"https:\/\/www.gaveanews.com\/wp-content\/uploads\/Muniz-vibra-apos-marcar-seu-segundo-gol-no-jogo-entre-Flamengo-x-Bragantino-no-Campeonato-Brasileiro-de-2021.webp\",\"contentUrl\":\"https:\/\/www.gaveanews.com\/wp-content\/uploads\/Muniz-vibra-apos-marcar-seu-segundo-gol-no-jogo-entre-Flamengo-x-Bragantino-no-Campeonato-Brasileiro-de-2021.webp\",\"width\":799,\"height\":533,\"caption\":\"Muniz vibra ap\u00f3s marcar seu segundo gol no jogo entre Flamengo x Bragantino no Campeonato Brasileiro de 2021 (Foto: Alexandre Vidal\/Flamengo)\"},{\"@type\":\"BreadcrumbList\",\"@id\":\"https:\/\/www.gaveanews.com\/index.php\/2021\/07\/01\/dirigente-do-flamengo-fala-sobre-as-propostas-por-rodrigo-muniz\/#breadcrumb\",\"itemListElement\":[{\"@type\":\"ListItem\",\"position\":1,\"name\":\"Home\",\"item\":\"https:\/\/www.gaveanews.com\/\"},{\"@type\":\"ListItem\",\"position\":2,\"name\":\"Dirigente do Flamengo fala sobre as propostas por Rodrigo Muniz\"}]},{\"@type\":\"WebSite\",\"@id\":\"https:\/\/www.gaveanews.com\/#website\",\"url\":\"https:\/\/www.gaveanews.com\/\",\"name\":\"G\u00e1vea News\",\"description\":\"Veja todas as not\u00edcias sobre o Flamengo: Contrata\u00e7\u00f5es, categorias de base, resultados das partidas, tabela de classifica\u00e7\u00e3o, pr\u00f3ximos jogos!\",\"potentialAction\":[{\"@type\":\"SearchAction\",\"target\":{\"@type\":\"EntryPoint\",\"urlTemplate\":\"https:\/\/www.gaveanews.com\/?s={search_term_string}\"},\"query-input\":{\"@type\":\"PropertyValueSpecification\",\"valueRequired\":true,\"valueName\":\"search_term_string\"}}],\"inLanguage\":\"pt-BR\"},{\"@type\":\"Person\",\"@id\":\"https:\/\/www.gaveanews.com\/#\/schema\/person\/2ec14f73fb96be2caf28f91afb14749d\",\"name\":\"Equipe G\u00e1vea News\",\"image\":{\"@type\":\"ImageObject\",\"inLanguage\":\"pt-BR\",\"@id\":\"https:\/\/www.gaveanews.com\/#\/schema\/person\/image\/\",\"url\":\"https:\/\/secure.gravatar.com\/avatar\/1e1956f1facbffd3f8fa53a326721950116b3b9dc9bd44939c01180fd4a745a9?s=96&d=mm&r=g\",\"contentUrl\":\"https:\/\/secure.gravatar.com\/avatar\/1e1956f1facbffd3f8fa53a326721950116b3b9dc9bd44939c01180fd4a745a9?s=96&d=mm&r=g\",\"caption\":\"Equipe G\u00e1vea News\"}}]}<\/script>\n<!-- \/ Yoast SEO Premium plugin. -->","yoast_head_json":{"title":"Dirigente do Flamengo fala sobre as propostas por Rodrigo Muniz","robots":{"index":"index","follow":"follow","max-snippet":"max-snippet:-1","max-image-preview":"max-image-preview:large","max-video-preview":"max-video-preview:-1"},"canonical":"https:\/\/www.gaveanews.com\/index.php\/2021\/07\/01\/dirigente-do-flamengo-fala-sobre-as-propostas-por-rodrigo-muniz\/","og_locale":"pt_BR","og_type":"article","og_title":"Dirigente do Flamengo fala sobre as propostas por Rodrigo Muniz","og_description":"O Flamengo desembarcou em Cuiab\u00e1 na noite desta quarta-feira. Na chegada, o dirigente do Fla, Bruno Spindel, falou com a imprensa sobre Rodrigo Muniz. O diretor do Meng\u00e3o admitiu que chegaram muitas propostas pelo atacante mas afirmou que o Rubro-Negro ir\u00e1 analisar todas as propostas com calma. \u2014 Chegaram v\u00e1rias propostas formais ao Flamengo. Vamos [&hellip;]","og_url":"https:\/\/www.gaveanews.com\/index.php\/2021\/07\/01\/dirigente-do-flamengo-fala-sobre-as-propostas-por-rodrigo-muniz\/","og_site_name":"G\u00e1vea News","article_publisher":"https:\/\/facebook.com\/gaveaNews\/","article_published_time":"2021-07-01T04:00:00+00:00","og_image":[{"width":799,"height":533,"url":"https:\/\/www.gaveanews.com\/wp-content\/uploads\/Muniz-vibra-apos-marcar-seu-segundo-gol-no-jogo-entre-Flamengo-x-Bragantino-no-Campeonato-Brasileiro-de-2021.webp","type":"image\/jpeg"}],"author":"Equipe G\u00e1vea News","twitter_card":"summary_large_image","twitter_misc":{"Escrito por":"Equipe G\u00e1vea News","Est. tempo de leitura":"2 minutos"},"schema":{"@context":"https:\/\/schema.org","@graph":[{"@type":"NewsArticle","@id":"https:\/\/www.gaveanews.com\/index.php\/2021\/07\/01\/dirigente-do-flamengo-fala-sobre-as-propostas-por-rodrigo-muniz\/#article","isPartOf":{"@id":"https:\/\/www.gaveanews.com\/index.php\/2021\/07\/01\/dirigente-do-flamengo-fala-sobre-as-propostas-por-rodrigo-muniz\/"},"author":{"name":"Equipe G\u00e1vea News","@id":"https:\/\/www.gaveanews.com\/#\/schema\/person\/2ec14f73fb96be2caf28f91afb14749d"},"headline":"Dirigente do Flamengo fala sobre as propostas por Rodrigo Muniz","datePublished":"2021-07-01T04:00:00+00:00","mainEntityOfPage":{"@id":"https:\/\/www.gaveanews.com\/index.php\/2021\/07\/01\/dirigente-do-flamengo-fala-sobre-as-propostas-por-rodrigo-muniz\/"},"wordCount":256,"commentCount":6,"image":{"@id":"https:\/\/www.gaveanews.com\/index.php\/2021\/07\/01\/dirigente-do-flamengo-fala-sobre-as-propostas-por-rodrigo-muniz\/#primaryimage"},"thumbnailUrl":"https:\/\/www.gaveanews.com\/wp-content\/uploads\/Muniz-vibra-apos-marcar-seu-segundo-gol-no-jogo-entre-Flamengo-x-Bragantino-no-Campeonato-Brasileiro-de-2021.webp","articleSection":["Negocia\u00e7\u00f5es"],"inLanguage":"pt-BR","potentialAction":[{"@type":"CommentAction","name":"Comment","target":["https:\/\/www.gaveanews.com\/index.php\/2021\/07\/01\/dirigente-do-flamengo-fala-sobre-as-propostas-por-rodrigo-muniz\/#respond"]}],"copyrightYear":"2021","copyrightHolder":{"@id":"https:\/\/www.gaveanews.com\/#organization"}},{"@type":"WebPage","@id":"https:\/\/www.gaveanews.com\/index.php\/2021\/07\/01\/dirigente-do-flamengo-fala-sobre-as-propostas-por-rodrigo-muniz\/","url":"https:\/\/www.gaveanews.com\/index.php\/2021\/07\/01\/dirigente-do-flamengo-fala-sobre-as-propostas-por-rodrigo-muniz\/","name":"Dirigente do Flamengo fala sobre as propostas por Rodrigo Muniz","isPartOf":{"@id":"https:\/\/www.gaveanews.com\/#website"},"primaryImageOfPage":{"@id":"https:\/\/www.gaveanews.com\/index.php\/2021\/07\/01\/dirigente-do-flamengo-fala-sobre-as-propostas-por-rodrigo-muniz\/#primaryimage"},"image":{"@id":"https:\/\/www.gaveanews.com\/index.php\/2021\/07\/01\/dirigente-do-flamengo-fala-sobre-as-propostas-por-rodrigo-muniz\/#primaryimage"},"thumbnailUrl":"https:\/\/www.gaveanews.com\/wp-content\/uploads\/Muniz-vibra-apos-marcar-seu-segundo-gol-no-jogo-entre-Flamengo-x-Bragantino-no-Campeonato-Brasileiro-de-2021.webp","datePublished":"2021-07-01T04:00:00+00:00","author":{"@id":"https:\/\/www.gaveanews.com\/#\/schema\/person\/2ec14f73fb96be2caf28f91afb14749d"},"breadcrumb":{"@id":"https:\/\/www.gaveanews.com\/index.php\/2021\/07\/01\/dirigente-do-flamengo-fala-sobre-as-propostas-por-rodrigo-muniz\/#breadcrumb"},"inLanguage":"pt-BR","potentialAction":[{"@type":"ReadAction","target":["https:\/\/www.gaveanews.com\/index.php\/2021\/07\/01\/dirigente-do-flamengo-fala-sobre-as-propostas-por-rodrigo-muniz\/"]}]},{"@type":"ImageObject","inLanguage":"pt-BR","@id":"https:\/\/www.gaveanews.com\/index.php\/2021\/07\/01\/dirigente-do-flamengo-fala-sobre-as-propostas-por-rodrigo-muniz\/#primaryimage","url":"https:\/\/www.gaveanews.com\/wp-content\/uploads\/Muniz-vibra-apos-marcar-seu-segundo-gol-no-jogo-entre-Flamengo-x-Bragantino-no-Campeonato-Brasileiro-de-2021.webp","contentUrl":"https:\/\/www.gaveanews.com\/wp-content\/uploads\/Muniz-vibra-apos-marcar-seu-segundo-gol-no-jogo-entre-Flamengo-x-Bragantino-no-Campeonato-Brasileiro-de-2021.webp","width":799,"height":533,"caption":"Muniz vibra ap\u00f3s marcar seu segundo gol no jogo entre Flamengo x Bragantino no Campeonato Brasileiro de 2021 (Foto: Alexandre Vidal\/Flamengo)"},{"@type":"BreadcrumbList","@id":"https:\/\/www.gaveanews.com\/index.php\/2021\/07\/01\/dirigente-do-flamengo-fala-sobre-as-propostas-por-rodrigo-muniz\/#breadcrumb","itemListElement":[{"@type":"ListItem","position":1,"name":"Home","item":"https:\/\/www.gaveanews.com\/"},{"@type":"ListItem","position":2,"name":"Dirigente do Flamengo fala sobre as propostas por Rodrigo Muniz"}]},{"@type":"WebSite","@id":"https:\/\/www.gaveanews.com\/#website","url":"https:\/\/www.gaveanews.com\/","name":"G\u00e1vea News","description":"Veja todas as not\u00edcias sobre o Flamengo: Contrata\u00e7\u00f5es, categorias de base, resultados das partidas, tabela de classifica\u00e7\u00e3o, pr\u00f3ximos jogos!","potentialAction":[{"@type":"SearchAction","target":{"@type":"EntryPoint","urlTemplate":"https:\/\/www.gaveanews.com\/?s={search_term_string}"},"query-input":{"@type":"PropertyValueSpecification","valueRequired":true,"valueName":"search_term_string"}}],"inLanguage":"pt-BR"},{"@type":"Person","@id":"https:\/\/www.gaveanews.com\/#\/schema\/person\/2ec14f73fb96be2caf28f91afb14749d","name":"Equipe G\u00e1vea News","image":{"@type":"ImageObject","inLanguage":"pt-BR","@id":"https:\/\/www.gaveanews.com\/#\/schema\/person\/image\/","url":"https:\/\/secure.gravatar.com\/avatar\/1e1956f1facbffd3f8fa53a326721950116b3b9dc9bd44939c01180fd4a745a9?s=96&d=mm&r=g","contentUrl":"https:\/\/secure.gravatar.com\/avatar\/1e1956f1facbffd3f8fa53a326721950116b3b9dc9bd44939c01180fd4a745a9?s=96&d=mm&r=g","caption":"Equipe G\u00e1vea News"}}]}},"_links":{"self":[{"href":"https:\/\/www.gaveanews.com\/index.php\/wp-json\/wp\/v2\/posts\/63819","targetHints":{"allow":["GET"]}}],"collection":[{"href":"https:\/\/www.gaveanews.com\/index.php\/wp-json\/wp\/v2\/posts"}],"about":[{"href":"https:\/\/www.gaveanews.com\/index.php\/wp-json\/wp\/v2\/types\/post"}],"author":[{"embeddable":true,"href":"https:\/\/www.gaveanews.com\/index.php\/wp-json\/wp\/v2\/users\/1"}],"replies":[{"embeddable":true,"href":"https:\/\/www.gaveanews.com\/index.php\/wp-json\/wp\/v2\/comments?post=63819"}],"version-history":[{"count":0,"href":"https:\/\/www.gaveanews.com\/index.php\/wp-json\/wp\/v2\/posts\/63819\/revisions"}],"wp:featuredmedia":[{"embeddable":true,"href":"https:\/\/www.gaveanews.com\/index.php\/wp-json\/wp\/v2\/media\/63250"}],"wp:attachment":[{"href":"https:\/\/www.gaveanews.com\/index.php\/wp-json\/wp\/v2\/media?parent=63819"}],"wp:term":[{"taxonomy":"category","embeddable":true,"href":"https:\/\/www.gaveanews.com\/index.php\/wp-json\/wp\/v2\/categories?post=63819"},{"taxonomy":"post_tag","embeddable":true,"href":"https:\/\/www.gaveanews.com\/index.php\/wp-json\/wp\/v2\/tags?post=63819"}],"curies":[{"name":"wp","href":"https:\/\/api.w.org\/{rel}","templated":true}]}}