{"id":63821,"date":"2021-07-01T01:30:00","date_gmt":"2021-07-01T04:30:00","guid":{"rendered":"https:\/\/www.gaveanews.com\/?p=63821"},"modified":"2021-06-30T23:08:04","modified_gmt":"2021-07-01T02:08:04","slug":"palmeiras-entra-na-briga-por-volante-desejado-pelo-flamengo","status":"publish","type":"post","link":"https:\/\/www.gaveanews.com\/index.php\/2021\/07\/01\/palmeiras-entra-na-briga-por-volante-desejado-pelo-flamengo\/","title":{"rendered":"Palmeiras entra na briga por volante desejado pelo Flamengo"},"content":{"rendered":"\n<p>Matheus Fernandes est\u00e1 de sa\u00edda do Barcelona e, al\u00e9m do Flamengo, tem outro clube brasileiro que tamb\u00e9m j\u00e1 est\u00e1 interessado na contrata\u00e7\u00e3o do jogador. De acordo com informa\u00e7\u00e3o do \u201cGlobo Esporte\u201d, o Palmeiras chegou forte na briga para ter o volante. Vale lembrar que o jogador jogou com a camisa alviverde nas temporadas de 2019 e 2020.<\/p>\n\n\n\n<p>O clube espanhol anunciou que vai rescindir o contrato com o jogador. O Palmeiras monitora a situa\u00e7\u00e3o do volante e analisa uma poss\u00edvel oferta. Matheus Fernandes ainda avalia se ir\u00e1 continuar na Europa ou voltar\u00e1 para o futebol brasileiro.<\/p>\n\n\n\n<p>O Flamengo continua monitorando o mercado atentamente. A diretoria aguarda a defini\u00e7\u00e3o de Renato Augusto na China e negocia com Thiago Mendes e Kennedy. Matheus Fernandes foi cogitado no Meng\u00e3o e a diretoria rubro-negra chegou a abrir conversas com o jogador. Ceni pediu a contrata\u00e7\u00e3o de Matheus Fernandes.<\/p>\n\n\n\n<p>Matheus Fernandes completou 23 anos nesta quarta-feira (30\/06) e teve passagens por Botafogo, Palmeiras e estava pertencendo ao Barcelona. Foi emprestado pela equipe espanhola no ano passado ao Real Valladolid. O volante \u00e9 jovem, alto e teve uma boa experi\u00eancia pela Europa. Poderia ser uma op\u00e7\u00e3o para os times do futebol brasileiro.<\/p>\n\n\n\n<p>Retirado de: Di\u00e1rio do Fla<\/p>\n","protected":false},"excerpt":{"rendered":"<p>Matheus Fernandes est\u00e1 de sa\u00edda do Barcelona e, al\u00e9m do Flamengo, tem outro clube brasileiro que tamb\u00e9m j\u00e1 est\u00e1 interessado na contrata\u00e7\u00e3o do jogador. De acordo com informa\u00e7\u00e3o do \u201cGlobo Esporte\u201d, o Palmeiras chegou forte na briga para ter o volante. Vale lembrar que o jogador jogou com a camisa alviverde nas temporadas de 2019 [&hellip;]<\/p>\n","protected":false},"author":1,"featured_media":63785,"comment_status":"open","ping_status":"closed","sticky":false,"template":"","format":"standard","meta":{"footnotes":""},"categories":[48],"tags":[],"class_list":["post-63821","post","type-post","status-publish","format-standard","has-post-thumbnail","hentry","category-negociacoes"],"yoast_head":"<!-- This site is optimized with the Yoast SEO Premium plugin v24.2 (Yoast SEO v26.9) - https:\/\/yoast.com\/product\/yoast-seo-premium-wordpress\/ -->\n<title>Palmeiras entra na briga por volante desejado pelo Flamengo<\/title>\n<meta name=\"robots\" content=\"index, follow, max-snippet:-1, max-image-preview:large, max-video-preview:-1\" \/>\n<link rel=\"canonical\" href=\"https:\/\/www.gaveanews.com\/index.php\/2021\/07\/01\/palmeiras-entra-na-briga-por-volante-desejado-pelo-flamengo\/\" \/>\n<meta property=\"og:locale\" content=\"pt_BR\" \/>\n<meta property=\"og:type\" content=\"article\" \/>\n<meta property=\"og:title\" content=\"Palmeiras entra na briga por volante desejado pelo Flamengo\" \/>\n<meta property=\"og:description\" content=\"Matheus Fernandes est\u00e1 de sa\u00edda do Barcelona e, al\u00e9m do Flamengo, tem outro clube brasileiro que tamb\u00e9m j\u00e1 est\u00e1 interessado na contrata\u00e7\u00e3o do jogador. De acordo com informa\u00e7\u00e3o do \u201cGlobo Esporte\u201d, o Palmeiras chegou forte na briga para ter o volante. Vale lembrar que o jogador jogou com a camisa alviverde nas temporadas de 2019 [&hellip;]\" \/>\n<meta property=\"og:url\" content=\"https:\/\/www.gaveanews.com\/index.php\/2021\/07\/01\/palmeiras-entra-na-briga-por-volante-desejado-pelo-flamengo\/\" \/>\n<meta property=\"og:site_name\" content=\"G\u00e1vea News\" \/>\n<meta property=\"article:publisher\" content=\"https:\/\/facebook.com\/gaveaNews\/\" \/>\n<meta property=\"article:published_time\" content=\"2021-07-01T04:30:00+00:00\" \/>\n<meta property=\"og:image\" content=\"https:\/\/www.gaveanews.com\/wp-content\/uploads\/Matheus-Fernandes-em-treinamento-do-Barcelona.webp\" \/>\n\t<meta property=\"og:image:width\" content=\"846\" \/>\n\t<meta property=\"og:image:height\" content=\"529\" \/>\n\t<meta property=\"og:image:type\" content=\"image\/jpeg\" \/>\n<meta name=\"author\" content=\"Equipe G\u00e1vea News\" \/>\n<meta name=\"twitter:card\" content=\"summary_large_image\" \/>\n<meta name=\"twitter:label1\" content=\"Escrito por\" \/>\n\t<meta name=\"twitter:data1\" content=\"Equipe G\u00e1vea News\" \/>\n\t<meta name=\"twitter:label2\" content=\"Est. tempo de leitura\" \/>\n\t<meta name=\"twitter:data2\" content=\"1 minuto\" \/>\n<script type=\"application\/ld+json\" class=\"yoast-schema-graph\">{\"@context\":\"https:\/\/schema.org\",\"@graph\":[{\"@type\":\"NewsArticle\",\"@id\":\"https:\/\/www.gaveanews.com\/index.php\/2021\/07\/01\/palmeiras-entra-na-briga-por-volante-desejado-pelo-flamengo\/#article\",\"isPartOf\":{\"@id\":\"https:\/\/www.gaveanews.com\/index.php\/2021\/07\/01\/palmeiras-entra-na-briga-por-volante-desejado-pelo-flamengo\/\"},\"author\":{\"name\":\"Equipe G\u00e1vea News\",\"@id\":\"https:\/\/www.gaveanews.com\/#\/schema\/person\/2ec14f73fb96be2caf28f91afb14749d\"},\"headline\":\"Palmeiras entra na briga por volante desejado pelo Flamengo\",\"datePublished\":\"2021-07-01T04:30:00+00:00\",\"mainEntityOfPage\":{\"@id\":\"https:\/\/www.gaveanews.com\/index.php\/2021\/07\/01\/palmeiras-entra-na-briga-por-volante-desejado-pelo-flamengo\/\"},\"wordCount\":218,\"commentCount\":7,\"image\":{\"@id\":\"https:\/\/www.gaveanews.com\/index.php\/2021\/07\/01\/palmeiras-entra-na-briga-por-volante-desejado-pelo-flamengo\/#primaryimage\"},\"thumbnailUrl\":\"https:\/\/www.gaveanews.com\/wp-content\/uploads\/Matheus-Fernandes-em-treinamento-do-Barcelona.webp\",\"articleSection\":[\"Negocia\u00e7\u00f5es\"],\"inLanguage\":\"pt-BR\",\"potentialAction\":[{\"@type\":\"CommentAction\",\"name\":\"Comment\",\"target\":[\"https:\/\/www.gaveanews.com\/index.php\/2021\/07\/01\/palmeiras-entra-na-briga-por-volante-desejado-pelo-flamengo\/#respond\"]}],\"copyrightYear\":\"2021\",\"copyrightHolder\":{\"@id\":\"https:\/\/www.gaveanews.com\/#organization\"}},{\"@type\":\"WebPage\",\"@id\":\"https:\/\/www.gaveanews.com\/index.php\/2021\/07\/01\/palmeiras-entra-na-briga-por-volante-desejado-pelo-flamengo\/\",\"url\":\"https:\/\/www.gaveanews.com\/index.php\/2021\/07\/01\/palmeiras-entra-na-briga-por-volante-desejado-pelo-flamengo\/\",\"name\":\"Palmeiras entra na briga por volante desejado pelo Flamengo\",\"isPartOf\":{\"@id\":\"https:\/\/www.gaveanews.com\/#website\"},\"primaryImageOfPage\":{\"@id\":\"https:\/\/www.gaveanews.com\/index.php\/2021\/07\/01\/palmeiras-entra-na-briga-por-volante-desejado-pelo-flamengo\/#primaryimage\"},\"image\":{\"@id\":\"https:\/\/www.gaveanews.com\/index.php\/2021\/07\/01\/palmeiras-entra-na-briga-por-volante-desejado-pelo-flamengo\/#primaryimage\"},\"thumbnailUrl\":\"https:\/\/www.gaveanews.com\/wp-content\/uploads\/Matheus-Fernandes-em-treinamento-do-Barcelona.webp\",\"datePublished\":\"2021-07-01T04:30:00+00:00\",\"author\":{\"@id\":\"https:\/\/www.gaveanews.com\/#\/schema\/person\/2ec14f73fb96be2caf28f91afb14749d\"},\"breadcrumb\":{\"@id\":\"https:\/\/www.gaveanews.com\/index.php\/2021\/07\/01\/palmeiras-entra-na-briga-por-volante-desejado-pelo-flamengo\/#breadcrumb\"},\"inLanguage\":\"pt-BR\",\"potentialAction\":[{\"@type\":\"ReadAction\",\"target\":[\"https:\/\/www.gaveanews.com\/index.php\/2021\/07\/01\/palmeiras-entra-na-briga-por-volante-desejado-pelo-flamengo\/\"]}]},{\"@type\":\"ImageObject\",\"inLanguage\":\"pt-BR\",\"@id\":\"https:\/\/www.gaveanews.com\/index.php\/2021\/07\/01\/palmeiras-entra-na-briga-por-volante-desejado-pelo-flamengo\/#primaryimage\",\"url\":\"https:\/\/www.gaveanews.com\/wp-content\/uploads\/Matheus-Fernandes-em-treinamento-do-Barcelona.webp\",\"contentUrl\":\"https:\/\/www.gaveanews.com\/wp-content\/uploads\/Matheus-Fernandes-em-treinamento-do-Barcelona.webp\",\"width\":846,\"height\":529,\"caption\":\"Matheus Fernandes em treinamento do Barcelona (Foto: Miguel Ruiz\/Barcelona)\"},{\"@type\":\"BreadcrumbList\",\"@id\":\"https:\/\/www.gaveanews.com\/index.php\/2021\/07\/01\/palmeiras-entra-na-briga-por-volante-desejado-pelo-flamengo\/#breadcrumb\",\"itemListElement\":[{\"@type\":\"ListItem\",\"position\":1,\"name\":\"Home\",\"item\":\"https:\/\/www.gaveanews.com\/\"},{\"@type\":\"ListItem\",\"position\":2,\"name\":\"Palmeiras entra na briga por volante desejado pelo Flamengo\"}]},{\"@type\":\"WebSite\",\"@id\":\"https:\/\/www.gaveanews.com\/#website\",\"url\":\"https:\/\/www.gaveanews.com\/\",\"name\":\"G\u00e1vea News\",\"description\":\"Veja todas as not\u00edcias sobre o Flamengo: Contrata\u00e7\u00f5es, categorias de base, resultados das partidas, tabela de classifica\u00e7\u00e3o, pr\u00f3ximos jogos!\",\"potentialAction\":[{\"@type\":\"SearchAction\",\"target\":{\"@type\":\"EntryPoint\",\"urlTemplate\":\"https:\/\/www.gaveanews.com\/?s={search_term_string}\"},\"query-input\":{\"@type\":\"PropertyValueSpecification\",\"valueRequired\":true,\"valueName\":\"search_term_string\"}}],\"inLanguage\":\"pt-BR\"},{\"@type\":\"Person\",\"@id\":\"https:\/\/www.gaveanews.com\/#\/schema\/person\/2ec14f73fb96be2caf28f91afb14749d\",\"name\":\"Equipe G\u00e1vea News\",\"image\":{\"@type\":\"ImageObject\",\"inLanguage\":\"pt-BR\",\"@id\":\"https:\/\/www.gaveanews.com\/#\/schema\/person\/image\/\",\"url\":\"https:\/\/secure.gravatar.com\/avatar\/1e1956f1facbffd3f8fa53a326721950116b3b9dc9bd44939c01180fd4a745a9?s=96&d=mm&r=g\",\"contentUrl\":\"https:\/\/secure.gravatar.com\/avatar\/1e1956f1facbffd3f8fa53a326721950116b3b9dc9bd44939c01180fd4a745a9?s=96&d=mm&r=g\",\"caption\":\"Equipe G\u00e1vea News\"}}]}<\/script>\n<!-- \/ Yoast SEO Premium plugin. -->","yoast_head_json":{"title":"Palmeiras entra na briga por volante desejado pelo Flamengo","robots":{"index":"index","follow":"follow","max-snippet":"max-snippet:-1","max-image-preview":"max-image-preview:large","max-video-preview":"max-video-preview:-1"},"canonical":"https:\/\/www.gaveanews.com\/index.php\/2021\/07\/01\/palmeiras-entra-na-briga-por-volante-desejado-pelo-flamengo\/","og_locale":"pt_BR","og_type":"article","og_title":"Palmeiras entra na briga por volante desejado pelo Flamengo","og_description":"Matheus Fernandes est\u00e1 de sa\u00edda do Barcelona e, al\u00e9m do Flamengo, tem outro clube brasileiro que tamb\u00e9m j\u00e1 est\u00e1 interessado na contrata\u00e7\u00e3o do jogador. De acordo com informa\u00e7\u00e3o do \u201cGlobo Esporte\u201d, o Palmeiras chegou forte na briga para ter o volante. Vale lembrar que o jogador jogou com a camisa alviverde nas temporadas de 2019 [&hellip;]","og_url":"https:\/\/www.gaveanews.com\/index.php\/2021\/07\/01\/palmeiras-entra-na-briga-por-volante-desejado-pelo-flamengo\/","og_site_name":"G\u00e1vea News","article_publisher":"https:\/\/facebook.com\/gaveaNews\/","article_published_time":"2021-07-01T04:30:00+00:00","og_image":[{"width":846,"height":529,"url":"https:\/\/www.gaveanews.com\/wp-content\/uploads\/Matheus-Fernandes-em-treinamento-do-Barcelona.webp","type":"image\/jpeg"}],"author":"Equipe G\u00e1vea News","twitter_card":"summary_large_image","twitter_misc":{"Escrito por":"Equipe G\u00e1vea News","Est. tempo de leitura":"1 minuto"},"schema":{"@context":"https:\/\/schema.org","@graph":[{"@type":"NewsArticle","@id":"https:\/\/www.gaveanews.com\/index.php\/2021\/07\/01\/palmeiras-entra-na-briga-por-volante-desejado-pelo-flamengo\/#article","isPartOf":{"@id":"https:\/\/www.gaveanews.com\/index.php\/2021\/07\/01\/palmeiras-entra-na-briga-por-volante-desejado-pelo-flamengo\/"},"author":{"name":"Equipe G\u00e1vea News","@id":"https:\/\/www.gaveanews.com\/#\/schema\/person\/2ec14f73fb96be2caf28f91afb14749d"},"headline":"Palmeiras entra na briga por volante desejado pelo Flamengo","datePublished":"2021-07-01T04:30:00+00:00","mainEntityOfPage":{"@id":"https:\/\/www.gaveanews.com\/index.php\/2021\/07\/01\/palmeiras-entra-na-briga-por-volante-desejado-pelo-flamengo\/"},"wordCount":218,"commentCount":7,"image":{"@id":"https:\/\/www.gaveanews.com\/index.php\/2021\/07\/01\/palmeiras-entra-na-briga-por-volante-desejado-pelo-flamengo\/#primaryimage"},"thumbnailUrl":"https:\/\/www.gaveanews.com\/wp-content\/uploads\/Matheus-Fernandes-em-treinamento-do-Barcelona.webp","articleSection":["Negocia\u00e7\u00f5es"],"inLanguage":"pt-BR","potentialAction":[{"@type":"CommentAction","name":"Comment","target":["https:\/\/www.gaveanews.com\/index.php\/2021\/07\/01\/palmeiras-entra-na-briga-por-volante-desejado-pelo-flamengo\/#respond"]}],"copyrightYear":"2021","copyrightHolder":{"@id":"https:\/\/www.gaveanews.com\/#organization"}},{"@type":"WebPage","@id":"https:\/\/www.gaveanews.com\/index.php\/2021\/07\/01\/palmeiras-entra-na-briga-por-volante-desejado-pelo-flamengo\/","url":"https:\/\/www.gaveanews.com\/index.php\/2021\/07\/01\/palmeiras-entra-na-briga-por-volante-desejado-pelo-flamengo\/","name":"Palmeiras entra na briga por volante desejado pelo Flamengo","isPartOf":{"@id":"https:\/\/www.gaveanews.com\/#website"},"primaryImageOfPage":{"@id":"https:\/\/www.gaveanews.com\/index.php\/2021\/07\/01\/palmeiras-entra-na-briga-por-volante-desejado-pelo-flamengo\/#primaryimage"},"image":{"@id":"https:\/\/www.gaveanews.com\/index.php\/2021\/07\/01\/palmeiras-entra-na-briga-por-volante-desejado-pelo-flamengo\/#primaryimage"},"thumbnailUrl":"https:\/\/www.gaveanews.com\/wp-content\/uploads\/Matheus-Fernandes-em-treinamento-do-Barcelona.webp","datePublished":"2021-07-01T04:30:00+00:00","author":{"@id":"https:\/\/www.gaveanews.com\/#\/schema\/person\/2ec14f73fb96be2caf28f91afb14749d"},"breadcrumb":{"@id":"https:\/\/www.gaveanews.com\/index.php\/2021\/07\/01\/palmeiras-entra-na-briga-por-volante-desejado-pelo-flamengo\/#breadcrumb"},"inLanguage":"pt-BR","potentialAction":[{"@type":"ReadAction","target":["https:\/\/www.gaveanews.com\/index.php\/2021\/07\/01\/palmeiras-entra-na-briga-por-volante-desejado-pelo-flamengo\/"]}]},{"@type":"ImageObject","inLanguage":"pt-BR","@id":"https:\/\/www.gaveanews.com\/index.php\/2021\/07\/01\/palmeiras-entra-na-briga-por-volante-desejado-pelo-flamengo\/#primaryimage","url":"https:\/\/www.gaveanews.com\/wp-content\/uploads\/Matheus-Fernandes-em-treinamento-do-Barcelona.webp","contentUrl":"https:\/\/www.gaveanews.com\/wp-content\/uploads\/Matheus-Fernandes-em-treinamento-do-Barcelona.webp","width":846,"height":529,"caption":"Matheus Fernandes em treinamento do Barcelona (Foto: Miguel Ruiz\/Barcelona)"},{"@type":"BreadcrumbList","@id":"https:\/\/www.gaveanews.com\/index.php\/2021\/07\/01\/palmeiras-entra-na-briga-por-volante-desejado-pelo-flamengo\/#breadcrumb","itemListElement":[{"@type":"ListItem","position":1,"name":"Home","item":"https:\/\/www.gaveanews.com\/"},{"@type":"ListItem","position":2,"name":"Palmeiras entra na briga por volante desejado pelo Flamengo"}]},{"@type":"WebSite","@id":"https:\/\/www.gaveanews.com\/#website","url":"https:\/\/www.gaveanews.com\/","name":"G\u00e1vea News","description":"Veja todas as not\u00edcias sobre o Flamengo: Contrata\u00e7\u00f5es, categorias de base, resultados das partidas, tabela de classifica\u00e7\u00e3o, pr\u00f3ximos jogos!","potentialAction":[{"@type":"SearchAction","target":{"@type":"EntryPoint","urlTemplate":"https:\/\/www.gaveanews.com\/?s={search_term_string}"},"query-input":{"@type":"PropertyValueSpecification","valueRequired":true,"valueName":"search_term_string"}}],"inLanguage":"pt-BR"},{"@type":"Person","@id":"https:\/\/www.gaveanews.com\/#\/schema\/person\/2ec14f73fb96be2caf28f91afb14749d","name":"Equipe G\u00e1vea News","image":{"@type":"ImageObject","inLanguage":"pt-BR","@id":"https:\/\/www.gaveanews.com\/#\/schema\/person\/image\/","url":"https:\/\/secure.gravatar.com\/avatar\/1e1956f1facbffd3f8fa53a326721950116b3b9dc9bd44939c01180fd4a745a9?s=96&d=mm&r=g","contentUrl":"https:\/\/secure.gravatar.com\/avatar\/1e1956f1facbffd3f8fa53a326721950116b3b9dc9bd44939c01180fd4a745a9?s=96&d=mm&r=g","caption":"Equipe G\u00e1vea News"}}]}},"_links":{"self":[{"href":"https:\/\/www.gaveanews.com\/index.php\/wp-json\/wp\/v2\/posts\/63821","targetHints":{"allow":["GET"]}}],"collection":[{"href":"https:\/\/www.gaveanews.com\/index.php\/wp-json\/wp\/v2\/posts"}],"about":[{"href":"https:\/\/www.gaveanews.com\/index.php\/wp-json\/wp\/v2\/types\/post"}],"author":[{"embeddable":true,"href":"https:\/\/www.gaveanews.com\/index.php\/wp-json\/wp\/v2\/users\/1"}],"replies":[{"embeddable":true,"href":"https:\/\/www.gaveanews.com\/index.php\/wp-json\/wp\/v2\/comments?post=63821"}],"version-history":[{"count":0,"href":"https:\/\/www.gaveanews.com\/index.php\/wp-json\/wp\/v2\/posts\/63821\/revisions"}],"wp:featuredmedia":[{"embeddable":true,"href":"https:\/\/www.gaveanews.com\/index.php\/wp-json\/wp\/v2\/media\/63785"}],"wp:attachment":[{"href":"https:\/\/www.gaveanews.com\/index.php\/wp-json\/wp\/v2\/media?parent=63821"}],"wp:term":[{"taxonomy":"category","embeddable":true,"href":"https:\/\/www.gaveanews.com\/index.php\/wp-json\/wp\/v2\/categories?post=63821"},{"taxonomy":"post_tag","embeddable":true,"href":"https:\/\/www.gaveanews.com\/index.php\/wp-json\/wp\/v2\/tags?post=63821"}],"curies":[{"name":"wp","href":"https:\/\/api.w.org\/{rel}","templated":true}]}}