{"id":63832,"date":"2021-07-01T13:18:03","date_gmt":"2021-07-01T16:18:03","guid":{"rendered":"https:\/\/www.gaveanews.com\/?p=63832"},"modified":"2021-07-01T13:18:29","modified_gmt":"2021-07-01T16:18:29","slug":"flamengo-tera-julho-decisivo-em-tres-competicoes","status":"publish","type":"post","link":"https:\/\/www.gaveanews.com\/index.php\/2021\/07\/01\/flamengo-tera-julho-decisivo-em-tres-competicoes\/","title":{"rendered":"Flamengo ter\u00e1 julho decisivo em tr\u00eas competi\u00e7\u00f5es"},"content":{"rendered":"\n<p>O Flamengo ter\u00e1 julho agitado com bastante jogos em tr\u00eas competi\u00e7\u00f5es. Ser\u00e3o nove partidas entre Campeonato Brasileiro, Copa do Brasil e Libertadores. O primeiro compromisso do Rubro-Negro j\u00e1 ser\u00e1 nesta quinta-feira \u00e0s 20h contra o Cuiab\u00e1 pelo Brasileir\u00e3o<\/p>\n\n\n\n<p><strong>Lista de jogos:<\/strong><\/p>\n\n\n\n<ul class=\"wp-block-list\"><li>01\/07 \u2013 20h \u2013 Cuiab\u00e1 x Flamengo (Campeonato Brasileiro)<\/li><li>04\/07 \u2013 16h \u2013 Flamengo x Fluminense (Campeonato Brasileiro)<\/li><li>07\/07 \u2013 19h \u2013 Atl\u00e9tico-MG x Flamengo (Campeonato Brasileiro)<\/li><li>11\/07 \u2013 18h15 \u2013 Flamengo x Chapecoense (Campeonato Brasileiro)<\/li><li>14\/07 \u2013 21h30 \u2013 Defensa y Justicia x Flamengo (Libertadores)<\/li><li>18\/07 \u2013 18h15 \u2013 Bahia x Flamengo (Campeonato Brasileiro)<\/li><li>21\/07 \u2013 21h30 \u2013 Flamengo x Defensa y Justicia (Libertadores)<\/li><li>25\/07 \u2013 16h \u2013 Flamengo x S\u00e3o Paulo (Campeonato Brasileiro)<\/li><li>*28\/07 \u2013 Flamengo x ABC (Copa do Brasil) \u2013&nbsp;<strong>A confirmar data e hor\u00e1rio<\/strong><\/li><\/ul>\n\n\n\n<p><strong>Ex-Fla fundou o pr\u00f3ximo advers\u00e1rio do Rubro-Negro<\/strong><\/p>\n\n\n\n<p>O Flamengo vai \u00e0 capital do Mato Grosso nesta quinta-feira enfrentar o Cuiab\u00e1 na Arena Pantanal \u00e0s 20h em jogo v\u00e1lido pela oitava rodada do Campeonato Brasileiro.\u00a0A partida ser\u00e1 a primeira da hist\u00f3ria\u00a0do bicampe\u00e3o brasileiro contra o emergente clube do Centro-Oeste. O Fla visitar\u00e1 o est\u00e1dio pela quinta vez.<\/p>\n\n\n\n<p>Para esse jogo, por\u00e9m, os dois clubes t\u00eam uma coisa em comum: Luiz Carlos T\u00f3ffoli. Ele, segundo o portal\u00a0<em>UOL<\/em>, jogou pelo Flamengo em 1988 e fundou o Cuiab\u00e1 em 2001. \u00c0 \u00e9poca, T\u00f3ffoli era conhecido como Ga\u00facho. Pelo Rubro-Negro, ele foi campe\u00e3o da Copa do Brasil (1990), do Carioca (1991) e do Brasileir\u00e3o (1992).<\/p>\n\n\n\n<p>Retirado de: Di\u00e1rio do Fla<\/p>\n","protected":false},"excerpt":{"rendered":"<p>O Flamengo ter\u00e1 julho agitado com bastante jogos em tr\u00eas competi\u00e7\u00f5es. Ser\u00e3o nove partidas entre Campeonato Brasileiro, Copa do Brasil e Libertadores. O primeiro compromisso do Rubro-Negro j\u00e1 ser\u00e1 nesta quinta-feira \u00e0s 20h contra o Cuiab\u00e1 pelo Brasileir\u00e3o Lista de jogos: 01\/07 \u2013 20h \u2013 Cuiab\u00e1 x Flamengo (Campeonato Brasileiro) 04\/07 \u2013 16h \u2013 Flamengo [&hellip;]<\/p>\n","protected":false},"author":1,"featured_media":60166,"comment_status":"open","ping_status":"","sticky":false,"template":"","format":"standard","meta":{"footnotes":""},"categories":[1],"tags":[],"class_list":["post-63832","post","type-post","status-publish","format-standard","has-post-thumbnail","hentry","category-flamengo"],"yoast_head":"<!-- This site is optimized with the Yoast SEO Premium plugin v24.2 (Yoast SEO v26.9) - https:\/\/yoast.com\/product\/yoast-seo-premium-wordpress\/ -->\n<title>Flamengo ter\u00e1 julho decisivo em tr\u00eas competi\u00e7\u00f5es<\/title>\n<meta name=\"robots\" content=\"index, follow, max-snippet:-1, max-image-preview:large, max-video-preview:-1\" \/>\n<link rel=\"canonical\" href=\"https:\/\/www.gaveanews.com\/index.php\/2021\/07\/01\/flamengo-tera-julho-decisivo-em-tres-competicoes\/\" \/>\n<meta property=\"og:locale\" content=\"pt_BR\" \/>\n<meta property=\"og:type\" content=\"article\" \/>\n<meta property=\"og:title\" content=\"Flamengo ter\u00e1 julho decisivo em tr\u00eas competi\u00e7\u00f5es\" \/>\n<meta property=\"og:description\" content=\"O Flamengo ter\u00e1 julho agitado com bastante jogos em tr\u00eas competi\u00e7\u00f5es. Ser\u00e3o nove partidas entre Campeonato Brasileiro, Copa do Brasil e Libertadores. O primeiro compromisso do Rubro-Negro j\u00e1 ser\u00e1 nesta quinta-feira \u00e0s 20h contra o Cuiab\u00e1 pelo Brasileir\u00e3o Lista de jogos: 01\/07 \u2013 20h \u2013 Cuiab\u00e1 x Flamengo (Campeonato Brasileiro) 04\/07 \u2013 16h \u2013 Flamengo [&hellip;]\" \/>\n<meta property=\"og:url\" content=\"https:\/\/www.gaveanews.com\/index.php\/2021\/07\/01\/flamengo-tera-julho-decisivo-em-tres-competicoes\/\" \/>\n<meta property=\"og:site_name\" content=\"G\u00e1vea News\" \/>\n<meta property=\"article:publisher\" content=\"https:\/\/facebook.com\/gaveaNews\/\" \/>\n<meta property=\"article:published_time\" content=\"2021-07-01T16:18:03+00:00\" \/>\n<meta property=\"article:modified_time\" content=\"2021-07-01T16:18:29+00:00\" \/>\n<meta property=\"og:image\" content=\"https:\/\/www.gaveanews.com\/wp-content\/uploads\/Jogadores-se-reunindo-antes-de-jogo-do-Flamengo.webp\" \/>\n\t<meta property=\"og:image:width\" content=\"799\" \/>\n\t<meta property=\"og:image:height\" content=\"533\" \/>\n\t<meta property=\"og:image:type\" content=\"image\/jpeg\" \/>\n<meta name=\"author\" content=\"Equipe G\u00e1vea News\" \/>\n<meta name=\"twitter:card\" content=\"summary_large_image\" \/>\n<meta name=\"twitter:label1\" content=\"Escrito por\" \/>\n\t<meta name=\"twitter:data1\" content=\"Equipe G\u00e1vea News\" \/>\n\t<meta name=\"twitter:label2\" content=\"Est. tempo de leitura\" \/>\n\t<meta name=\"twitter:data2\" content=\"1 minuto\" \/>\n<script type=\"application\/ld+json\" class=\"yoast-schema-graph\">{\"@context\":\"https:\/\/schema.org\",\"@graph\":[{\"@type\":\"NewsArticle\",\"@id\":\"https:\/\/www.gaveanews.com\/index.php\/2021\/07\/01\/flamengo-tera-julho-decisivo-em-tres-competicoes\/#article\",\"isPartOf\":{\"@id\":\"https:\/\/www.gaveanews.com\/index.php\/2021\/07\/01\/flamengo-tera-julho-decisivo-em-tres-competicoes\/\"},\"author\":{\"name\":\"Equipe G\u00e1vea News\",\"@id\":\"https:\/\/www.gaveanews.com\/#\/schema\/person\/2ec14f73fb96be2caf28f91afb14749d\"},\"headline\":\"Flamengo ter\u00e1 julho decisivo em tr\u00eas competi\u00e7\u00f5es\",\"datePublished\":\"2021-07-01T16:18:03+00:00\",\"dateModified\":\"2021-07-01T16:18:29+00:00\",\"mainEntityOfPage\":{\"@id\":\"https:\/\/www.gaveanews.com\/index.php\/2021\/07\/01\/flamengo-tera-julho-decisivo-em-tres-competicoes\/\"},\"wordCount\":245,\"commentCount\":0,\"image\":{\"@id\":\"https:\/\/www.gaveanews.com\/index.php\/2021\/07\/01\/flamengo-tera-julho-decisivo-em-tres-competicoes\/#primaryimage\"},\"thumbnailUrl\":\"https:\/\/www.gaveanews.com\/wp-content\/uploads\/Jogadores-se-reunindo-antes-de-jogo-do-Flamengo.webp\",\"articleSection\":[\"Flamengo\"],\"inLanguage\":\"pt-BR\",\"potentialAction\":[{\"@type\":\"CommentAction\",\"name\":\"Comment\",\"target\":[\"https:\/\/www.gaveanews.com\/index.php\/2021\/07\/01\/flamengo-tera-julho-decisivo-em-tres-competicoes\/#respond\"]}],\"copyrightYear\":\"2021\",\"copyrightHolder\":{\"@id\":\"https:\/\/www.gaveanews.com\/#organization\"}},{\"@type\":\"WebPage\",\"@id\":\"https:\/\/www.gaveanews.com\/index.php\/2021\/07\/01\/flamengo-tera-julho-decisivo-em-tres-competicoes\/\",\"url\":\"https:\/\/www.gaveanews.com\/index.php\/2021\/07\/01\/flamengo-tera-julho-decisivo-em-tres-competicoes\/\",\"name\":\"Flamengo ter\u00e1 julho decisivo em tr\u00eas competi\u00e7\u00f5es\",\"isPartOf\":{\"@id\":\"https:\/\/www.gaveanews.com\/#website\"},\"primaryImageOfPage\":{\"@id\":\"https:\/\/www.gaveanews.com\/index.php\/2021\/07\/01\/flamengo-tera-julho-decisivo-em-tres-competicoes\/#primaryimage\"},\"image\":{\"@id\":\"https:\/\/www.gaveanews.com\/index.php\/2021\/07\/01\/flamengo-tera-julho-decisivo-em-tres-competicoes\/#primaryimage\"},\"thumbnailUrl\":\"https:\/\/www.gaveanews.com\/wp-content\/uploads\/Jogadores-se-reunindo-antes-de-jogo-do-Flamengo.webp\",\"datePublished\":\"2021-07-01T16:18:03+00:00\",\"dateModified\":\"2021-07-01T16:18:29+00:00\",\"author\":{\"@id\":\"https:\/\/www.gaveanews.com\/#\/schema\/person\/2ec14f73fb96be2caf28f91afb14749d\"},\"breadcrumb\":{\"@id\":\"https:\/\/www.gaveanews.com\/index.php\/2021\/07\/01\/flamengo-tera-julho-decisivo-em-tres-competicoes\/#breadcrumb\"},\"inLanguage\":\"pt-BR\",\"potentialAction\":[{\"@type\":\"ReadAction\",\"target\":[\"https:\/\/www.gaveanews.com\/index.php\/2021\/07\/01\/flamengo-tera-julho-decisivo-em-tres-competicoes\/\"]}]},{\"@type\":\"ImageObject\",\"inLanguage\":\"pt-BR\",\"@id\":\"https:\/\/www.gaveanews.com\/index.php\/2021\/07\/01\/flamengo-tera-julho-decisivo-em-tres-competicoes\/#primaryimage\",\"url\":\"https:\/\/www.gaveanews.com\/wp-content\/uploads\/Jogadores-se-reunindo-antes-de-jogo-do-Flamengo.webp\",\"contentUrl\":\"https:\/\/www.gaveanews.com\/wp-content\/uploads\/Jogadores-se-reunindo-antes-de-jogo-do-Flamengo.webp\",\"width\":799,\"height\":533,\"caption\":\"Jogadores se reunindo antes de jogo do Flamengo (Foto: Alexandre Vidal\/Flamengo)\"},{\"@type\":\"BreadcrumbList\",\"@id\":\"https:\/\/www.gaveanews.com\/index.php\/2021\/07\/01\/flamengo-tera-julho-decisivo-em-tres-competicoes\/#breadcrumb\",\"itemListElement\":[{\"@type\":\"ListItem\",\"position\":1,\"name\":\"Home\",\"item\":\"https:\/\/www.gaveanews.com\/\"},{\"@type\":\"ListItem\",\"position\":2,\"name\":\"Flamengo ter\u00e1 julho decisivo em tr\u00eas competi\u00e7\u00f5es\"}]},{\"@type\":\"WebSite\",\"@id\":\"https:\/\/www.gaveanews.com\/#website\",\"url\":\"https:\/\/www.gaveanews.com\/\",\"name\":\"G\u00e1vea News\",\"description\":\"Veja todas as not\u00edcias sobre o Flamengo: Contrata\u00e7\u00f5es, categorias de base, resultados das partidas, tabela de classifica\u00e7\u00e3o, pr\u00f3ximos jogos!\",\"potentialAction\":[{\"@type\":\"SearchAction\",\"target\":{\"@type\":\"EntryPoint\",\"urlTemplate\":\"https:\/\/www.gaveanews.com\/?s={search_term_string}\"},\"query-input\":{\"@type\":\"PropertyValueSpecification\",\"valueRequired\":true,\"valueName\":\"search_term_string\"}}],\"inLanguage\":\"pt-BR\"},{\"@type\":\"Person\",\"@id\":\"https:\/\/www.gaveanews.com\/#\/schema\/person\/2ec14f73fb96be2caf28f91afb14749d\",\"name\":\"Equipe G\u00e1vea News\",\"image\":{\"@type\":\"ImageObject\",\"inLanguage\":\"pt-BR\",\"@id\":\"https:\/\/www.gaveanews.com\/#\/schema\/person\/image\/\",\"url\":\"https:\/\/secure.gravatar.com\/avatar\/1e1956f1facbffd3f8fa53a326721950116b3b9dc9bd44939c01180fd4a745a9?s=96&d=mm&r=g\",\"contentUrl\":\"https:\/\/secure.gravatar.com\/avatar\/1e1956f1facbffd3f8fa53a326721950116b3b9dc9bd44939c01180fd4a745a9?s=96&d=mm&r=g\",\"caption\":\"Equipe G\u00e1vea News\"}}]}<\/script>\n<!-- \/ Yoast SEO Premium plugin. -->","yoast_head_json":{"title":"Flamengo ter\u00e1 julho decisivo em tr\u00eas competi\u00e7\u00f5es","robots":{"index":"index","follow":"follow","max-snippet":"max-snippet:-1","max-image-preview":"max-image-preview:large","max-video-preview":"max-video-preview:-1"},"canonical":"https:\/\/www.gaveanews.com\/index.php\/2021\/07\/01\/flamengo-tera-julho-decisivo-em-tres-competicoes\/","og_locale":"pt_BR","og_type":"article","og_title":"Flamengo ter\u00e1 julho decisivo em tr\u00eas competi\u00e7\u00f5es","og_description":"O Flamengo ter\u00e1 julho agitado com bastante jogos em tr\u00eas competi\u00e7\u00f5es. Ser\u00e3o nove partidas entre Campeonato Brasileiro, Copa do Brasil e Libertadores. O primeiro compromisso do Rubro-Negro j\u00e1 ser\u00e1 nesta quinta-feira \u00e0s 20h contra o Cuiab\u00e1 pelo Brasileir\u00e3o Lista de jogos: 01\/07 \u2013 20h \u2013 Cuiab\u00e1 x Flamengo (Campeonato Brasileiro) 04\/07 \u2013 16h \u2013 Flamengo [&hellip;]","og_url":"https:\/\/www.gaveanews.com\/index.php\/2021\/07\/01\/flamengo-tera-julho-decisivo-em-tres-competicoes\/","og_site_name":"G\u00e1vea News","article_publisher":"https:\/\/facebook.com\/gaveaNews\/","article_published_time":"2021-07-01T16:18:03+00:00","article_modified_time":"2021-07-01T16:18:29+00:00","og_image":[{"width":799,"height":533,"url":"https:\/\/www.gaveanews.com\/wp-content\/uploads\/Jogadores-se-reunindo-antes-de-jogo-do-Flamengo.webp","type":"image\/jpeg"}],"author":"Equipe G\u00e1vea News","twitter_card":"summary_large_image","twitter_misc":{"Escrito por":"Equipe G\u00e1vea News","Est. tempo de leitura":"1 minuto"},"schema":{"@context":"https:\/\/schema.org","@graph":[{"@type":"NewsArticle","@id":"https:\/\/www.gaveanews.com\/index.php\/2021\/07\/01\/flamengo-tera-julho-decisivo-em-tres-competicoes\/#article","isPartOf":{"@id":"https:\/\/www.gaveanews.com\/index.php\/2021\/07\/01\/flamengo-tera-julho-decisivo-em-tres-competicoes\/"},"author":{"name":"Equipe G\u00e1vea News","@id":"https:\/\/www.gaveanews.com\/#\/schema\/person\/2ec14f73fb96be2caf28f91afb14749d"},"headline":"Flamengo ter\u00e1 julho decisivo em tr\u00eas competi\u00e7\u00f5es","datePublished":"2021-07-01T16:18:03+00:00","dateModified":"2021-07-01T16:18:29+00:00","mainEntityOfPage":{"@id":"https:\/\/www.gaveanews.com\/index.php\/2021\/07\/01\/flamengo-tera-julho-decisivo-em-tres-competicoes\/"},"wordCount":245,"commentCount":0,"image":{"@id":"https:\/\/www.gaveanews.com\/index.php\/2021\/07\/01\/flamengo-tera-julho-decisivo-em-tres-competicoes\/#primaryimage"},"thumbnailUrl":"https:\/\/www.gaveanews.com\/wp-content\/uploads\/Jogadores-se-reunindo-antes-de-jogo-do-Flamengo.webp","articleSection":["Flamengo"],"inLanguage":"pt-BR","potentialAction":[{"@type":"CommentAction","name":"Comment","target":["https:\/\/www.gaveanews.com\/index.php\/2021\/07\/01\/flamengo-tera-julho-decisivo-em-tres-competicoes\/#respond"]}],"copyrightYear":"2021","copyrightHolder":{"@id":"https:\/\/www.gaveanews.com\/#organization"}},{"@type":"WebPage","@id":"https:\/\/www.gaveanews.com\/index.php\/2021\/07\/01\/flamengo-tera-julho-decisivo-em-tres-competicoes\/","url":"https:\/\/www.gaveanews.com\/index.php\/2021\/07\/01\/flamengo-tera-julho-decisivo-em-tres-competicoes\/","name":"Flamengo ter\u00e1 julho decisivo em tr\u00eas competi\u00e7\u00f5es","isPartOf":{"@id":"https:\/\/www.gaveanews.com\/#website"},"primaryImageOfPage":{"@id":"https:\/\/www.gaveanews.com\/index.php\/2021\/07\/01\/flamengo-tera-julho-decisivo-em-tres-competicoes\/#primaryimage"},"image":{"@id":"https:\/\/www.gaveanews.com\/index.php\/2021\/07\/01\/flamengo-tera-julho-decisivo-em-tres-competicoes\/#primaryimage"},"thumbnailUrl":"https:\/\/www.gaveanews.com\/wp-content\/uploads\/Jogadores-se-reunindo-antes-de-jogo-do-Flamengo.webp","datePublished":"2021-07-01T16:18:03+00:00","dateModified":"2021-07-01T16:18:29+00:00","author":{"@id":"https:\/\/www.gaveanews.com\/#\/schema\/person\/2ec14f73fb96be2caf28f91afb14749d"},"breadcrumb":{"@id":"https:\/\/www.gaveanews.com\/index.php\/2021\/07\/01\/flamengo-tera-julho-decisivo-em-tres-competicoes\/#breadcrumb"},"inLanguage":"pt-BR","potentialAction":[{"@type":"ReadAction","target":["https:\/\/www.gaveanews.com\/index.php\/2021\/07\/01\/flamengo-tera-julho-decisivo-em-tres-competicoes\/"]}]},{"@type":"ImageObject","inLanguage":"pt-BR","@id":"https:\/\/www.gaveanews.com\/index.php\/2021\/07\/01\/flamengo-tera-julho-decisivo-em-tres-competicoes\/#primaryimage","url":"https:\/\/www.gaveanews.com\/wp-content\/uploads\/Jogadores-se-reunindo-antes-de-jogo-do-Flamengo.webp","contentUrl":"https:\/\/www.gaveanews.com\/wp-content\/uploads\/Jogadores-se-reunindo-antes-de-jogo-do-Flamengo.webp","width":799,"height":533,"caption":"Jogadores se reunindo antes de jogo do Flamengo (Foto: Alexandre Vidal\/Flamengo)"},{"@type":"BreadcrumbList","@id":"https:\/\/www.gaveanews.com\/index.php\/2021\/07\/01\/flamengo-tera-julho-decisivo-em-tres-competicoes\/#breadcrumb","itemListElement":[{"@type":"ListItem","position":1,"name":"Home","item":"https:\/\/www.gaveanews.com\/"},{"@type":"ListItem","position":2,"name":"Flamengo ter\u00e1 julho decisivo em tr\u00eas competi\u00e7\u00f5es"}]},{"@type":"WebSite","@id":"https:\/\/www.gaveanews.com\/#website","url":"https:\/\/www.gaveanews.com\/","name":"G\u00e1vea News","description":"Veja todas as not\u00edcias sobre o Flamengo: Contrata\u00e7\u00f5es, categorias de base, resultados das partidas, tabela de classifica\u00e7\u00e3o, pr\u00f3ximos jogos!","potentialAction":[{"@type":"SearchAction","target":{"@type":"EntryPoint","urlTemplate":"https:\/\/www.gaveanews.com\/?s={search_term_string}"},"query-input":{"@type":"PropertyValueSpecification","valueRequired":true,"valueName":"search_term_string"}}],"inLanguage":"pt-BR"},{"@type":"Person","@id":"https:\/\/www.gaveanews.com\/#\/schema\/person\/2ec14f73fb96be2caf28f91afb14749d","name":"Equipe G\u00e1vea News","image":{"@type":"ImageObject","inLanguage":"pt-BR","@id":"https:\/\/www.gaveanews.com\/#\/schema\/person\/image\/","url":"https:\/\/secure.gravatar.com\/avatar\/1e1956f1facbffd3f8fa53a326721950116b3b9dc9bd44939c01180fd4a745a9?s=96&d=mm&r=g","contentUrl":"https:\/\/secure.gravatar.com\/avatar\/1e1956f1facbffd3f8fa53a326721950116b3b9dc9bd44939c01180fd4a745a9?s=96&d=mm&r=g","caption":"Equipe G\u00e1vea News"}}]}},"_links":{"self":[{"href":"https:\/\/www.gaveanews.com\/index.php\/wp-json\/wp\/v2\/posts\/63832","targetHints":{"allow":["GET"]}}],"collection":[{"href":"https:\/\/www.gaveanews.com\/index.php\/wp-json\/wp\/v2\/posts"}],"about":[{"href":"https:\/\/www.gaveanews.com\/index.php\/wp-json\/wp\/v2\/types\/post"}],"author":[{"embeddable":true,"href":"https:\/\/www.gaveanews.com\/index.php\/wp-json\/wp\/v2\/users\/1"}],"replies":[{"embeddable":true,"href":"https:\/\/www.gaveanews.com\/index.php\/wp-json\/wp\/v2\/comments?post=63832"}],"version-history":[{"count":0,"href":"https:\/\/www.gaveanews.com\/index.php\/wp-json\/wp\/v2\/posts\/63832\/revisions"}],"wp:featuredmedia":[{"embeddable":true,"href":"https:\/\/www.gaveanews.com\/index.php\/wp-json\/wp\/v2\/media\/60166"}],"wp:attachment":[{"href":"https:\/\/www.gaveanews.com\/index.php\/wp-json\/wp\/v2\/media?parent=63832"}],"wp:term":[{"taxonomy":"category","embeddable":true,"href":"https:\/\/www.gaveanews.com\/index.php\/wp-json\/wp\/v2\/categories?post=63832"},{"taxonomy":"post_tag","embeddable":true,"href":"https:\/\/www.gaveanews.com\/index.php\/wp-json\/wp\/v2\/tags?post=63832"}],"curies":[{"name":"wp","href":"https:\/\/api.w.org\/{rel}","templated":true}]}}